{"id":166027,"date":"2025-05-26T17:26:01","date_gmt":"2025-05-26T15:26:01","guid":{"rendered":"https:\/\/likemetkovic.hr\/portal\/?p=166027"},"modified":"2025-05-26T17:39:36","modified_gmt":"2025-05-26T15:39:36","slug":"vican-dubrovacko-neretvanskoj-zupaniji-ne-treba-zupan-iz-most-a-nego-zupan-iz-redova-hdz-a","status":"publish","type":"post","link":"https:\/\/likemetkovic.hr\/portal\/vican-dubrovacko-neretvanskoj-zupaniji-ne-treba-zupan-iz-most-a-nego-zupan-iz-redova-hdz-a\/","title":{"rendered":"Pero Vi\u0107an pojasnio dana\u0161nju izjavu: &#8220;Dubrova\u010dko-neretvanskoj \u017eupaniji ne treba \u017eupan iz MOST-a, nego \u017eupan iz redova HDZ-a&#8221;"},"content":{"rendered":"<p>Predsjednik DDS-a Pero Vi\u0107an poslao je obja\u0161enje svoje izjave s dana\u0161nje konferencije za medije i tra\u017ei ispravak navoda koji objavljujemo u cijelosti:<\/p>\n<p><em>Po\u0161tovani sugra\u0111ani! Ovim putem \u017eelim uputiti poja\u0161njenje zbog krive interpretacije dijela mojih izjava u medijima.\u00a0<\/em><\/p>\n<p><em>Naime, u dijelu medija je preneseno kako sam rekao na dana\u0161njoj konferenciji da nam ne treba nikakav \u017eupan iz Metkovi\u0107a.\u00a0<\/em><\/p>\n<p><em>To nije to\u010dno.<\/em><\/p>\n<p><em>To\u010dno sam rekao: \u201c\u2026ne treba nam \u017eupan MOST-ov iz Metkovi\u0107a\u2026\u201d, a \u0161to mo\u017eete \u010duti i u prilo\u017eenom videu.<\/em><\/p>\n<p><em>Na dobro nasim sugra\u0111anima, godinama suradjujemo sa HDZ-om u \u017dupanijskoj skup\u0161tini. U \u017eelji da tako nastavimo dalje, htio sam re\u0107i da nam ne treba nikakav \u017eupan iz MOSTa, koji je dokazano lo\u0161 izbor, nego \u017eupan iz HDZ-a, da nastavimo dalje zajedno raditi!<\/em><\/p>\n<p><em>Moja privr\u017eenost neretvanskom kraju i prijateljstva imaju duboke korijene!<\/em><\/p>\n<p><em>Dokaz tomu je moj izbor za zamjenika \u017eupana na mojoj listi, gdje u svakom mandatu imam osobu iz neretvanskog kraja!<\/em><\/p>\n<p><em>Ponavljam, Dubrova\u010dko-neretvanskoj \u017eupaniji ne treba \u017eupan iz MOST-a, nego \u017eupan iz redova HDZ-a.<\/em><\/p>\n","protected":false},"excerpt":{"rendered":"<p>Predsjednik DDS-a Pero Vi\u0107an poslao je obja\u0161enje svoje izjave s dana\u0161nje konferencije za medije i tra\u017ei ispravak navoda koji objavljujemo u cijelosti: Po\u0161tovani sugra\u0111ani! Ovim putem \u017eelim uputiti poja\u0161njenje zbog krive interpretacije dijela mojih izjava u medijima.\u00a0 Naime, u dijelu medija je preneseno kako sam rekao na dana\u0161njoj konferenciji da nam ne treba nikakav \u017eupan [&hellip;]<\/p>\n","protected":false},"author":7,"featured_media":166023,"comment_status":"open","ping_status":"open","sticky":false,"template":"","format":"standard","meta":{"footnotes":""},"categories":[296,290],"tags":[13117,12921,697],"class_list":{"0":"post-166027","1":"post","2":"type-post","3":"status-publish","4":"format-standard","5":"has-post-thumbnail","7":"category-ab","8":"category-politika","9":"tag-dds","10":"tag-lokalni-izbori-2025","11":"tag-pero-vican"},"yoast_head":"<!-- This site is optimized with the Yoast SEO plugin v25.2 - https:\/\/yoast.com\/wordpress\/plugins\/seo\/ -->\n<title>Pero Vi\u0107an pojasnio dana\u0161nju izjavu: &quot;Dubrova\u010dko-neretvanskoj \u017eupaniji ne treba \u017eupan iz MOST-a, nego \u017eupan iz redova HDZ-a&quot; - likemetkovic.hr<\/title>\n<meta name=\"robots\" content=\"index, follow, max-snippet:-1, max-image-preview:large, max-video-preview:-1\" \/>\n<link rel=\"canonical\" href=\"https:\/\/likemetkovic.hr\/portal\/vican-dubrovacko-neretvanskoj-zupaniji-ne-treba-zupan-iz-most-a-nego-zupan-iz-redova-hdz-a\/\" \/>\n<meta property=\"og:locale\" content=\"hr_HR\" \/>\n<meta property=\"og:type\" content=\"article\" \/>\n<meta property=\"og:title\" content=\"Pero Vi\u0107an pojasnio dana\u0161nju izjavu: &quot;Dubrova\u010dko-neretvanskoj \u017eupaniji ne treba \u017eupan iz MOST-a, nego \u017eupan iz redova HDZ-a&quot; - likemetkovic.hr\" \/>\n<meta property=\"og:description\" content=\"Predsjednik DDS-a Pero Vi\u0107an poslao je obja\u0161enje svoje izjave s dana\u0161nje konferencije za medije i tra\u017ei ispravak navoda koji objavljujemo u cijelosti: Po\u0161tovani sugra\u0111ani! Ovim putem \u017eelim uputiti poja\u0161njenje zbog krive interpretacije dijela mojih izjava u medijima.\u00a0 Naime, u dijelu medija je preneseno kako sam rekao na dana\u0161njoj konferenciji da nam ne treba nikakav \u017eupan [&hellip;]\" \/>\n<meta property=\"og:url\" content=\"https:\/\/likemetkovic.hr\/portal\/vican-dubrovacko-neretvanskoj-zupaniji-ne-treba-zupan-iz-most-a-nego-zupan-iz-redova-hdz-a\/\" \/>\n<meta property=\"og:site_name\" content=\"likemetkovic.hr\" \/>\n<meta property=\"article:publisher\" content=\"https:\/\/www.facebook.com\/likemetkovic.hr\/\" \/>\n<meta property=\"article:published_time\" content=\"2025-05-26T15:26:01+00:00\" \/>\n<meta property=\"article:modified_time\" content=\"2025-05-26T15:39:36+00:00\" \/>\n<meta property=\"og:image\" content=\"https:\/\/likemetkovic.hr\/portal\/wp-content\/uploads\/2025\/05\/vican-pero-fotoDDS.jpg\" \/>\n\t<meta property=\"og:image:width\" content=\"735\" \/>\n\t<meta property=\"og:image:height\" content=\"400\" \/>\n\t<meta property=\"og:image:type\" content=\"image\/jpeg\" \/>\n<meta name=\"author\" content=\"LIKEmetkovic.hr\" \/>\n<meta name=\"twitter:card\" content=\"summary_large_image\" \/>\n<meta name=\"twitter:label1\" content=\"Napisao\/la\" \/>\n\t<meta name=\"twitter:data1\" content=\"LIKEmetkovic.hr\" \/>\n\t<meta name=\"twitter:label2\" content=\"Procijenjeno vrijeme \u010ditanja\" \/>\n\t<meta name=\"twitter:data2\" content=\"2 minute\" \/>\n<script type=\"application\/ld+json\" class=\"yoast-schema-graph\">{\"@context\":\"https:\/\/schema.org\",\"@graph\":[{\"@type\":\"WebPage\",\"@id\":\"https:\/\/likemetkovic.hr\/portal\/vican-dubrovacko-neretvanskoj-zupaniji-ne-treba-zupan-iz-most-a-nego-zupan-iz-redova-hdz-a\/\",\"url\":\"https:\/\/likemetkovic.hr\/portal\/vican-dubrovacko-neretvanskoj-zupaniji-ne-treba-zupan-iz-most-a-nego-zupan-iz-redova-hdz-a\/\",\"name\":\"Pero Vi\u0107an pojasnio dana\u0161nju izjavu: \\\"Dubrova\u010dko-neretvanskoj \u017eupaniji ne treba \u017eupan iz MOST-a, nego \u017eupan iz redova HDZ-a\\\" - likemetkovic.hr\",\"isPartOf\":{\"@id\":\"https:\/\/likemetkovic.hr\/#website\"},\"primaryImageOfPage\":{\"@id\":\"https:\/\/likemetkovic.hr\/portal\/vican-dubrovacko-neretvanskoj-zupaniji-ne-treba-zupan-iz-most-a-nego-zupan-iz-redova-hdz-a\/#primaryimage\"},\"image\":{\"@id\":\"https:\/\/likemetkovic.hr\/portal\/vican-dubrovacko-neretvanskoj-zupaniji-ne-treba-zupan-iz-most-a-nego-zupan-iz-redova-hdz-a\/#primaryimage\"},\"thumbnailUrl\":\"https:\/\/likemetkovic.hr\/portal\/wp-content\/uploads\/2025\/05\/vican-pero-fotoDDS.jpg\",\"datePublished\":\"2025-05-26T15:26:01+00:00\",\"dateModified\":\"2025-05-26T15:39:36+00:00\",\"author\":{\"@id\":\"https:\/\/likemetkovic.hr\/#\/schema\/person\/a42711f3385a0e2be6f7e0443bfb28f0\"},\"breadcrumb\":{\"@id\":\"https:\/\/likemetkovic.hr\/portal\/vican-dubrovacko-neretvanskoj-zupaniji-ne-treba-zupan-iz-most-a-nego-zupan-iz-redova-hdz-a\/#breadcrumb\"},\"inLanguage\":\"hr\",\"potentialAction\":[{\"@type\":\"ReadAction\",\"target\":[\"https:\/\/likemetkovic.hr\/portal\/vican-dubrovacko-neretvanskoj-zupaniji-ne-treba-zupan-iz-most-a-nego-zupan-iz-redova-hdz-a\/\"]}]},{\"@type\":\"ImageObject\",\"inLanguage\":\"hr\",\"@id\":\"https:\/\/likemetkovic.hr\/portal\/vican-dubrovacko-neretvanskoj-zupaniji-ne-treba-zupan-iz-most-a-nego-zupan-iz-redova-hdz-a\/#primaryimage\",\"url\":\"https:\/\/likemetkovic.hr\/portal\/wp-content\/uploads\/2025\/05\/vican-pero-fotoDDS.jpg\",\"contentUrl\":\"https:\/\/likemetkovic.hr\/portal\/wp-content\/uploads\/2025\/05\/vican-pero-fotoDDS.jpg\",\"width\":735,\"height\":400},{\"@type\":\"BreadcrumbList\",\"@id\":\"https:\/\/likemetkovic.hr\/portal\/vican-dubrovacko-neretvanskoj-zupaniji-ne-treba-zupan-iz-most-a-nego-zupan-iz-redova-hdz-a\/#breadcrumb\",\"itemListElement\":[{\"@type\":\"ListItem\",\"position\":1,\"name\":\"Po\u010detna stranica\",\"item\":\"https:\/\/likemetkovic.hr\/portal\/\"},{\"@type\":\"ListItem\",\"position\":2,\"name\":\"Pero Vi\u0107an pojasnio dana\u0161nju izjavu: &#8220;Dubrova\u010dko-neretvanskoj \u017eupaniji ne treba \u017eupan iz MOST-a, nego \u017eupan iz redova HDZ-a&#8221;\"}]},{\"@type\":\"WebSite\",\"@id\":\"https:\/\/likemetkovic.hr\/#website\",\"url\":\"https:\/\/likemetkovic.hr\/\",\"name\":\"likemetkovic.hr\",\"description\":\"Misli pozitivno... \u010ditaj LIKE\",\"potentialAction\":[{\"@type\":\"SearchAction\",\"target\":{\"@type\":\"EntryPoint\",\"urlTemplate\":\"https:\/\/likemetkovic.hr\/?s={search_term_string}\"},\"query-input\":{\"@type\":\"PropertyValueSpecification\",\"valueRequired\":true,\"valueName\":\"search_term_string\"}}],\"inLanguage\":\"hr\"},{\"@type\":\"Person\",\"@id\":\"https:\/\/likemetkovic.hr\/#\/schema\/person\/a42711f3385a0e2be6f7e0443bfb28f0\",\"name\":\"LIKEmetkovic.hr\",\"sameAs\":[\"http:\/\/likemetkovic.hr\"],\"url\":\"https:\/\/likemetkovic.hr\/portal\/author\/likemetkovic-hr\/\"}]}<\/script>\n<!-- \/ Yoast SEO plugin. -->","yoast_head_json":{"title":"Pero Vi\u0107an pojasnio dana\u0161nju izjavu: \"Dubrova\u010dko-neretvanskoj \u017eupaniji ne treba \u017eupan iz MOST-a, nego \u017eupan iz redova HDZ-a\" - likemetkovic.hr","robots":{"index":"index","follow":"follow","max-snippet":"max-snippet:-1","max-image-preview":"max-image-preview:large","max-video-preview":"max-video-preview:-1"},"canonical":"https:\/\/likemetkovic.hr\/portal\/vican-dubrovacko-neretvanskoj-zupaniji-ne-treba-zupan-iz-most-a-nego-zupan-iz-redova-hdz-a\/","og_locale":"hr_HR","og_type":"article","og_title":"Pero Vi\u0107an pojasnio dana\u0161nju izjavu: \"Dubrova\u010dko-neretvanskoj \u017eupaniji ne treba \u017eupan iz MOST-a, nego \u017eupan iz redova HDZ-a\" - likemetkovic.hr","og_description":"Predsjednik DDS-a Pero Vi\u0107an poslao je obja\u0161enje svoje izjave s dana\u0161nje konferencije za medije i tra\u017ei ispravak navoda koji objavljujemo u cijelosti: Po\u0161tovani sugra\u0111ani! Ovim putem \u017eelim uputiti poja\u0161njenje zbog krive interpretacije dijela mojih izjava u medijima.\u00a0 Naime, u dijelu medija je preneseno kako sam rekao na dana\u0161njoj konferenciji da nam ne treba nikakav \u017eupan [&hellip;]","og_url":"https:\/\/likemetkovic.hr\/portal\/vican-dubrovacko-neretvanskoj-zupaniji-ne-treba-zupan-iz-most-a-nego-zupan-iz-redova-hdz-a\/","og_site_name":"likemetkovic.hr","article_publisher":"https:\/\/www.facebook.com\/likemetkovic.hr\/","article_published_time":"2025-05-26T15:26:01+00:00","article_modified_time":"2025-05-26T15:39:36+00:00","og_image":[{"width":735,"height":400,"url":"https:\/\/likemetkovic.hr\/portal\/wp-content\/uploads\/2025\/05\/vican-pero-fotoDDS.jpg","type":"image\/jpeg"}],"author":"LIKEmetkovic.hr","twitter_card":"summary_large_image","twitter_misc":{"Napisao\/la":"LIKEmetkovic.hr","Procijenjeno vrijeme \u010ditanja":"2 minute"},"schema":{"@context":"https:\/\/schema.org","@graph":[{"@type":"WebPage","@id":"https:\/\/likemetkovic.hr\/portal\/vican-dubrovacko-neretvanskoj-zupaniji-ne-treba-zupan-iz-most-a-nego-zupan-iz-redova-hdz-a\/","url":"https:\/\/likemetkovic.hr\/portal\/vican-dubrovacko-neretvanskoj-zupaniji-ne-treba-zupan-iz-most-a-nego-zupan-iz-redova-hdz-a\/","name":"Pero Vi\u0107an pojasnio dana\u0161nju izjavu: \"Dubrova\u010dko-neretvanskoj \u017eupaniji ne treba \u017eupan iz MOST-a, nego \u017eupan iz redova HDZ-a\" - likemetkovic.hr","isPartOf":{"@id":"https:\/\/likemetkovic.hr\/#website"},"primaryImageOfPage":{"@id":"https:\/\/likemetkovic.hr\/portal\/vican-dubrovacko-neretvanskoj-zupaniji-ne-treba-zupan-iz-most-a-nego-zupan-iz-redova-hdz-a\/#primaryimage"},"image":{"@id":"https:\/\/likemetkovic.hr\/portal\/vican-dubrovacko-neretvanskoj-zupaniji-ne-treba-zupan-iz-most-a-nego-zupan-iz-redova-hdz-a\/#primaryimage"},"thumbnailUrl":"https:\/\/likemetkovic.hr\/portal\/wp-content\/uploads\/2025\/05\/vican-pero-fotoDDS.jpg","datePublished":"2025-05-26T15:26:01+00:00","dateModified":"2025-05-26T15:39:36+00:00","author":{"@id":"https:\/\/likemetkovic.hr\/#\/schema\/person\/a42711f3385a0e2be6f7e0443bfb28f0"},"breadcrumb":{"@id":"https:\/\/likemetkovic.hr\/portal\/vican-dubrovacko-neretvanskoj-zupaniji-ne-treba-zupan-iz-most-a-nego-zupan-iz-redova-hdz-a\/#breadcrumb"},"inLanguage":"hr","potentialAction":[{"@type":"ReadAction","target":["https:\/\/likemetkovic.hr\/portal\/vican-dubrovacko-neretvanskoj-zupaniji-ne-treba-zupan-iz-most-a-nego-zupan-iz-redova-hdz-a\/"]}]},{"@type":"ImageObject","inLanguage":"hr","@id":"https:\/\/likemetkovic.hr\/portal\/vican-dubrovacko-neretvanskoj-zupaniji-ne-treba-zupan-iz-most-a-nego-zupan-iz-redova-hdz-a\/#primaryimage","url":"https:\/\/likemetkovic.hr\/portal\/wp-content\/uploads\/2025\/05\/vican-pero-fotoDDS.jpg","contentUrl":"https:\/\/likemetkovic.hr\/portal\/wp-content\/uploads\/2025\/05\/vican-pero-fotoDDS.jpg","width":735,"height":400},{"@type":"BreadcrumbList","@id":"https:\/\/likemetkovic.hr\/portal\/vican-dubrovacko-neretvanskoj-zupaniji-ne-treba-zupan-iz-most-a-nego-zupan-iz-redova-hdz-a\/#breadcrumb","itemListElement":[{"@type":"ListItem","position":1,"name":"Po\u010detna stranica","item":"https:\/\/likemetkovic.hr\/portal\/"},{"@type":"ListItem","position":2,"name":"Pero Vi\u0107an pojasnio dana\u0161nju izjavu: &#8220;Dubrova\u010dko-neretvanskoj \u017eupaniji ne treba \u017eupan iz MOST-a, nego \u017eupan iz redova HDZ-a&#8221;"}]},{"@type":"WebSite","@id":"https:\/\/likemetkovic.hr\/#website","url":"https:\/\/likemetkovic.hr\/","name":"likemetkovic.hr","description":"Misli pozitivno... \u010ditaj LIKE","potentialAction":[{"@type":"SearchAction","target":{"@type":"EntryPoint","urlTemplate":"https:\/\/likemetkovic.hr\/?s={search_term_string}"},"query-input":{"@type":"PropertyValueSpecification","valueRequired":true,"valueName":"search_term_string"}}],"inLanguage":"hr"},{"@type":"Person","@id":"https:\/\/likemetkovic.hr\/#\/schema\/person\/a42711f3385a0e2be6f7e0443bfb28f0","name":"LIKEmetkovic.hr","sameAs":["http:\/\/likemetkovic.hr"],"url":"https:\/\/likemetkovic.hr\/portal\/author\/likemetkovic-hr\/"}]}},"_links":{"self":[{"href":"https:\/\/likemetkovic.hr\/portal\/wp-json\/wp\/v2\/posts\/166027","targetHints":{"allow":["GET"]}}],"collection":[{"href":"https:\/\/likemetkovic.hr\/portal\/wp-json\/wp\/v2\/posts"}],"about":[{"href":"https:\/\/likemetkovic.hr\/portal\/wp-json\/wp\/v2\/types\/post"}],"author":[{"embeddable":true,"href":"https:\/\/likemetkovic.hr\/portal\/wp-json\/wp\/v2\/users\/7"}],"replies":[{"embeddable":true,"href":"https:\/\/likemetkovic.hr\/portal\/wp-json\/wp\/v2\/comments?post=166027"}],"version-history":[{"count":4,"href":"https:\/\/likemetkovic.hr\/portal\/wp-json\/wp\/v2\/posts\/166027\/revisions"}],"predecessor-version":[{"id":166035,"href":"https:\/\/likemetkovic.hr\/portal\/wp-json\/wp\/v2\/posts\/166027\/revisions\/166035"}],"wp:featuredmedia":[{"embeddable":true,"href":"https:\/\/likemetkovic.hr\/portal\/wp-json\/wp\/v2\/media\/166023"}],"wp:attachment":[{"href":"https:\/\/likemetkovic.hr\/portal\/wp-json\/wp\/v2\/media?parent=166027"}],"wp:term":[{"taxonomy":"category","embeddable":true,"href":"https:\/\/likemetkovic.hr\/portal\/wp-json\/wp\/v2\/categories?post=166027"},{"taxonomy":"post_tag","embeddable":true,"href":"https:\/\/likemetkovic.hr\/portal\/wp-json\/wp\/v2\/tags?post=166027"}],"curies":[{"name":"wp","href":"https:\/\/api.w.org\/{rel}","templated":true}]}}