{"id":166464,"date":"2025-06-10T08:55:23","date_gmt":"2025-06-10T06:55:23","guid":{"rendered":"https:\/\/likemetkovic.hr\/portal\/?p=166464"},"modified":"2025-06-10T08:55:23","modified_gmt":"2025-06-10T06:55:23","slug":"ministar-vlajcic-jedinice-lokalne-samouprave-vise-nece-raspolagati-drzavnim-poljoprivrednim-zemljistem","status":"publish","type":"post","link":"https:\/\/likemetkovic.hr\/portal\/ministar-vlajcic-jedinice-lokalne-samouprave-vise-nece-raspolagati-drzavnim-poljoprivrednim-zemljistem\/","title":{"rendered":"Ministar Vlaj\u010di\u0107: Jedinice lokalne samouprave vi\u0161e ne\u0107e raspolagati dr\u017eavnim poljoprivrednim zemlji\u0161tem"},"content":{"rendered":"<p>U zadnjem kvartalu odnosno do kraja ove godine, Hrvatska \u0107e dobiti novi\u00a0<strong>Zakon o poljoprivrednom zemlji\u0161tu<\/strong>\u00a0koji \u0107e iz sustava dodjele isklju\u010diti op\u0107ine i gradove, najavio je resorni ministar\u00a0<strong>David Vlaj\u010di\u0107<\/strong>\u00a0gostuju\u0107i u emisiji \u201c<a href=\"https:\/\/www.youtube.com\/watch?v=-yIO7cxxssM\">Plodovi zemlje<\/a>\u201c, HRT-a.<\/p>\n<p><em>\u201cJedinice lokalne samouprave definitivno vi\u0161e ne\u0107e raspolagati poljoprivrednim dr\u017eavnim zemlji\u0161tem<\/em>\u201c, naglasio je obja\u0161njavaju\u0107i da sama pecepcija trenutnog zakona gdje lokalni \u010delnici, koji su i sami poljoprivrednici, u manjim sredinama dodjeljuju zemlji\u0161ta ljudima koji su njihovi mje\u0161tani, mo\u017eda i rodbinski ili na neki drugi na\u010din povezani, stvara negativan kontekst kod ljudi koji ga nisu dobili.<\/p>\n<p><em>\u201cTo je ne\u0161to \u0161to \u017eelimo rije\u0161iti. Podi\u0107i zakon na jednu vi\u0161u instancu provo\u0111enja, da natje\u010daji budu brzi, operativni, efikasni te da bude pravedan sustav raspodjele<\/em>\u201c, rekao je Vlaj\u010di\u0107.<\/p>\n<p>Nedopustivo je, dodao je, da od trenutka objave natje\u010daja do ulaska u posjed pro\u0111e godina jer netko tko se bavi poljoprivrednom proizvodnjom zemlju mora dobiti odmah, brzo i pravedno.<\/p>\n<p>Prema njegovim rije\u010dima, bilo je vi\u0161e opcija, ali\u00a0<strong>\u017eupanije<\/strong>\u00a0su se pokazale kao razina koja bi mogla to provoditi.<\/p>\n<p>Tako\u0111er, novim zakonom, kojega je najavio jo\u0161 u o\u017eujku u\u00a0<a href=\"https:\/\/www.agroklub.com\/poljoprivredne-vijesti\/david-vlajcic-ne-zelim-rjesavati-stvari-preko-koljena-niti-donositi-neprovedive-zakone\/102821\/\">razgovoru za Agroklub<\/a>, bila bi propisana sna\u017enija uloga Ministarstva u kontroliranju provo\u0111enja gospodarskog programa. Onaj tko je za odre\u0111enu svrhu dobio zemlju na natje\u010daju za tu je svrhu mora koristiti.<\/p>\n<p><em>\u201cUkoliko do toga ne do\u0111e, ide raskid ugovora i zemlja mora i\u0107i ponovno na natje\u010daj jer jednostavno je nedopustivo na taj na\u010din\u00a0<strong>izigravati sustav<\/strong>\u201c<\/em>, odlu\u010dan je.<\/p>\n<p><strong>Poni\u0161tenje natje\u010daja<\/strong><\/p>\n<p>Kada su u pitanju natje\u010daji koji su u tijeku, ideja je da svi koji ne budu zavr\u0161eni do dana stupanja na snagu novog zakona budu poni\u0161teni te se moraju provesti po novome.<\/p>\n<p>Uz dodjelu zemlji\u0161ta kao klju\u010dnog problema, istaknuo je i potrebu efikasnijeg rada Agencije za pla\u0107anja u poljoprivredi, ribarstvu i ruralnom razvoju, Konkretno, najavio je zna\u010dajne promjene u brzini isplate potpora.<\/p>\n<p>Prvenstveno da budu bli\u017ee 1. travnja, nego 1. srpnja.<\/p>\n","protected":false},"excerpt":{"rendered":"<p>U zadnjem kvartalu odnosno do kraja ove godine, Hrvatska \u0107e dobiti novi\u00a0Zakon o poljoprivrednom zemlji\u0161tu\u00a0koji \u0107e iz sustava dodjele isklju\u010diti op\u0107ine i gradove, najavio je resorni ministar\u00a0David Vlaj\u010di\u0107\u00a0gostuju\u0107i u emisiji \u201cPlodovi zemlje\u201c, HRT-a. \u201cJedinice lokalne samouprave definitivno vi\u0161e ne\u0107e raspolagati poljoprivrednim dr\u017eavnim zemlji\u0161tem\u201c, naglasio je obja\u0161njavaju\u0107i da sama pecepcija trenutnog zakona gdje lokalni \u010delnici, koji [&hellip;]<\/p>\n","protected":false},"author":7,"featured_media":166465,"comment_status":"open","ping_status":"open","sticky":false,"template":"","format":"standard","meta":{"footnotes":""},"categories":[837],"tags":[2292],"class_list":{"0":"post-166464","1":"post","2":"type-post","3":"status-publish","4":"format-standard","5":"has-post-thumbnail","7":"category-poljoprivreda","8":"tag-drzavno-poljoprivredno-zemljiste"},"yoast_head":"<!-- This site is optimized with the Yoast SEO plugin v25.2 - https:\/\/yoast.com\/wordpress\/plugins\/seo\/ -->\n<title>Ministar Vlaj\u010di\u0107: Jedinice lokalne samouprave vi\u0161e ne\u0107e raspolagati dr\u017eavnim poljoprivrednim zemlji\u0161tem - likemetkovic.hr<\/title>\n<meta name=\"robots\" content=\"index, follow, max-snippet:-1, max-image-preview:large, max-video-preview:-1\" \/>\n<link rel=\"canonical\" href=\"https:\/\/likemetkovic.hr\/portal\/ministar-vlajcic-jedinice-lokalne-samouprave-vise-nece-raspolagati-drzavnim-poljoprivrednim-zemljistem\/\" \/>\n<meta property=\"og:locale\" content=\"hr_HR\" \/>\n<meta property=\"og:type\" content=\"article\" \/>\n<meta property=\"og:title\" content=\"Ministar Vlaj\u010di\u0107: Jedinice lokalne samouprave vi\u0161e ne\u0107e raspolagati dr\u017eavnim poljoprivrednim zemlji\u0161tem - likemetkovic.hr\" \/>\n<meta property=\"og:description\" content=\"U zadnjem kvartalu odnosno do kraja ove godine, Hrvatska \u0107e dobiti novi\u00a0Zakon o poljoprivrednom zemlji\u0161tu\u00a0koji \u0107e iz sustava dodjele isklju\u010diti op\u0107ine i gradove, najavio je resorni ministar\u00a0David Vlaj\u010di\u0107\u00a0gostuju\u0107i u emisiji \u201cPlodovi zemlje\u201c, HRT-a. \u201cJedinice lokalne samouprave definitivno vi\u0161e ne\u0107e raspolagati poljoprivrednim dr\u017eavnim zemlji\u0161tem\u201c, naglasio je obja\u0161njavaju\u0107i da sama pecepcija trenutnog zakona gdje lokalni \u010delnici, koji [&hellip;]\" \/>\n<meta property=\"og:url\" content=\"https:\/\/likemetkovic.hr\/portal\/ministar-vlajcic-jedinice-lokalne-samouprave-vise-nece-raspolagati-drzavnim-poljoprivrednim-zemljistem\/\" \/>\n<meta property=\"og:site_name\" content=\"likemetkovic.hr\" \/>\n<meta property=\"article:publisher\" content=\"https:\/\/www.facebook.com\/likemetkovic.hr\/\" \/>\n<meta property=\"article:published_time\" content=\"2025-06-10T06:55:23+00:00\" \/>\n<meta property=\"og:image\" content=\"https:\/\/likemetkovic.hr\/portal\/wp-content\/uploads\/2025\/06\/ministar-vlajcic-rh.jpg\" \/>\n\t<meta property=\"og:image:width\" content=\"750\" \/>\n\t<meta property=\"og:image:height\" content=\"500\" \/>\n\t<meta property=\"og:image:type\" content=\"image\/jpeg\" \/>\n<meta name=\"author\" content=\"LIKEmetkovic.hr\" \/>\n<meta name=\"twitter:card\" content=\"summary_large_image\" \/>\n<meta name=\"twitter:label1\" content=\"Napisao\/la\" \/>\n\t<meta name=\"twitter:data1\" content=\"LIKEmetkovic.hr\" \/>\n\t<meta name=\"twitter:label2\" content=\"Procijenjeno vrijeme \u010ditanja\" \/>\n\t<meta name=\"twitter:data2\" content=\"2 minute\" \/>\n<script type=\"application\/ld+json\" class=\"yoast-schema-graph\">{\"@context\":\"https:\/\/schema.org\",\"@graph\":[{\"@type\":\"WebPage\",\"@id\":\"https:\/\/likemetkovic.hr\/portal\/ministar-vlajcic-jedinice-lokalne-samouprave-vise-nece-raspolagati-drzavnim-poljoprivrednim-zemljistem\/\",\"url\":\"https:\/\/likemetkovic.hr\/portal\/ministar-vlajcic-jedinice-lokalne-samouprave-vise-nece-raspolagati-drzavnim-poljoprivrednim-zemljistem\/\",\"name\":\"Ministar Vlaj\u010di\u0107: Jedinice lokalne samouprave vi\u0161e ne\u0107e raspolagati dr\u017eavnim poljoprivrednim zemlji\u0161tem - likemetkovic.hr\",\"isPartOf\":{\"@id\":\"https:\/\/likemetkovic.hr\/#website\"},\"primaryImageOfPage\":{\"@id\":\"https:\/\/likemetkovic.hr\/portal\/ministar-vlajcic-jedinice-lokalne-samouprave-vise-nece-raspolagati-drzavnim-poljoprivrednim-zemljistem\/#primaryimage\"},\"image\":{\"@id\":\"https:\/\/likemetkovic.hr\/portal\/ministar-vlajcic-jedinice-lokalne-samouprave-vise-nece-raspolagati-drzavnim-poljoprivrednim-zemljistem\/#primaryimage\"},\"thumbnailUrl\":\"https:\/\/likemetkovic.hr\/portal\/wp-content\/uploads\/2025\/06\/ministar-vlajcic-rh.jpg\",\"datePublished\":\"2025-06-10T06:55:23+00:00\",\"author\":{\"@id\":\"https:\/\/likemetkovic.hr\/#\/schema\/person\/a42711f3385a0e2be6f7e0443bfb28f0\"},\"breadcrumb\":{\"@id\":\"https:\/\/likemetkovic.hr\/portal\/ministar-vlajcic-jedinice-lokalne-samouprave-vise-nece-raspolagati-drzavnim-poljoprivrednim-zemljistem\/#breadcrumb\"},\"inLanguage\":\"hr\",\"potentialAction\":[{\"@type\":\"ReadAction\",\"target\":[\"https:\/\/likemetkovic.hr\/portal\/ministar-vlajcic-jedinice-lokalne-samouprave-vise-nece-raspolagati-drzavnim-poljoprivrednim-zemljistem\/\"]}]},{\"@type\":\"ImageObject\",\"inLanguage\":\"hr\",\"@id\":\"https:\/\/likemetkovic.hr\/portal\/ministar-vlajcic-jedinice-lokalne-samouprave-vise-nece-raspolagati-drzavnim-poljoprivrednim-zemljistem\/#primaryimage\",\"url\":\"https:\/\/likemetkovic.hr\/portal\/wp-content\/uploads\/2025\/06\/ministar-vlajcic-rh.jpg\",\"contentUrl\":\"https:\/\/likemetkovic.hr\/portal\/wp-content\/uploads\/2025\/06\/ministar-vlajcic-rh.jpg\",\"width\":750,\"height\":500},{\"@type\":\"BreadcrumbList\",\"@id\":\"https:\/\/likemetkovic.hr\/portal\/ministar-vlajcic-jedinice-lokalne-samouprave-vise-nece-raspolagati-drzavnim-poljoprivrednim-zemljistem\/#breadcrumb\",\"itemListElement\":[{\"@type\":\"ListItem\",\"position\":1,\"name\":\"Po\u010detna stranica\",\"item\":\"https:\/\/likemetkovic.hr\/portal\/\"},{\"@type\":\"ListItem\",\"position\":2,\"name\":\"Ministar Vlaj\u010di\u0107: Jedinice lokalne samouprave vi\u0161e ne\u0107e raspolagati dr\u017eavnim poljoprivrednim zemlji\u0161tem\"}]},{\"@type\":\"WebSite\",\"@id\":\"https:\/\/likemetkovic.hr\/#website\",\"url\":\"https:\/\/likemetkovic.hr\/\",\"name\":\"likemetkovic.hr\",\"description\":\"Misli pozitivno... \u010ditaj LIKE\",\"potentialAction\":[{\"@type\":\"SearchAction\",\"target\":{\"@type\":\"EntryPoint\",\"urlTemplate\":\"https:\/\/likemetkovic.hr\/?s={search_term_string}\"},\"query-input\":{\"@type\":\"PropertyValueSpecification\",\"valueRequired\":true,\"valueName\":\"search_term_string\"}}],\"inLanguage\":\"hr\"},{\"@type\":\"Person\",\"@id\":\"https:\/\/likemetkovic.hr\/#\/schema\/person\/a42711f3385a0e2be6f7e0443bfb28f0\",\"name\":\"LIKEmetkovic.hr\",\"sameAs\":[\"http:\/\/likemetkovic.hr\"],\"url\":\"https:\/\/likemetkovic.hr\/portal\/author\/likemetkovic-hr\/\"}]}<\/script>\n<!-- \/ Yoast SEO plugin. -->","yoast_head_json":{"title":"Ministar Vlaj\u010di\u0107: Jedinice lokalne samouprave vi\u0161e ne\u0107e raspolagati dr\u017eavnim poljoprivrednim zemlji\u0161tem - likemetkovic.hr","robots":{"index":"index","follow":"follow","max-snippet":"max-snippet:-1","max-image-preview":"max-image-preview:large","max-video-preview":"max-video-preview:-1"},"canonical":"https:\/\/likemetkovic.hr\/portal\/ministar-vlajcic-jedinice-lokalne-samouprave-vise-nece-raspolagati-drzavnim-poljoprivrednim-zemljistem\/","og_locale":"hr_HR","og_type":"article","og_title":"Ministar Vlaj\u010di\u0107: Jedinice lokalne samouprave vi\u0161e ne\u0107e raspolagati dr\u017eavnim poljoprivrednim zemlji\u0161tem - likemetkovic.hr","og_description":"U zadnjem kvartalu odnosno do kraja ove godine, Hrvatska \u0107e dobiti novi\u00a0Zakon o poljoprivrednom zemlji\u0161tu\u00a0koji \u0107e iz sustava dodjele isklju\u010diti op\u0107ine i gradove, najavio je resorni ministar\u00a0David Vlaj\u010di\u0107\u00a0gostuju\u0107i u emisiji \u201cPlodovi zemlje\u201c, HRT-a. \u201cJedinice lokalne samouprave definitivno vi\u0161e ne\u0107e raspolagati poljoprivrednim dr\u017eavnim zemlji\u0161tem\u201c, naglasio je obja\u0161njavaju\u0107i da sama pecepcija trenutnog zakona gdje lokalni \u010delnici, koji [&hellip;]","og_url":"https:\/\/likemetkovic.hr\/portal\/ministar-vlajcic-jedinice-lokalne-samouprave-vise-nece-raspolagati-drzavnim-poljoprivrednim-zemljistem\/","og_site_name":"likemetkovic.hr","article_publisher":"https:\/\/www.facebook.com\/likemetkovic.hr\/","article_published_time":"2025-06-10T06:55:23+00:00","og_image":[{"width":750,"height":500,"url":"https:\/\/likemetkovic.hr\/portal\/wp-content\/uploads\/2025\/06\/ministar-vlajcic-rh.jpg","type":"image\/jpeg"}],"author":"LIKEmetkovic.hr","twitter_card":"summary_large_image","twitter_misc":{"Napisao\/la":"LIKEmetkovic.hr","Procijenjeno vrijeme \u010ditanja":"2 minute"},"schema":{"@context":"https:\/\/schema.org","@graph":[{"@type":"WebPage","@id":"https:\/\/likemetkovic.hr\/portal\/ministar-vlajcic-jedinice-lokalne-samouprave-vise-nece-raspolagati-drzavnim-poljoprivrednim-zemljistem\/","url":"https:\/\/likemetkovic.hr\/portal\/ministar-vlajcic-jedinice-lokalne-samouprave-vise-nece-raspolagati-drzavnim-poljoprivrednim-zemljistem\/","name":"Ministar Vlaj\u010di\u0107: Jedinice lokalne samouprave vi\u0161e ne\u0107e raspolagati dr\u017eavnim poljoprivrednim zemlji\u0161tem - likemetkovic.hr","isPartOf":{"@id":"https:\/\/likemetkovic.hr\/#website"},"primaryImageOfPage":{"@id":"https:\/\/likemetkovic.hr\/portal\/ministar-vlajcic-jedinice-lokalne-samouprave-vise-nece-raspolagati-drzavnim-poljoprivrednim-zemljistem\/#primaryimage"},"image":{"@id":"https:\/\/likemetkovic.hr\/portal\/ministar-vlajcic-jedinice-lokalne-samouprave-vise-nece-raspolagati-drzavnim-poljoprivrednim-zemljistem\/#primaryimage"},"thumbnailUrl":"https:\/\/likemetkovic.hr\/portal\/wp-content\/uploads\/2025\/06\/ministar-vlajcic-rh.jpg","datePublished":"2025-06-10T06:55:23+00:00","author":{"@id":"https:\/\/likemetkovic.hr\/#\/schema\/person\/a42711f3385a0e2be6f7e0443bfb28f0"},"breadcrumb":{"@id":"https:\/\/likemetkovic.hr\/portal\/ministar-vlajcic-jedinice-lokalne-samouprave-vise-nece-raspolagati-drzavnim-poljoprivrednim-zemljistem\/#breadcrumb"},"inLanguage":"hr","potentialAction":[{"@type":"ReadAction","target":["https:\/\/likemetkovic.hr\/portal\/ministar-vlajcic-jedinice-lokalne-samouprave-vise-nece-raspolagati-drzavnim-poljoprivrednim-zemljistem\/"]}]},{"@type":"ImageObject","inLanguage":"hr","@id":"https:\/\/likemetkovic.hr\/portal\/ministar-vlajcic-jedinice-lokalne-samouprave-vise-nece-raspolagati-drzavnim-poljoprivrednim-zemljistem\/#primaryimage","url":"https:\/\/likemetkovic.hr\/portal\/wp-content\/uploads\/2025\/06\/ministar-vlajcic-rh.jpg","contentUrl":"https:\/\/likemetkovic.hr\/portal\/wp-content\/uploads\/2025\/06\/ministar-vlajcic-rh.jpg","width":750,"height":500},{"@type":"BreadcrumbList","@id":"https:\/\/likemetkovic.hr\/portal\/ministar-vlajcic-jedinice-lokalne-samouprave-vise-nece-raspolagati-drzavnim-poljoprivrednim-zemljistem\/#breadcrumb","itemListElement":[{"@type":"ListItem","position":1,"name":"Po\u010detna stranica","item":"https:\/\/likemetkovic.hr\/portal\/"},{"@type":"ListItem","position":2,"name":"Ministar Vlaj\u010di\u0107: Jedinice lokalne samouprave vi\u0161e ne\u0107e raspolagati dr\u017eavnim poljoprivrednim zemlji\u0161tem"}]},{"@type":"WebSite","@id":"https:\/\/likemetkovic.hr\/#website","url":"https:\/\/likemetkovic.hr\/","name":"likemetkovic.hr","description":"Misli pozitivno... \u010ditaj LIKE","potentialAction":[{"@type":"SearchAction","target":{"@type":"EntryPoint","urlTemplate":"https:\/\/likemetkovic.hr\/?s={search_term_string}"},"query-input":{"@type":"PropertyValueSpecification","valueRequired":true,"valueName":"search_term_string"}}],"inLanguage":"hr"},{"@type":"Person","@id":"https:\/\/likemetkovic.hr\/#\/schema\/person\/a42711f3385a0e2be6f7e0443bfb28f0","name":"LIKEmetkovic.hr","sameAs":["http:\/\/likemetkovic.hr"],"url":"https:\/\/likemetkovic.hr\/portal\/author\/likemetkovic-hr\/"}]}},"_links":{"self":[{"href":"https:\/\/likemetkovic.hr\/portal\/wp-json\/wp\/v2\/posts\/166464","targetHints":{"allow":["GET"]}}],"collection":[{"href":"https:\/\/likemetkovic.hr\/portal\/wp-json\/wp\/v2\/posts"}],"about":[{"href":"https:\/\/likemetkovic.hr\/portal\/wp-json\/wp\/v2\/types\/post"}],"author":[{"embeddable":true,"href":"https:\/\/likemetkovic.hr\/portal\/wp-json\/wp\/v2\/users\/7"}],"replies":[{"embeddable":true,"href":"https:\/\/likemetkovic.hr\/portal\/wp-json\/wp\/v2\/comments?post=166464"}],"version-history":[{"count":1,"href":"https:\/\/likemetkovic.hr\/portal\/wp-json\/wp\/v2\/posts\/166464\/revisions"}],"predecessor-version":[{"id":166466,"href":"https:\/\/likemetkovic.hr\/portal\/wp-json\/wp\/v2\/posts\/166464\/revisions\/166466"}],"wp:featuredmedia":[{"embeddable":true,"href":"https:\/\/likemetkovic.hr\/portal\/wp-json\/wp\/v2\/media\/166465"}],"wp:attachment":[{"href":"https:\/\/likemetkovic.hr\/portal\/wp-json\/wp\/v2\/media?parent=166464"}],"wp:term":[{"taxonomy":"category","embeddable":true,"href":"https:\/\/likemetkovic.hr\/portal\/wp-json\/wp\/v2\/categories?post=166464"},{"taxonomy":"post_tag","embeddable":true,"href":"https:\/\/likemetkovic.hr\/portal\/wp-json\/wp\/v2\/tags?post=166464"}],"curies":[{"name":"wp","href":"https:\/\/api.w.org\/{rel}","templated":true}]}}