{"id":166515,"date":"2025-06-12T15:56:47","date_gmt":"2025-06-12T13:56:47","guid":{"rendered":"https:\/\/likemetkovic.hr\/portal\/?p=166515"},"modified":"2025-06-13T07:53:36","modified_gmt":"2025-06-13T05:53:36","slug":"program-metkovsko-ljeto-2025-na-programu-vojko-v-magazin-meri-cetinic-let-3-zoster-festival-skala","status":"publish","type":"post","link":"https:\/\/likemetkovic.hr\/portal\/program-metkovsko-ljeto-2025-na-programu-vojko-v-magazin-meri-cetinic-let-3-zoster-festival-skala\/","title":{"rendered":"PROGRAM Metkovsko ljeto 2025. \u2013 na programu Vojko V, Magazin, Meri Cetini\u0107, Let 3, Zoster, Festival skala"},"content":{"rendered":"<p>Od Svjetskoga dana glazbe, 21. lipnja pa do kraja kolovoza na rasporedu je bogat i raznolik program ovogodi\u0161nje manifestacije<strong> Metkovsko ljeto.<\/strong><\/p>\n<p>Metkovci i njihovi gosti i ovo \u0107e ljeto u\u017eivati u razli\u010ditim koncertima, izlo\u017ebama, predstavama, radionicama, skrivenim filmovima te sportskim doga\u0111anjima. U gradu na Neretvi, izme\u0111u ostalih, gostovat \u0107e\u00a0<strong>Meri Cetini\u0107, Marko \u0160kugor, Vojko V, Magazin, Klapa Kampanel, LET 3, Zoster, Daleka Obala Jak\u0161e i Hrepe<\/strong> i brojni drugi, objavio je <a href=\"https:\/\/www.metkovic.hr\/2025\/06\/12\/metkovsko-ljeto-2025-na-programu-vojko-v-magazin-meri-cetinic-let-3-zoster-festival-skala-tradicionalne-manifestacije\/\" target=\"_blank\" rel=\"noopener\">metkovic.hr<\/a>.<\/p>\n<p>Istaknuto je to jutros na konferenciji za medije na kojoj su program ovogodi\u0161njega Metkovskoga ljeta predstavili\u00a0<strong>gradona\u010delnik Dalibor Milan<\/strong>,\u00a0<strong>ravnateljica Ustanove za kulturu i sport Metkovi\u0107 Zrinka Mijo\u010d<\/strong>\u00a0i\u00a0<strong>direktorica Turisti\u010dke zajednice grada Metkovi\u0107a Magdalena Medar Ujdur.<\/strong> I ove godine manifestacija se odr\u017eava na razli\u010ditim lokacijama u gradu me\u0111u kojima su GKS Metkovi\u0107, Ljetna scena GKS-a, Gradski park, metkovske skale, Sportska ulica, Vid&#8230;<\/p>\n<p><img decoding=\"async\" class=\"alignnone size-full wp-image-166517\" src=\"https:\/\/likemetkovic.hr\/portal\/wp-content\/uploads\/2025\/06\/Konferencija-za-medije-Metkovsko-ljeto-2025.jpg\" alt=\"\" width=\"1024\" height=\"683\" srcset=\"https:\/\/likemetkovic.hr\/portal\/wp-content\/uploads\/2025\/06\/Konferencija-za-medije-Metkovsko-ljeto-2025.jpg 1024w, https:\/\/likemetkovic.hr\/portal\/wp-content\/uploads\/2025\/06\/Konferencija-za-medije-Metkovsko-ljeto-2025-800x534.jpg 800w, https:\/\/likemetkovic.hr\/portal\/wp-content\/uploads\/2025\/06\/Konferencija-za-medije-Metkovsko-ljeto-2025-768x512.jpg 768w, https:\/\/likemetkovic.hr\/portal\/wp-content\/uploads\/2025\/06\/Konferencija-za-medije-Metkovsko-ljeto-2025-630x420.jpg 630w, https:\/\/likemetkovic.hr\/portal\/wp-content\/uploads\/2025\/06\/Konferencija-za-medije-Metkovsko-ljeto-2025-150x100.jpg 150w, https:\/\/likemetkovic.hr\/portal\/wp-content\/uploads\/2025\/06\/Konferencija-za-medije-Metkovsko-ljeto-2025-300x200.jpg 300w, https:\/\/likemetkovic.hr\/portal\/wp-content\/uploads\/2025\/06\/Konferencija-za-medije-Metkovsko-ljeto-2025-696x464.jpg 696w\" sizes=\"(max-width: 1024px) 100vw, 1024px\" \/><\/p>\n<p>\u201e<em>I ove godine pripremili smo zanimljiv program prilago\u0111en svim uzrastima i tijekom kojega \u0107e svatko mo\u0107i prona\u0107i ne\u0161to za sebe. Zaista se trudimo publici predstaviti nova, zanimljiva i atraktivna\u00a0 zabavna, kulturna i sportska doga\u0111anja, a, tako\u0111er, \u017eelimo i o\u010duvati te unaprijediti na\u0161e tradicionalne manifestacije. Grad Metkovi\u0107 i dalje \u0107e financijski i tehni\u010dki podr\u017eavati doga\u0111aje manifestacije Metkovsko ljeto te nastaviti te\u017eiti \u0161to kvalitetnijim i raznovrsnijim programima. Zahvaljujem se svima koji sudjeluju u organizaciji manifestacije Metkovsko ljeto, vama medijima koji pratite doga\u0111anja te publici<\/em>\u201c, kazao je\u00a0<strong>gradona\u010delnik Milan.<\/strong><\/p>\n<p>Koordinator manifestacije je Ustanova za kulturu i sport Metkovi\u0107, a u organizaciji sudjeluju ustanove i udruge. Organizator i suorganizator brojnih doga\u0111anja je i Turisti\u010dka zajednica grada Metkovi\u0107a.<\/p>\n<p>\u201e<em>I ove godine u programu imamo nekoliko glazbenih koncerata. U Gradskome parku nastupat \u0107e na\u0161a glazbena diva Meri Cetini\u0107, Marko \u0160kugor, Klapa Kampanel u sklopu programa Metkovske cipolijade, koja \u0107e se i ove godine odr\u017eati poslije tradicionalne manifestacije Skokovi u Neretvu. Kao dio programa izvrsnoga dvodnevnoga Craft Beer Festivala \u2018Nera Etwa\u2019, izme\u0111u ostalih, nastupit \u0107e LET 3, Zoster, Daleka obala Jak\u0161e i Hrepe i Abba Tribute band \u2018Dancing Queen\u2019. U park nam sti\u017ee i mladi talentirani Josip Drinovac. U Sportskoj ulici koncert \u0107e odr\u017eati Vojko V, a povodom Dana Grada i blagdana Sv. Ilije sti\u017ee nam grupa Magazin. I ovo ljeto na rasporedu su nam i manifestacije Rimska no\u0107 u Naroni te Dani Neretvanske kne\u017eevine koja se ispreple\u0107e s la\u0111arskim doga\u0111anjima \u2013 Maratonom la\u0111arica, Festivalom tradicije te startom samoga Maratona la\u0111a. Obilje\u017eit \u0107emo i 150. obljetnicu dolaska cara Franje Josipa u Metkovi\u0107 te obljetnicu 50 godina la\u0111ara u Vidu koja \u0107e, uz brojna druga doga\u0111anja, uklju\u010diti i La\u0111arski kup kneza Domagoja<\/em>\u201c, istaknula je\u00a0<strong>direktorica TZ grada Metkovi\u0107a Magdalena Medar Ujdur.<\/strong><\/p>\n<p>Raznolik program pripremila je i Ustanova za kulturu i sport Metkovi\u0107.<\/p>\n<p>\u201e<em>Kao \u0161to je ve\u0107 istaknuto, program manifestacije zapo\u010dinje 21. lipnja obilje\u017eavanjem Svjetskoga dana glazbe koji se odr\u017eava na nekoliko lokacija te se pokazao kao sjajan uvod u Metkovsko ljeto. I tijekom ovogodi\u0161nje manifestacije imat \u0107emo Festival skala koji je protekle godine privukao brojnu publiku. Ovo ljeto imat \u0107emo priliku u\u017eivati koncertu izvrsne mlade vokalistice Antonije Batini\u0107, u\u017eivat \u0107emo i u ve\u010deri ljubavne poezije s na\u0161im poznatim glumcem Vedranom Mlikotom, a na rasporedu je i tradicionalna Skupna izlo\u017eba likovnih umjetnika koju \u0107e svojim glazbenim nastupom upotpuniti Katica Marinovi\u0107. I ove godine u\u017eivat \u0107emo u predivnom ambijentu Ljetne scene GKS-a na kojoj \u0107e gostovati poznati glumci s hit predstavama. Prva na redu je hit komedija \u2018Casabianca\u2019 u kojoj uloge tuma\u010de Irena Grdini\u0107 i Mario Lipov\u0161ek Battifiaca. Na Ljetnu scenu GKS-a sti\u017eu i popularne \u2018Iva i Gloria\u2019, a po\u010detkom kolovoza mo\u0107i \u0107emo pogledati i predstavu \u2018Luka Modri\u0107: Moja igra\u2019 \u00a0utemeljenu na autobiografskoj pri\u010di koja nadahnjuje, \u017eivotnoj pri\u010di Luke Modri\u0107a. Sti\u017ee nam i Teatar EXIT s predstavom \u2018Testosteron\u2019, a predstavu \u2018\u0160jora File\u2019 izvest \u0107e na\u0161i MAK-ovci. I u glazbenom dijelu sti\u017eu nam atraktivni izvo\u0111a\u010di \u2013 Sudar percussion trio koji \u0107e nam pokazati mo\u0107 udaraljki, poznati saksofonist Igor Ger\u017eina i na\u0161a Metkovka, mezzosopranistica Tereza Gabri\u0107. Imat \u0107emo i dvije izvrsne izlo\u017ebe. U goste nam po\u010detkom srpnja dolazi poznati slikar Eugen Varzi\u0107, istaknuti hiperrealist koji \u0107e nam odr\u017eati i likovnu radionicu, \u0161to \u0107e biti itekako zanimljivo. Tako\u0111er, u organizaciji OMH u Metkovi\u0107u, povodom Dana grada bit \u0107e otvorena izlo\u017eba Koraljke Kova\u010d pod nazivom \u2018Introspekcija\u2019. I ove godine \u0107e nam se predstaviti mladi talenti na Dje\u010djem Glasu Neretve, a na programu \u0107e biti i predstave za djecu, filmovi u na\u0161emu Ljetnome kinu, street filmovi i dr.<\/em>\u201c, naglasila je\u00a0<strong>ravnateljica Ustanove za kulturu i sport Metkovi\u0107 Zrinka Mijo\u010d.<\/strong><\/p>\n<p>U sklopu programa Metkovskoga ljeta, izme\u0111u ostaloga, odr\u017eat \u0107e se jo\u0161 i zavr\u0161ni koncert KUD-a Metkovi\u0107, Koncert In memoriam Oliver Dragojevi\u0107, radionice Gradske knji\u017enice Metkovi\u0107, plesne radionice Dade \u010cokolade, Jerkova\u010dka fe\u0161ta, sportska doga\u0111anja, i dr.<\/p>\n<p>Program Metkovskoga ljeta pogledajte u nastavku:<\/p>\n<p><img decoding=\"async\" class=\"alignnone size-full wp-image-166539\" src=\"https:\/\/likemetkovic.hr\/portal\/wp-content\/uploads\/2025\/06\/metkovsko-ljeto2025-program.jpg\" alt=\"\" width=\"800\" height=\"1130\" srcset=\"https:\/\/likemetkovic.hr\/portal\/wp-content\/uploads\/2025\/06\/metkovsko-ljeto2025-program.jpg 800w, https:\/\/likemetkovic.hr\/portal\/wp-content\/uploads\/2025\/06\/metkovsko-ljeto2025-program-566x800.jpg 566w, https:\/\/likemetkovic.hr\/portal\/wp-content\/uploads\/2025\/06\/metkovsko-ljeto2025-program-768x1085.jpg 768w, https:\/\/likemetkovic.hr\/portal\/wp-content\/uploads\/2025\/06\/metkovsko-ljeto2025-program-297x420.jpg 297w, https:\/\/likemetkovic.hr\/portal\/wp-content\/uploads\/2025\/06\/metkovsko-ljeto2025-program-150x212.jpg 150w, https:\/\/likemetkovic.hr\/portal\/wp-content\/uploads\/2025\/06\/metkovsko-ljeto2025-program-300x424.jpg 300w, https:\/\/likemetkovic.hr\/portal\/wp-content\/uploads\/2025\/06\/metkovsko-ljeto2025-program-696x983.jpg 696w\" sizes=\"(max-width: 800px) 100vw, 800px\" \/><\/p>\n","protected":false},"excerpt":{"rendered":"<p>Od Svjetskoga dana glazbe, 21. lipnja pa do kraja kolovoza na rasporedu je bogat i raznolik program ovogodi\u0161nje manifestacije Metkovsko ljeto. Metkovci i njihovi gosti i ovo \u0107e ljeto u\u017eivati u razli\u010ditim koncertima, izlo\u017ebama, predstavama, radionicama, skrivenim filmovima te sportskim doga\u0111anjima. U gradu na Neretvi, izme\u0111u ostalih, gostovat \u0107e\u00a0Meri Cetini\u0107, Marko \u0160kugor, Vojko V, Magazin, [&hellip;]<\/p>\n","protected":false},"author":9,"featured_media":166517,"comment_status":"open","ping_status":"open","sticky":false,"template":"","format":"standard","meta":{"footnotes":""},"categories":[283,11],"tags":[13152],"class_list":{"0":"post-166515","1":"post","2":"type-post","3":"status-publish","4":"format-standard","5":"has-post-thumbnail","7":"category-a","8":"category-metkovic-dolina","9":"tag-metkovsko-ljeto-2025"},"yoast_head":"<!-- This site is optimized with the Yoast SEO plugin v25.2 - https:\/\/yoast.com\/wordpress\/plugins\/seo\/ -->\n<title>PROGRAM Metkovsko ljeto 2025. \u2013 na programu Vojko V, Magazin, Meri Cetini\u0107, Let 3, Zoster, Festival skala - likemetkovic.hr<\/title>\n<meta name=\"robots\" content=\"index, follow, max-snippet:-1, max-image-preview:large, max-video-preview:-1\" \/>\n<link rel=\"canonical\" href=\"https:\/\/likemetkovic.hr\/portal\/program-metkovsko-ljeto-2025-na-programu-vojko-v-magazin-meri-cetinic-let-3-zoster-festival-skala\/\" \/>\n<meta property=\"og:locale\" content=\"hr_HR\" \/>\n<meta property=\"og:type\" content=\"article\" \/>\n<meta property=\"og:title\" content=\"PROGRAM Metkovsko ljeto 2025. \u2013 na programu Vojko V, Magazin, Meri Cetini\u0107, Let 3, Zoster, Festival skala - likemetkovic.hr\" \/>\n<meta property=\"og:description\" content=\"Od Svjetskoga dana glazbe, 21. lipnja pa do kraja kolovoza na rasporedu je bogat i raznolik program ovogodi\u0161nje manifestacije Metkovsko ljeto. Metkovci i njihovi gosti i ovo \u0107e ljeto u\u017eivati u razli\u010ditim koncertima, izlo\u017ebama, predstavama, radionicama, skrivenim filmovima te sportskim doga\u0111anjima. U gradu na Neretvi, izme\u0111u ostalih, gostovat \u0107e\u00a0Meri Cetini\u0107, Marko \u0160kugor, Vojko V, Magazin, [&hellip;]\" \/>\n<meta property=\"og:url\" content=\"https:\/\/likemetkovic.hr\/portal\/program-metkovsko-ljeto-2025-na-programu-vojko-v-magazin-meri-cetinic-let-3-zoster-festival-skala\/\" \/>\n<meta property=\"og:site_name\" content=\"likemetkovic.hr\" \/>\n<meta property=\"article:publisher\" content=\"https:\/\/www.facebook.com\/likemetkovic.hr\/\" \/>\n<meta property=\"article:published_time\" content=\"2025-06-12T13:56:47+00:00\" \/>\n<meta property=\"article:modified_time\" content=\"2025-06-13T05:53:36+00:00\" \/>\n<meta property=\"og:image\" content=\"https:\/\/likemetkovic.hr\/portal\/wp-content\/uploads\/2025\/06\/Konferencija-za-medije-Metkovsko-ljeto-2025.jpg\" \/>\n\t<meta property=\"og:image:width\" content=\"1024\" \/>\n\t<meta property=\"og:image:height\" content=\"683\" \/>\n\t<meta property=\"og:image:type\" content=\"image\/jpeg\" \/>\n<meta name=\"author\" content=\"K. J.\" \/>\n<meta name=\"twitter:card\" content=\"summary_large_image\" \/>\n<meta name=\"twitter:label1\" content=\"Napisao\/la\" \/>\n\t<meta name=\"twitter:data1\" content=\"K. J.\" \/>\n\t<meta name=\"twitter:label2\" content=\"Procijenjeno vrijeme \u010ditanja\" \/>\n\t<meta name=\"twitter:data2\" content=\"5 minuta\" \/>\n<script type=\"application\/ld+json\" class=\"yoast-schema-graph\">{\"@context\":\"https:\/\/schema.org\",\"@graph\":[{\"@type\":\"WebPage\",\"@id\":\"https:\/\/likemetkovic.hr\/portal\/program-metkovsko-ljeto-2025-na-programu-vojko-v-magazin-meri-cetinic-let-3-zoster-festival-skala\/\",\"url\":\"https:\/\/likemetkovic.hr\/portal\/program-metkovsko-ljeto-2025-na-programu-vojko-v-magazin-meri-cetinic-let-3-zoster-festival-skala\/\",\"name\":\"PROGRAM Metkovsko ljeto 2025. \u2013 na programu Vojko V, Magazin, Meri Cetini\u0107, Let 3, Zoster, Festival skala - likemetkovic.hr\",\"isPartOf\":{\"@id\":\"https:\/\/likemetkovic.hr\/#website\"},\"primaryImageOfPage\":{\"@id\":\"https:\/\/likemetkovic.hr\/portal\/program-metkovsko-ljeto-2025-na-programu-vojko-v-magazin-meri-cetinic-let-3-zoster-festival-skala\/#primaryimage\"},\"image\":{\"@id\":\"https:\/\/likemetkovic.hr\/portal\/program-metkovsko-ljeto-2025-na-programu-vojko-v-magazin-meri-cetinic-let-3-zoster-festival-skala\/#primaryimage\"},\"thumbnailUrl\":\"https:\/\/likemetkovic.hr\/portal\/wp-content\/uploads\/2025\/06\/Konferencija-za-medije-Metkovsko-ljeto-2025.jpg\",\"datePublished\":\"2025-06-12T13:56:47+00:00\",\"dateModified\":\"2025-06-13T05:53:36+00:00\",\"author\":{\"@id\":\"https:\/\/likemetkovic.hr\/#\/schema\/person\/0a8b4ebfdfe1ff01192dccda40c5da0c\"},\"breadcrumb\":{\"@id\":\"https:\/\/likemetkovic.hr\/portal\/program-metkovsko-ljeto-2025-na-programu-vojko-v-magazin-meri-cetinic-let-3-zoster-festival-skala\/#breadcrumb\"},\"inLanguage\":\"hr\",\"potentialAction\":[{\"@type\":\"ReadAction\",\"target\":[\"https:\/\/likemetkovic.hr\/portal\/program-metkovsko-ljeto-2025-na-programu-vojko-v-magazin-meri-cetinic-let-3-zoster-festival-skala\/\"]}]},{\"@type\":\"ImageObject\",\"inLanguage\":\"hr\",\"@id\":\"https:\/\/likemetkovic.hr\/portal\/program-metkovsko-ljeto-2025-na-programu-vojko-v-magazin-meri-cetinic-let-3-zoster-festival-skala\/#primaryimage\",\"url\":\"https:\/\/likemetkovic.hr\/portal\/wp-content\/uploads\/2025\/06\/Konferencija-za-medije-Metkovsko-ljeto-2025.jpg\",\"contentUrl\":\"https:\/\/likemetkovic.hr\/portal\/wp-content\/uploads\/2025\/06\/Konferencija-za-medije-Metkovsko-ljeto-2025.jpg\",\"width\":1024,\"height\":683},{\"@type\":\"BreadcrumbList\",\"@id\":\"https:\/\/likemetkovic.hr\/portal\/program-metkovsko-ljeto-2025-na-programu-vojko-v-magazin-meri-cetinic-let-3-zoster-festival-skala\/#breadcrumb\",\"itemListElement\":[{\"@type\":\"ListItem\",\"position\":1,\"name\":\"Po\u010detna stranica\",\"item\":\"https:\/\/likemetkovic.hr\/portal\/\"},{\"@type\":\"ListItem\",\"position\":2,\"name\":\"PROGRAM Metkovsko ljeto 2025. \u2013 na programu Vojko V, Magazin, Meri Cetini\u0107, Let 3, Zoster, Festival skala\"}]},{\"@type\":\"WebSite\",\"@id\":\"https:\/\/likemetkovic.hr\/#website\",\"url\":\"https:\/\/likemetkovic.hr\/\",\"name\":\"likemetkovic.hr\",\"description\":\"Misli pozitivno... \u010ditaj LIKE\",\"potentialAction\":[{\"@type\":\"SearchAction\",\"target\":{\"@type\":\"EntryPoint\",\"urlTemplate\":\"https:\/\/likemetkovic.hr\/?s={search_term_string}\"},\"query-input\":{\"@type\":\"PropertyValueSpecification\",\"valueRequired\":true,\"valueName\":\"search_term_string\"}}],\"inLanguage\":\"hr\"},{\"@type\":\"Person\",\"@id\":\"https:\/\/likemetkovic.hr\/#\/schema\/person\/0a8b4ebfdfe1ff01192dccda40c5da0c\",\"name\":\"K. J.\",\"url\":\"https:\/\/likemetkovic.hr\/portal\/author\/likemetkovic\/\"}]}<\/script>\n<!-- \/ Yoast SEO plugin. -->","yoast_head_json":{"title":"PROGRAM Metkovsko ljeto 2025. \u2013 na programu Vojko V, Magazin, Meri Cetini\u0107, Let 3, Zoster, Festival skala - likemetkovic.hr","robots":{"index":"index","follow":"follow","max-snippet":"max-snippet:-1","max-image-preview":"max-image-preview:large","max-video-preview":"max-video-preview:-1"},"canonical":"https:\/\/likemetkovic.hr\/portal\/program-metkovsko-ljeto-2025-na-programu-vojko-v-magazin-meri-cetinic-let-3-zoster-festival-skala\/","og_locale":"hr_HR","og_type":"article","og_title":"PROGRAM Metkovsko ljeto 2025. \u2013 na programu Vojko V, Magazin, Meri Cetini\u0107, Let 3, Zoster, Festival skala - likemetkovic.hr","og_description":"Od Svjetskoga dana glazbe, 21. lipnja pa do kraja kolovoza na rasporedu je bogat i raznolik program ovogodi\u0161nje manifestacije Metkovsko ljeto. Metkovci i njihovi gosti i ovo \u0107e ljeto u\u017eivati u razli\u010ditim koncertima, izlo\u017ebama, predstavama, radionicama, skrivenim filmovima te sportskim doga\u0111anjima. U gradu na Neretvi, izme\u0111u ostalih, gostovat \u0107e\u00a0Meri Cetini\u0107, Marko \u0160kugor, Vojko V, Magazin, [&hellip;]","og_url":"https:\/\/likemetkovic.hr\/portal\/program-metkovsko-ljeto-2025-na-programu-vojko-v-magazin-meri-cetinic-let-3-zoster-festival-skala\/","og_site_name":"likemetkovic.hr","article_publisher":"https:\/\/www.facebook.com\/likemetkovic.hr\/","article_published_time":"2025-06-12T13:56:47+00:00","article_modified_time":"2025-06-13T05:53:36+00:00","og_image":[{"width":1024,"height":683,"url":"https:\/\/likemetkovic.hr\/portal\/wp-content\/uploads\/2025\/06\/Konferencija-za-medije-Metkovsko-ljeto-2025.jpg","type":"image\/jpeg"}],"author":"K. J.","twitter_card":"summary_large_image","twitter_misc":{"Napisao\/la":"K. J.","Procijenjeno vrijeme \u010ditanja":"5 minuta"},"schema":{"@context":"https:\/\/schema.org","@graph":[{"@type":"WebPage","@id":"https:\/\/likemetkovic.hr\/portal\/program-metkovsko-ljeto-2025-na-programu-vojko-v-magazin-meri-cetinic-let-3-zoster-festival-skala\/","url":"https:\/\/likemetkovic.hr\/portal\/program-metkovsko-ljeto-2025-na-programu-vojko-v-magazin-meri-cetinic-let-3-zoster-festival-skala\/","name":"PROGRAM Metkovsko ljeto 2025. \u2013 na programu Vojko V, Magazin, Meri Cetini\u0107, Let 3, Zoster, Festival skala - likemetkovic.hr","isPartOf":{"@id":"https:\/\/likemetkovic.hr\/#website"},"primaryImageOfPage":{"@id":"https:\/\/likemetkovic.hr\/portal\/program-metkovsko-ljeto-2025-na-programu-vojko-v-magazin-meri-cetinic-let-3-zoster-festival-skala\/#primaryimage"},"image":{"@id":"https:\/\/likemetkovic.hr\/portal\/program-metkovsko-ljeto-2025-na-programu-vojko-v-magazin-meri-cetinic-let-3-zoster-festival-skala\/#primaryimage"},"thumbnailUrl":"https:\/\/likemetkovic.hr\/portal\/wp-content\/uploads\/2025\/06\/Konferencija-za-medije-Metkovsko-ljeto-2025.jpg","datePublished":"2025-06-12T13:56:47+00:00","dateModified":"2025-06-13T05:53:36+00:00","author":{"@id":"https:\/\/likemetkovic.hr\/#\/schema\/person\/0a8b4ebfdfe1ff01192dccda40c5da0c"},"breadcrumb":{"@id":"https:\/\/likemetkovic.hr\/portal\/program-metkovsko-ljeto-2025-na-programu-vojko-v-magazin-meri-cetinic-let-3-zoster-festival-skala\/#breadcrumb"},"inLanguage":"hr","potentialAction":[{"@type":"ReadAction","target":["https:\/\/likemetkovic.hr\/portal\/program-metkovsko-ljeto-2025-na-programu-vojko-v-magazin-meri-cetinic-let-3-zoster-festival-skala\/"]}]},{"@type":"ImageObject","inLanguage":"hr","@id":"https:\/\/likemetkovic.hr\/portal\/program-metkovsko-ljeto-2025-na-programu-vojko-v-magazin-meri-cetinic-let-3-zoster-festival-skala\/#primaryimage","url":"https:\/\/likemetkovic.hr\/portal\/wp-content\/uploads\/2025\/06\/Konferencija-za-medije-Metkovsko-ljeto-2025.jpg","contentUrl":"https:\/\/likemetkovic.hr\/portal\/wp-content\/uploads\/2025\/06\/Konferencija-za-medije-Metkovsko-ljeto-2025.jpg","width":1024,"height":683},{"@type":"BreadcrumbList","@id":"https:\/\/likemetkovic.hr\/portal\/program-metkovsko-ljeto-2025-na-programu-vojko-v-magazin-meri-cetinic-let-3-zoster-festival-skala\/#breadcrumb","itemListElement":[{"@type":"ListItem","position":1,"name":"Po\u010detna stranica","item":"https:\/\/likemetkovic.hr\/portal\/"},{"@type":"ListItem","position":2,"name":"PROGRAM Metkovsko ljeto 2025. \u2013 na programu Vojko V, Magazin, Meri Cetini\u0107, Let 3, Zoster, Festival skala"}]},{"@type":"WebSite","@id":"https:\/\/likemetkovic.hr\/#website","url":"https:\/\/likemetkovic.hr\/","name":"likemetkovic.hr","description":"Misli pozitivno... \u010ditaj LIKE","potentialAction":[{"@type":"SearchAction","target":{"@type":"EntryPoint","urlTemplate":"https:\/\/likemetkovic.hr\/?s={search_term_string}"},"query-input":{"@type":"PropertyValueSpecification","valueRequired":true,"valueName":"search_term_string"}}],"inLanguage":"hr"},{"@type":"Person","@id":"https:\/\/likemetkovic.hr\/#\/schema\/person\/0a8b4ebfdfe1ff01192dccda40c5da0c","name":"K. J.","url":"https:\/\/likemetkovic.hr\/portal\/author\/likemetkovic\/"}]}},"_links":{"self":[{"href":"https:\/\/likemetkovic.hr\/portal\/wp-json\/wp\/v2\/posts\/166515","targetHints":{"allow":["GET"]}}],"collection":[{"href":"https:\/\/likemetkovic.hr\/portal\/wp-json\/wp\/v2\/posts"}],"about":[{"href":"https:\/\/likemetkovic.hr\/portal\/wp-json\/wp\/v2\/types\/post"}],"author":[{"embeddable":true,"href":"https:\/\/likemetkovic.hr\/portal\/wp-json\/wp\/v2\/users\/9"}],"replies":[{"embeddable":true,"href":"https:\/\/likemetkovic.hr\/portal\/wp-json\/wp\/v2\/comments?post=166515"}],"version-history":[{"count":2,"href":"https:\/\/likemetkovic.hr\/portal\/wp-json\/wp\/v2\/posts\/166515\/revisions"}],"predecessor-version":[{"id":166540,"href":"https:\/\/likemetkovic.hr\/portal\/wp-json\/wp\/v2\/posts\/166515\/revisions\/166540"}],"wp:featuredmedia":[{"embeddable":true,"href":"https:\/\/likemetkovic.hr\/portal\/wp-json\/wp\/v2\/media\/166517"}],"wp:attachment":[{"href":"https:\/\/likemetkovic.hr\/portal\/wp-json\/wp\/v2\/media?parent=166515"}],"wp:term":[{"taxonomy":"category","embeddable":true,"href":"https:\/\/likemetkovic.hr\/portal\/wp-json\/wp\/v2\/categories?post=166515"},{"taxonomy":"post_tag","embeddable":true,"href":"https:\/\/likemetkovic.hr\/portal\/wp-json\/wp\/v2\/tags?post=166515"}],"curies":[{"name":"wp","href":"https:\/\/api.w.org\/{rel}","templated":true}]}}