{"id":166549,"date":"2025-06-13T14:11:58","date_gmt":"2025-06-13T12:11:58","guid":{"rendered":"https:\/\/likemetkovic.hr\/portal\/?p=166549"},"modified":"2025-06-13T14:11:58","modified_gmt":"2025-06-13T12:11:58","slug":"odrzana-konstituirajuca-sjednica-zupanijske-skupstine-evo-tko-su-novi-vijecnici","status":"publish","type":"post","link":"https:\/\/likemetkovic.hr\/portal\/odrzana-konstituirajuca-sjednica-zupanijske-skupstine-evo-tko-su-novi-vijecnici\/","title":{"rendered":"Odr\u017eana konstituiraju\u0107a sjednica \u017dupanijske skup\u0161tine: evo tko su novi vije\u0107nici"},"content":{"rendered":"<p>U Dubrovniku je u \u010detvrtak odr\u017eana konstituiraju\u0107a sjednica Dubrova\u010dko-neretvanske \u017eupanije na kojoj je vije\u0107ni\u010dku prisegu polo\u017eilo 35 od ukupno 37 izabranih vije\u0107nika \u010dime se zapo\u010deo njihov mandat za sljede\u0107e \u010detiri godine u Predstavni\u010dkom tijelu Dubrova\u010dko-neretvanske \u017eupanije.<\/p>\n<p>Za predsjednika \u017dupanijske skup\u0161tine jednoglasno je izabran nekada\u0161nji \u017eupan Nikola Dobroslavi\u0107 (HDZ), dok su za njegove zamjenike tako\u0111er jednoglasno izabrani Terezina Orli\u0107 (DDS) i Antun Ba\u0161i\u0107 (MOST).<\/p>\n<p>Ovom prilikom vije\u0107nicima se obratio i novoizabrani \u017eupan Bla\u017e Pezo koji im je \u010destitao na mandatu i povjerenju koje su dobili od bira\u010da.<\/p>\n<p>\u201d\u010cestitam svim vije\u0107nicima i vjerujem kako \u0107e ovo predstavni\u010dko tijelo Dubrova\u010dko-neretvanske \u017eupanije zajedno sa ovom \u017eupanijskom upravom raditi za interese na\u0161ih sugra\u0111ana. U protekle \u010detiri godine se radilo jako dobro, a ne sumnjam i kako \u0107emo u sljede\u0107e \u010detiri godine nastaviti biti koordinirani i skladni. Ja \u0107u s moje strane dati sve od sebe da vam budem na raspolaganju i da ova \u017eupanijska uprava opravda va\u0161e povjerenje\u201d, rekao je \u017eupan Pezo.<\/p>\n<p>Uslijed sprije\u010denosti, na sjednici nisu bili nazo\u010dni Luk\u0161a Matu\u0161i\u0107 (DDS) te Kre\u0161imir Kuran (SDP).<\/p>\n<p class=\"wp-block-heading\"><strong><img decoding=\"async\" class=\"alignnone size-full wp-image-166550\" src=\"https:\/\/likemetkovic.hr\/portal\/wp-content\/uploads\/2025\/06\/konstituirajuca-sjednica-skupstina-120625-35.jpg\" alt=\"\" width=\"800\" height=\"450\" srcset=\"https:\/\/likemetkovic.hr\/portal\/wp-content\/uploads\/2025\/06\/konstituirajuca-sjednica-skupstina-120625-35.jpg 800w, https:\/\/likemetkovic.hr\/portal\/wp-content\/uploads\/2025\/06\/konstituirajuca-sjednica-skupstina-120625-35-768x432.jpg 768w, https:\/\/likemetkovic.hr\/portal\/wp-content\/uploads\/2025\/06\/konstituirajuca-sjednica-skupstina-120625-35-747x420.jpg 747w, https:\/\/likemetkovic.hr\/portal\/wp-content\/uploads\/2025\/06\/konstituirajuca-sjednica-skupstina-120625-35-150x84.jpg 150w, https:\/\/likemetkovic.hr\/portal\/wp-content\/uploads\/2025\/06\/konstituirajuca-sjednica-skupstina-120625-35-300x169.jpg 300w, https:\/\/likemetkovic.hr\/portal\/wp-content\/uploads\/2025\/06\/konstituirajuca-sjednica-skupstina-120625-35-696x392.jpg 696w\" sizes=\"(max-width: 800px) 100vw, 800px\" \/><\/strong><\/p>\n<p class=\"wp-block-heading\"><strong>Vije\u0107nici \u017dupanijske skup\u0161tine Dubrova\u010dko \u2013 Neretvanske \u017eupanije:<\/strong><\/p>\n<h6 class=\"wp-block-heading\">\nHDZ<\/h6>\n<ul class=\"wp-block-list\">\n<li>Teo Andri\u0107<\/li>\n<li>Davor Boras<\/li>\n<li>Nikola Dobroslavi\u0107<\/li>\n<li>Filip Dominikovi\u0107<\/li>\n<li>Vlaho Ivani\u0161<\/li>\n<li>Franciska Juri\u0161i\u0107 Ba\u010di\u0107<\/li>\n<li>Irena Korda<\/li>\n<li>Gordana Mustapi\u0107<\/li>\n<li>Zlatko Mustapi\u0107<\/li>\n<li>Nik\u0161a Senti\u0107<\/li>\n<li>Kre\u0161imir Veji\u0107<\/li>\n<\/ul>\n<h6 class=\"wp-block-heading\">HSLS<\/h6>\n<ul class=\"wp-block-list\">\n<li>Branko Jerkovi\u0107<\/li>\n<\/ul>\n<h6 class=\"wp-block-heading\">HSP<\/h6>\n<ul class=\"wp-block-list\">\n<li>Mario Galov<\/li>\n<\/ul>\n<h6 class=\"wp-block-heading\">HSP AS<\/h6>\n<ul class=\"wp-block-list\">\n<li>Marinko Pa\u017ein<\/li>\n<\/ul>\n<h6 class=\"wp-block-heading\">HSS<\/h6>\n<ul class=\"wp-block-list\">\n<li>Zdenko Mateljak<\/li>\n<li>Perica Pu\u0161i\u0107<\/li>\n<\/ul>\n<h6 class=\"wp-block-heading\">HSU<\/h6>\n<ul class=\"wp-block-list\">\n<li>Cvijeto Cvjetkovi\u0107<\/li>\n<\/ul>\n<h6 class=\"wp-block-heading\">DDS<\/h6>\n<ul class=\"wp-block-list\">\n<li>Luk\u0161a Matu\u0161i\u0107<\/li>\n<li>Terezina Orli\u0107<\/li>\n<li>Drago Sr\u0161en<\/li>\n<\/ul>\n<h6 class=\"wp-block-heading\">DP<\/h6>\n<ul class=\"wp-block-list\">\n<li>Marin Mataga<\/li>\n<\/ul>\n<h6 class=\"wp-block-heading\">HS<\/h6>\n<ul class=\"wp-block-list\">\n<li>Mile Pavlovi\u0107<\/li>\n<\/ul>\n<h6 class=\"wp-block-heading\">MOST<\/h6>\n<ul class=\"wp-block-list\">\n<li>Antun Ba\u0161i\u0107<\/li>\n<li>Antun Borovina<\/li>\n<li>Ivica Dajak<\/li>\n<li>Pero Jerkovi\u0107<\/li>\n<li>Antonia Kne\u017eevi\u0107<\/li>\n<li>Luka Likovi\u0107<\/li>\n<li>Ivan Lon\u010dar<\/li>\n<\/ul>\n<h6 class=\"wp-block-heading\">SDP<\/h6>\n<ul class=\"wp-block-list\">\n<li>Kristina \u0106ur\u010dija<\/li>\n<li>Katarina Gugi\u0107<\/li>\n<li>Ivo Karamati\u0107<\/li>\n<li>Kre\u0161imir Kuran<\/li>\n<li>Nika Sili\u0107 Maroevi\u0107<\/li>\n<\/ul>\n<h6 class=\"wp-block-heading\">SJG<\/h6>\n<ul class=\"wp-block-list\">\n<li>Marko Gilja\u010da<\/li>\n<li>Igor Mio\u0161i\u0107<\/li>\n<li>Igra \u0160ain Kova\u010devi\u0107<\/li>\n<\/ul>\n<p>Foto: DN\u017d<\/p>\n","protected":false},"excerpt":{"rendered":"<p>U Dubrovniku je u \u010detvrtak odr\u017eana konstituiraju\u0107a sjednica Dubrova\u010dko-neretvanske \u017eupanije na kojoj je vije\u0107ni\u010dku prisegu polo\u017eilo 35 od ukupno 37 izabranih vije\u0107nika \u010dime se zapo\u010deo njihov mandat za sljede\u0107e \u010detiri godine u Predstavni\u010dkom tijelu Dubrova\u010dko-neretvanske \u017eupanije. Za predsjednika \u017dupanijske skup\u0161tine jednoglasno je izabran nekada\u0161nji \u017eupan Nikola Dobroslavi\u0107 (HDZ), dok su za njegove zamjenike tako\u0111er jednoglasno [&hellip;]<\/p>\n","protected":false},"author":7,"featured_media":166550,"comment_status":"open","ping_status":"open","sticky":false,"template":"","format":"standard","meta":{"footnotes":""},"categories":[296,290],"tags":[5970],"class_list":{"0":"post-166549","1":"post","2":"type-post","3":"status-publish","4":"format-standard","5":"has-post-thumbnail","7":"category-ab","8":"category-politika","9":"tag-zupanijska-skupstina-dnz"},"yoast_head":"<!-- This site is optimized with the Yoast SEO plugin v25.2 - https:\/\/yoast.com\/wordpress\/plugins\/seo\/ -->\n<title>Odr\u017eana konstituiraju\u0107a sjednica \u017dupanijske skup\u0161tine: evo tko su novi vije\u0107nici - likemetkovic.hr<\/title>\n<meta name=\"robots\" content=\"index, follow, max-snippet:-1, max-image-preview:large, max-video-preview:-1\" \/>\n<link rel=\"canonical\" href=\"https:\/\/likemetkovic.hr\/portal\/odrzana-konstituirajuca-sjednica-zupanijske-skupstine-evo-tko-su-novi-vijecnici\/\" \/>\n<meta property=\"og:locale\" content=\"hr_HR\" \/>\n<meta property=\"og:type\" content=\"article\" \/>\n<meta property=\"og:title\" content=\"Odr\u017eana konstituiraju\u0107a sjednica \u017dupanijske skup\u0161tine: evo tko su novi vije\u0107nici - likemetkovic.hr\" \/>\n<meta property=\"og:description\" content=\"U Dubrovniku je u \u010detvrtak odr\u017eana konstituiraju\u0107a sjednica Dubrova\u010dko-neretvanske \u017eupanije na kojoj je vije\u0107ni\u010dku prisegu polo\u017eilo 35 od ukupno 37 izabranih vije\u0107nika \u010dime se zapo\u010deo njihov mandat za sljede\u0107e \u010detiri godine u Predstavni\u010dkom tijelu Dubrova\u010dko-neretvanske \u017eupanije. Za predsjednika \u017dupanijske skup\u0161tine jednoglasno je izabran nekada\u0161nji \u017eupan Nikola Dobroslavi\u0107 (HDZ), dok su za njegove zamjenike tako\u0111er jednoglasno [&hellip;]\" \/>\n<meta property=\"og:url\" content=\"https:\/\/likemetkovic.hr\/portal\/odrzana-konstituirajuca-sjednica-zupanijske-skupstine-evo-tko-su-novi-vijecnici\/\" \/>\n<meta property=\"og:site_name\" content=\"likemetkovic.hr\" \/>\n<meta property=\"article:publisher\" content=\"https:\/\/www.facebook.com\/likemetkovic.hr\/\" \/>\n<meta property=\"article:published_time\" content=\"2025-06-13T12:11:58+00:00\" \/>\n<meta property=\"og:image\" content=\"https:\/\/likemetkovic.hr\/portal\/wp-content\/uploads\/2025\/06\/konstituirajuca-sjednica-skupstina-120625-35.jpg\" \/>\n\t<meta property=\"og:image:width\" content=\"800\" \/>\n\t<meta property=\"og:image:height\" content=\"450\" \/>\n\t<meta property=\"og:image:type\" content=\"image\/jpeg\" \/>\n<meta name=\"author\" content=\"LIKEmetkovic.hr\" \/>\n<meta name=\"twitter:card\" content=\"summary_large_image\" \/>\n<meta name=\"twitter:label1\" content=\"Napisao\/la\" \/>\n\t<meta name=\"twitter:data1\" content=\"LIKEmetkovic.hr\" \/>\n\t<meta name=\"twitter:label2\" content=\"Procijenjeno vrijeme \u010ditanja\" \/>\n\t<meta name=\"twitter:data2\" content=\"2 minute\" \/>\n<script type=\"application\/ld+json\" class=\"yoast-schema-graph\">{\"@context\":\"https:\/\/schema.org\",\"@graph\":[{\"@type\":\"WebPage\",\"@id\":\"https:\/\/likemetkovic.hr\/portal\/odrzana-konstituirajuca-sjednica-zupanijske-skupstine-evo-tko-su-novi-vijecnici\/\",\"url\":\"https:\/\/likemetkovic.hr\/portal\/odrzana-konstituirajuca-sjednica-zupanijske-skupstine-evo-tko-su-novi-vijecnici\/\",\"name\":\"Odr\u017eana konstituiraju\u0107a sjednica \u017dupanijske skup\u0161tine: evo tko su novi vije\u0107nici - likemetkovic.hr\",\"isPartOf\":{\"@id\":\"https:\/\/likemetkovic.hr\/#website\"},\"primaryImageOfPage\":{\"@id\":\"https:\/\/likemetkovic.hr\/portal\/odrzana-konstituirajuca-sjednica-zupanijske-skupstine-evo-tko-su-novi-vijecnici\/#primaryimage\"},\"image\":{\"@id\":\"https:\/\/likemetkovic.hr\/portal\/odrzana-konstituirajuca-sjednica-zupanijske-skupstine-evo-tko-su-novi-vijecnici\/#primaryimage\"},\"thumbnailUrl\":\"https:\/\/likemetkovic.hr\/portal\/wp-content\/uploads\/2025\/06\/konstituirajuca-sjednica-skupstina-120625-35.jpg\",\"datePublished\":\"2025-06-13T12:11:58+00:00\",\"author\":{\"@id\":\"https:\/\/likemetkovic.hr\/#\/schema\/person\/a42711f3385a0e2be6f7e0443bfb28f0\"},\"breadcrumb\":{\"@id\":\"https:\/\/likemetkovic.hr\/portal\/odrzana-konstituirajuca-sjednica-zupanijske-skupstine-evo-tko-su-novi-vijecnici\/#breadcrumb\"},\"inLanguage\":\"hr\",\"potentialAction\":[{\"@type\":\"ReadAction\",\"target\":[\"https:\/\/likemetkovic.hr\/portal\/odrzana-konstituirajuca-sjednica-zupanijske-skupstine-evo-tko-su-novi-vijecnici\/\"]}]},{\"@type\":\"ImageObject\",\"inLanguage\":\"hr\",\"@id\":\"https:\/\/likemetkovic.hr\/portal\/odrzana-konstituirajuca-sjednica-zupanijske-skupstine-evo-tko-su-novi-vijecnici\/#primaryimage\",\"url\":\"https:\/\/likemetkovic.hr\/portal\/wp-content\/uploads\/2025\/06\/konstituirajuca-sjednica-skupstina-120625-35.jpg\",\"contentUrl\":\"https:\/\/likemetkovic.hr\/portal\/wp-content\/uploads\/2025\/06\/konstituirajuca-sjednica-skupstina-120625-35.jpg\",\"width\":800,\"height\":450},{\"@type\":\"BreadcrumbList\",\"@id\":\"https:\/\/likemetkovic.hr\/portal\/odrzana-konstituirajuca-sjednica-zupanijske-skupstine-evo-tko-su-novi-vijecnici\/#breadcrumb\",\"itemListElement\":[{\"@type\":\"ListItem\",\"position\":1,\"name\":\"Po\u010detna stranica\",\"item\":\"https:\/\/likemetkovic.hr\/portal\/\"},{\"@type\":\"ListItem\",\"position\":2,\"name\":\"Odr\u017eana konstituiraju\u0107a sjednica \u017dupanijske skup\u0161tine: evo tko su novi vije\u0107nici\"}]},{\"@type\":\"WebSite\",\"@id\":\"https:\/\/likemetkovic.hr\/#website\",\"url\":\"https:\/\/likemetkovic.hr\/\",\"name\":\"likemetkovic.hr\",\"description\":\"Misli pozitivno... \u010ditaj LIKE\",\"potentialAction\":[{\"@type\":\"SearchAction\",\"target\":{\"@type\":\"EntryPoint\",\"urlTemplate\":\"https:\/\/likemetkovic.hr\/?s={search_term_string}\"},\"query-input\":{\"@type\":\"PropertyValueSpecification\",\"valueRequired\":true,\"valueName\":\"search_term_string\"}}],\"inLanguage\":\"hr\"},{\"@type\":\"Person\",\"@id\":\"https:\/\/likemetkovic.hr\/#\/schema\/person\/a42711f3385a0e2be6f7e0443bfb28f0\",\"name\":\"LIKEmetkovic.hr\",\"sameAs\":[\"http:\/\/likemetkovic.hr\"],\"url\":\"https:\/\/likemetkovic.hr\/portal\/author\/likemetkovic-hr\/\"}]}<\/script>\n<!-- \/ Yoast SEO plugin. -->","yoast_head_json":{"title":"Odr\u017eana konstituiraju\u0107a sjednica \u017dupanijske skup\u0161tine: evo tko su novi vije\u0107nici - likemetkovic.hr","robots":{"index":"index","follow":"follow","max-snippet":"max-snippet:-1","max-image-preview":"max-image-preview:large","max-video-preview":"max-video-preview:-1"},"canonical":"https:\/\/likemetkovic.hr\/portal\/odrzana-konstituirajuca-sjednica-zupanijske-skupstine-evo-tko-su-novi-vijecnici\/","og_locale":"hr_HR","og_type":"article","og_title":"Odr\u017eana konstituiraju\u0107a sjednica \u017dupanijske skup\u0161tine: evo tko su novi vije\u0107nici - likemetkovic.hr","og_description":"U Dubrovniku je u \u010detvrtak odr\u017eana konstituiraju\u0107a sjednica Dubrova\u010dko-neretvanske \u017eupanije na kojoj je vije\u0107ni\u010dku prisegu polo\u017eilo 35 od ukupno 37 izabranih vije\u0107nika \u010dime se zapo\u010deo njihov mandat za sljede\u0107e \u010detiri godine u Predstavni\u010dkom tijelu Dubrova\u010dko-neretvanske \u017eupanije. Za predsjednika \u017dupanijske skup\u0161tine jednoglasno je izabran nekada\u0161nji \u017eupan Nikola Dobroslavi\u0107 (HDZ), dok su za njegove zamjenike tako\u0111er jednoglasno [&hellip;]","og_url":"https:\/\/likemetkovic.hr\/portal\/odrzana-konstituirajuca-sjednica-zupanijske-skupstine-evo-tko-su-novi-vijecnici\/","og_site_name":"likemetkovic.hr","article_publisher":"https:\/\/www.facebook.com\/likemetkovic.hr\/","article_published_time":"2025-06-13T12:11:58+00:00","og_image":[{"width":800,"height":450,"url":"https:\/\/likemetkovic.hr\/portal\/wp-content\/uploads\/2025\/06\/konstituirajuca-sjednica-skupstina-120625-35.jpg","type":"image\/jpeg"}],"author":"LIKEmetkovic.hr","twitter_card":"summary_large_image","twitter_misc":{"Napisao\/la":"LIKEmetkovic.hr","Procijenjeno vrijeme \u010ditanja":"2 minute"},"schema":{"@context":"https:\/\/schema.org","@graph":[{"@type":"WebPage","@id":"https:\/\/likemetkovic.hr\/portal\/odrzana-konstituirajuca-sjednica-zupanijske-skupstine-evo-tko-su-novi-vijecnici\/","url":"https:\/\/likemetkovic.hr\/portal\/odrzana-konstituirajuca-sjednica-zupanijske-skupstine-evo-tko-su-novi-vijecnici\/","name":"Odr\u017eana konstituiraju\u0107a sjednica \u017dupanijske skup\u0161tine: evo tko su novi vije\u0107nici - likemetkovic.hr","isPartOf":{"@id":"https:\/\/likemetkovic.hr\/#website"},"primaryImageOfPage":{"@id":"https:\/\/likemetkovic.hr\/portal\/odrzana-konstituirajuca-sjednica-zupanijske-skupstine-evo-tko-su-novi-vijecnici\/#primaryimage"},"image":{"@id":"https:\/\/likemetkovic.hr\/portal\/odrzana-konstituirajuca-sjednica-zupanijske-skupstine-evo-tko-su-novi-vijecnici\/#primaryimage"},"thumbnailUrl":"https:\/\/likemetkovic.hr\/portal\/wp-content\/uploads\/2025\/06\/konstituirajuca-sjednica-skupstina-120625-35.jpg","datePublished":"2025-06-13T12:11:58+00:00","author":{"@id":"https:\/\/likemetkovic.hr\/#\/schema\/person\/a42711f3385a0e2be6f7e0443bfb28f0"},"breadcrumb":{"@id":"https:\/\/likemetkovic.hr\/portal\/odrzana-konstituirajuca-sjednica-zupanijske-skupstine-evo-tko-su-novi-vijecnici\/#breadcrumb"},"inLanguage":"hr","potentialAction":[{"@type":"ReadAction","target":["https:\/\/likemetkovic.hr\/portal\/odrzana-konstituirajuca-sjednica-zupanijske-skupstine-evo-tko-su-novi-vijecnici\/"]}]},{"@type":"ImageObject","inLanguage":"hr","@id":"https:\/\/likemetkovic.hr\/portal\/odrzana-konstituirajuca-sjednica-zupanijske-skupstine-evo-tko-su-novi-vijecnici\/#primaryimage","url":"https:\/\/likemetkovic.hr\/portal\/wp-content\/uploads\/2025\/06\/konstituirajuca-sjednica-skupstina-120625-35.jpg","contentUrl":"https:\/\/likemetkovic.hr\/portal\/wp-content\/uploads\/2025\/06\/konstituirajuca-sjednica-skupstina-120625-35.jpg","width":800,"height":450},{"@type":"BreadcrumbList","@id":"https:\/\/likemetkovic.hr\/portal\/odrzana-konstituirajuca-sjednica-zupanijske-skupstine-evo-tko-su-novi-vijecnici\/#breadcrumb","itemListElement":[{"@type":"ListItem","position":1,"name":"Po\u010detna stranica","item":"https:\/\/likemetkovic.hr\/portal\/"},{"@type":"ListItem","position":2,"name":"Odr\u017eana konstituiraju\u0107a sjednica \u017dupanijske skup\u0161tine: evo tko su novi vije\u0107nici"}]},{"@type":"WebSite","@id":"https:\/\/likemetkovic.hr\/#website","url":"https:\/\/likemetkovic.hr\/","name":"likemetkovic.hr","description":"Misli pozitivno... \u010ditaj LIKE","potentialAction":[{"@type":"SearchAction","target":{"@type":"EntryPoint","urlTemplate":"https:\/\/likemetkovic.hr\/?s={search_term_string}"},"query-input":{"@type":"PropertyValueSpecification","valueRequired":true,"valueName":"search_term_string"}}],"inLanguage":"hr"},{"@type":"Person","@id":"https:\/\/likemetkovic.hr\/#\/schema\/person\/a42711f3385a0e2be6f7e0443bfb28f0","name":"LIKEmetkovic.hr","sameAs":["http:\/\/likemetkovic.hr"],"url":"https:\/\/likemetkovic.hr\/portal\/author\/likemetkovic-hr\/"}]}},"_links":{"self":[{"href":"https:\/\/likemetkovic.hr\/portal\/wp-json\/wp\/v2\/posts\/166549","targetHints":{"allow":["GET"]}}],"collection":[{"href":"https:\/\/likemetkovic.hr\/portal\/wp-json\/wp\/v2\/posts"}],"about":[{"href":"https:\/\/likemetkovic.hr\/portal\/wp-json\/wp\/v2\/types\/post"}],"author":[{"embeddable":true,"href":"https:\/\/likemetkovic.hr\/portal\/wp-json\/wp\/v2\/users\/7"}],"replies":[{"embeddable":true,"href":"https:\/\/likemetkovic.hr\/portal\/wp-json\/wp\/v2\/comments?post=166549"}],"version-history":[{"count":1,"href":"https:\/\/likemetkovic.hr\/portal\/wp-json\/wp\/v2\/posts\/166549\/revisions"}],"predecessor-version":[{"id":166551,"href":"https:\/\/likemetkovic.hr\/portal\/wp-json\/wp\/v2\/posts\/166549\/revisions\/166551"}],"wp:featuredmedia":[{"embeddable":true,"href":"https:\/\/likemetkovic.hr\/portal\/wp-json\/wp\/v2\/media\/166550"}],"wp:attachment":[{"href":"https:\/\/likemetkovic.hr\/portal\/wp-json\/wp\/v2\/media?parent=166549"}],"wp:term":[{"taxonomy":"category","embeddable":true,"href":"https:\/\/likemetkovic.hr\/portal\/wp-json\/wp\/v2\/categories?post=166549"},{"taxonomy":"post_tag","embeddable":true,"href":"https:\/\/likemetkovic.hr\/portal\/wp-json\/wp\/v2\/tags?post=166549"}],"curies":[{"name":"wp","href":"https:\/\/api.w.org\/{rel}","templated":true}]}}