{"id":166602,"date":"2025-06-16T12:04:53","date_gmt":"2025-06-16T10:04:53","guid":{"rendered":"https:\/\/likemetkovic.hr\/portal\/?p=166602"},"modified":"2025-06-16T12:04:53","modified_gmt":"2025-06-16T10:04:53","slug":"metkovski-gimnazijalci-boravili-u-madridu","status":"publish","type":"post","link":"https:\/\/likemetkovic.hr\/portal\/metkovski-gimnazijalci-boravili-u-madridu\/","title":{"rendered":"Metkovski gimnazijalci boravili u Madridu"},"content":{"rendered":"<p>Erasmus projekt naziva Big Data Unites the Sciences and the Arts, u kojem je Gimnazija Metkovi\u0107 bila partner protekle dvije \u0161kolske godine, zavr\u0161ila je pro\u0161li tjedan posljednjom projektnom mobilno\u015b\u0107u u\u010denika i profesora u Madrid.<\/p>\n<p>U ovoj mobilnosti sudjelovali su u\u010denici Gimnazije Metkovi\u0107 Petar Jerkovi\u0107, Borna Bre\u010di\u0107, Luka Toni Batinovi\u0107, Patrik Mustapi\u0107, Maja Dragobratovi\u0107 i Modesta Falak, u pratnji profesorica Petre Ujdur i Branke Vladimir.<\/p>\n<p>U organizaciji koordinatorske \u0161kole IES Itaca Alcorcon na\u0161i u\u010denici, kao i njihove kolege iz Italije, Turske, Estonije i Bugarske, predstavili su svoj zavr\u0161ni projektni uradak (rezultate obrade velikih baza podataka) na sveu\u010dili\u0161tu Universitad Rey Juan Carlos, te su posjetili znamenitosti Madrida i grad Toledo.<\/p>\n<p><img decoding=\"async\" class=\"alignnone size-full wp-image-166603\" src=\"https:\/\/likemetkovic.hr\/portal\/wp-content\/uploads\/2025\/06\/erasmus-gimnazija-1.jpeg\" alt=\"\" width=\"800\" height=\"600\" srcset=\"https:\/\/likemetkovic.hr\/portal\/wp-content\/uploads\/2025\/06\/erasmus-gimnazija-1.jpeg 800w, https:\/\/likemetkovic.hr\/portal\/wp-content\/uploads\/2025\/06\/erasmus-gimnazija-1-768x576.jpeg 768w, https:\/\/likemetkovic.hr\/portal\/wp-content\/uploads\/2025\/06\/erasmus-gimnazija-1-560x420.jpeg 560w, https:\/\/likemetkovic.hr\/portal\/wp-content\/uploads\/2025\/06\/erasmus-gimnazija-1-80x60.jpeg 80w, https:\/\/likemetkovic.hr\/portal\/wp-content\/uploads\/2025\/06\/erasmus-gimnazija-1-150x113.jpeg 150w, https:\/\/likemetkovic.hr\/portal\/wp-content\/uploads\/2025\/06\/erasmus-gimnazija-1-300x225.jpeg 300w, https:\/\/likemetkovic.hr\/portal\/wp-content\/uploads\/2025\/06\/erasmus-gimnazija-1-696x522.jpeg 696w, https:\/\/likemetkovic.hr\/portal\/wp-content\/uploads\/2025\/06\/erasmus-gimnazija-1-265x198.jpeg 265w\" sizes=\"(max-width: 800px) 100vw, 800px\" \/><\/p>\n","protected":false},"excerpt":{"rendered":"<p>Erasmus projekt naziva Big Data Unites the Sciences and the Arts, u kojem je Gimnazija Metkovi\u0107 bila partner protekle dvije \u0161kolske godine, zavr\u0161ila je pro\u0161li tjedan posljednjom projektnom mobilno\u015b\u0107u u\u010denika i profesora u Madrid. U ovoj mobilnosti sudjelovali su u\u010denici Gimnazije Metkovi\u0107 Petar Jerkovi\u0107, Borna Bre\u010di\u0107, Luka Toni Batinovi\u0107, Patrik Mustapi\u0107, Maja Dragobratovi\u0107 i Modesta [&hellip;]<\/p>\n","protected":false},"author":7,"featured_media":166604,"comment_status":"open","ping_status":"open","sticky":false,"template":"","format":"standard","meta":{"footnotes":""},"categories":[296,166],"tags":[1492,332],"class_list":{"0":"post-166602","1":"post","2":"type-post","3":"status-publish","4":"format-standard","5":"has-post-thumbnail","7":"category-ab","8":"category-skolstvo","9":"tag-erasmus","10":"tag-gimnazija-metkovic"},"yoast_head":"<!-- This site is optimized with the Yoast SEO plugin v25.2 - https:\/\/yoast.com\/wordpress\/plugins\/seo\/ -->\n<title>Metkovski gimnazijalci boravili u Madridu - likemetkovic.hr<\/title>\n<meta name=\"robots\" content=\"index, follow, max-snippet:-1, max-image-preview:large, max-video-preview:-1\" \/>\n<link rel=\"canonical\" href=\"https:\/\/likemetkovic.hr\/portal\/metkovski-gimnazijalci-boravili-u-madridu\/\" \/>\n<meta property=\"og:locale\" content=\"hr_HR\" \/>\n<meta property=\"og:type\" content=\"article\" \/>\n<meta property=\"og:title\" content=\"Metkovski gimnazijalci boravili u Madridu - likemetkovic.hr\" \/>\n<meta property=\"og:description\" content=\"Erasmus projekt naziva Big Data Unites the Sciences and the Arts, u kojem je Gimnazija Metkovi\u0107 bila partner protekle dvije \u0161kolske godine, zavr\u0161ila je pro\u0161li tjedan posljednjom projektnom mobilno\u015b\u0107u u\u010denika i profesora u Madrid. U ovoj mobilnosti sudjelovali su u\u010denici Gimnazije Metkovi\u0107 Petar Jerkovi\u0107, Borna Bre\u010di\u0107, Luka Toni Batinovi\u0107, Patrik Mustapi\u0107, Maja Dragobratovi\u0107 i Modesta [&hellip;]\" \/>\n<meta property=\"og:url\" content=\"https:\/\/likemetkovic.hr\/portal\/metkovski-gimnazijalci-boravili-u-madridu\/\" \/>\n<meta property=\"og:site_name\" content=\"likemetkovic.hr\" \/>\n<meta property=\"article:publisher\" content=\"https:\/\/www.facebook.com\/likemetkovic.hr\/\" \/>\n<meta property=\"article:published_time\" content=\"2025-06-16T10:04:53+00:00\" \/>\n<meta property=\"og:image\" content=\"https:\/\/likemetkovic.hr\/portal\/wp-content\/uploads\/2025\/06\/erasmus-gimnazija-2.jpeg\" \/>\n\t<meta property=\"og:image:width\" content=\"800\" \/>\n\t<meta property=\"og:image:height\" content=\"600\" \/>\n\t<meta property=\"og:image:type\" content=\"image\/jpeg\" \/>\n<meta name=\"author\" content=\"LIKEmetkovic.hr\" \/>\n<meta name=\"twitter:card\" content=\"summary_large_image\" \/>\n<meta name=\"twitter:label1\" content=\"Napisao\/la\" \/>\n\t<meta name=\"twitter:data1\" content=\"LIKEmetkovic.hr\" \/>\n\t<meta name=\"twitter:label2\" content=\"Procijenjeno vrijeme \u010ditanja\" \/>\n\t<meta name=\"twitter:data2\" content=\"1 minuta\" \/>\n<script type=\"application\/ld+json\" class=\"yoast-schema-graph\">{\"@context\":\"https:\/\/schema.org\",\"@graph\":[{\"@type\":\"WebPage\",\"@id\":\"https:\/\/likemetkovic.hr\/portal\/metkovski-gimnazijalci-boravili-u-madridu\/\",\"url\":\"https:\/\/likemetkovic.hr\/portal\/metkovski-gimnazijalci-boravili-u-madridu\/\",\"name\":\"Metkovski gimnazijalci boravili u Madridu - likemetkovic.hr\",\"isPartOf\":{\"@id\":\"https:\/\/likemetkovic.hr\/#website\"},\"primaryImageOfPage\":{\"@id\":\"https:\/\/likemetkovic.hr\/portal\/metkovski-gimnazijalci-boravili-u-madridu\/#primaryimage\"},\"image\":{\"@id\":\"https:\/\/likemetkovic.hr\/portal\/metkovski-gimnazijalci-boravili-u-madridu\/#primaryimage\"},\"thumbnailUrl\":\"https:\/\/likemetkovic.hr\/portal\/wp-content\/uploads\/2025\/06\/erasmus-gimnazija-2.jpeg\",\"datePublished\":\"2025-06-16T10:04:53+00:00\",\"author\":{\"@id\":\"https:\/\/likemetkovic.hr\/#\/schema\/person\/a42711f3385a0e2be6f7e0443bfb28f0\"},\"breadcrumb\":{\"@id\":\"https:\/\/likemetkovic.hr\/portal\/metkovski-gimnazijalci-boravili-u-madridu\/#breadcrumb\"},\"inLanguage\":\"hr\",\"potentialAction\":[{\"@type\":\"ReadAction\",\"target\":[\"https:\/\/likemetkovic.hr\/portal\/metkovski-gimnazijalci-boravili-u-madridu\/\"]}]},{\"@type\":\"ImageObject\",\"inLanguage\":\"hr\",\"@id\":\"https:\/\/likemetkovic.hr\/portal\/metkovski-gimnazijalci-boravili-u-madridu\/#primaryimage\",\"url\":\"https:\/\/likemetkovic.hr\/portal\/wp-content\/uploads\/2025\/06\/erasmus-gimnazija-2.jpeg\",\"contentUrl\":\"https:\/\/likemetkovic.hr\/portal\/wp-content\/uploads\/2025\/06\/erasmus-gimnazija-2.jpeg\",\"width\":800,\"height\":600},{\"@type\":\"BreadcrumbList\",\"@id\":\"https:\/\/likemetkovic.hr\/portal\/metkovski-gimnazijalci-boravili-u-madridu\/#breadcrumb\",\"itemListElement\":[{\"@type\":\"ListItem\",\"position\":1,\"name\":\"Po\u010detna stranica\",\"item\":\"https:\/\/likemetkovic.hr\/portal\/\"},{\"@type\":\"ListItem\",\"position\":2,\"name\":\"Metkovski gimnazijalci boravili u Madridu\"}]},{\"@type\":\"WebSite\",\"@id\":\"https:\/\/likemetkovic.hr\/#website\",\"url\":\"https:\/\/likemetkovic.hr\/\",\"name\":\"likemetkovic.hr\",\"description\":\"Misli pozitivno... \u010ditaj LIKE\",\"potentialAction\":[{\"@type\":\"SearchAction\",\"target\":{\"@type\":\"EntryPoint\",\"urlTemplate\":\"https:\/\/likemetkovic.hr\/?s={search_term_string}\"},\"query-input\":{\"@type\":\"PropertyValueSpecification\",\"valueRequired\":true,\"valueName\":\"search_term_string\"}}],\"inLanguage\":\"hr\"},{\"@type\":\"Person\",\"@id\":\"https:\/\/likemetkovic.hr\/#\/schema\/person\/a42711f3385a0e2be6f7e0443bfb28f0\",\"name\":\"LIKEmetkovic.hr\",\"sameAs\":[\"http:\/\/likemetkovic.hr\"],\"url\":\"https:\/\/likemetkovic.hr\/portal\/author\/likemetkovic-hr\/\"}]}<\/script>\n<!-- \/ Yoast SEO plugin. -->","yoast_head_json":{"title":"Metkovski gimnazijalci boravili u Madridu - likemetkovic.hr","robots":{"index":"index","follow":"follow","max-snippet":"max-snippet:-1","max-image-preview":"max-image-preview:large","max-video-preview":"max-video-preview:-1"},"canonical":"https:\/\/likemetkovic.hr\/portal\/metkovski-gimnazijalci-boravili-u-madridu\/","og_locale":"hr_HR","og_type":"article","og_title":"Metkovski gimnazijalci boravili u Madridu - likemetkovic.hr","og_description":"Erasmus projekt naziva Big Data Unites the Sciences and the Arts, u kojem je Gimnazija Metkovi\u0107 bila partner protekle dvije \u0161kolske godine, zavr\u0161ila je pro\u0161li tjedan posljednjom projektnom mobilno\u015b\u0107u u\u010denika i profesora u Madrid. U ovoj mobilnosti sudjelovali su u\u010denici Gimnazije Metkovi\u0107 Petar Jerkovi\u0107, Borna Bre\u010di\u0107, Luka Toni Batinovi\u0107, Patrik Mustapi\u0107, Maja Dragobratovi\u0107 i Modesta [&hellip;]","og_url":"https:\/\/likemetkovic.hr\/portal\/metkovski-gimnazijalci-boravili-u-madridu\/","og_site_name":"likemetkovic.hr","article_publisher":"https:\/\/www.facebook.com\/likemetkovic.hr\/","article_published_time":"2025-06-16T10:04:53+00:00","og_image":[{"width":800,"height":600,"url":"https:\/\/likemetkovic.hr\/portal\/wp-content\/uploads\/2025\/06\/erasmus-gimnazija-2.jpeg","type":"image\/jpeg"}],"author":"LIKEmetkovic.hr","twitter_card":"summary_large_image","twitter_misc":{"Napisao\/la":"LIKEmetkovic.hr","Procijenjeno vrijeme \u010ditanja":"1 minuta"},"schema":{"@context":"https:\/\/schema.org","@graph":[{"@type":"WebPage","@id":"https:\/\/likemetkovic.hr\/portal\/metkovski-gimnazijalci-boravili-u-madridu\/","url":"https:\/\/likemetkovic.hr\/portal\/metkovski-gimnazijalci-boravili-u-madridu\/","name":"Metkovski gimnazijalci boravili u Madridu - likemetkovic.hr","isPartOf":{"@id":"https:\/\/likemetkovic.hr\/#website"},"primaryImageOfPage":{"@id":"https:\/\/likemetkovic.hr\/portal\/metkovski-gimnazijalci-boravili-u-madridu\/#primaryimage"},"image":{"@id":"https:\/\/likemetkovic.hr\/portal\/metkovski-gimnazijalci-boravili-u-madridu\/#primaryimage"},"thumbnailUrl":"https:\/\/likemetkovic.hr\/portal\/wp-content\/uploads\/2025\/06\/erasmus-gimnazija-2.jpeg","datePublished":"2025-06-16T10:04:53+00:00","author":{"@id":"https:\/\/likemetkovic.hr\/#\/schema\/person\/a42711f3385a0e2be6f7e0443bfb28f0"},"breadcrumb":{"@id":"https:\/\/likemetkovic.hr\/portal\/metkovski-gimnazijalci-boravili-u-madridu\/#breadcrumb"},"inLanguage":"hr","potentialAction":[{"@type":"ReadAction","target":["https:\/\/likemetkovic.hr\/portal\/metkovski-gimnazijalci-boravili-u-madridu\/"]}]},{"@type":"ImageObject","inLanguage":"hr","@id":"https:\/\/likemetkovic.hr\/portal\/metkovski-gimnazijalci-boravili-u-madridu\/#primaryimage","url":"https:\/\/likemetkovic.hr\/portal\/wp-content\/uploads\/2025\/06\/erasmus-gimnazija-2.jpeg","contentUrl":"https:\/\/likemetkovic.hr\/portal\/wp-content\/uploads\/2025\/06\/erasmus-gimnazija-2.jpeg","width":800,"height":600},{"@type":"BreadcrumbList","@id":"https:\/\/likemetkovic.hr\/portal\/metkovski-gimnazijalci-boravili-u-madridu\/#breadcrumb","itemListElement":[{"@type":"ListItem","position":1,"name":"Po\u010detna stranica","item":"https:\/\/likemetkovic.hr\/portal\/"},{"@type":"ListItem","position":2,"name":"Metkovski gimnazijalci boravili u Madridu"}]},{"@type":"WebSite","@id":"https:\/\/likemetkovic.hr\/#website","url":"https:\/\/likemetkovic.hr\/","name":"likemetkovic.hr","description":"Misli pozitivno... \u010ditaj LIKE","potentialAction":[{"@type":"SearchAction","target":{"@type":"EntryPoint","urlTemplate":"https:\/\/likemetkovic.hr\/?s={search_term_string}"},"query-input":{"@type":"PropertyValueSpecification","valueRequired":true,"valueName":"search_term_string"}}],"inLanguage":"hr"},{"@type":"Person","@id":"https:\/\/likemetkovic.hr\/#\/schema\/person\/a42711f3385a0e2be6f7e0443bfb28f0","name":"LIKEmetkovic.hr","sameAs":["http:\/\/likemetkovic.hr"],"url":"https:\/\/likemetkovic.hr\/portal\/author\/likemetkovic-hr\/"}]}},"_links":{"self":[{"href":"https:\/\/likemetkovic.hr\/portal\/wp-json\/wp\/v2\/posts\/166602","targetHints":{"allow":["GET"]}}],"collection":[{"href":"https:\/\/likemetkovic.hr\/portal\/wp-json\/wp\/v2\/posts"}],"about":[{"href":"https:\/\/likemetkovic.hr\/portal\/wp-json\/wp\/v2\/types\/post"}],"author":[{"embeddable":true,"href":"https:\/\/likemetkovic.hr\/portal\/wp-json\/wp\/v2\/users\/7"}],"replies":[{"embeddable":true,"href":"https:\/\/likemetkovic.hr\/portal\/wp-json\/wp\/v2\/comments?post=166602"}],"version-history":[{"count":1,"href":"https:\/\/likemetkovic.hr\/portal\/wp-json\/wp\/v2\/posts\/166602\/revisions"}],"predecessor-version":[{"id":166605,"href":"https:\/\/likemetkovic.hr\/portal\/wp-json\/wp\/v2\/posts\/166602\/revisions\/166605"}],"wp:featuredmedia":[{"embeddable":true,"href":"https:\/\/likemetkovic.hr\/portal\/wp-json\/wp\/v2\/media\/166604"}],"wp:attachment":[{"href":"https:\/\/likemetkovic.hr\/portal\/wp-json\/wp\/v2\/media?parent=166602"}],"wp:term":[{"taxonomy":"category","embeddable":true,"href":"https:\/\/likemetkovic.hr\/portal\/wp-json\/wp\/v2\/categories?post=166602"},{"taxonomy":"post_tag","embeddable":true,"href":"https:\/\/likemetkovic.hr\/portal\/wp-json\/wp\/v2\/tags?post=166602"}],"curies":[{"name":"wp","href":"https:\/\/api.w.org\/{rel}","templated":true}]}}