{"id":166629,"date":"2025-06-17T13:10:32","date_gmt":"2025-06-17T11:10:32","guid":{"rendered":"https:\/\/likemetkovic.hr\/portal\/?p=166629"},"modified":"2025-06-17T13:12:44","modified_gmt":"2025-06-17T11:12:44","slug":"obavijest-sutra-ce-desna-strana-metkovica-ostati-bez-vode-bit-ce-rasporedene-cisterne-s-vodom","status":"publish","type":"post","link":"https:\/\/likemetkovic.hr\/portal\/obavijest-sutra-ce-desna-strana-metkovica-ostati-bez-vode-bit-ce-rasporedene-cisterne-s-vodom\/","title":{"rendered":"OBAVIJEST! Sutra \u0107e desna strana Metkovi\u0107a ostati bez vode: bit \u0107e raspore\u0111ene cisterne s vodom"},"content":{"rendered":"<p>Metkoiv\u0107 d.o.o. obavje\u0161tavaju sve korisnike\u00a0vodnih usluga na <strong>desnoj strani grada Metkovi\u0107a<\/strong> da \u0107e zbog radova na polaganju kanalizacijskog kolektora F-6 (odmah prije Lu\u010dkog mosta) u sklopu projekta \u201eAglomeracije Metkovi\u0107\u201c, do\u0107i do prekida u isporuci vode\u00a0<strong>sutra 18.06.2025.g. (srijeda)<\/strong>\u00a0u vremenskom periodu od\u00a0<strong>08:00<\/strong>\u00a0do\u00a0<strong>13:00<\/strong>.<\/p>\n<p style=\"font-weight: 400;\">Tijekom radova do ponovne uspostave vodoopskrbe,<strong> cisterna s vodom za ljudsku potro\u0161nju<\/strong> biti \u0107e smje\u0161tena na kri\u017eanu ulica kneza Branimira I Put Narone.<\/p>\n","protected":false},"excerpt":{"rendered":"<p>Metkoiv\u0107 d.o.o. obavje\u0161tavaju sve korisnike\u00a0vodnih usluga na desnoj strani grada Metkovi\u0107a da \u0107e zbog radova na polaganju kanalizacijskog kolektora F-6 (odmah prije Lu\u010dkog mosta) u sklopu projekta \u201eAglomeracije Metkovi\u0107\u201c, do\u0107i do prekida u isporuci vode\u00a0sutra 18.06.2025.g. (srijeda)\u00a0u vremenskom periodu od\u00a008:00\u00a0do\u00a013:00. Tijekom radova do ponovne uspostave vodoopskrbe, cisterna s vodom za ljudsku potro\u0161nju biti \u0107e smje\u0161tena [&hellip;]<\/p>\n","protected":false},"author":7,"featured_media":133280,"comment_status":"open","ping_status":"open","sticky":false,"template":"","format":"standard","meta":{"footnotes":""},"categories":[283,11],"tags":[3298],"class_list":{"0":"post-166629","1":"post","2":"type-post","3":"status-publish","4":"format-standard","5":"has-post-thumbnail","7":"category-a","8":"category-metkovic-dolina","9":"tag-voda"},"yoast_head":"<!-- This site is optimized with the Yoast SEO plugin v25.2 - https:\/\/yoast.com\/wordpress\/plugins\/seo\/ -->\n<title>OBAVIJEST! Sutra \u0107e desna strana Metkovi\u0107a ostati bez vode: bit \u0107e raspore\u0111ene cisterne s vodom - likemetkovic.hr<\/title>\n<meta name=\"robots\" content=\"index, follow, max-snippet:-1, max-image-preview:large, max-video-preview:-1\" \/>\n<link rel=\"canonical\" href=\"https:\/\/likemetkovic.hr\/portal\/obavijest-sutra-ce-desna-strana-metkovica-ostati-bez-vode-bit-ce-rasporedene-cisterne-s-vodom\/\" \/>\n<meta property=\"og:locale\" content=\"hr_HR\" \/>\n<meta property=\"og:type\" content=\"article\" \/>\n<meta property=\"og:title\" content=\"OBAVIJEST! Sutra \u0107e desna strana Metkovi\u0107a ostati bez vode: bit \u0107e raspore\u0111ene cisterne s vodom - likemetkovic.hr\" \/>\n<meta property=\"og:description\" content=\"Metkoiv\u0107 d.o.o. obavje\u0161tavaju sve korisnike\u00a0vodnih usluga na desnoj strani grada Metkovi\u0107a da \u0107e zbog radova na polaganju kanalizacijskog kolektora F-6 (odmah prije Lu\u010dkog mosta) u sklopu projekta \u201eAglomeracije Metkovi\u0107\u201c, do\u0107i do prekida u isporuci vode\u00a0sutra 18.06.2025.g. (srijeda)\u00a0u vremenskom periodu od\u00a008:00\u00a0do\u00a013:00. Tijekom radova do ponovne uspostave vodoopskrbe, cisterna s vodom za ljudsku potro\u0161nju biti \u0107e smje\u0161tena [&hellip;]\" \/>\n<meta property=\"og:url\" content=\"https:\/\/likemetkovic.hr\/portal\/obavijest-sutra-ce-desna-strana-metkovica-ostati-bez-vode-bit-ce-rasporedene-cisterne-s-vodom\/\" \/>\n<meta property=\"og:site_name\" content=\"likemetkovic.hr\" \/>\n<meta property=\"article:publisher\" content=\"https:\/\/www.facebook.com\/likemetkovic.hr\/\" \/>\n<meta property=\"article:published_time\" content=\"2025-06-17T11:10:32+00:00\" \/>\n<meta property=\"article:modified_time\" content=\"2025-06-17T11:12:44+00:00\" \/>\n<meta property=\"og:image\" content=\"https:\/\/likemetkovic.hr\/portal\/wp-content\/uploads\/2022\/07\/voda.jpg\" \/>\n\t<meta property=\"og:image:width\" content=\"800\" \/>\n\t<meta property=\"og:image:height\" content=\"534\" \/>\n\t<meta property=\"og:image:type\" content=\"image\/jpeg\" \/>\n<meta name=\"author\" content=\"LIKEmetkovic.hr\" \/>\n<meta name=\"twitter:card\" content=\"summary_large_image\" \/>\n<meta name=\"twitter:label1\" content=\"Napisao\/la\" \/>\n\t<meta name=\"twitter:data1\" content=\"LIKEmetkovic.hr\" \/>\n\t<meta name=\"twitter:label2\" content=\"Procijenjeno vrijeme \u010ditanja\" \/>\n\t<meta name=\"twitter:data2\" content=\"1 minuta\" \/>\n<script type=\"application\/ld+json\" class=\"yoast-schema-graph\">{\"@context\":\"https:\/\/schema.org\",\"@graph\":[{\"@type\":\"WebPage\",\"@id\":\"https:\/\/likemetkovic.hr\/portal\/obavijest-sutra-ce-desna-strana-metkovica-ostati-bez-vode-bit-ce-rasporedene-cisterne-s-vodom\/\",\"url\":\"https:\/\/likemetkovic.hr\/portal\/obavijest-sutra-ce-desna-strana-metkovica-ostati-bez-vode-bit-ce-rasporedene-cisterne-s-vodom\/\",\"name\":\"OBAVIJEST! Sutra \u0107e desna strana Metkovi\u0107a ostati bez vode: bit \u0107e raspore\u0111ene cisterne s vodom - likemetkovic.hr\",\"isPartOf\":{\"@id\":\"https:\/\/likemetkovic.hr\/#website\"},\"primaryImageOfPage\":{\"@id\":\"https:\/\/likemetkovic.hr\/portal\/obavijest-sutra-ce-desna-strana-metkovica-ostati-bez-vode-bit-ce-rasporedene-cisterne-s-vodom\/#primaryimage\"},\"image\":{\"@id\":\"https:\/\/likemetkovic.hr\/portal\/obavijest-sutra-ce-desna-strana-metkovica-ostati-bez-vode-bit-ce-rasporedene-cisterne-s-vodom\/#primaryimage\"},\"thumbnailUrl\":\"https:\/\/likemetkovic.hr\/portal\/wp-content\/uploads\/2022\/07\/voda.jpg\",\"datePublished\":\"2025-06-17T11:10:32+00:00\",\"dateModified\":\"2025-06-17T11:12:44+00:00\",\"author\":{\"@id\":\"https:\/\/likemetkovic.hr\/#\/schema\/person\/a42711f3385a0e2be6f7e0443bfb28f0\"},\"breadcrumb\":{\"@id\":\"https:\/\/likemetkovic.hr\/portal\/obavijest-sutra-ce-desna-strana-metkovica-ostati-bez-vode-bit-ce-rasporedene-cisterne-s-vodom\/#breadcrumb\"},\"inLanguage\":\"hr\",\"potentialAction\":[{\"@type\":\"ReadAction\",\"target\":[\"https:\/\/likemetkovic.hr\/portal\/obavijest-sutra-ce-desna-strana-metkovica-ostati-bez-vode-bit-ce-rasporedene-cisterne-s-vodom\/\"]}]},{\"@type\":\"ImageObject\",\"inLanguage\":\"hr\",\"@id\":\"https:\/\/likemetkovic.hr\/portal\/obavijest-sutra-ce-desna-strana-metkovica-ostati-bez-vode-bit-ce-rasporedene-cisterne-s-vodom\/#primaryimage\",\"url\":\"https:\/\/likemetkovic.hr\/portal\/wp-content\/uploads\/2022\/07\/voda.jpg\",\"contentUrl\":\"https:\/\/likemetkovic.hr\/portal\/wp-content\/uploads\/2022\/07\/voda.jpg\",\"width\":800,\"height\":534},{\"@type\":\"BreadcrumbList\",\"@id\":\"https:\/\/likemetkovic.hr\/portal\/obavijest-sutra-ce-desna-strana-metkovica-ostati-bez-vode-bit-ce-rasporedene-cisterne-s-vodom\/#breadcrumb\",\"itemListElement\":[{\"@type\":\"ListItem\",\"position\":1,\"name\":\"Po\u010detna stranica\",\"item\":\"https:\/\/likemetkovic.hr\/portal\/\"},{\"@type\":\"ListItem\",\"position\":2,\"name\":\"OBAVIJEST! Sutra \u0107e desna strana Metkovi\u0107a ostati bez vode: bit \u0107e raspore\u0111ene cisterne s vodom\"}]},{\"@type\":\"WebSite\",\"@id\":\"https:\/\/likemetkovic.hr\/#website\",\"url\":\"https:\/\/likemetkovic.hr\/\",\"name\":\"likemetkovic.hr\",\"description\":\"Misli pozitivno... \u010ditaj LIKE\",\"potentialAction\":[{\"@type\":\"SearchAction\",\"target\":{\"@type\":\"EntryPoint\",\"urlTemplate\":\"https:\/\/likemetkovic.hr\/?s={search_term_string}\"},\"query-input\":{\"@type\":\"PropertyValueSpecification\",\"valueRequired\":true,\"valueName\":\"search_term_string\"}}],\"inLanguage\":\"hr\"},{\"@type\":\"Person\",\"@id\":\"https:\/\/likemetkovic.hr\/#\/schema\/person\/a42711f3385a0e2be6f7e0443bfb28f0\",\"name\":\"LIKEmetkovic.hr\",\"sameAs\":[\"http:\/\/likemetkovic.hr\"],\"url\":\"https:\/\/likemetkovic.hr\/portal\/author\/likemetkovic-hr\/\"}]}<\/script>\n<!-- \/ Yoast SEO plugin. -->","yoast_head_json":{"title":"OBAVIJEST! Sutra \u0107e desna strana Metkovi\u0107a ostati bez vode: bit \u0107e raspore\u0111ene cisterne s vodom - likemetkovic.hr","robots":{"index":"index","follow":"follow","max-snippet":"max-snippet:-1","max-image-preview":"max-image-preview:large","max-video-preview":"max-video-preview:-1"},"canonical":"https:\/\/likemetkovic.hr\/portal\/obavijest-sutra-ce-desna-strana-metkovica-ostati-bez-vode-bit-ce-rasporedene-cisterne-s-vodom\/","og_locale":"hr_HR","og_type":"article","og_title":"OBAVIJEST! Sutra \u0107e desna strana Metkovi\u0107a ostati bez vode: bit \u0107e raspore\u0111ene cisterne s vodom - likemetkovic.hr","og_description":"Metkoiv\u0107 d.o.o. obavje\u0161tavaju sve korisnike\u00a0vodnih usluga na desnoj strani grada Metkovi\u0107a da \u0107e zbog radova na polaganju kanalizacijskog kolektora F-6 (odmah prije Lu\u010dkog mosta) u sklopu projekta \u201eAglomeracije Metkovi\u0107\u201c, do\u0107i do prekida u isporuci vode\u00a0sutra 18.06.2025.g. (srijeda)\u00a0u vremenskom periodu od\u00a008:00\u00a0do\u00a013:00. Tijekom radova do ponovne uspostave vodoopskrbe, cisterna s vodom za ljudsku potro\u0161nju biti \u0107e smje\u0161tena [&hellip;]","og_url":"https:\/\/likemetkovic.hr\/portal\/obavijest-sutra-ce-desna-strana-metkovica-ostati-bez-vode-bit-ce-rasporedene-cisterne-s-vodom\/","og_site_name":"likemetkovic.hr","article_publisher":"https:\/\/www.facebook.com\/likemetkovic.hr\/","article_published_time":"2025-06-17T11:10:32+00:00","article_modified_time":"2025-06-17T11:12:44+00:00","og_image":[{"width":800,"height":534,"url":"https:\/\/likemetkovic.hr\/portal\/wp-content\/uploads\/2022\/07\/voda.jpg","type":"image\/jpeg"}],"author":"LIKEmetkovic.hr","twitter_card":"summary_large_image","twitter_misc":{"Napisao\/la":"LIKEmetkovic.hr","Procijenjeno vrijeme \u010ditanja":"1 minuta"},"schema":{"@context":"https:\/\/schema.org","@graph":[{"@type":"WebPage","@id":"https:\/\/likemetkovic.hr\/portal\/obavijest-sutra-ce-desna-strana-metkovica-ostati-bez-vode-bit-ce-rasporedene-cisterne-s-vodom\/","url":"https:\/\/likemetkovic.hr\/portal\/obavijest-sutra-ce-desna-strana-metkovica-ostati-bez-vode-bit-ce-rasporedene-cisterne-s-vodom\/","name":"OBAVIJEST! Sutra \u0107e desna strana Metkovi\u0107a ostati bez vode: bit \u0107e raspore\u0111ene cisterne s vodom - likemetkovic.hr","isPartOf":{"@id":"https:\/\/likemetkovic.hr\/#website"},"primaryImageOfPage":{"@id":"https:\/\/likemetkovic.hr\/portal\/obavijest-sutra-ce-desna-strana-metkovica-ostati-bez-vode-bit-ce-rasporedene-cisterne-s-vodom\/#primaryimage"},"image":{"@id":"https:\/\/likemetkovic.hr\/portal\/obavijest-sutra-ce-desna-strana-metkovica-ostati-bez-vode-bit-ce-rasporedene-cisterne-s-vodom\/#primaryimage"},"thumbnailUrl":"https:\/\/likemetkovic.hr\/portal\/wp-content\/uploads\/2022\/07\/voda.jpg","datePublished":"2025-06-17T11:10:32+00:00","dateModified":"2025-06-17T11:12:44+00:00","author":{"@id":"https:\/\/likemetkovic.hr\/#\/schema\/person\/a42711f3385a0e2be6f7e0443bfb28f0"},"breadcrumb":{"@id":"https:\/\/likemetkovic.hr\/portal\/obavijest-sutra-ce-desna-strana-metkovica-ostati-bez-vode-bit-ce-rasporedene-cisterne-s-vodom\/#breadcrumb"},"inLanguage":"hr","potentialAction":[{"@type":"ReadAction","target":["https:\/\/likemetkovic.hr\/portal\/obavijest-sutra-ce-desna-strana-metkovica-ostati-bez-vode-bit-ce-rasporedene-cisterne-s-vodom\/"]}]},{"@type":"ImageObject","inLanguage":"hr","@id":"https:\/\/likemetkovic.hr\/portal\/obavijest-sutra-ce-desna-strana-metkovica-ostati-bez-vode-bit-ce-rasporedene-cisterne-s-vodom\/#primaryimage","url":"https:\/\/likemetkovic.hr\/portal\/wp-content\/uploads\/2022\/07\/voda.jpg","contentUrl":"https:\/\/likemetkovic.hr\/portal\/wp-content\/uploads\/2022\/07\/voda.jpg","width":800,"height":534},{"@type":"BreadcrumbList","@id":"https:\/\/likemetkovic.hr\/portal\/obavijest-sutra-ce-desna-strana-metkovica-ostati-bez-vode-bit-ce-rasporedene-cisterne-s-vodom\/#breadcrumb","itemListElement":[{"@type":"ListItem","position":1,"name":"Po\u010detna stranica","item":"https:\/\/likemetkovic.hr\/portal\/"},{"@type":"ListItem","position":2,"name":"OBAVIJEST! Sutra \u0107e desna strana Metkovi\u0107a ostati bez vode: bit \u0107e raspore\u0111ene cisterne s vodom"}]},{"@type":"WebSite","@id":"https:\/\/likemetkovic.hr\/#website","url":"https:\/\/likemetkovic.hr\/","name":"likemetkovic.hr","description":"Misli pozitivno... \u010ditaj LIKE","potentialAction":[{"@type":"SearchAction","target":{"@type":"EntryPoint","urlTemplate":"https:\/\/likemetkovic.hr\/?s={search_term_string}"},"query-input":{"@type":"PropertyValueSpecification","valueRequired":true,"valueName":"search_term_string"}}],"inLanguage":"hr"},{"@type":"Person","@id":"https:\/\/likemetkovic.hr\/#\/schema\/person\/a42711f3385a0e2be6f7e0443bfb28f0","name":"LIKEmetkovic.hr","sameAs":["http:\/\/likemetkovic.hr"],"url":"https:\/\/likemetkovic.hr\/portal\/author\/likemetkovic-hr\/"}]}},"_links":{"self":[{"href":"https:\/\/likemetkovic.hr\/portal\/wp-json\/wp\/v2\/posts\/166629","targetHints":{"allow":["GET"]}}],"collection":[{"href":"https:\/\/likemetkovic.hr\/portal\/wp-json\/wp\/v2\/posts"}],"about":[{"href":"https:\/\/likemetkovic.hr\/portal\/wp-json\/wp\/v2\/types\/post"}],"author":[{"embeddable":true,"href":"https:\/\/likemetkovic.hr\/portal\/wp-json\/wp\/v2\/users\/7"}],"replies":[{"embeddable":true,"href":"https:\/\/likemetkovic.hr\/portal\/wp-json\/wp\/v2\/comments?post=166629"}],"version-history":[{"count":3,"href":"https:\/\/likemetkovic.hr\/portal\/wp-json\/wp\/v2\/posts\/166629\/revisions"}],"predecessor-version":[{"id":166632,"href":"https:\/\/likemetkovic.hr\/portal\/wp-json\/wp\/v2\/posts\/166629\/revisions\/166632"}],"wp:featuredmedia":[{"embeddable":true,"href":"https:\/\/likemetkovic.hr\/portal\/wp-json\/wp\/v2\/media\/133280"}],"wp:attachment":[{"href":"https:\/\/likemetkovic.hr\/portal\/wp-json\/wp\/v2\/media?parent=166629"}],"wp:term":[{"taxonomy":"category","embeddable":true,"href":"https:\/\/likemetkovic.hr\/portal\/wp-json\/wp\/v2\/categories?post=166629"},{"taxonomy":"post_tag","embeddable":true,"href":"https:\/\/likemetkovic.hr\/portal\/wp-json\/wp\/v2\/tags?post=166629"}],"curies":[{"name":"wp","href":"https:\/\/api.w.org\/{rel}","templated":true}]}}