{"id":167316,"date":"2025-07-14T12:35:36","date_gmt":"2025-07-14T10:35:36","guid":{"rendered":"https:\/\/likemetkovic.hr\/portal\/?p=167316"},"modified":"2025-07-14T12:35:36","modified_gmt":"2025-07-14T10:35:36","slug":"vijecnici-mosta-napustili-sjednicu-gv-a-ne-slazu-se-s-dodatnim-financijskim-izdvajanjem-za-aglomeraciju","status":"publish","type":"post","link":"https:\/\/likemetkovic.hr\/portal\/vijecnici-mosta-napustili-sjednicu-gv-a-ne-slazu-se-s-dodatnim-financijskim-izdvajanjem-za-aglomeraciju\/","title":{"rendered":"Vije\u0107nici Mosta napustili sjednicu GV-a: ne sla\u017eu se s dodatnim financijskim izdvajanjem za Aglomeraciju"},"content":{"rendered":"<p>Vje\u0107inici Mosta u Gradskom vije\u0107u Grada Metkovi\u0107a napustili su dana\u0161nju sjednicu Gradskoga vije\u0107a, a svoj postupak su objasnili priop\u0107enjem za javnost kojega prenosimo u cijelosti:<\/p>\n<p><em>Vije\u0107nici Mosta danas su napustili sjednicu Gradskog vije\u0107a Grada Metkovi\u0107a u znak prosvjeda protiv prijedloga gradona\u010delnika da se iz gradskog Prora\u010duna osigura jo\u0161 444.300 eura za dodatno asfaltiranje u sklopu projekta Aglomeracije. Treba znati da je na ime toga iz gradskog Prora\u010duna ve\u0107 prije izdvojeno 1.568.606,90 eura, mimo europskih fondova.<\/em><\/p>\n<p><em>Smisao europskih projekata nije da se njihovo financijsko breme u kona\u010dnici prebaci na le\u0111a lokalnih poreznih obveznika, osobito ne u iznosima koji znatno nadilaze planirano. Na\u017ealost, upravo se to doga\u0111a u slu\u010daju Aglomeracije u Metkovi\u0107u \u2013 projekta koji je trebao modernizirati komunalnu infrastrukturu, a pretvorio se u dugotrajan, neu\u010dinkovit proces pun nelogi\u010dnosti \u2013 ponovnih kopanja i dodatnih tro\u0161kova.<\/em><\/p>\n<p><em>Ugovor o izvo\u0111enju Aglomeracije potpisan je 1. velja\u010de 2021., uz jasno definiran rok od 36 mjeseci za dovr\u0161etak i pu\u0161tanje sustava u rad. Taj je rok istekao 1. velja\u010de 2024., a danas s vi\u0161e od 17 mjeseci ka\u0161njenja radovi jo\u0161 traju bez jasne naznake zavr\u0161etka. Svjedo\u010dimo tome da su pojedine ulice asfaltirane pa ponovno raskopane pa iznova asfaltirane, \u0161to daje jasnu sliku improvizacije i nedostatka nadzora. Skup je to nepovezanih intervencija bez transparentnog upravljanja i bez kontrole tro\u0161kova. Tra\u017eiti od Gradskog vije\u0107a da se u takvom kontekstu prihvati dodatnih gotovo pola milijuna eura za jo\u0161 jedno asfaltiranje zna\u010di tra\u017eiti od gra\u0111ana da pokriju posljedice ne\u010dije nesposobnosti u planiranju i izvo\u0111enju.<\/em><\/p>\n<p><em>Vije\u0107nici Mosta ne mogu pristati na takav oblik politi\u010dke i financijske neodgovornosti. Stoga na\u0161 izlazak iz vije\u0107nice nije \u010din destrukcije, ve\u0107 \u010din savjesti i odgovornosti prema gra\u0111anima koji nas biraju i koji financiraju na\u0161 grad.<\/em><\/p>\n<p><em>Metkovi\u0107 zaslu\u017euje odgovorno upravljanje, jasne rokove, transparentno tro\u0161enje prora\u010dunskog novca i projekte koji slu\u017ee ljudima, a ne izvo\u0111a\u010dima. Kada se ti standardi grubo naru\u0161e, na\u0161a je du\u017enost jasno re\u0107i \u2013 dosta<\/em>, stoji u priop\u0107enju <b>Klub vije\u0107nika Mosta<br \/>\nu Gradskom vije\u0107u Grada Metkovi\u0107a.<\/b><\/p>\n","protected":false},"excerpt":{"rendered":"<p>Vje\u0107inici Mosta u Gradskom vije\u0107u Grada Metkovi\u0107a napustili su dana\u0161nju sjednicu Gradskoga vije\u0107a, a svoj postupak su objasnili priop\u0107enjem za javnost kojega prenosimo u cijelosti: Vije\u0107nici Mosta danas su napustili sjednicu Gradskog vije\u0107a Grada Metkovi\u0107a u znak prosvjeda protiv prijedloga gradona\u010delnika da se iz gradskog Prora\u010duna osigura jo\u0161 444.300 eura za dodatno asfaltiranje u sklopu [&hellip;]<\/p>\n","protected":false},"author":7,"featured_media":167317,"comment_status":"open","ping_status":"open","sticky":false,"template":"","format":"standard","meta":{"footnotes":""},"categories":[296,290],"tags":[9428,1321,322],"class_list":{"0":"post-167316","1":"post","2":"type-post","3":"status-publish","4":"format-standard","5":"has-post-thumbnail","7":"category-ab","8":"category-politika","9":"tag-aglomeracija","10":"tag-gradsko-vijece","11":"tag-most"},"yoast_head":"<!-- This site is optimized with the Yoast SEO plugin v25.2 - https:\/\/yoast.com\/wordpress\/plugins\/seo\/ -->\n<title>Vije\u0107nici Mosta napustili sjednicu GV-a: ne sla\u017eu se s dodatnim financijskim izdvajanjem za Aglomeraciju - likemetkovic.hr<\/title>\n<meta name=\"robots\" content=\"index, follow, max-snippet:-1, max-image-preview:large, max-video-preview:-1\" \/>\n<link rel=\"canonical\" href=\"https:\/\/likemetkovic.hr\/portal\/vijecnici-mosta-napustili-sjednicu-gv-a-ne-slazu-se-s-dodatnim-financijskim-izdvajanjem-za-aglomeraciju\/\" \/>\n<meta property=\"og:locale\" content=\"hr_HR\" \/>\n<meta property=\"og:type\" content=\"article\" \/>\n<meta property=\"og:title\" content=\"Vije\u0107nici Mosta napustili sjednicu GV-a: ne sla\u017eu se s dodatnim financijskim izdvajanjem za Aglomeraciju - likemetkovic.hr\" \/>\n<meta property=\"og:description\" content=\"Vje\u0107inici Mosta u Gradskom vije\u0107u Grada Metkovi\u0107a napustili su dana\u0161nju sjednicu Gradskoga vije\u0107a, a svoj postupak su objasnili priop\u0107enjem za javnost kojega prenosimo u cijelosti: Vije\u0107nici Mosta danas su napustili sjednicu Gradskog vije\u0107a Grada Metkovi\u0107a u znak prosvjeda protiv prijedloga gradona\u010delnika da se iz gradskog Prora\u010duna osigura jo\u0161 444.300 eura za dodatno asfaltiranje u sklopu [&hellip;]\" \/>\n<meta property=\"og:url\" content=\"https:\/\/likemetkovic.hr\/portal\/vijecnici-mosta-napustili-sjednicu-gv-a-ne-slazu-se-s-dodatnim-financijskim-izdvajanjem-za-aglomeraciju\/\" \/>\n<meta property=\"og:site_name\" content=\"likemetkovic.hr\" \/>\n<meta property=\"article:publisher\" content=\"https:\/\/www.facebook.com\/likemetkovic.hr\/\" \/>\n<meta property=\"article:published_time\" content=\"2025-07-14T10:35:36+00:00\" \/>\n<meta property=\"og:image\" content=\"https:\/\/likemetkovic.hr\/portal\/wp-content\/uploads\/2025\/07\/gradsko-vijece-3.jpg\" \/>\n\t<meta property=\"og:image:width\" content=\"1024\" \/>\n\t<meta property=\"og:image:height\" content=\"683\" \/>\n\t<meta property=\"og:image:type\" content=\"image\/jpeg\" \/>\n<meta name=\"author\" content=\"LIKEmetkovic.hr\" \/>\n<meta name=\"twitter:card\" content=\"summary_large_image\" \/>\n<meta name=\"twitter:label1\" content=\"Napisao\/la\" \/>\n\t<meta name=\"twitter:data1\" content=\"LIKEmetkovic.hr\" \/>\n\t<meta name=\"twitter:label2\" content=\"Procijenjeno vrijeme \u010ditanja\" \/>\n\t<meta name=\"twitter:data2\" content=\"2 minute\" \/>\n<script type=\"application\/ld+json\" class=\"yoast-schema-graph\">{\"@context\":\"https:\/\/schema.org\",\"@graph\":[{\"@type\":\"WebPage\",\"@id\":\"https:\/\/likemetkovic.hr\/portal\/vijecnici-mosta-napustili-sjednicu-gv-a-ne-slazu-se-s-dodatnim-financijskim-izdvajanjem-za-aglomeraciju\/\",\"url\":\"https:\/\/likemetkovic.hr\/portal\/vijecnici-mosta-napustili-sjednicu-gv-a-ne-slazu-se-s-dodatnim-financijskim-izdvajanjem-za-aglomeraciju\/\",\"name\":\"Vije\u0107nici Mosta napustili sjednicu GV-a: ne sla\u017eu se s dodatnim financijskim izdvajanjem za Aglomeraciju - likemetkovic.hr\",\"isPartOf\":{\"@id\":\"https:\/\/likemetkovic.hr\/#website\"},\"primaryImageOfPage\":{\"@id\":\"https:\/\/likemetkovic.hr\/portal\/vijecnici-mosta-napustili-sjednicu-gv-a-ne-slazu-se-s-dodatnim-financijskim-izdvajanjem-za-aglomeraciju\/#primaryimage\"},\"image\":{\"@id\":\"https:\/\/likemetkovic.hr\/portal\/vijecnici-mosta-napustili-sjednicu-gv-a-ne-slazu-se-s-dodatnim-financijskim-izdvajanjem-za-aglomeraciju\/#primaryimage\"},\"thumbnailUrl\":\"https:\/\/likemetkovic.hr\/portal\/wp-content\/uploads\/2025\/07\/gradsko-vijece-3.jpg\",\"datePublished\":\"2025-07-14T10:35:36+00:00\",\"author\":{\"@id\":\"https:\/\/likemetkovic.hr\/#\/schema\/person\/a42711f3385a0e2be6f7e0443bfb28f0\"},\"breadcrumb\":{\"@id\":\"https:\/\/likemetkovic.hr\/portal\/vijecnici-mosta-napustili-sjednicu-gv-a-ne-slazu-se-s-dodatnim-financijskim-izdvajanjem-za-aglomeraciju\/#breadcrumb\"},\"inLanguage\":\"hr\",\"potentialAction\":[{\"@type\":\"ReadAction\",\"target\":[\"https:\/\/likemetkovic.hr\/portal\/vijecnici-mosta-napustili-sjednicu-gv-a-ne-slazu-se-s-dodatnim-financijskim-izdvajanjem-za-aglomeraciju\/\"]}]},{\"@type\":\"ImageObject\",\"inLanguage\":\"hr\",\"@id\":\"https:\/\/likemetkovic.hr\/portal\/vijecnici-mosta-napustili-sjednicu-gv-a-ne-slazu-se-s-dodatnim-financijskim-izdvajanjem-za-aglomeraciju\/#primaryimage\",\"url\":\"https:\/\/likemetkovic.hr\/portal\/wp-content\/uploads\/2025\/07\/gradsko-vijece-3.jpg\",\"contentUrl\":\"https:\/\/likemetkovic.hr\/portal\/wp-content\/uploads\/2025\/07\/gradsko-vijece-3.jpg\",\"width\":1024,\"height\":683},{\"@type\":\"BreadcrumbList\",\"@id\":\"https:\/\/likemetkovic.hr\/portal\/vijecnici-mosta-napustili-sjednicu-gv-a-ne-slazu-se-s-dodatnim-financijskim-izdvajanjem-za-aglomeraciju\/#breadcrumb\",\"itemListElement\":[{\"@type\":\"ListItem\",\"position\":1,\"name\":\"Po\u010detna stranica\",\"item\":\"https:\/\/likemetkovic.hr\/portal\/\"},{\"@type\":\"ListItem\",\"position\":2,\"name\":\"Vije\u0107nici Mosta napustili sjednicu GV-a: ne sla\u017eu se s dodatnim financijskim izdvajanjem za Aglomeraciju\"}]},{\"@type\":\"WebSite\",\"@id\":\"https:\/\/likemetkovic.hr\/#website\",\"url\":\"https:\/\/likemetkovic.hr\/\",\"name\":\"likemetkovic.hr\",\"description\":\"Misli pozitivno... \u010ditaj LIKE\",\"potentialAction\":[{\"@type\":\"SearchAction\",\"target\":{\"@type\":\"EntryPoint\",\"urlTemplate\":\"https:\/\/likemetkovic.hr\/?s={search_term_string}\"},\"query-input\":{\"@type\":\"PropertyValueSpecification\",\"valueRequired\":true,\"valueName\":\"search_term_string\"}}],\"inLanguage\":\"hr\"},{\"@type\":\"Person\",\"@id\":\"https:\/\/likemetkovic.hr\/#\/schema\/person\/a42711f3385a0e2be6f7e0443bfb28f0\",\"name\":\"LIKEmetkovic.hr\",\"sameAs\":[\"http:\/\/likemetkovic.hr\"],\"url\":\"https:\/\/likemetkovic.hr\/portal\/author\/likemetkovic-hr\/\"}]}<\/script>\n<!-- \/ Yoast SEO plugin. -->","yoast_head_json":{"title":"Vije\u0107nici Mosta napustili sjednicu GV-a: ne sla\u017eu se s dodatnim financijskim izdvajanjem za Aglomeraciju - likemetkovic.hr","robots":{"index":"index","follow":"follow","max-snippet":"max-snippet:-1","max-image-preview":"max-image-preview:large","max-video-preview":"max-video-preview:-1"},"canonical":"https:\/\/likemetkovic.hr\/portal\/vijecnici-mosta-napustili-sjednicu-gv-a-ne-slazu-se-s-dodatnim-financijskim-izdvajanjem-za-aglomeraciju\/","og_locale":"hr_HR","og_type":"article","og_title":"Vije\u0107nici Mosta napustili sjednicu GV-a: ne sla\u017eu se s dodatnim financijskim izdvajanjem za Aglomeraciju - likemetkovic.hr","og_description":"Vje\u0107inici Mosta u Gradskom vije\u0107u Grada Metkovi\u0107a napustili su dana\u0161nju sjednicu Gradskoga vije\u0107a, a svoj postupak su objasnili priop\u0107enjem za javnost kojega prenosimo u cijelosti: Vije\u0107nici Mosta danas su napustili sjednicu Gradskog vije\u0107a Grada Metkovi\u0107a u znak prosvjeda protiv prijedloga gradona\u010delnika da se iz gradskog Prora\u010duna osigura jo\u0161 444.300 eura za dodatno asfaltiranje u sklopu [&hellip;]","og_url":"https:\/\/likemetkovic.hr\/portal\/vijecnici-mosta-napustili-sjednicu-gv-a-ne-slazu-se-s-dodatnim-financijskim-izdvajanjem-za-aglomeraciju\/","og_site_name":"likemetkovic.hr","article_publisher":"https:\/\/www.facebook.com\/likemetkovic.hr\/","article_published_time":"2025-07-14T10:35:36+00:00","og_image":[{"width":1024,"height":683,"url":"https:\/\/likemetkovic.hr\/portal\/wp-content\/uploads\/2025\/07\/gradsko-vijece-3.jpg","type":"image\/jpeg"}],"author":"LIKEmetkovic.hr","twitter_card":"summary_large_image","twitter_misc":{"Napisao\/la":"LIKEmetkovic.hr","Procijenjeno vrijeme \u010ditanja":"2 minute"},"schema":{"@context":"https:\/\/schema.org","@graph":[{"@type":"WebPage","@id":"https:\/\/likemetkovic.hr\/portal\/vijecnici-mosta-napustili-sjednicu-gv-a-ne-slazu-se-s-dodatnim-financijskim-izdvajanjem-za-aglomeraciju\/","url":"https:\/\/likemetkovic.hr\/portal\/vijecnici-mosta-napustili-sjednicu-gv-a-ne-slazu-se-s-dodatnim-financijskim-izdvajanjem-za-aglomeraciju\/","name":"Vije\u0107nici Mosta napustili sjednicu GV-a: ne sla\u017eu se s dodatnim financijskim izdvajanjem za Aglomeraciju - likemetkovic.hr","isPartOf":{"@id":"https:\/\/likemetkovic.hr\/#website"},"primaryImageOfPage":{"@id":"https:\/\/likemetkovic.hr\/portal\/vijecnici-mosta-napustili-sjednicu-gv-a-ne-slazu-se-s-dodatnim-financijskim-izdvajanjem-za-aglomeraciju\/#primaryimage"},"image":{"@id":"https:\/\/likemetkovic.hr\/portal\/vijecnici-mosta-napustili-sjednicu-gv-a-ne-slazu-se-s-dodatnim-financijskim-izdvajanjem-za-aglomeraciju\/#primaryimage"},"thumbnailUrl":"https:\/\/likemetkovic.hr\/portal\/wp-content\/uploads\/2025\/07\/gradsko-vijece-3.jpg","datePublished":"2025-07-14T10:35:36+00:00","author":{"@id":"https:\/\/likemetkovic.hr\/#\/schema\/person\/a42711f3385a0e2be6f7e0443bfb28f0"},"breadcrumb":{"@id":"https:\/\/likemetkovic.hr\/portal\/vijecnici-mosta-napustili-sjednicu-gv-a-ne-slazu-se-s-dodatnim-financijskim-izdvajanjem-za-aglomeraciju\/#breadcrumb"},"inLanguage":"hr","potentialAction":[{"@type":"ReadAction","target":["https:\/\/likemetkovic.hr\/portal\/vijecnici-mosta-napustili-sjednicu-gv-a-ne-slazu-se-s-dodatnim-financijskim-izdvajanjem-za-aglomeraciju\/"]}]},{"@type":"ImageObject","inLanguage":"hr","@id":"https:\/\/likemetkovic.hr\/portal\/vijecnici-mosta-napustili-sjednicu-gv-a-ne-slazu-se-s-dodatnim-financijskim-izdvajanjem-za-aglomeraciju\/#primaryimage","url":"https:\/\/likemetkovic.hr\/portal\/wp-content\/uploads\/2025\/07\/gradsko-vijece-3.jpg","contentUrl":"https:\/\/likemetkovic.hr\/portal\/wp-content\/uploads\/2025\/07\/gradsko-vijece-3.jpg","width":1024,"height":683},{"@type":"BreadcrumbList","@id":"https:\/\/likemetkovic.hr\/portal\/vijecnici-mosta-napustili-sjednicu-gv-a-ne-slazu-se-s-dodatnim-financijskim-izdvajanjem-za-aglomeraciju\/#breadcrumb","itemListElement":[{"@type":"ListItem","position":1,"name":"Po\u010detna stranica","item":"https:\/\/likemetkovic.hr\/portal\/"},{"@type":"ListItem","position":2,"name":"Vije\u0107nici Mosta napustili sjednicu GV-a: ne sla\u017eu se s dodatnim financijskim izdvajanjem za Aglomeraciju"}]},{"@type":"WebSite","@id":"https:\/\/likemetkovic.hr\/#website","url":"https:\/\/likemetkovic.hr\/","name":"likemetkovic.hr","description":"Misli pozitivno... \u010ditaj LIKE","potentialAction":[{"@type":"SearchAction","target":{"@type":"EntryPoint","urlTemplate":"https:\/\/likemetkovic.hr\/?s={search_term_string}"},"query-input":{"@type":"PropertyValueSpecification","valueRequired":true,"valueName":"search_term_string"}}],"inLanguage":"hr"},{"@type":"Person","@id":"https:\/\/likemetkovic.hr\/#\/schema\/person\/a42711f3385a0e2be6f7e0443bfb28f0","name":"LIKEmetkovic.hr","sameAs":["http:\/\/likemetkovic.hr"],"url":"https:\/\/likemetkovic.hr\/portal\/author\/likemetkovic-hr\/"}]}},"_links":{"self":[{"href":"https:\/\/likemetkovic.hr\/portal\/wp-json\/wp\/v2\/posts\/167316","targetHints":{"allow":["GET"]}}],"collection":[{"href":"https:\/\/likemetkovic.hr\/portal\/wp-json\/wp\/v2\/posts"}],"about":[{"href":"https:\/\/likemetkovic.hr\/portal\/wp-json\/wp\/v2\/types\/post"}],"author":[{"embeddable":true,"href":"https:\/\/likemetkovic.hr\/portal\/wp-json\/wp\/v2\/users\/7"}],"replies":[{"embeddable":true,"href":"https:\/\/likemetkovic.hr\/portal\/wp-json\/wp\/v2\/comments?post=167316"}],"version-history":[{"count":1,"href":"https:\/\/likemetkovic.hr\/portal\/wp-json\/wp\/v2\/posts\/167316\/revisions"}],"predecessor-version":[{"id":167318,"href":"https:\/\/likemetkovic.hr\/portal\/wp-json\/wp\/v2\/posts\/167316\/revisions\/167318"}],"wp:featuredmedia":[{"embeddable":true,"href":"https:\/\/likemetkovic.hr\/portal\/wp-json\/wp\/v2\/media\/167317"}],"wp:attachment":[{"href":"https:\/\/likemetkovic.hr\/portal\/wp-json\/wp\/v2\/media?parent=167316"}],"wp:term":[{"taxonomy":"category","embeddable":true,"href":"https:\/\/likemetkovic.hr\/portal\/wp-json\/wp\/v2\/categories?post=167316"},{"taxonomy":"post_tag","embeddable":true,"href":"https:\/\/likemetkovic.hr\/portal\/wp-json\/wp\/v2\/tags?post=167316"}],"curies":[{"name":"wp","href":"https:\/\/api.w.org\/{rel}","templated":true}]}}