{"id":167618,"date":"2025-07-24T14:15:18","date_gmt":"2025-07-24T12:15:18","guid":{"rendered":"https:\/\/likemetkovic.hr\/portal\/?p=167618"},"modified":"2025-07-24T14:15:18","modified_gmt":"2025-07-24T12:15:18","slug":"fra-marko-pudar-oprostio-se-od-metkovske-zupe-sv-ilije","status":"publish","type":"post","link":"https:\/\/likemetkovic.hr\/portal\/fra-marko-pudar-oprostio-se-od-metkovske-zupe-sv-ilije\/","title":{"rendered":"Fra Marko Pudar oprostio se od metkovske \u017dupe sv. Ilije"},"content":{"rendered":"<p data-start=\"145\" data-end=\"389\">U nedjelju, 20. srpnja, na svetkovinu sv. Ilije, od \u017eupljana oprostio se <strong>fra Marko Pudar<\/strong>, koji je u <a href=\"https:\/\/www.svilija-metkovic.com\/2025\/07\/22\/18582\/\" target=\"_blank\" rel=\"noopener\">metkovskoj \u017dupi sv. Ilije<\/a> slu\u017eio dvije godine kao \u017eupni vikar (2023. \u2013 2025.), a prije toga jednu godinu kao \u0111akon (2022. \u2013 2023.).<\/p>\n<p data-start=\"391\" data-end=\"806\">Na kraju svih nedjeljnih svetih misa, \u017eupnik fra Denis \u0160imunovi\u0107 uputio je rije\u010di zahvalnosti fra Marku, istaknuv\u0161i sve ono \u0161to je tijekom svojih godina slu\u017eenja u\u010dinio za \u017eupu i njezine vjernike. Zahvalio mu je na predanom pastoralnom radu, blizini s narodom, jednostavnosti i suradnji. Ujedno je fra Denis zahvalio i na Franjeva\u010dkom bratstvu na bratskoj povezanosti i zajedni\u010dkom slu\u017eenju.<\/p>\n<p data-start=\"808\" data-end=\"974\">U opro\u0161tajnoj rije\u010di, fra Marko je zahvalio svim \u017eupljanima na suradnji, pomo\u0107i i zajedni\u0161tvu, te je \u2013 u duhu franjeva\u010dke jednostavnosti i bratstva \u2013 oprostio svima i zamolio opro\u0161tenje od svih koje je mo\u017eda nenamjerno povrijedio.<\/p>\n<p data-start=\"808\" data-end=\"974\">Nakon ove slu\u017ebe, fra Marko odlazi na novu slu\u017ebu \u017eupnog vikara u \u017eupu i sveti\u0161te \u010cudotvorne Gospe Sinjske, jedno od najva\u017enijih marijanskih sveti\u0161ta u Dalmaciji, objavila je <a href=\"https:\/\/www.svilija-metkovic.com\/2025\/07\/22\/18582\/\" target=\"_blank\" rel=\"noopener\">\u017dupa<\/a>.<\/p>\n","protected":false},"excerpt":{"rendered":"<p>U nedjelju, 20. srpnja, na svetkovinu sv. Ilije, od \u017eupljana oprostio se fra Marko Pudar, koji je u metkovskoj \u017dupi sv. Ilije slu\u017eio dvije godine kao \u017eupni vikar (2023. \u2013 2025.), a prije toga jednu godinu kao \u0111akon (2022. \u2013 2023.). Na kraju svih nedjeljnih svetih misa, \u017eupnik fra Denis \u0160imunovi\u0107 uputio je rije\u010di zahvalnosti [&hellip;]<\/p>\n","protected":false},"author":7,"featured_media":167540,"comment_status":"open","ping_status":"open","sticky":false,"template":"","format":"standard","meta":{"footnotes":""},"categories":[296,27],"tags":[13218],"class_list":{"0":"post-167618","1":"post","2":"type-post","3":"status-publish","4":"format-standard","5":"has-post-thumbnail","7":"category-ab","8":"category-vjera-i-zivot","9":"tag-fa-marko-pudar"},"yoast_head":"<!-- This site is optimized with the Yoast SEO plugin v25.2 - https:\/\/yoast.com\/wordpress\/plugins\/seo\/ -->\n<title>Fra Marko Pudar oprostio se od metkovske \u017dupe sv. Ilije - likemetkovic.hr<\/title>\n<meta name=\"robots\" content=\"index, follow, max-snippet:-1, max-image-preview:large, max-video-preview:-1\" \/>\n<link rel=\"canonical\" href=\"https:\/\/likemetkovic.hr\/portal\/fra-marko-pudar-oprostio-se-od-metkovske-zupe-sv-ilije\/\" \/>\n<meta property=\"og:locale\" content=\"hr_HR\" \/>\n<meta property=\"og:type\" content=\"article\" \/>\n<meta property=\"og:title\" content=\"Fra Marko Pudar oprostio se od metkovske \u017dupe sv. Ilije - likemetkovic.hr\" \/>\n<meta property=\"og:description\" content=\"U nedjelju, 20. srpnja, na svetkovinu sv. Ilije, od \u017eupljana oprostio se fra Marko Pudar, koji je u metkovskoj \u017dupi sv. Ilije slu\u017eio dvije godine kao \u017eupni vikar (2023. \u2013 2025.), a prije toga jednu godinu kao \u0111akon (2022. \u2013 2023.). Na kraju svih nedjeljnih svetih misa, \u017eupnik fra Denis \u0160imunovi\u0107 uputio je rije\u010di zahvalnosti [&hellip;]\" \/>\n<meta property=\"og:url\" content=\"https:\/\/likemetkovic.hr\/portal\/fra-marko-pudar-oprostio-se-od-metkovske-zupe-sv-ilije\/\" \/>\n<meta property=\"og:site_name\" content=\"likemetkovic.hr\" \/>\n<meta property=\"article:publisher\" content=\"https:\/\/www.facebook.com\/likemetkovic.hr\/\" \/>\n<meta property=\"article:published_time\" content=\"2025-07-24T12:15:18+00:00\" \/>\n<meta property=\"og:image\" content=\"https:\/\/likemetkovic.hr\/portal\/wp-content\/uploads\/2025\/07\/sv-ililja-misa-blagdan200725_18.jpg\" \/>\n\t<meta property=\"og:image:width\" content=\"800\" \/>\n\t<meta property=\"og:image:height\" content=\"533\" \/>\n\t<meta property=\"og:image:type\" content=\"image\/jpeg\" \/>\n<meta name=\"author\" content=\"LIKEmetkovic.hr\" \/>\n<meta name=\"twitter:card\" content=\"summary_large_image\" \/>\n<meta name=\"twitter:label1\" content=\"Napisao\/la\" \/>\n\t<meta name=\"twitter:data1\" content=\"LIKEmetkovic.hr\" \/>\n\t<meta name=\"twitter:label2\" content=\"Procijenjeno vrijeme \u010ditanja\" \/>\n\t<meta name=\"twitter:data2\" content=\"2 minute\" \/>\n<script type=\"application\/ld+json\" class=\"yoast-schema-graph\">{\"@context\":\"https:\/\/schema.org\",\"@graph\":[{\"@type\":\"WebPage\",\"@id\":\"https:\/\/likemetkovic.hr\/portal\/fra-marko-pudar-oprostio-se-od-metkovske-zupe-sv-ilije\/\",\"url\":\"https:\/\/likemetkovic.hr\/portal\/fra-marko-pudar-oprostio-se-od-metkovske-zupe-sv-ilije\/\",\"name\":\"Fra Marko Pudar oprostio se od metkovske \u017dupe sv. Ilije - likemetkovic.hr\",\"isPartOf\":{\"@id\":\"https:\/\/likemetkovic.hr\/#website\"},\"primaryImageOfPage\":{\"@id\":\"https:\/\/likemetkovic.hr\/portal\/fra-marko-pudar-oprostio-se-od-metkovske-zupe-sv-ilije\/#primaryimage\"},\"image\":{\"@id\":\"https:\/\/likemetkovic.hr\/portal\/fra-marko-pudar-oprostio-se-od-metkovske-zupe-sv-ilije\/#primaryimage\"},\"thumbnailUrl\":\"https:\/\/likemetkovic.hr\/portal\/wp-content\/uploads\/2025\/07\/sv-ililja-misa-blagdan200725_18.jpg\",\"datePublished\":\"2025-07-24T12:15:18+00:00\",\"author\":{\"@id\":\"https:\/\/likemetkovic.hr\/#\/schema\/person\/a42711f3385a0e2be6f7e0443bfb28f0\"},\"breadcrumb\":{\"@id\":\"https:\/\/likemetkovic.hr\/portal\/fra-marko-pudar-oprostio-se-od-metkovske-zupe-sv-ilije\/#breadcrumb\"},\"inLanguage\":\"hr\",\"potentialAction\":[{\"@type\":\"ReadAction\",\"target\":[\"https:\/\/likemetkovic.hr\/portal\/fra-marko-pudar-oprostio-se-od-metkovske-zupe-sv-ilije\/\"]}]},{\"@type\":\"ImageObject\",\"inLanguage\":\"hr\",\"@id\":\"https:\/\/likemetkovic.hr\/portal\/fra-marko-pudar-oprostio-se-od-metkovske-zupe-sv-ilije\/#primaryimage\",\"url\":\"https:\/\/likemetkovic.hr\/portal\/wp-content\/uploads\/2025\/07\/sv-ililja-misa-blagdan200725_18.jpg\",\"contentUrl\":\"https:\/\/likemetkovic.hr\/portal\/wp-content\/uploads\/2025\/07\/sv-ililja-misa-blagdan200725_18.jpg\",\"width\":800,\"height\":533},{\"@type\":\"BreadcrumbList\",\"@id\":\"https:\/\/likemetkovic.hr\/portal\/fra-marko-pudar-oprostio-se-od-metkovske-zupe-sv-ilije\/#breadcrumb\",\"itemListElement\":[{\"@type\":\"ListItem\",\"position\":1,\"name\":\"Po\u010detna stranica\",\"item\":\"https:\/\/likemetkovic.hr\/portal\/\"},{\"@type\":\"ListItem\",\"position\":2,\"name\":\"Fra Marko Pudar oprostio se od metkovske \u017dupe sv. Ilije\"}]},{\"@type\":\"WebSite\",\"@id\":\"https:\/\/likemetkovic.hr\/#website\",\"url\":\"https:\/\/likemetkovic.hr\/\",\"name\":\"likemetkovic.hr\",\"description\":\"Misli pozitivno... \u010ditaj LIKE\",\"potentialAction\":[{\"@type\":\"SearchAction\",\"target\":{\"@type\":\"EntryPoint\",\"urlTemplate\":\"https:\/\/likemetkovic.hr\/?s={search_term_string}\"},\"query-input\":{\"@type\":\"PropertyValueSpecification\",\"valueRequired\":true,\"valueName\":\"search_term_string\"}}],\"inLanguage\":\"hr\"},{\"@type\":\"Person\",\"@id\":\"https:\/\/likemetkovic.hr\/#\/schema\/person\/a42711f3385a0e2be6f7e0443bfb28f0\",\"name\":\"LIKEmetkovic.hr\",\"sameAs\":[\"http:\/\/likemetkovic.hr\"],\"url\":\"https:\/\/likemetkovic.hr\/portal\/author\/likemetkovic-hr\/\"}]}<\/script>\n<!-- \/ Yoast SEO plugin. -->","yoast_head_json":{"title":"Fra Marko Pudar oprostio se od metkovske \u017dupe sv. Ilije - likemetkovic.hr","robots":{"index":"index","follow":"follow","max-snippet":"max-snippet:-1","max-image-preview":"max-image-preview:large","max-video-preview":"max-video-preview:-1"},"canonical":"https:\/\/likemetkovic.hr\/portal\/fra-marko-pudar-oprostio-se-od-metkovske-zupe-sv-ilije\/","og_locale":"hr_HR","og_type":"article","og_title":"Fra Marko Pudar oprostio se od metkovske \u017dupe sv. Ilije - likemetkovic.hr","og_description":"U nedjelju, 20. srpnja, na svetkovinu sv. Ilije, od \u017eupljana oprostio se fra Marko Pudar, koji je u metkovskoj \u017dupi sv. Ilije slu\u017eio dvije godine kao \u017eupni vikar (2023. \u2013 2025.), a prije toga jednu godinu kao \u0111akon (2022. \u2013 2023.). Na kraju svih nedjeljnih svetih misa, \u017eupnik fra Denis \u0160imunovi\u0107 uputio je rije\u010di zahvalnosti [&hellip;]","og_url":"https:\/\/likemetkovic.hr\/portal\/fra-marko-pudar-oprostio-se-od-metkovske-zupe-sv-ilije\/","og_site_name":"likemetkovic.hr","article_publisher":"https:\/\/www.facebook.com\/likemetkovic.hr\/","article_published_time":"2025-07-24T12:15:18+00:00","og_image":[{"width":800,"height":533,"url":"https:\/\/likemetkovic.hr\/portal\/wp-content\/uploads\/2025\/07\/sv-ililja-misa-blagdan200725_18.jpg","type":"image\/jpeg"}],"author":"LIKEmetkovic.hr","twitter_card":"summary_large_image","twitter_misc":{"Napisao\/la":"LIKEmetkovic.hr","Procijenjeno vrijeme \u010ditanja":"2 minute"},"schema":{"@context":"https:\/\/schema.org","@graph":[{"@type":"WebPage","@id":"https:\/\/likemetkovic.hr\/portal\/fra-marko-pudar-oprostio-se-od-metkovske-zupe-sv-ilije\/","url":"https:\/\/likemetkovic.hr\/portal\/fra-marko-pudar-oprostio-se-od-metkovske-zupe-sv-ilije\/","name":"Fra Marko Pudar oprostio se od metkovske \u017dupe sv. Ilije - likemetkovic.hr","isPartOf":{"@id":"https:\/\/likemetkovic.hr\/#website"},"primaryImageOfPage":{"@id":"https:\/\/likemetkovic.hr\/portal\/fra-marko-pudar-oprostio-se-od-metkovske-zupe-sv-ilije\/#primaryimage"},"image":{"@id":"https:\/\/likemetkovic.hr\/portal\/fra-marko-pudar-oprostio-se-od-metkovske-zupe-sv-ilije\/#primaryimage"},"thumbnailUrl":"https:\/\/likemetkovic.hr\/portal\/wp-content\/uploads\/2025\/07\/sv-ililja-misa-blagdan200725_18.jpg","datePublished":"2025-07-24T12:15:18+00:00","author":{"@id":"https:\/\/likemetkovic.hr\/#\/schema\/person\/a42711f3385a0e2be6f7e0443bfb28f0"},"breadcrumb":{"@id":"https:\/\/likemetkovic.hr\/portal\/fra-marko-pudar-oprostio-se-od-metkovske-zupe-sv-ilije\/#breadcrumb"},"inLanguage":"hr","potentialAction":[{"@type":"ReadAction","target":["https:\/\/likemetkovic.hr\/portal\/fra-marko-pudar-oprostio-se-od-metkovske-zupe-sv-ilije\/"]}]},{"@type":"ImageObject","inLanguage":"hr","@id":"https:\/\/likemetkovic.hr\/portal\/fra-marko-pudar-oprostio-se-od-metkovske-zupe-sv-ilije\/#primaryimage","url":"https:\/\/likemetkovic.hr\/portal\/wp-content\/uploads\/2025\/07\/sv-ililja-misa-blagdan200725_18.jpg","contentUrl":"https:\/\/likemetkovic.hr\/portal\/wp-content\/uploads\/2025\/07\/sv-ililja-misa-blagdan200725_18.jpg","width":800,"height":533},{"@type":"BreadcrumbList","@id":"https:\/\/likemetkovic.hr\/portal\/fra-marko-pudar-oprostio-se-od-metkovske-zupe-sv-ilije\/#breadcrumb","itemListElement":[{"@type":"ListItem","position":1,"name":"Po\u010detna stranica","item":"https:\/\/likemetkovic.hr\/portal\/"},{"@type":"ListItem","position":2,"name":"Fra Marko Pudar oprostio se od metkovske \u017dupe sv. Ilije"}]},{"@type":"WebSite","@id":"https:\/\/likemetkovic.hr\/#website","url":"https:\/\/likemetkovic.hr\/","name":"likemetkovic.hr","description":"Misli pozitivno... \u010ditaj LIKE","potentialAction":[{"@type":"SearchAction","target":{"@type":"EntryPoint","urlTemplate":"https:\/\/likemetkovic.hr\/?s={search_term_string}"},"query-input":{"@type":"PropertyValueSpecification","valueRequired":true,"valueName":"search_term_string"}}],"inLanguage":"hr"},{"@type":"Person","@id":"https:\/\/likemetkovic.hr\/#\/schema\/person\/a42711f3385a0e2be6f7e0443bfb28f0","name":"LIKEmetkovic.hr","sameAs":["http:\/\/likemetkovic.hr"],"url":"https:\/\/likemetkovic.hr\/portal\/author\/likemetkovic-hr\/"}]}},"_links":{"self":[{"href":"https:\/\/likemetkovic.hr\/portal\/wp-json\/wp\/v2\/posts\/167618","targetHints":{"allow":["GET"]}}],"collection":[{"href":"https:\/\/likemetkovic.hr\/portal\/wp-json\/wp\/v2\/posts"}],"about":[{"href":"https:\/\/likemetkovic.hr\/portal\/wp-json\/wp\/v2\/types\/post"}],"author":[{"embeddable":true,"href":"https:\/\/likemetkovic.hr\/portal\/wp-json\/wp\/v2\/users\/7"}],"replies":[{"embeddable":true,"href":"https:\/\/likemetkovic.hr\/portal\/wp-json\/wp\/v2\/comments?post=167618"}],"version-history":[{"count":1,"href":"https:\/\/likemetkovic.hr\/portal\/wp-json\/wp\/v2\/posts\/167618\/revisions"}],"predecessor-version":[{"id":167619,"href":"https:\/\/likemetkovic.hr\/portal\/wp-json\/wp\/v2\/posts\/167618\/revisions\/167619"}],"wp:featuredmedia":[{"embeddable":true,"href":"https:\/\/likemetkovic.hr\/portal\/wp-json\/wp\/v2\/media\/167540"}],"wp:attachment":[{"href":"https:\/\/likemetkovic.hr\/portal\/wp-json\/wp\/v2\/media?parent=167618"}],"wp:term":[{"taxonomy":"category","embeddable":true,"href":"https:\/\/likemetkovic.hr\/portal\/wp-json\/wp\/v2\/categories?post=167618"},{"taxonomy":"post_tag","embeddable":true,"href":"https:\/\/likemetkovic.hr\/portal\/wp-json\/wp\/v2\/tags?post=167618"}],"curies":[{"name":"wp","href":"https:\/\/api.w.org\/{rel}","templated":true}]}}