{"id":168170,"date":"2025-08-11T15:22:01","date_gmt":"2025-08-11T13:22:01","guid":{"rendered":"https:\/\/likemetkovic.hr\/portal\/?p=168170"},"modified":"2025-08-11T16:50:23","modified_gmt":"2025-08-11T14:50:23","slug":"pakleno-vruce-u-plocama-izmjereno-preko-40-stupnjeva","status":"publish","type":"post","link":"https:\/\/likemetkovic.hr\/portal\/pakleno-vruce-u-plocama-izmjereno-preko-40-stupnjeva\/","title":{"rendered":"PAKLENO VRU\u0106E! U Plo\u010dama izmjereno preko 40 stupnjeva, u Metkovi\u0107u tek malo ni\u017ee"},"content":{"rendered":"<p data-start=\"104\" data-end=\"440\">Danas je zabilje\u017een vrhunac toplinskog vala u Dolini Neretve, \u010demu je dioprinijela i fenska bura.<\/p>\n<p data-start=\"104\" data-end=\"440\">Prema podacima DHMZ-a, u 15 sati u <strong>Metkovi\u0107u<\/strong> izmjereno je 39 \u00b0C (podatak nam je dao motritelj Dragan Toli\u0107), dok je u <strong>Plo\u010dama<\/strong> temperatura dosegla \u010dak 40,1 \u00b0C \u0161to je blizu rekordne temperature zraka u Hrvatskoj. Naime, dosada\u0161nja apsolutno najvi\u0161a temperatura zraka u Hrvatskoj, prema standardima Svjetske meteorolo\u0161ke organizacije, u hladu izmjerena je 4. kolovoza 1981. godine u Plo\u010dama i iznosila je 42,8\u00b0C.<\/p>\n<p data-start=\"104\" data-end=\"440\">Meteorolozi upozoravaju na opasnost od vru\u0107ine te savjetuju izbjegavanje boravka na otvorenom u najtoplijem dijelu dana, uz dovoljan unos teku\u0107ine i za\u0161titu od sunca.<\/p>\n<p data-start=\"104\" data-end=\"440\"><strong>Crveni meteoalarm<\/strong> DHMZ-a je uklju\u010den za cijelu jadransku obalu i unutra\u0161njost Dalmacija, i to <strong>od ponedjeljka do srijede<\/strong>!<\/p>\n","protected":false},"excerpt":{"rendered":"<p>Danas je zabilje\u017een vrhunac toplinskog vala u Dolini Neretve, \u010demu je dioprinijela i fenska bura. Prema podacima DHMZ-a, u 15 sati u Metkovi\u0107u izmjereno je 39 \u00b0C (podatak nam je dao motritelj Dragan Toli\u0107), dok je u Plo\u010dama temperatura dosegla \u010dak 40,1 \u00b0C \u0161to je blizu rekordne temperature zraka u Hrvatskoj. Naime, dosada\u0161nja apsolutno najvi\u0161a [&hellip;]<\/p>\n","protected":false},"author":9,"featured_media":145634,"comment_status":"open","ping_status":"open","sticky":false,"template":"","format":"standard","meta":{"footnotes":""},"categories":[283,11],"tags":[3576,874],"class_list":{"0":"post-168170","1":"post","2":"type-post","3":"status-publish","4":"format-standard","5":"has-post-thumbnail","7":"category-a","8":"category-metkovic-dolina","9":"tag-toplinski-val","10":"tag-vrucina"},"yoast_head":"<!-- This site is optimized with the Yoast SEO plugin v25.2 - https:\/\/yoast.com\/wordpress\/plugins\/seo\/ -->\n<title>PAKLENO VRU\u0106E! U Plo\u010dama izmjereno preko 40 stupnjeva, u Metkovi\u0107u tek malo ni\u017ee - likemetkovic.hr<\/title>\n<meta name=\"robots\" content=\"index, follow, max-snippet:-1, max-image-preview:large, max-video-preview:-1\" \/>\n<link rel=\"canonical\" href=\"https:\/\/likemetkovic.hr\/portal\/pakleno-vruce-u-plocama-izmjereno-preko-40-stupnjeva\/\" \/>\n<meta property=\"og:locale\" content=\"hr_HR\" \/>\n<meta property=\"og:type\" content=\"article\" \/>\n<meta property=\"og:title\" content=\"PAKLENO VRU\u0106E! U Plo\u010dama izmjereno preko 40 stupnjeva, u Metkovi\u0107u tek malo ni\u017ee - likemetkovic.hr\" \/>\n<meta property=\"og:description\" content=\"Danas je zabilje\u017een vrhunac toplinskog vala u Dolini Neretve, \u010demu je dioprinijela i fenska bura. Prema podacima DHMZ-a, u 15 sati u Metkovi\u0107u izmjereno je 39 \u00b0C (podatak nam je dao motritelj Dragan Toli\u0107), dok je u Plo\u010dama temperatura dosegla \u010dak 40,1 \u00b0C \u0161to je blizu rekordne temperature zraka u Hrvatskoj. Naime, dosada\u0161nja apsolutno najvi\u0161a [&hellip;]\" \/>\n<meta property=\"og:url\" content=\"https:\/\/likemetkovic.hr\/portal\/pakleno-vruce-u-plocama-izmjereno-preko-40-stupnjeva\/\" \/>\n<meta property=\"og:site_name\" content=\"likemetkovic.hr\" \/>\n<meta property=\"article:publisher\" content=\"https:\/\/www.facebook.com\/likemetkovic.hr\/\" \/>\n<meta property=\"article:published_time\" content=\"2025-08-11T13:22:01+00:00\" \/>\n<meta property=\"article:modified_time\" content=\"2025-08-11T14:50:23+00:00\" \/>\n<meta property=\"og:image\" content=\"https:\/\/likemetkovic.hr\/portal\/wp-content\/uploads\/2023\/07\/ljeto-vrucina-setaliste170723_-2.jpg\" \/>\n\t<meta property=\"og:image:width\" content=\"800\" \/>\n\t<meta property=\"og:image:height\" content=\"533\" \/>\n\t<meta property=\"og:image:type\" content=\"image\/jpeg\" \/>\n<meta name=\"author\" content=\"K. J.\" \/>\n<meta name=\"twitter:card\" content=\"summary_large_image\" \/>\n<meta name=\"twitter:label1\" content=\"Napisao\/la\" \/>\n\t<meta name=\"twitter:data1\" content=\"K. J.\" \/>\n\t<meta name=\"twitter:label2\" content=\"Procijenjeno vrijeme \u010ditanja\" \/>\n\t<meta name=\"twitter:data2\" content=\"1 minuta\" \/>\n<script type=\"application\/ld+json\" class=\"yoast-schema-graph\">{\"@context\":\"https:\/\/schema.org\",\"@graph\":[{\"@type\":\"WebPage\",\"@id\":\"https:\/\/likemetkovic.hr\/portal\/pakleno-vruce-u-plocama-izmjereno-preko-40-stupnjeva\/\",\"url\":\"https:\/\/likemetkovic.hr\/portal\/pakleno-vruce-u-plocama-izmjereno-preko-40-stupnjeva\/\",\"name\":\"PAKLENO VRU\u0106E! U Plo\u010dama izmjereno preko 40 stupnjeva, u Metkovi\u0107u tek malo ni\u017ee - likemetkovic.hr\",\"isPartOf\":{\"@id\":\"https:\/\/likemetkovic.hr\/#website\"},\"primaryImageOfPage\":{\"@id\":\"https:\/\/likemetkovic.hr\/portal\/pakleno-vruce-u-plocama-izmjereno-preko-40-stupnjeva\/#primaryimage\"},\"image\":{\"@id\":\"https:\/\/likemetkovic.hr\/portal\/pakleno-vruce-u-plocama-izmjereno-preko-40-stupnjeva\/#primaryimage\"},\"thumbnailUrl\":\"https:\/\/likemetkovic.hr\/portal\/wp-content\/uploads\/2023\/07\/ljeto-vrucina-setaliste170723_-2.jpg\",\"datePublished\":\"2025-08-11T13:22:01+00:00\",\"dateModified\":\"2025-08-11T14:50:23+00:00\",\"author\":{\"@id\":\"https:\/\/likemetkovic.hr\/#\/schema\/person\/0a8b4ebfdfe1ff01192dccda40c5da0c\"},\"breadcrumb\":{\"@id\":\"https:\/\/likemetkovic.hr\/portal\/pakleno-vruce-u-plocama-izmjereno-preko-40-stupnjeva\/#breadcrumb\"},\"inLanguage\":\"hr\",\"potentialAction\":[{\"@type\":\"ReadAction\",\"target\":[\"https:\/\/likemetkovic.hr\/portal\/pakleno-vruce-u-plocama-izmjereno-preko-40-stupnjeva\/\"]}]},{\"@type\":\"ImageObject\",\"inLanguage\":\"hr\",\"@id\":\"https:\/\/likemetkovic.hr\/portal\/pakleno-vruce-u-plocama-izmjereno-preko-40-stupnjeva\/#primaryimage\",\"url\":\"https:\/\/likemetkovic.hr\/portal\/wp-content\/uploads\/2023\/07\/ljeto-vrucina-setaliste170723_-2.jpg\",\"contentUrl\":\"https:\/\/likemetkovic.hr\/portal\/wp-content\/uploads\/2023\/07\/ljeto-vrucina-setaliste170723_-2.jpg\",\"width\":800,\"height\":533},{\"@type\":\"BreadcrumbList\",\"@id\":\"https:\/\/likemetkovic.hr\/portal\/pakleno-vruce-u-plocama-izmjereno-preko-40-stupnjeva\/#breadcrumb\",\"itemListElement\":[{\"@type\":\"ListItem\",\"position\":1,\"name\":\"Po\u010detna stranica\",\"item\":\"https:\/\/likemetkovic.hr\/portal\/\"},{\"@type\":\"ListItem\",\"position\":2,\"name\":\"PAKLENO VRU\u0106E! U Plo\u010dama izmjereno preko 40 stupnjeva, u Metkovi\u0107u tek malo ni\u017ee\"}]},{\"@type\":\"WebSite\",\"@id\":\"https:\/\/likemetkovic.hr\/#website\",\"url\":\"https:\/\/likemetkovic.hr\/\",\"name\":\"likemetkovic.hr\",\"description\":\"Misli pozitivno... \u010ditaj LIKE\",\"potentialAction\":[{\"@type\":\"SearchAction\",\"target\":{\"@type\":\"EntryPoint\",\"urlTemplate\":\"https:\/\/likemetkovic.hr\/?s={search_term_string}\"},\"query-input\":{\"@type\":\"PropertyValueSpecification\",\"valueRequired\":true,\"valueName\":\"search_term_string\"}}],\"inLanguage\":\"hr\"},{\"@type\":\"Person\",\"@id\":\"https:\/\/likemetkovic.hr\/#\/schema\/person\/0a8b4ebfdfe1ff01192dccda40c5da0c\",\"name\":\"K. J.\",\"url\":\"https:\/\/likemetkovic.hr\/portal\/author\/likemetkovic\/\"}]}<\/script>\n<!-- \/ Yoast SEO plugin. -->","yoast_head_json":{"title":"PAKLENO VRU\u0106E! U Plo\u010dama izmjereno preko 40 stupnjeva, u Metkovi\u0107u tek malo ni\u017ee - likemetkovic.hr","robots":{"index":"index","follow":"follow","max-snippet":"max-snippet:-1","max-image-preview":"max-image-preview:large","max-video-preview":"max-video-preview:-1"},"canonical":"https:\/\/likemetkovic.hr\/portal\/pakleno-vruce-u-plocama-izmjereno-preko-40-stupnjeva\/","og_locale":"hr_HR","og_type":"article","og_title":"PAKLENO VRU\u0106E! U Plo\u010dama izmjereno preko 40 stupnjeva, u Metkovi\u0107u tek malo ni\u017ee - likemetkovic.hr","og_description":"Danas je zabilje\u017een vrhunac toplinskog vala u Dolini Neretve, \u010demu je dioprinijela i fenska bura. Prema podacima DHMZ-a, u 15 sati u Metkovi\u0107u izmjereno je 39 \u00b0C (podatak nam je dao motritelj Dragan Toli\u0107), dok je u Plo\u010dama temperatura dosegla \u010dak 40,1 \u00b0C \u0161to je blizu rekordne temperature zraka u Hrvatskoj. Naime, dosada\u0161nja apsolutno najvi\u0161a [&hellip;]","og_url":"https:\/\/likemetkovic.hr\/portal\/pakleno-vruce-u-plocama-izmjereno-preko-40-stupnjeva\/","og_site_name":"likemetkovic.hr","article_publisher":"https:\/\/www.facebook.com\/likemetkovic.hr\/","article_published_time":"2025-08-11T13:22:01+00:00","article_modified_time":"2025-08-11T14:50:23+00:00","og_image":[{"width":800,"height":533,"url":"https:\/\/likemetkovic.hr\/portal\/wp-content\/uploads\/2023\/07\/ljeto-vrucina-setaliste170723_-2.jpg","type":"image\/jpeg"}],"author":"K. J.","twitter_card":"summary_large_image","twitter_misc":{"Napisao\/la":"K. J.","Procijenjeno vrijeme \u010ditanja":"1 minuta"},"schema":{"@context":"https:\/\/schema.org","@graph":[{"@type":"WebPage","@id":"https:\/\/likemetkovic.hr\/portal\/pakleno-vruce-u-plocama-izmjereno-preko-40-stupnjeva\/","url":"https:\/\/likemetkovic.hr\/portal\/pakleno-vruce-u-plocama-izmjereno-preko-40-stupnjeva\/","name":"PAKLENO VRU\u0106E! U Plo\u010dama izmjereno preko 40 stupnjeva, u Metkovi\u0107u tek malo ni\u017ee - likemetkovic.hr","isPartOf":{"@id":"https:\/\/likemetkovic.hr\/#website"},"primaryImageOfPage":{"@id":"https:\/\/likemetkovic.hr\/portal\/pakleno-vruce-u-plocama-izmjereno-preko-40-stupnjeva\/#primaryimage"},"image":{"@id":"https:\/\/likemetkovic.hr\/portal\/pakleno-vruce-u-plocama-izmjereno-preko-40-stupnjeva\/#primaryimage"},"thumbnailUrl":"https:\/\/likemetkovic.hr\/portal\/wp-content\/uploads\/2023\/07\/ljeto-vrucina-setaliste170723_-2.jpg","datePublished":"2025-08-11T13:22:01+00:00","dateModified":"2025-08-11T14:50:23+00:00","author":{"@id":"https:\/\/likemetkovic.hr\/#\/schema\/person\/0a8b4ebfdfe1ff01192dccda40c5da0c"},"breadcrumb":{"@id":"https:\/\/likemetkovic.hr\/portal\/pakleno-vruce-u-plocama-izmjereno-preko-40-stupnjeva\/#breadcrumb"},"inLanguage":"hr","potentialAction":[{"@type":"ReadAction","target":["https:\/\/likemetkovic.hr\/portal\/pakleno-vruce-u-plocama-izmjereno-preko-40-stupnjeva\/"]}]},{"@type":"ImageObject","inLanguage":"hr","@id":"https:\/\/likemetkovic.hr\/portal\/pakleno-vruce-u-plocama-izmjereno-preko-40-stupnjeva\/#primaryimage","url":"https:\/\/likemetkovic.hr\/portal\/wp-content\/uploads\/2023\/07\/ljeto-vrucina-setaliste170723_-2.jpg","contentUrl":"https:\/\/likemetkovic.hr\/portal\/wp-content\/uploads\/2023\/07\/ljeto-vrucina-setaliste170723_-2.jpg","width":800,"height":533},{"@type":"BreadcrumbList","@id":"https:\/\/likemetkovic.hr\/portal\/pakleno-vruce-u-plocama-izmjereno-preko-40-stupnjeva\/#breadcrumb","itemListElement":[{"@type":"ListItem","position":1,"name":"Po\u010detna stranica","item":"https:\/\/likemetkovic.hr\/portal\/"},{"@type":"ListItem","position":2,"name":"PAKLENO VRU\u0106E! U Plo\u010dama izmjereno preko 40 stupnjeva, u Metkovi\u0107u tek malo ni\u017ee"}]},{"@type":"WebSite","@id":"https:\/\/likemetkovic.hr\/#website","url":"https:\/\/likemetkovic.hr\/","name":"likemetkovic.hr","description":"Misli pozitivno... \u010ditaj LIKE","potentialAction":[{"@type":"SearchAction","target":{"@type":"EntryPoint","urlTemplate":"https:\/\/likemetkovic.hr\/?s={search_term_string}"},"query-input":{"@type":"PropertyValueSpecification","valueRequired":true,"valueName":"search_term_string"}}],"inLanguage":"hr"},{"@type":"Person","@id":"https:\/\/likemetkovic.hr\/#\/schema\/person\/0a8b4ebfdfe1ff01192dccda40c5da0c","name":"K. J.","url":"https:\/\/likemetkovic.hr\/portal\/author\/likemetkovic\/"}]}},"_links":{"self":[{"href":"https:\/\/likemetkovic.hr\/portal\/wp-json\/wp\/v2\/posts\/168170","targetHints":{"allow":["GET"]}}],"collection":[{"href":"https:\/\/likemetkovic.hr\/portal\/wp-json\/wp\/v2\/posts"}],"about":[{"href":"https:\/\/likemetkovic.hr\/portal\/wp-json\/wp\/v2\/types\/post"}],"author":[{"embeddable":true,"href":"https:\/\/likemetkovic.hr\/portal\/wp-json\/wp\/v2\/users\/9"}],"replies":[{"embeddable":true,"href":"https:\/\/likemetkovic.hr\/portal\/wp-json\/wp\/v2\/comments?post=168170"}],"version-history":[{"count":9,"href":"https:\/\/likemetkovic.hr\/portal\/wp-json\/wp\/v2\/posts\/168170\/revisions"}],"predecessor-version":[{"id":168179,"href":"https:\/\/likemetkovic.hr\/portal\/wp-json\/wp\/v2\/posts\/168170\/revisions\/168179"}],"wp:featuredmedia":[{"embeddable":true,"href":"https:\/\/likemetkovic.hr\/portal\/wp-json\/wp\/v2\/media\/145634"}],"wp:attachment":[{"href":"https:\/\/likemetkovic.hr\/portal\/wp-json\/wp\/v2\/media?parent=168170"}],"wp:term":[{"taxonomy":"category","embeddable":true,"href":"https:\/\/likemetkovic.hr\/portal\/wp-json\/wp\/v2\/categories?post=168170"},{"taxonomy":"post_tag","embeddable":true,"href":"https:\/\/likemetkovic.hr\/portal\/wp-json\/wp\/v2\/tags?post=168170"}],"curies":[{"name":"wp","href":"https:\/\/api.w.org\/{rel}","templated":true}]}}