{"id":168283,"date":"2025-08-14T10:47:06","date_gmt":"2025-08-14T08:47:06","guid":{"rendered":"https:\/\/likemetkovic.hr\/portal\/?p=168283"},"modified":"2025-08-14T10:47:06","modified_gmt":"2025-08-14T08:47:06","slug":"tereza-gabric-i-vesna-sepat-kutnar-odrzale-koncert-u-galeriji-gks-a","status":"publish","type":"post","link":"https:\/\/likemetkovic.hr\/portal\/tereza-gabric-i-vesna-sepat-kutnar-odrzale-koncert-u-galeriji-gks-a\/","title":{"rendered":"Tereza Gabri\u0107 i Vesna \u0160epat Kutnar odr\u017eale koncert u Galeriji GKS-a"},"content":{"rendered":"<p>Mezzosopranistica<strong> Tereze Gabri\u0107<\/strong> i pijanistica prof.<strong> Vesne \u0160epat Kutnar<\/strong> sino\u0107 su odr\u017eale koncert u Galeriji GKS-a u sklopu programa <em>Metkovskog ljeta<\/em>.<\/p>\n<p>Kao gost iznena\u0111enja pridru\u017eio se\u00a0 metkovski \u0161ansonjer <strong>Branko Bebi\u0107<\/strong>, dodatno obogativ\u0161i atmosferu.<\/p>\n<p>Koncert je organizirala\u00a0Ustanova za kulturu i sport Metkovi\u0107, uz potporu\u00a0Grada Metkovi\u0107a\u00a0i\u00a0Dubrova\u010dko-neretvanske \u017eupanije.<\/p>\n<p><img decoding=\"async\" class=\"alignnone size-full wp-image-168284\" src=\"https:\/\/likemetkovic.hr\/portal\/wp-content\/uploads\/2025\/08\/tereza-gabric-1.jpg\" alt=\"\" width=\"1024\" height=\"683\" srcset=\"https:\/\/likemetkovic.hr\/portal\/wp-content\/uploads\/2025\/08\/tereza-gabric-1.jpg 1024w, https:\/\/likemetkovic.hr\/portal\/wp-content\/uploads\/2025\/08\/tereza-gabric-1-800x534.jpg 800w, https:\/\/likemetkovic.hr\/portal\/wp-content\/uploads\/2025\/08\/tereza-gabric-1-768x512.jpg 768w, https:\/\/likemetkovic.hr\/portal\/wp-content\/uploads\/2025\/08\/tereza-gabric-1-630x420.jpg 630w, https:\/\/likemetkovic.hr\/portal\/wp-content\/uploads\/2025\/08\/tereza-gabric-1-150x100.jpg 150w, https:\/\/likemetkovic.hr\/portal\/wp-content\/uploads\/2025\/08\/tereza-gabric-1-300x200.jpg 300w, https:\/\/likemetkovic.hr\/portal\/wp-content\/uploads\/2025\/08\/tereza-gabric-1-696x464.jpg 696w\" sizes=\"(max-width: 1024px) 100vw, 1024px\" \/><\/p>\n<p>Foto: metkovic.hr<\/p>\n","protected":false},"excerpt":{"rendered":"<p>Mezzosopranistica Tereze Gabri\u0107 i pijanistica prof. Vesne \u0160epat Kutnar sino\u0107 su odr\u017eale koncert u Galeriji GKS-a u sklopu programa Metkovskog ljeta. Kao gost iznena\u0111enja pridru\u017eio se\u00a0 metkovski \u0161ansonjer Branko Bebi\u0107, dodatno obogativ\u0161i atmosferu. Koncert je organizirala\u00a0Ustanova za kulturu i sport Metkovi\u0107, uz potporu\u00a0Grada Metkovi\u0107a\u00a0i\u00a0Dubrova\u010dko-neretvanske \u017eupanije. Foto: metkovic.hr<\/p>\n","protected":false},"author":7,"featured_media":168284,"comment_status":"open","ping_status":"open","sticky":false,"template":"","format":"standard","meta":{"footnotes":""},"categories":[296,1028],"tags":[9788,13244],"class_list":{"0":"post-168283","1":"post","2":"type-post","3":"status-publish","4":"format-standard","5":"has-post-thumbnail","7":"category-ab","8":"category-kultura-2","9":"tag-tereza-gabric","10":"tag-vesna-sepat-kutnar"},"yoast_head":"<!-- This site is optimized with the Yoast SEO plugin v25.2 - https:\/\/yoast.com\/wordpress\/plugins\/seo\/ -->\n<title>Tereza Gabri\u0107 i Vesna \u0160epat Kutnar odr\u017eale koncert u Galeriji GKS-a - likemetkovic.hr<\/title>\n<meta name=\"robots\" content=\"index, follow, max-snippet:-1, max-image-preview:large, max-video-preview:-1\" \/>\n<link rel=\"canonical\" href=\"https:\/\/likemetkovic.hr\/portal\/tereza-gabric-i-vesna-sepat-kutnar-odrzale-koncert-u-galeriji-gks-a\/\" \/>\n<meta property=\"og:locale\" content=\"hr_HR\" \/>\n<meta property=\"og:type\" content=\"article\" \/>\n<meta property=\"og:title\" content=\"Tereza Gabri\u0107 i Vesna \u0160epat Kutnar odr\u017eale koncert u Galeriji GKS-a - likemetkovic.hr\" \/>\n<meta property=\"og:description\" content=\"Mezzosopranistica Tereze Gabri\u0107 i pijanistica prof. Vesne \u0160epat Kutnar sino\u0107 su odr\u017eale koncert u Galeriji GKS-a u sklopu programa Metkovskog ljeta. Kao gost iznena\u0111enja pridru\u017eio se\u00a0 metkovski \u0161ansonjer Branko Bebi\u0107, dodatno obogativ\u0161i atmosferu. Koncert je organizirala\u00a0Ustanova za kulturu i sport Metkovi\u0107, uz potporu\u00a0Grada Metkovi\u0107a\u00a0i\u00a0Dubrova\u010dko-neretvanske \u017eupanije. Foto: metkovic.hr\" \/>\n<meta property=\"og:url\" content=\"https:\/\/likemetkovic.hr\/portal\/tereza-gabric-i-vesna-sepat-kutnar-odrzale-koncert-u-galeriji-gks-a\/\" \/>\n<meta property=\"og:site_name\" content=\"likemetkovic.hr\" \/>\n<meta property=\"article:publisher\" content=\"https:\/\/www.facebook.com\/likemetkovic.hr\/\" \/>\n<meta property=\"article:published_time\" content=\"2025-08-14T08:47:06+00:00\" \/>\n<meta property=\"og:image\" content=\"https:\/\/likemetkovic.hr\/portal\/wp-content\/uploads\/2025\/08\/tereza-gabric-1.jpg\" \/>\n\t<meta property=\"og:image:width\" content=\"1024\" \/>\n\t<meta property=\"og:image:height\" content=\"683\" \/>\n\t<meta property=\"og:image:type\" content=\"image\/jpeg\" \/>\n<meta name=\"author\" content=\"LIKEmetkovic.hr\" \/>\n<meta name=\"twitter:card\" content=\"summary_large_image\" \/>\n<meta name=\"twitter:label1\" content=\"Napisao\/la\" \/>\n\t<meta name=\"twitter:data1\" content=\"LIKEmetkovic.hr\" \/>\n\t<meta name=\"twitter:label2\" content=\"Procijenjeno vrijeme \u010ditanja\" \/>\n\t<meta name=\"twitter:data2\" content=\"1 minuta\" \/>\n<script type=\"application\/ld+json\" class=\"yoast-schema-graph\">{\"@context\":\"https:\/\/schema.org\",\"@graph\":[{\"@type\":\"WebPage\",\"@id\":\"https:\/\/likemetkovic.hr\/portal\/tereza-gabric-i-vesna-sepat-kutnar-odrzale-koncert-u-galeriji-gks-a\/\",\"url\":\"https:\/\/likemetkovic.hr\/portal\/tereza-gabric-i-vesna-sepat-kutnar-odrzale-koncert-u-galeriji-gks-a\/\",\"name\":\"Tereza Gabri\u0107 i Vesna \u0160epat Kutnar odr\u017eale koncert u Galeriji GKS-a - likemetkovic.hr\",\"isPartOf\":{\"@id\":\"https:\/\/likemetkovic.hr\/#website\"},\"primaryImageOfPage\":{\"@id\":\"https:\/\/likemetkovic.hr\/portal\/tereza-gabric-i-vesna-sepat-kutnar-odrzale-koncert-u-galeriji-gks-a\/#primaryimage\"},\"image\":{\"@id\":\"https:\/\/likemetkovic.hr\/portal\/tereza-gabric-i-vesna-sepat-kutnar-odrzale-koncert-u-galeriji-gks-a\/#primaryimage\"},\"thumbnailUrl\":\"https:\/\/likemetkovic.hr\/portal\/wp-content\/uploads\/2025\/08\/tereza-gabric-1.jpg\",\"datePublished\":\"2025-08-14T08:47:06+00:00\",\"author\":{\"@id\":\"https:\/\/likemetkovic.hr\/#\/schema\/person\/a42711f3385a0e2be6f7e0443bfb28f0\"},\"breadcrumb\":{\"@id\":\"https:\/\/likemetkovic.hr\/portal\/tereza-gabric-i-vesna-sepat-kutnar-odrzale-koncert-u-galeriji-gks-a\/#breadcrumb\"},\"inLanguage\":\"hr\",\"potentialAction\":[{\"@type\":\"ReadAction\",\"target\":[\"https:\/\/likemetkovic.hr\/portal\/tereza-gabric-i-vesna-sepat-kutnar-odrzale-koncert-u-galeriji-gks-a\/\"]}]},{\"@type\":\"ImageObject\",\"inLanguage\":\"hr\",\"@id\":\"https:\/\/likemetkovic.hr\/portal\/tereza-gabric-i-vesna-sepat-kutnar-odrzale-koncert-u-galeriji-gks-a\/#primaryimage\",\"url\":\"https:\/\/likemetkovic.hr\/portal\/wp-content\/uploads\/2025\/08\/tereza-gabric-1.jpg\",\"contentUrl\":\"https:\/\/likemetkovic.hr\/portal\/wp-content\/uploads\/2025\/08\/tereza-gabric-1.jpg\",\"width\":1024,\"height\":683},{\"@type\":\"BreadcrumbList\",\"@id\":\"https:\/\/likemetkovic.hr\/portal\/tereza-gabric-i-vesna-sepat-kutnar-odrzale-koncert-u-galeriji-gks-a\/#breadcrumb\",\"itemListElement\":[{\"@type\":\"ListItem\",\"position\":1,\"name\":\"Po\u010detna stranica\",\"item\":\"https:\/\/likemetkovic.hr\/portal\/\"},{\"@type\":\"ListItem\",\"position\":2,\"name\":\"Tereza Gabri\u0107 i Vesna \u0160epat Kutnar odr\u017eale koncert u Galeriji GKS-a\"}]},{\"@type\":\"WebSite\",\"@id\":\"https:\/\/likemetkovic.hr\/#website\",\"url\":\"https:\/\/likemetkovic.hr\/\",\"name\":\"likemetkovic.hr\",\"description\":\"Misli pozitivno... \u010ditaj LIKE\",\"potentialAction\":[{\"@type\":\"SearchAction\",\"target\":{\"@type\":\"EntryPoint\",\"urlTemplate\":\"https:\/\/likemetkovic.hr\/?s={search_term_string}\"},\"query-input\":{\"@type\":\"PropertyValueSpecification\",\"valueRequired\":true,\"valueName\":\"search_term_string\"}}],\"inLanguage\":\"hr\"},{\"@type\":\"Person\",\"@id\":\"https:\/\/likemetkovic.hr\/#\/schema\/person\/a42711f3385a0e2be6f7e0443bfb28f0\",\"name\":\"LIKEmetkovic.hr\",\"sameAs\":[\"http:\/\/likemetkovic.hr\"],\"url\":\"https:\/\/likemetkovic.hr\/portal\/author\/likemetkovic-hr\/\"}]}<\/script>\n<!-- \/ Yoast SEO plugin. -->","yoast_head_json":{"title":"Tereza Gabri\u0107 i Vesna \u0160epat Kutnar odr\u017eale koncert u Galeriji GKS-a - likemetkovic.hr","robots":{"index":"index","follow":"follow","max-snippet":"max-snippet:-1","max-image-preview":"max-image-preview:large","max-video-preview":"max-video-preview:-1"},"canonical":"https:\/\/likemetkovic.hr\/portal\/tereza-gabric-i-vesna-sepat-kutnar-odrzale-koncert-u-galeriji-gks-a\/","og_locale":"hr_HR","og_type":"article","og_title":"Tereza Gabri\u0107 i Vesna \u0160epat Kutnar odr\u017eale koncert u Galeriji GKS-a - likemetkovic.hr","og_description":"Mezzosopranistica Tereze Gabri\u0107 i pijanistica prof. Vesne \u0160epat Kutnar sino\u0107 su odr\u017eale koncert u Galeriji GKS-a u sklopu programa Metkovskog ljeta. Kao gost iznena\u0111enja pridru\u017eio se\u00a0 metkovski \u0161ansonjer Branko Bebi\u0107, dodatno obogativ\u0161i atmosferu. Koncert je organizirala\u00a0Ustanova za kulturu i sport Metkovi\u0107, uz potporu\u00a0Grada Metkovi\u0107a\u00a0i\u00a0Dubrova\u010dko-neretvanske \u017eupanije. Foto: metkovic.hr","og_url":"https:\/\/likemetkovic.hr\/portal\/tereza-gabric-i-vesna-sepat-kutnar-odrzale-koncert-u-galeriji-gks-a\/","og_site_name":"likemetkovic.hr","article_publisher":"https:\/\/www.facebook.com\/likemetkovic.hr\/","article_published_time":"2025-08-14T08:47:06+00:00","og_image":[{"width":1024,"height":683,"url":"https:\/\/likemetkovic.hr\/portal\/wp-content\/uploads\/2025\/08\/tereza-gabric-1.jpg","type":"image\/jpeg"}],"author":"LIKEmetkovic.hr","twitter_card":"summary_large_image","twitter_misc":{"Napisao\/la":"LIKEmetkovic.hr","Procijenjeno vrijeme \u010ditanja":"1 minuta"},"schema":{"@context":"https:\/\/schema.org","@graph":[{"@type":"WebPage","@id":"https:\/\/likemetkovic.hr\/portal\/tereza-gabric-i-vesna-sepat-kutnar-odrzale-koncert-u-galeriji-gks-a\/","url":"https:\/\/likemetkovic.hr\/portal\/tereza-gabric-i-vesna-sepat-kutnar-odrzale-koncert-u-galeriji-gks-a\/","name":"Tereza Gabri\u0107 i Vesna \u0160epat Kutnar odr\u017eale koncert u Galeriji GKS-a - likemetkovic.hr","isPartOf":{"@id":"https:\/\/likemetkovic.hr\/#website"},"primaryImageOfPage":{"@id":"https:\/\/likemetkovic.hr\/portal\/tereza-gabric-i-vesna-sepat-kutnar-odrzale-koncert-u-galeriji-gks-a\/#primaryimage"},"image":{"@id":"https:\/\/likemetkovic.hr\/portal\/tereza-gabric-i-vesna-sepat-kutnar-odrzale-koncert-u-galeriji-gks-a\/#primaryimage"},"thumbnailUrl":"https:\/\/likemetkovic.hr\/portal\/wp-content\/uploads\/2025\/08\/tereza-gabric-1.jpg","datePublished":"2025-08-14T08:47:06+00:00","author":{"@id":"https:\/\/likemetkovic.hr\/#\/schema\/person\/a42711f3385a0e2be6f7e0443bfb28f0"},"breadcrumb":{"@id":"https:\/\/likemetkovic.hr\/portal\/tereza-gabric-i-vesna-sepat-kutnar-odrzale-koncert-u-galeriji-gks-a\/#breadcrumb"},"inLanguage":"hr","potentialAction":[{"@type":"ReadAction","target":["https:\/\/likemetkovic.hr\/portal\/tereza-gabric-i-vesna-sepat-kutnar-odrzale-koncert-u-galeriji-gks-a\/"]}]},{"@type":"ImageObject","inLanguage":"hr","@id":"https:\/\/likemetkovic.hr\/portal\/tereza-gabric-i-vesna-sepat-kutnar-odrzale-koncert-u-galeriji-gks-a\/#primaryimage","url":"https:\/\/likemetkovic.hr\/portal\/wp-content\/uploads\/2025\/08\/tereza-gabric-1.jpg","contentUrl":"https:\/\/likemetkovic.hr\/portal\/wp-content\/uploads\/2025\/08\/tereza-gabric-1.jpg","width":1024,"height":683},{"@type":"BreadcrumbList","@id":"https:\/\/likemetkovic.hr\/portal\/tereza-gabric-i-vesna-sepat-kutnar-odrzale-koncert-u-galeriji-gks-a\/#breadcrumb","itemListElement":[{"@type":"ListItem","position":1,"name":"Po\u010detna stranica","item":"https:\/\/likemetkovic.hr\/portal\/"},{"@type":"ListItem","position":2,"name":"Tereza Gabri\u0107 i Vesna \u0160epat Kutnar odr\u017eale koncert u Galeriji GKS-a"}]},{"@type":"WebSite","@id":"https:\/\/likemetkovic.hr\/#website","url":"https:\/\/likemetkovic.hr\/","name":"likemetkovic.hr","description":"Misli pozitivno... \u010ditaj LIKE","potentialAction":[{"@type":"SearchAction","target":{"@type":"EntryPoint","urlTemplate":"https:\/\/likemetkovic.hr\/?s={search_term_string}"},"query-input":{"@type":"PropertyValueSpecification","valueRequired":true,"valueName":"search_term_string"}}],"inLanguage":"hr"},{"@type":"Person","@id":"https:\/\/likemetkovic.hr\/#\/schema\/person\/a42711f3385a0e2be6f7e0443bfb28f0","name":"LIKEmetkovic.hr","sameAs":["http:\/\/likemetkovic.hr"],"url":"https:\/\/likemetkovic.hr\/portal\/author\/likemetkovic-hr\/"}]}},"_links":{"self":[{"href":"https:\/\/likemetkovic.hr\/portal\/wp-json\/wp\/v2\/posts\/168283","targetHints":{"allow":["GET"]}}],"collection":[{"href":"https:\/\/likemetkovic.hr\/portal\/wp-json\/wp\/v2\/posts"}],"about":[{"href":"https:\/\/likemetkovic.hr\/portal\/wp-json\/wp\/v2\/types\/post"}],"author":[{"embeddable":true,"href":"https:\/\/likemetkovic.hr\/portal\/wp-json\/wp\/v2\/users\/7"}],"replies":[{"embeddable":true,"href":"https:\/\/likemetkovic.hr\/portal\/wp-json\/wp\/v2\/comments?post=168283"}],"version-history":[{"count":1,"href":"https:\/\/likemetkovic.hr\/portal\/wp-json\/wp\/v2\/posts\/168283\/revisions"}],"predecessor-version":[{"id":168285,"href":"https:\/\/likemetkovic.hr\/portal\/wp-json\/wp\/v2\/posts\/168283\/revisions\/168285"}],"wp:featuredmedia":[{"embeddable":true,"href":"https:\/\/likemetkovic.hr\/portal\/wp-json\/wp\/v2\/media\/168284"}],"wp:attachment":[{"href":"https:\/\/likemetkovic.hr\/portal\/wp-json\/wp\/v2\/media?parent=168283"}],"wp:term":[{"taxonomy":"category","embeddable":true,"href":"https:\/\/likemetkovic.hr\/portal\/wp-json\/wp\/v2\/categories?post=168283"},{"taxonomy":"post_tag","embeddable":true,"href":"https:\/\/likemetkovic.hr\/portal\/wp-json\/wp\/v2\/tags?post=168283"}],"curies":[{"name":"wp","href":"https:\/\/api.w.org\/{rel}","templated":true}]}}