{"id":168299,"date":"2025-08-15T11:17:55","date_gmt":"2025-08-15T09:17:55","guid":{"rendered":"https:\/\/likemetkovic.hr\/portal\/?p=168299"},"modified":"2025-08-15T11:17:55","modified_gmt":"2025-08-15T09:17:55","slug":"uskoro-pocinje-jos-jedan-festival-soli-u-stonu-posvecen-je-zenskoj-snazi-i-kreativnosti","status":"publish","type":"post","link":"https:\/\/likemetkovic.hr\/portal\/uskoro-pocinje-jos-jedan-festival-soli-u-stonu-posvecen-je-zenskoj-snazi-i-kreativnosti\/","title":{"rendered":"Uskoro po\u010dinje jo\u0161 jedan Festival soli u Stonu: posve\u0107en je \u017eenskoj snazi i kreativnosti"},"content":{"rendered":"<p>Na jedinstvenoj pozornici povijesnog Stona i Pelje\u0161ca, od 28. kolovoza do 15. rujna odr\u017eava se Festival soli Ston 2025., manifestacija koja spaja stoljetnu tradiciju va\u0111enja soli, vrhunske okuse juga Hrvatske i bogat kulturno-umjetni\u010dki program. Tijekom ovog razdoblja posjetitelji \u0107e u\u017eivati u posebnim ponudama u restoranima i vinarijama, edukativnim turama po \u010duvenoj Solani i Stonu, kreativnim radionicama, vinskim degustacijama, izlo\u017ebama, koncertima, knji\u017eevnim ve\u010derima i gastro radionicama.<\/p>\n<p>Ovogodi\u0161nji Festival, inspiriran presti\u017enim Dubrova\u010dkim ljetnim igrama, nosi sna\u017ean umjetni\u010dki i dru\u0161tveni pe\u010dat \u2013 \u201elightmotiv\u201c manifestacije je \u017eenska snaga i kreativnost. Program okuplja \u017eene-vinarke, glazbenice, likovne umjetnice, edukatorice, spisateljice i gastro stru\u010dnjakinje koje kroz svoj rad i talent oblikuju suvremenu kulturnu scenu juga Hrvatske. U prostoru bogate tradicije i povijesti Stona, ove iznimne \u017eene donose sinergiju okusa, zvuka, slike i rije\u010di, slave\u0107i ulogu \u017eene u o\u010duvanju ba\u0161tine i stvaranju novih vrijednosti.<\/p>\n<p>Festival soli Ston pokrenut je zbog potrebe kreiranja dodatnih sadr\u017eaja za turiste i stanovni\u0161tvo, posebno u kontekstu skretanja pozornosti javnosti na iznimno atraktivan gospodarski, ali turisti\u010dki sadr\u017eaj povijesne solane, koja datira iz 14.stolje\u0107a i u razdoblju postojanja Dubrova\u010dke republike bila je va\u017ean gospodarski \u010dimbenik. Prostori solane sa svojim bazenima soli, u ovom razdoblju konca kolovoza postaju sredi\u0161te tradicionalnog va\u0111enja soli, ali i sredi\u0161te multimedijalne manifestacije koja nudi sadr\u017eaje za sve uzraste.<\/p>\n<p>Sredi\u0161nji dio programa zapo\u010dinje 28.kolovoza Eko placom na trgu ispred Kne\u017eevog dvora u Stonu gdje \u0107e svoj proizvode nuditi OPG-ovi s podru\u010dja Dubrova\u010dke \u2013 neretvanske \u017eupanije, te ostalih dijelova Hrvatske. Od Vukovara, Sinja, Neretve do stonskog i pelje\u0161kog kraja na placi \u0107e se na\u0107i ekolo\u0161ki i tradicionalni proizvodi. Posebno omiljene vo\u0111ene ture po solani i Stonu ispri\u010dat \u0107e pri\u010du o soli i solani, te srednjovjekovnom gradi\u0107u Stonu koji je obgrljen zidinama, drugima po duljini na svijetu, odmah iza Kineskog zida. U Tvrdjavi Ka\u0161tio 29.08. otvorit \u0107e se izlo\u017eba akademske umjetnice kerami\u010darke Lucije Perojevi\u0107 u organizaciji Doma Marina Dr\u017ei\u0107a Dubrovnik, a u solani \u0107e EventLab Dubrovnik predstaviti \u010detiri vinarke s na\u0161eg podru\u010dja i njihova iznimna vina, uz \u201ePjesme iz naftaline\u201c Katice Marinovi\u0107. Subota 30.08. rezervirana je za predstavljanje slikovnica \u201eGledaj kako leti, slu\u0161aj kako cvr\u010di\u201c Dubrova\u010dke Tullio i Prirodoslovnog muzeja Dubrovnik, te \u201eRime u Rimu\u201c autorice Valerije Jurjevi\u0107 i Doma Marina Dr\u017ei\u0107a Dubrovnik, uz program Tonke Balonke.<\/p>\n<div class=\"item__ad-center position_item_center_02_top item__ad-center--empty\">\n<div id=\"\/11425286\/sd_cla_ia_2\" class=\"ad--align\"><\/div>\n<\/div>\n<p>Jadranka NI\u010deti\u0107 odr\u017eat \u0107e svoju gastro- radionicu u nedjelju 31.kolovoza i predstaviti nam dvije biljke starih \u0111ardina i me\u0111a \u2013 Bella Luigiu i kapare kreiraju\u0107i i predstavljaju\u0107i delicije i na\u010din kori\u0161tenja ovih biljaka.<\/p>\n<p>U ve\u010dernjim satima istog dana, Festival soli ugostit \u0107e iznimnu estradnu zvijezdu i spisateljicu Danijelu Martinovi\u0107 koja \u0107e u Stonu predstaviti svoju knjigu \u201eTu\u0161iranje du\u0161e\u201c i izvesti svoje skladbe u magi\u010dnom ambijentu predzi\u0111a tvr\u0111ave Ka\u0161tio.<\/p>\n<p>Festival organiziraju udruga Amorettte uz partnere Solanu Ston i Vilu Koruna, te lokalne kulturne, turisti\u010dke i gastronomske institucije uz podr\u0161ku Op\u0107ine Ston,Turisti\u010dke zajednice op\u0107ine Ston, HTZ i TZ Dubrova\u010dko \u2013 neretvanske \u017eupanije, te Dubrova\u010dko-neretvanska \u017eupanija i sponzori. Cilj je o\u010duvati, promovirati i prenijeti bogatu stonsku ba\u0161tinu, potaknuti odr\u017eivi turizam i ponuditi posjetiteljima nezaboravno iskustvo juga Hrvatske \u2013 ove godine kroz prizmu \u017eenskog stvarala\u0161tva. Festival soli Ston povezna je uz postulate New European Bauhausa \u2013 lijepo, odr\u017eivo i uklju\u010divo, a ve\u0107 nekoliko godina festival je i Plastic free.<\/p>\n","protected":false},"excerpt":{"rendered":"<p>Na jedinstvenoj pozornici povijesnog Stona i Pelje\u0161ca, od 28. kolovoza do 15. rujna odr\u017eava se Festival soli Ston 2025., manifestacija koja spaja stoljetnu tradiciju va\u0111enja soli, vrhunske okuse juga Hrvatske i bogat kulturno-umjetni\u010dki program. Tijekom ovog razdoblja posjetitelji \u0107e u\u017eivati u posebnim ponudama u restoranima i vinarijama, edukativnim turama po \u010duvenoj Solani i Stonu, kreativnim [&hellip;]<\/p>\n","protected":false},"author":9,"featured_media":168300,"comment_status":"open","ping_status":"open","sticky":false,"template":"","format":"standard","meta":{"footnotes":""},"categories":[296,300],"tags":[11001,1567],"class_list":{"0":"post-168299","1":"post","2":"type-post","3":"status-publish","4":"format-standard","5":"has-post-thumbnail","7":"category-ab","8":"category-zupanija","9":"tag-festival-soli","10":"tag-ston"},"yoast_head":"<!-- This site is optimized with the Yoast SEO plugin v25.2 - https:\/\/yoast.com\/wordpress\/plugins\/seo\/ -->\n<title>Uskoro po\u010dinje jo\u0161 jedan Festival soli u Stonu: posve\u0107en je \u017eenskoj snazi i kreativnosti - likemetkovic.hr<\/title>\n<meta name=\"robots\" content=\"index, follow, max-snippet:-1, max-image-preview:large, max-video-preview:-1\" \/>\n<link rel=\"canonical\" href=\"https:\/\/likemetkovic.hr\/portal\/uskoro-pocinje-jos-jedan-festival-soli-u-stonu-posvecen-je-zenskoj-snazi-i-kreativnosti\/\" \/>\n<meta property=\"og:locale\" content=\"hr_HR\" \/>\n<meta property=\"og:type\" content=\"article\" \/>\n<meta property=\"og:title\" content=\"Uskoro po\u010dinje jo\u0161 jedan Festival soli u Stonu: posve\u0107en je \u017eenskoj snazi i kreativnosti - likemetkovic.hr\" \/>\n<meta property=\"og:description\" content=\"Na jedinstvenoj pozornici povijesnog Stona i Pelje\u0161ca, od 28. kolovoza do 15. rujna odr\u017eava se Festival soli Ston 2025., manifestacija koja spaja stoljetnu tradiciju va\u0111enja soli, vrhunske okuse juga Hrvatske i bogat kulturno-umjetni\u010dki program. Tijekom ovog razdoblja posjetitelji \u0107e u\u017eivati u posebnim ponudama u restoranima i vinarijama, edukativnim turama po \u010duvenoj Solani i Stonu, kreativnim [&hellip;]\" \/>\n<meta property=\"og:url\" content=\"https:\/\/likemetkovic.hr\/portal\/uskoro-pocinje-jos-jedan-festival-soli-u-stonu-posvecen-je-zenskoj-snazi-i-kreativnosti\/\" \/>\n<meta property=\"og:site_name\" content=\"likemetkovic.hr\" \/>\n<meta property=\"article:publisher\" content=\"https:\/\/www.facebook.com\/likemetkovic.hr\/\" \/>\n<meta property=\"article:published_time\" content=\"2025-08-15T09:17:55+00:00\" \/>\n<meta property=\"og:image\" content=\"https:\/\/likemetkovic.hr\/portal\/wp-content\/uploads\/2025\/08\/festival-soli-ston.jpg\" \/>\n\t<meta property=\"og:image:width\" content=\"800\" \/>\n\t<meta property=\"og:image:height\" content=\"600\" \/>\n\t<meta property=\"og:image:type\" content=\"image\/jpeg\" \/>\n<meta name=\"author\" content=\"K. J.\" \/>\n<meta name=\"twitter:card\" content=\"summary_large_image\" \/>\n<meta name=\"twitter:label1\" content=\"Napisao\/la\" \/>\n\t<meta name=\"twitter:data1\" content=\"K. J.\" \/>\n\t<meta name=\"twitter:label2\" content=\"Procijenjeno vrijeme \u010ditanja\" \/>\n\t<meta name=\"twitter:data2\" content=\"3 minute\" \/>\n<script type=\"application\/ld+json\" class=\"yoast-schema-graph\">{\"@context\":\"https:\/\/schema.org\",\"@graph\":[{\"@type\":\"WebPage\",\"@id\":\"https:\/\/likemetkovic.hr\/portal\/uskoro-pocinje-jos-jedan-festival-soli-u-stonu-posvecen-je-zenskoj-snazi-i-kreativnosti\/\",\"url\":\"https:\/\/likemetkovic.hr\/portal\/uskoro-pocinje-jos-jedan-festival-soli-u-stonu-posvecen-je-zenskoj-snazi-i-kreativnosti\/\",\"name\":\"Uskoro po\u010dinje jo\u0161 jedan Festival soli u Stonu: posve\u0107en je \u017eenskoj snazi i kreativnosti - likemetkovic.hr\",\"isPartOf\":{\"@id\":\"https:\/\/likemetkovic.hr\/#website\"},\"primaryImageOfPage\":{\"@id\":\"https:\/\/likemetkovic.hr\/portal\/uskoro-pocinje-jos-jedan-festival-soli-u-stonu-posvecen-je-zenskoj-snazi-i-kreativnosti\/#primaryimage\"},\"image\":{\"@id\":\"https:\/\/likemetkovic.hr\/portal\/uskoro-pocinje-jos-jedan-festival-soli-u-stonu-posvecen-je-zenskoj-snazi-i-kreativnosti\/#primaryimage\"},\"thumbnailUrl\":\"https:\/\/likemetkovic.hr\/portal\/wp-content\/uploads\/2025\/08\/festival-soli-ston.jpg\",\"datePublished\":\"2025-08-15T09:17:55+00:00\",\"author\":{\"@id\":\"https:\/\/likemetkovic.hr\/#\/schema\/person\/0a8b4ebfdfe1ff01192dccda40c5da0c\"},\"breadcrumb\":{\"@id\":\"https:\/\/likemetkovic.hr\/portal\/uskoro-pocinje-jos-jedan-festival-soli-u-stonu-posvecen-je-zenskoj-snazi-i-kreativnosti\/#breadcrumb\"},\"inLanguage\":\"hr\",\"potentialAction\":[{\"@type\":\"ReadAction\",\"target\":[\"https:\/\/likemetkovic.hr\/portal\/uskoro-pocinje-jos-jedan-festival-soli-u-stonu-posvecen-je-zenskoj-snazi-i-kreativnosti\/\"]}]},{\"@type\":\"ImageObject\",\"inLanguage\":\"hr\",\"@id\":\"https:\/\/likemetkovic.hr\/portal\/uskoro-pocinje-jos-jedan-festival-soli-u-stonu-posvecen-je-zenskoj-snazi-i-kreativnosti\/#primaryimage\",\"url\":\"https:\/\/likemetkovic.hr\/portal\/wp-content\/uploads\/2025\/08\/festival-soli-ston.jpg\",\"contentUrl\":\"https:\/\/likemetkovic.hr\/portal\/wp-content\/uploads\/2025\/08\/festival-soli-ston.jpg\",\"width\":800,\"height\":600},{\"@type\":\"BreadcrumbList\",\"@id\":\"https:\/\/likemetkovic.hr\/portal\/uskoro-pocinje-jos-jedan-festival-soli-u-stonu-posvecen-je-zenskoj-snazi-i-kreativnosti\/#breadcrumb\",\"itemListElement\":[{\"@type\":\"ListItem\",\"position\":1,\"name\":\"Po\u010detna stranica\",\"item\":\"https:\/\/likemetkovic.hr\/portal\/\"},{\"@type\":\"ListItem\",\"position\":2,\"name\":\"Uskoro po\u010dinje jo\u0161 jedan Festival soli u Stonu: posve\u0107en je \u017eenskoj snazi i kreativnosti\"}]},{\"@type\":\"WebSite\",\"@id\":\"https:\/\/likemetkovic.hr\/#website\",\"url\":\"https:\/\/likemetkovic.hr\/\",\"name\":\"likemetkovic.hr\",\"description\":\"Misli pozitivno... \u010ditaj LIKE\",\"potentialAction\":[{\"@type\":\"SearchAction\",\"target\":{\"@type\":\"EntryPoint\",\"urlTemplate\":\"https:\/\/likemetkovic.hr\/?s={search_term_string}\"},\"query-input\":{\"@type\":\"PropertyValueSpecification\",\"valueRequired\":true,\"valueName\":\"search_term_string\"}}],\"inLanguage\":\"hr\"},{\"@type\":\"Person\",\"@id\":\"https:\/\/likemetkovic.hr\/#\/schema\/person\/0a8b4ebfdfe1ff01192dccda40c5da0c\",\"name\":\"K. J.\",\"url\":\"https:\/\/likemetkovic.hr\/portal\/author\/likemetkovic\/\"}]}<\/script>\n<!-- \/ Yoast SEO plugin. -->","yoast_head_json":{"title":"Uskoro po\u010dinje jo\u0161 jedan Festival soli u Stonu: posve\u0107en je \u017eenskoj snazi i kreativnosti - likemetkovic.hr","robots":{"index":"index","follow":"follow","max-snippet":"max-snippet:-1","max-image-preview":"max-image-preview:large","max-video-preview":"max-video-preview:-1"},"canonical":"https:\/\/likemetkovic.hr\/portal\/uskoro-pocinje-jos-jedan-festival-soli-u-stonu-posvecen-je-zenskoj-snazi-i-kreativnosti\/","og_locale":"hr_HR","og_type":"article","og_title":"Uskoro po\u010dinje jo\u0161 jedan Festival soli u Stonu: posve\u0107en je \u017eenskoj snazi i kreativnosti - likemetkovic.hr","og_description":"Na jedinstvenoj pozornici povijesnog Stona i Pelje\u0161ca, od 28. kolovoza do 15. rujna odr\u017eava se Festival soli Ston 2025., manifestacija koja spaja stoljetnu tradiciju va\u0111enja soli, vrhunske okuse juga Hrvatske i bogat kulturno-umjetni\u010dki program. Tijekom ovog razdoblja posjetitelji \u0107e u\u017eivati u posebnim ponudama u restoranima i vinarijama, edukativnim turama po \u010duvenoj Solani i Stonu, kreativnim [&hellip;]","og_url":"https:\/\/likemetkovic.hr\/portal\/uskoro-pocinje-jos-jedan-festival-soli-u-stonu-posvecen-je-zenskoj-snazi-i-kreativnosti\/","og_site_name":"likemetkovic.hr","article_publisher":"https:\/\/www.facebook.com\/likemetkovic.hr\/","article_published_time":"2025-08-15T09:17:55+00:00","og_image":[{"width":800,"height":600,"url":"https:\/\/likemetkovic.hr\/portal\/wp-content\/uploads\/2025\/08\/festival-soli-ston.jpg","type":"image\/jpeg"}],"author":"K. J.","twitter_card":"summary_large_image","twitter_misc":{"Napisao\/la":"K. J.","Procijenjeno vrijeme \u010ditanja":"3 minute"},"schema":{"@context":"https:\/\/schema.org","@graph":[{"@type":"WebPage","@id":"https:\/\/likemetkovic.hr\/portal\/uskoro-pocinje-jos-jedan-festival-soli-u-stonu-posvecen-je-zenskoj-snazi-i-kreativnosti\/","url":"https:\/\/likemetkovic.hr\/portal\/uskoro-pocinje-jos-jedan-festival-soli-u-stonu-posvecen-je-zenskoj-snazi-i-kreativnosti\/","name":"Uskoro po\u010dinje jo\u0161 jedan Festival soli u Stonu: posve\u0107en je \u017eenskoj snazi i kreativnosti - likemetkovic.hr","isPartOf":{"@id":"https:\/\/likemetkovic.hr\/#website"},"primaryImageOfPage":{"@id":"https:\/\/likemetkovic.hr\/portal\/uskoro-pocinje-jos-jedan-festival-soli-u-stonu-posvecen-je-zenskoj-snazi-i-kreativnosti\/#primaryimage"},"image":{"@id":"https:\/\/likemetkovic.hr\/portal\/uskoro-pocinje-jos-jedan-festival-soli-u-stonu-posvecen-je-zenskoj-snazi-i-kreativnosti\/#primaryimage"},"thumbnailUrl":"https:\/\/likemetkovic.hr\/portal\/wp-content\/uploads\/2025\/08\/festival-soli-ston.jpg","datePublished":"2025-08-15T09:17:55+00:00","author":{"@id":"https:\/\/likemetkovic.hr\/#\/schema\/person\/0a8b4ebfdfe1ff01192dccda40c5da0c"},"breadcrumb":{"@id":"https:\/\/likemetkovic.hr\/portal\/uskoro-pocinje-jos-jedan-festival-soli-u-stonu-posvecen-je-zenskoj-snazi-i-kreativnosti\/#breadcrumb"},"inLanguage":"hr","potentialAction":[{"@type":"ReadAction","target":["https:\/\/likemetkovic.hr\/portal\/uskoro-pocinje-jos-jedan-festival-soli-u-stonu-posvecen-je-zenskoj-snazi-i-kreativnosti\/"]}]},{"@type":"ImageObject","inLanguage":"hr","@id":"https:\/\/likemetkovic.hr\/portal\/uskoro-pocinje-jos-jedan-festival-soli-u-stonu-posvecen-je-zenskoj-snazi-i-kreativnosti\/#primaryimage","url":"https:\/\/likemetkovic.hr\/portal\/wp-content\/uploads\/2025\/08\/festival-soli-ston.jpg","contentUrl":"https:\/\/likemetkovic.hr\/portal\/wp-content\/uploads\/2025\/08\/festival-soli-ston.jpg","width":800,"height":600},{"@type":"BreadcrumbList","@id":"https:\/\/likemetkovic.hr\/portal\/uskoro-pocinje-jos-jedan-festival-soli-u-stonu-posvecen-je-zenskoj-snazi-i-kreativnosti\/#breadcrumb","itemListElement":[{"@type":"ListItem","position":1,"name":"Po\u010detna stranica","item":"https:\/\/likemetkovic.hr\/portal\/"},{"@type":"ListItem","position":2,"name":"Uskoro po\u010dinje jo\u0161 jedan Festival soli u Stonu: posve\u0107en je \u017eenskoj snazi i kreativnosti"}]},{"@type":"WebSite","@id":"https:\/\/likemetkovic.hr\/#website","url":"https:\/\/likemetkovic.hr\/","name":"likemetkovic.hr","description":"Misli pozitivno... \u010ditaj LIKE","potentialAction":[{"@type":"SearchAction","target":{"@type":"EntryPoint","urlTemplate":"https:\/\/likemetkovic.hr\/?s={search_term_string}"},"query-input":{"@type":"PropertyValueSpecification","valueRequired":true,"valueName":"search_term_string"}}],"inLanguage":"hr"},{"@type":"Person","@id":"https:\/\/likemetkovic.hr\/#\/schema\/person\/0a8b4ebfdfe1ff01192dccda40c5da0c","name":"K. J.","url":"https:\/\/likemetkovic.hr\/portal\/author\/likemetkovic\/"}]}},"_links":{"self":[{"href":"https:\/\/likemetkovic.hr\/portal\/wp-json\/wp\/v2\/posts\/168299","targetHints":{"allow":["GET"]}}],"collection":[{"href":"https:\/\/likemetkovic.hr\/portal\/wp-json\/wp\/v2\/posts"}],"about":[{"href":"https:\/\/likemetkovic.hr\/portal\/wp-json\/wp\/v2\/types\/post"}],"author":[{"embeddable":true,"href":"https:\/\/likemetkovic.hr\/portal\/wp-json\/wp\/v2\/users\/9"}],"replies":[{"embeddable":true,"href":"https:\/\/likemetkovic.hr\/portal\/wp-json\/wp\/v2\/comments?post=168299"}],"version-history":[{"count":1,"href":"https:\/\/likemetkovic.hr\/portal\/wp-json\/wp\/v2\/posts\/168299\/revisions"}],"predecessor-version":[{"id":168301,"href":"https:\/\/likemetkovic.hr\/portal\/wp-json\/wp\/v2\/posts\/168299\/revisions\/168301"}],"wp:featuredmedia":[{"embeddable":true,"href":"https:\/\/likemetkovic.hr\/portal\/wp-json\/wp\/v2\/media\/168300"}],"wp:attachment":[{"href":"https:\/\/likemetkovic.hr\/portal\/wp-json\/wp\/v2\/media?parent=168299"}],"wp:term":[{"taxonomy":"category","embeddable":true,"href":"https:\/\/likemetkovic.hr\/portal\/wp-json\/wp\/v2\/categories?post=168299"},{"taxonomy":"post_tag","embeddable":true,"href":"https:\/\/likemetkovic.hr\/portal\/wp-json\/wp\/v2\/tags?post=168299"}],"curies":[{"name":"wp","href":"https:\/\/api.w.org\/{rel}","templated":true}]}}