{"id":168707,"date":"2025-09-05T12:15:38","date_gmt":"2025-09-05T10:15:38","guid":{"rendered":"https:\/\/likemetkovic.hr\/portal\/?p=168707"},"modified":"2025-09-05T12:15:38","modified_gmt":"2025-09-05T10:15:38","slug":"foto-svecani-prijam-prvasa-u-os-stjepana-radica","status":"publish","type":"post","link":"https:\/\/likemetkovic.hr\/portal\/foto-svecani-prijam-prvasa-u-os-stjepana-radica\/","title":{"rendered":"FOTO | Sve\u010dani prijam prva\u0161a u O\u0160 Stjepana Radi\u0107a"},"content":{"rendered":"<p data-start=\"173\" data-end=\"282\">U petak, <strong data-start=\"182\" data-end=\"200\">5. rujna 2025.<\/strong>, u O\u0160 Stjepana Radi\u0107a &#8211; Metkovi\u0107 odr\u017ean je sve\u010dani program dobrodo\u0161lice za u\u010denike prvih razreda.<\/p>\n<p data-start=\"284\" data-end=\"528\">Ove \u0161kolske godine upisano je <strong data-start=\"315\" data-end=\"331\">113 prva\u0161i\u0107a<\/strong> \u2013 111 u mati\u010dnu i 2 u podru\u010dnu \u0161kolu Bijeli Vir. Raspore\u0111eni su u \u0161est razrednih odjela koje \u0107e voditi u\u010diteljice: <strong>Darija \u0160utalo<\/strong>,<strong> An\u0111elka Medak<\/strong>,<strong> Ivana Popovi\u0107<\/strong>,<strong> Ivana Sr\u0161en<\/strong>,<strong> Josipa Jel\u010di\u0107 <\/strong>i<strong> Anka Milinkovi\u0107<\/strong>.<\/p>\n<p data-start=\"530\" data-end=\"864\">Na po\u010detku je na\u0161e prva\u0161e i njihove roditelje te u\u010ditelje pozdravio ravnatelj <strong data-start=\"562\" data-end=\"580\">Tomislav Tomi\u0107<\/strong>. Pootm su u\u010denici izveli prigodni, sve\u010dani program oboga\u0107en pjesmom, plesom i recitacijama. Voditelji su bili u\u010denici petoga razreda, Lorena Trutina i Luka Jerkovi\u0107.<\/p>\n<p data-start=\"530\" data-end=\"864\">Nakon priredbe, u\u010diteljice su prozvale svoje razrede i povele prva\u0161i\u0107e u u\u010dionice, gdje su im podijelile prve \u0161kolske upute.<\/p>\n<p data-start=\"866\" data-end=\"992\">Svim na\u0161im prva\u0161i\u0107ima \u017eelimo <strong data-start=\"1026\" data-end=\"1066\">sretan i uspje\u0161an po\u010detak \u0161kolovanja<\/strong>!<\/p>\n\r\n                <style type=\"text\/css\">\r\n                    \r\n                    #tdi_1  .td-doubleSlider-2 .td-item1 {\r\n                        background: url(https:\/\/likemetkovic.hr\/portal\/wp-content\/uploads\/2025\/09\/prijam-prvasa-os-stjepanaradica050925_1-80x60.jpg) 0 0 no-repeat;\r\n                    }\r\n                    #tdi_1  .td-doubleSlider-2 .td-item2 {\r\n                        background: url(https:\/\/likemetkovic.hr\/portal\/wp-content\/uploads\/2025\/09\/prijam-prvasa-os-stjepanaradica050925_2-80x60.jpg) 0 0 no-repeat;\r\n                    }\r\n                    #tdi_1  .td-doubleSlider-2 .td-item3 {\r\n                        background: url(https:\/\/likemetkovic.hr\/portal\/wp-content\/uploads\/2025\/09\/prijam-prvasa-os-stjepanaradica050925_3-80x60.jpg) 0 0 no-repeat;\r\n                    }\r\n                    #tdi_1  .td-doubleSlider-2 .td-item4 {\r\n                        background: url(https:\/\/likemetkovic.hr\/portal\/wp-content\/uploads\/2025\/09\/prijam-prvasa-os-stjepanaradica050925_4-80x60.jpg) 0 0 no-repeat;\r\n                    }\r\n                    #tdi_1  .td-doubleSlider-2 .td-item5 {\r\n                        background: url(https:\/\/likemetkovic.hr\/portal\/wp-content\/uploads\/2025\/09\/prijam-prvasa-os-stjepanaradica050925_5-80x60.jpg) 0 0 no-repeat;\r\n                    }\r\n                    #tdi_1  .td-doubleSlider-2 .td-item6 {\r\n                        background: url(https:\/\/likemetkovic.hr\/portal\/wp-content\/uploads\/2025\/09\/prijam-prvasa-os-stjepanaradica050925_6-80x60.jpg) 0 0 no-repeat;\r\n                    }\r\n                    #tdi_1  .td-doubleSlider-2 .td-item7 {\r\n                        background: url(https:\/\/likemetkovic.hr\/portal\/wp-content\/uploads\/2025\/09\/prijam-prvasa-os-stjepanaradica050925_10-80x60.jpg) 0 0 no-repeat;\r\n                    }\r\n                    #tdi_1  .td-doubleSlider-2 .td-item8 {\r\n                        background: url(https:\/\/likemetkovic.hr\/portal\/wp-content\/uploads\/2025\/09\/prijam-prvasa-os-stjepanaradica050925_11-80x60.jpg) 0 0 no-repeat;\r\n                    }\r\n                    #tdi_1  .td-doubleSlider-2 .td-item9 {\r\n                        background: url(https:\/\/likemetkovic.hr\/portal\/wp-content\/uploads\/2025\/09\/prijam-prvasa-os-stjepanaradica050925_13-80x60.jpg) 0 0 no-repeat;\r\n                    }\r\n                    #tdi_1  .td-doubleSlider-2 .td-item10 {\r\n                        background: url(https:\/\/likemetkovic.hr\/portal\/wp-content\/uploads\/2025\/09\/prijam-prvasa-os-stjepanaradica050925_14-80x60.jpg) 0 0 no-repeat;\r\n                    }\r\n                    #tdi_1  .td-doubleSlider-2 .td-item11 {\r\n                        background: url(https:\/\/likemetkovic.hr\/portal\/wp-content\/uploads\/2025\/09\/prijam-prvasa-os-stjepanaradica050925_15-80x60.jpg) 0 0 no-repeat;\r\n                    }\r\n                    #tdi_1  .td-doubleSlider-2 .td-item12 {\r\n                        background: url(https:\/\/likemetkovic.hr\/portal\/wp-content\/uploads\/2025\/09\/prijam-prvasa-os-stjepanaradica050925_16-80x60.jpg) 0 0 no-repeat;\r\n                    }\r\n                    #tdi_1  .td-doubleSlider-2 .td-item13 {\r\n                        background: url(https:\/\/likemetkovic.hr\/portal\/wp-content\/uploads\/2025\/09\/prijam-prvasa-os-stjepanaradica050925_17-80x60.jpg) 0 0 no-repeat;\r\n                    }\r\n                    #tdi_1  .td-doubleSlider-2 .td-item14 {\r\n                        background: url(https:\/\/likemetkovic.hr\/portal\/wp-content\/uploads\/2025\/09\/prijam-prvasa-os-stjepanaradica050925_18-80x60.jpg) 0 0 no-repeat;\r\n                    }\r\n                    #tdi_1  .td-doubleSlider-2 .td-item15 {\r\n                        background: url(https:\/\/likemetkovic.hr\/portal\/wp-content\/uploads\/2025\/09\/prijam-prvasa-os-stjepanaradica050925_19-80x60.jpg) 0 0 no-repeat;\r\n                    }\r\n                    #tdi_1  .td-doubleSlider-2 .td-item16 {\r\n                        background: url(https:\/\/likemetkovic.hr\/portal\/wp-content\/uploads\/2025\/09\/prijam-prvasa-os-stjepanaradica050925_20-80x60.jpg) 0 0 no-repeat;\r\n                    }\r\n                    #tdi_1  .td-doubleSlider-2 .td-item17 {\r\n                        background: url(https:\/\/likemetkovic.hr\/portal\/wp-content\/uploads\/2025\/09\/prijam-prvasa-os-stjepanaradica050925_21-80x60.jpg) 0 0 no-repeat;\r\n                    }\r\n                    #tdi_1  .td-doubleSlider-2 .td-item18 {\r\n                        background: url(https:\/\/likemetkovic.hr\/portal\/wp-content\/uploads\/2025\/09\/prijam-prvasa-os-stjepanaradica050925_22-80x60.jpg) 0 0 no-repeat;\r\n                    }\r\n                    #tdi_1  .td-doubleSlider-2 .td-item19 {\r\n                        background: url(https:\/\/likemetkovic.hr\/portal\/wp-content\/uploads\/2025\/09\/prijam-prvasa-os-stjepanaradica050925_24-80x60.jpg) 0 0 no-repeat;\r\n                    }\r\n                    #tdi_1  .td-doubleSlider-2 .td-item20 {\r\n                        background: url(https:\/\/likemetkovic.hr\/portal\/wp-content\/uploads\/2025\/09\/prijam-prvasa-os-stjepanaradica050925_26-80x60.jpg) 0 0 no-repeat;\r\n                    }\r\n                    #tdi_1  .td-doubleSlider-2 .td-item21 {\r\n                        background: url(https:\/\/likemetkovic.hr\/portal\/wp-content\/uploads\/2025\/09\/prijam-prvasa-os-stjepanaradica050925_27-80x60.jpg) 0 0 no-repeat;\r\n                    }\r\n                    #tdi_1  .td-doubleSlider-2 .td-item22 {\r\n                        background: url(https:\/\/likemetkovic.hr\/portal\/wp-content\/uploads\/2025\/09\/prijam-prvasa-os-stjepanaradica050925_29-80x60.jpg) 0 0 no-repeat;\r\n                    }\r\n                    #tdi_1  .td-doubleSlider-2 .td-item23 {\r\n                        background: url(https:\/\/likemetkovic.hr\/portal\/wp-content\/uploads\/2025\/09\/prijam-prvasa-os-stjepanaradica050925_30-80x60.jpg) 0 0 no-repeat;\r\n                    }\r\n                    #tdi_1  .td-doubleSlider-2 .td-item24 {\r\n                        background: url(https:\/\/likemetkovic.hr\/portal\/wp-content\/uploads\/2025\/09\/prijam-prvasa-os-stjepanaradica050925_35-80x60.jpg) 0 0 no-repeat;\r\n                    }\r\n                <\/style>\r\n\r\n                <div id=\"tdi_1\" class=\"td-gallery td-slide-on-2-columns\">\r\n                    <div class=\"post_td_gallery\">\r\n                        <div class=\"td-gallery-slide-top\">\r\n                           <div class=\"td-gallery-title\"><\/div>\r\n\r\n                            <div class=\"td-gallery-controls-wrapper\">\r\n                                <div class=\"td-gallery-slide-count\"><span class=\"td-gallery-slide-item-focus\">1<\/span> of 24<\/div>\r\n                                <div class=\"td-gallery-slide-prev-next-but\">\r\n                                    <i class = \"td-icon-left doubleSliderPrevButton\"><\/i>\r\n                                    <i class = \"td-icon-right doubleSliderNextButton\"><\/i>\r\n                                <\/div>\r\n                            <\/div>\r\n                        <\/div>\r\n\r\n                        <div class = \"td-doubleSlider-1 \">\r\n                            <div class = \"td-slider\">\r\n                                \r\n                    <div class = \"td-slide-item td-item1\">\r\n                        <figure class=\"td-slide-galery-figure td-slide-popup-gallery\">\r\n                            <a class=\"slide-gallery-image-link\" href=\"https:\/\/likemetkovic.hr\/portal\/wp-content\/uploads\/2025\/09\/prijam-prvasa-os-stjepanaradica050925_1.jpg\" title=\"prijam-prvasa-os-stjepanaradica050925_1\"  data-caption=\"\"  data-description=\"\">\r\n                                <img decoding=\"async\" src=\"https:\/\/likemetkovic.hr\/portal\/wp-content\/uploads\/2025\/09\/prijam-prvasa-os-stjepanaradica050925_1-280x420.jpg\" srcset=\"https:\/\/likemetkovic.hr\/portal\/wp-content\/uploads\/2025\/09\/prijam-prvasa-os-stjepanaradica050925_1-280x420.jpg 280w, https:\/\/likemetkovic.hr\/portal\/wp-content\/uploads\/2025\/09\/prijam-prvasa-os-stjepanaradica050925_1-150x225.jpg 150w, https:\/\/likemetkovic.hr\/portal\/wp-content\/uploads\/2025\/09\/prijam-prvasa-os-stjepanaradica050925_1-300x450.jpg 300w, https:\/\/likemetkovic.hr\/portal\/wp-content\/uploads\/2025\/09\/prijam-prvasa-os-stjepanaradica050925_1.jpg 533w\" sizes=\"(max-width: 280px) 100vw, 280px\" alt=\"\">\r\n                            <\/a>\r\n                            \r\n                        <\/figure>\r\n                    <\/div>\r\n                    <div class = \"td-slide-item td-item2\">\r\n                        <figure class=\"td-slide-galery-figure td-slide-popup-gallery\">\r\n                            <a class=\"slide-gallery-image-link\" href=\"https:\/\/likemetkovic.hr\/portal\/wp-content\/uploads\/2025\/09\/prijam-prvasa-os-stjepanaradica050925_2.jpg\" title=\"prijam-prvasa-os-stjepanaradica050925_2\"  data-caption=\"\"  data-description=\"\">\r\n                                <img decoding=\"async\" src=\"https:\/\/likemetkovic.hr\/portal\/wp-content\/uploads\/2025\/09\/prijam-prvasa-os-stjepanaradica050925_2-630x420.jpg\" srcset=\"https:\/\/likemetkovic.hr\/portal\/wp-content\/uploads\/2025\/09\/prijam-prvasa-os-stjepanaradica050925_2-630x420.jpg 630w, https:\/\/likemetkovic.hr\/portal\/wp-content\/uploads\/2025\/09\/prijam-prvasa-os-stjepanaradica050925_2-768x512.jpg 768w, https:\/\/likemetkovic.hr\/portal\/wp-content\/uploads\/2025\/09\/prijam-prvasa-os-stjepanaradica050925_2-150x100.jpg 150w, https:\/\/likemetkovic.hr\/portal\/wp-content\/uploads\/2025\/09\/prijam-prvasa-os-stjepanaradica050925_2-300x200.jpg 300w, https:\/\/likemetkovic.hr\/portal\/wp-content\/uploads\/2025\/09\/prijam-prvasa-os-stjepanaradica050925_2-696x464.jpg 696w, https:\/\/likemetkovic.hr\/portal\/wp-content\/uploads\/2025\/09\/prijam-prvasa-os-stjepanaradica050925_2.jpg 800w\" sizes=\"(max-width: 630px) 100vw, 630px\" alt=\"\">\r\n                            <\/a>\r\n                            \r\n                        <\/figure>\r\n                    <\/div>\r\n                    <div class = \"td-slide-item td-item3\">\r\n                        <figure class=\"td-slide-galery-figure td-slide-popup-gallery\">\r\n                            <a class=\"slide-gallery-image-link\" href=\"https:\/\/likemetkovic.hr\/portal\/wp-content\/uploads\/2025\/09\/prijam-prvasa-os-stjepanaradica050925_3.jpg\" title=\"prijam-prvasa-os-stjepanaradica050925_3\"  data-caption=\"\"  data-description=\"\">\r\n                                <img decoding=\"async\" src=\"https:\/\/likemetkovic.hr\/portal\/wp-content\/uploads\/2025\/09\/prijam-prvasa-os-stjepanaradica050925_3-280x420.jpg\" srcset=\"https:\/\/likemetkovic.hr\/portal\/wp-content\/uploads\/2025\/09\/prijam-prvasa-os-stjepanaradica050925_3-280x420.jpg 280w, https:\/\/likemetkovic.hr\/portal\/wp-content\/uploads\/2025\/09\/prijam-prvasa-os-stjepanaradica050925_3-150x225.jpg 150w, https:\/\/likemetkovic.hr\/portal\/wp-content\/uploads\/2025\/09\/prijam-prvasa-os-stjepanaradica050925_3-300x450.jpg 300w, https:\/\/likemetkovic.hr\/portal\/wp-content\/uploads\/2025\/09\/prijam-prvasa-os-stjepanaradica050925_3.jpg 533w\" sizes=\"(max-width: 280px) 100vw, 280px\" alt=\"\">\r\n                            <\/a>\r\n                            \r\n                        <\/figure>\r\n                    <\/div>\r\n                    <div class = \"td-slide-item td-item4\">\r\n                        <figure class=\"td-slide-galery-figure td-slide-popup-gallery\">\r\n                            <a class=\"slide-gallery-image-link\" href=\"https:\/\/likemetkovic.hr\/portal\/wp-content\/uploads\/2025\/09\/prijam-prvasa-os-stjepanaradica050925_4.jpg\" title=\"prijam-prvasa-os-stjepanaradica050925_4\"  data-caption=\"\"  data-description=\"\">\r\n                                <img decoding=\"async\" src=\"https:\/\/likemetkovic.hr\/portal\/wp-content\/uploads\/2025\/09\/prijam-prvasa-os-stjepanaradica050925_4-630x420.jpg\" srcset=\"https:\/\/likemetkovic.hr\/portal\/wp-content\/uploads\/2025\/09\/prijam-prvasa-os-stjepanaradica050925_4-630x420.jpg 630w, https:\/\/likemetkovic.hr\/portal\/wp-content\/uploads\/2025\/09\/prijam-prvasa-os-stjepanaradica050925_4-768x512.jpg 768w, https:\/\/likemetkovic.hr\/portal\/wp-content\/uploads\/2025\/09\/prijam-prvasa-os-stjepanaradica050925_4-150x100.jpg 150w, https:\/\/likemetkovic.hr\/portal\/wp-content\/uploads\/2025\/09\/prijam-prvasa-os-stjepanaradica050925_4-300x200.jpg 300w, https:\/\/likemetkovic.hr\/portal\/wp-content\/uploads\/2025\/09\/prijam-prvasa-os-stjepanaradica050925_4-696x464.jpg 696w, https:\/\/likemetkovic.hr\/portal\/wp-content\/uploads\/2025\/09\/prijam-prvasa-os-stjepanaradica050925_4.jpg 800w\" sizes=\"(max-width: 630px) 100vw, 630px\" alt=\"\">\r\n                            <\/a>\r\n                            \r\n                        <\/figure>\r\n                    <\/div>\r\n                    <div class = \"td-slide-item td-item5\">\r\n                        <figure class=\"td-slide-galery-figure td-slide-popup-gallery\">\r\n                            <a class=\"slide-gallery-image-link\" href=\"https:\/\/likemetkovic.hr\/portal\/wp-content\/uploads\/2025\/09\/prijam-prvasa-os-stjepanaradica050925_5.jpg\" title=\"prijam-prvasa-os-stjepanaradica050925_5\"  data-caption=\"\"  data-description=\"\">\r\n                                <img decoding=\"async\" src=\"https:\/\/likemetkovic.hr\/portal\/wp-content\/uploads\/2025\/09\/prijam-prvasa-os-stjepanaradica050925_5-630x420.jpg\" srcset=\"https:\/\/likemetkovic.hr\/portal\/wp-content\/uploads\/2025\/09\/prijam-prvasa-os-stjepanaradica050925_5-630x420.jpg 630w, https:\/\/likemetkovic.hr\/portal\/wp-content\/uploads\/2025\/09\/prijam-prvasa-os-stjepanaradica050925_5-768x512.jpg 768w, https:\/\/likemetkovic.hr\/portal\/wp-content\/uploads\/2025\/09\/prijam-prvasa-os-stjepanaradica050925_5-150x100.jpg 150w, https:\/\/likemetkovic.hr\/portal\/wp-content\/uploads\/2025\/09\/prijam-prvasa-os-stjepanaradica050925_5-300x200.jpg 300w, https:\/\/likemetkovic.hr\/portal\/wp-content\/uploads\/2025\/09\/prijam-prvasa-os-stjepanaradica050925_5-696x464.jpg 696w, https:\/\/likemetkovic.hr\/portal\/wp-content\/uploads\/2025\/09\/prijam-prvasa-os-stjepanaradica050925_5.jpg 800w\" sizes=\"(max-width: 630px) 100vw, 630px\" alt=\"\">\r\n                            <\/a>\r\n                            \r\n                        <\/figure>\r\n                    <\/div>\r\n                    <div class = \"td-slide-item td-item6\">\r\n                        <figure class=\"td-slide-galery-figure td-slide-popup-gallery\">\r\n                            <a class=\"slide-gallery-image-link\" href=\"https:\/\/likemetkovic.hr\/portal\/wp-content\/uploads\/2025\/09\/prijam-prvasa-os-stjepanaradica050925_6.jpg\" title=\"prijam-prvasa-os-stjepanaradica050925_6\"  data-caption=\"\"  data-description=\"\">\r\n                                <img decoding=\"async\" src=\"https:\/\/likemetkovic.hr\/portal\/wp-content\/uploads\/2025\/09\/prijam-prvasa-os-stjepanaradica050925_6-630x420.jpg\" srcset=\"https:\/\/likemetkovic.hr\/portal\/wp-content\/uploads\/2025\/09\/prijam-prvasa-os-stjepanaradica050925_6-630x420.jpg 630w, https:\/\/likemetkovic.hr\/portal\/wp-content\/uploads\/2025\/09\/prijam-prvasa-os-stjepanaradica050925_6-768x512.jpg 768w, https:\/\/likemetkovic.hr\/portal\/wp-content\/uploads\/2025\/09\/prijam-prvasa-os-stjepanaradica050925_6-150x100.jpg 150w, https:\/\/likemetkovic.hr\/portal\/wp-content\/uploads\/2025\/09\/prijam-prvasa-os-stjepanaradica050925_6-300x200.jpg 300w, https:\/\/likemetkovic.hr\/portal\/wp-content\/uploads\/2025\/09\/prijam-prvasa-os-stjepanaradica050925_6-696x464.jpg 696w, https:\/\/likemetkovic.hr\/portal\/wp-content\/uploads\/2025\/09\/prijam-prvasa-os-stjepanaradica050925_6.jpg 800w\" sizes=\"(max-width: 630px) 100vw, 630px\" alt=\"\">\r\n                            <\/a>\r\n                            \r\n                        <\/figure>\r\n                    <\/div>\r\n                    <div class = \"td-slide-item td-item7\">\r\n                        <figure class=\"td-slide-galery-figure td-slide-popup-gallery\">\r\n                            <a class=\"slide-gallery-image-link\" href=\"https:\/\/likemetkovic.hr\/portal\/wp-content\/uploads\/2025\/09\/prijam-prvasa-os-stjepanaradica050925_10.jpg\" title=\"prijam-prvasa-os-stjepanaradica050925_10\"  data-caption=\"\"  data-description=\"\">\r\n                                <img decoding=\"async\" src=\"https:\/\/likemetkovic.hr\/portal\/wp-content\/uploads\/2025\/09\/prijam-prvasa-os-stjepanaradica050925_10-630x420.jpg\" srcset=\"https:\/\/likemetkovic.hr\/portal\/wp-content\/uploads\/2025\/09\/prijam-prvasa-os-stjepanaradica050925_10-630x420.jpg 630w, https:\/\/likemetkovic.hr\/portal\/wp-content\/uploads\/2025\/09\/prijam-prvasa-os-stjepanaradica050925_10-768x512.jpg 768w, https:\/\/likemetkovic.hr\/portal\/wp-content\/uploads\/2025\/09\/prijam-prvasa-os-stjepanaradica050925_10-150x100.jpg 150w, https:\/\/likemetkovic.hr\/portal\/wp-content\/uploads\/2025\/09\/prijam-prvasa-os-stjepanaradica050925_10-300x200.jpg 300w, https:\/\/likemetkovic.hr\/portal\/wp-content\/uploads\/2025\/09\/prijam-prvasa-os-stjepanaradica050925_10-696x464.jpg 696w, https:\/\/likemetkovic.hr\/portal\/wp-content\/uploads\/2025\/09\/prijam-prvasa-os-stjepanaradica050925_10.jpg 800w\" sizes=\"(max-width: 630px) 100vw, 630px\" alt=\"\">\r\n                            <\/a>\r\n                            \r\n                        <\/figure>\r\n                    <\/div>\r\n                    <div class = \"td-slide-item td-item8\">\r\n                        <figure class=\"td-slide-galery-figure td-slide-popup-gallery\">\r\n                            <a class=\"slide-gallery-image-link\" href=\"https:\/\/likemetkovic.hr\/portal\/wp-content\/uploads\/2025\/09\/prijam-prvasa-os-stjepanaradica050925_11.jpg\" title=\"prijam-prvasa-os-stjepanaradica050925_11\"  data-caption=\"\"  data-description=\"\">\r\n                                <img decoding=\"async\" src=\"https:\/\/likemetkovic.hr\/portal\/wp-content\/uploads\/2025\/09\/prijam-prvasa-os-stjepanaradica050925_11-630x420.jpg\" srcset=\"https:\/\/likemetkovic.hr\/portal\/wp-content\/uploads\/2025\/09\/prijam-prvasa-os-stjepanaradica050925_11-630x420.jpg 630w, https:\/\/likemetkovic.hr\/portal\/wp-content\/uploads\/2025\/09\/prijam-prvasa-os-stjepanaradica050925_11-768x512.jpg 768w, https:\/\/likemetkovic.hr\/portal\/wp-content\/uploads\/2025\/09\/prijam-prvasa-os-stjepanaradica050925_11-150x100.jpg 150w, https:\/\/likemetkovic.hr\/portal\/wp-content\/uploads\/2025\/09\/prijam-prvasa-os-stjepanaradica050925_11-300x200.jpg 300w, https:\/\/likemetkovic.hr\/portal\/wp-content\/uploads\/2025\/09\/prijam-prvasa-os-stjepanaradica050925_11-696x464.jpg 696w, https:\/\/likemetkovic.hr\/portal\/wp-content\/uploads\/2025\/09\/prijam-prvasa-os-stjepanaradica050925_11.jpg 800w\" sizes=\"(max-width: 630px) 100vw, 630px\" alt=\"\">\r\n                            <\/a>\r\n                            \r\n                        <\/figure>\r\n                    <\/div>\r\n                    <div class = \"td-slide-item td-item9\">\r\n                        <figure class=\"td-slide-galery-figure td-slide-popup-gallery\">\r\n                            <a class=\"slide-gallery-image-link\" href=\"https:\/\/likemetkovic.hr\/portal\/wp-content\/uploads\/2025\/09\/prijam-prvasa-os-stjepanaradica050925_13.jpg\" title=\"prijam-prvasa-os-stjepanaradica050925_13\"  data-caption=\"\"  data-description=\"\">\r\n                                <img decoding=\"async\" src=\"https:\/\/likemetkovic.hr\/portal\/wp-content\/uploads\/2025\/09\/prijam-prvasa-os-stjepanaradica050925_13-630x420.jpg\" srcset=\"https:\/\/likemetkovic.hr\/portal\/wp-content\/uploads\/2025\/09\/prijam-prvasa-os-stjepanaradica050925_13-630x420.jpg 630w, https:\/\/likemetkovic.hr\/portal\/wp-content\/uploads\/2025\/09\/prijam-prvasa-os-stjepanaradica050925_13-768x512.jpg 768w, https:\/\/likemetkovic.hr\/portal\/wp-content\/uploads\/2025\/09\/prijam-prvasa-os-stjepanaradica050925_13-150x100.jpg 150w, https:\/\/likemetkovic.hr\/portal\/wp-content\/uploads\/2025\/09\/prijam-prvasa-os-stjepanaradica050925_13-300x200.jpg 300w, https:\/\/likemetkovic.hr\/portal\/wp-content\/uploads\/2025\/09\/prijam-prvasa-os-stjepanaradica050925_13-696x464.jpg 696w, https:\/\/likemetkovic.hr\/portal\/wp-content\/uploads\/2025\/09\/prijam-prvasa-os-stjepanaradica050925_13.jpg 800w\" sizes=\"(max-width: 630px) 100vw, 630px\" alt=\"\">\r\n                            <\/a>\r\n                            \r\n                        <\/figure>\r\n                    <\/div>\r\n                    <div class = \"td-slide-item td-item10\">\r\n                        <figure class=\"td-slide-galery-figure td-slide-popup-gallery\">\r\n                            <a class=\"slide-gallery-image-link\" href=\"https:\/\/likemetkovic.hr\/portal\/wp-content\/uploads\/2025\/09\/prijam-prvasa-os-stjepanaradica050925_14.jpg\" title=\"prijam-prvasa-os-stjepanaradica050925_14\"  data-caption=\"\"  data-description=\"\">\r\n                                <img decoding=\"async\" src=\"https:\/\/likemetkovic.hr\/portal\/wp-content\/uploads\/2025\/09\/prijam-prvasa-os-stjepanaradica050925_14-630x420.jpg\" srcset=\"https:\/\/likemetkovic.hr\/portal\/wp-content\/uploads\/2025\/09\/prijam-prvasa-os-stjepanaradica050925_14-630x420.jpg 630w, https:\/\/likemetkovic.hr\/portal\/wp-content\/uploads\/2025\/09\/prijam-prvasa-os-stjepanaradica050925_14-768x512.jpg 768w, https:\/\/likemetkovic.hr\/portal\/wp-content\/uploads\/2025\/09\/prijam-prvasa-os-stjepanaradica050925_14-150x100.jpg 150w, https:\/\/likemetkovic.hr\/portal\/wp-content\/uploads\/2025\/09\/prijam-prvasa-os-stjepanaradica050925_14-300x200.jpg 300w, https:\/\/likemetkovic.hr\/portal\/wp-content\/uploads\/2025\/09\/prijam-prvasa-os-stjepanaradica050925_14-696x464.jpg 696w, https:\/\/likemetkovic.hr\/portal\/wp-content\/uploads\/2025\/09\/prijam-prvasa-os-stjepanaradica050925_14.jpg 800w\" sizes=\"(max-width: 630px) 100vw, 630px\" alt=\"\">\r\n                            <\/a>\r\n                            \r\n                        <\/figure>\r\n                    <\/div>\r\n                    <div class = \"td-slide-item td-item11\">\r\n                        <figure class=\"td-slide-galery-figure td-slide-popup-gallery\">\r\n                            <a class=\"slide-gallery-image-link\" href=\"https:\/\/likemetkovic.hr\/portal\/wp-content\/uploads\/2025\/09\/prijam-prvasa-os-stjepanaradica050925_15.jpg\" title=\"prijam-prvasa-os-stjepanaradica050925_15\"  data-caption=\"\"  data-description=\"\">\r\n                                <img decoding=\"async\" src=\"https:\/\/likemetkovic.hr\/portal\/wp-content\/uploads\/2025\/09\/prijam-prvasa-os-stjepanaradica050925_15-630x420.jpg\" srcset=\"https:\/\/likemetkovic.hr\/portal\/wp-content\/uploads\/2025\/09\/prijam-prvasa-os-stjepanaradica050925_15-630x420.jpg 630w, https:\/\/likemetkovic.hr\/portal\/wp-content\/uploads\/2025\/09\/prijam-prvasa-os-stjepanaradica050925_15-768x512.jpg 768w, https:\/\/likemetkovic.hr\/portal\/wp-content\/uploads\/2025\/09\/prijam-prvasa-os-stjepanaradica050925_15-150x100.jpg 150w, https:\/\/likemetkovic.hr\/portal\/wp-content\/uploads\/2025\/09\/prijam-prvasa-os-stjepanaradica050925_15-300x200.jpg 300w, https:\/\/likemetkovic.hr\/portal\/wp-content\/uploads\/2025\/09\/prijam-prvasa-os-stjepanaradica050925_15-696x464.jpg 696w, https:\/\/likemetkovic.hr\/portal\/wp-content\/uploads\/2025\/09\/prijam-prvasa-os-stjepanaradica050925_15.jpg 800w\" sizes=\"(max-width: 630px) 100vw, 630px\" alt=\"\">\r\n                            <\/a>\r\n                            \r\n                        <\/figure>\r\n                    <\/div>\r\n                    <div class = \"td-slide-item td-item12\">\r\n                        <figure class=\"td-slide-galery-figure td-slide-popup-gallery\">\r\n                            <a class=\"slide-gallery-image-link\" href=\"https:\/\/likemetkovic.hr\/portal\/wp-content\/uploads\/2025\/09\/prijam-prvasa-os-stjepanaradica050925_16.jpg\" title=\"prijam-prvasa-os-stjepanaradica050925_16\"  data-caption=\"\"  data-description=\"\">\r\n                                <img decoding=\"async\" src=\"https:\/\/likemetkovic.hr\/portal\/wp-content\/uploads\/2025\/09\/prijam-prvasa-os-stjepanaradica050925_16-630x420.jpg\" srcset=\"https:\/\/likemetkovic.hr\/portal\/wp-content\/uploads\/2025\/09\/prijam-prvasa-os-stjepanaradica050925_16-630x420.jpg 630w, https:\/\/likemetkovic.hr\/portal\/wp-content\/uploads\/2025\/09\/prijam-prvasa-os-stjepanaradica050925_16-768x512.jpg 768w, https:\/\/likemetkovic.hr\/portal\/wp-content\/uploads\/2025\/09\/prijam-prvasa-os-stjepanaradica050925_16-150x100.jpg 150w, https:\/\/likemetkovic.hr\/portal\/wp-content\/uploads\/2025\/09\/prijam-prvasa-os-stjepanaradica050925_16-300x200.jpg 300w, https:\/\/likemetkovic.hr\/portal\/wp-content\/uploads\/2025\/09\/prijam-prvasa-os-stjepanaradica050925_16-696x464.jpg 696w, https:\/\/likemetkovic.hr\/portal\/wp-content\/uploads\/2025\/09\/prijam-prvasa-os-stjepanaradica050925_16.jpg 800w\" sizes=\"(max-width: 630px) 100vw, 630px\" alt=\"\">\r\n                            <\/a>\r\n                            \r\n                        <\/figure>\r\n                    <\/div>\r\n                    <div class = \"td-slide-item td-item13\">\r\n                        <figure class=\"td-slide-galery-figure td-slide-popup-gallery\">\r\n                            <a class=\"slide-gallery-image-link\" href=\"https:\/\/likemetkovic.hr\/portal\/wp-content\/uploads\/2025\/09\/prijam-prvasa-os-stjepanaradica050925_17.jpg\" title=\"prijam-prvasa-os-stjepanaradica050925_17\"  data-caption=\"\"  data-description=\"\">\r\n                                <img decoding=\"async\" src=\"https:\/\/likemetkovic.hr\/portal\/wp-content\/uploads\/2025\/09\/prijam-prvasa-os-stjepanaradica050925_17-630x420.jpg\" srcset=\"https:\/\/likemetkovic.hr\/portal\/wp-content\/uploads\/2025\/09\/prijam-prvasa-os-stjepanaradica050925_17-630x420.jpg 630w, https:\/\/likemetkovic.hr\/portal\/wp-content\/uploads\/2025\/09\/prijam-prvasa-os-stjepanaradica050925_17-768x512.jpg 768w, https:\/\/likemetkovic.hr\/portal\/wp-content\/uploads\/2025\/09\/prijam-prvasa-os-stjepanaradica050925_17-150x100.jpg 150w, https:\/\/likemetkovic.hr\/portal\/wp-content\/uploads\/2025\/09\/prijam-prvasa-os-stjepanaradica050925_17-300x200.jpg 300w, https:\/\/likemetkovic.hr\/portal\/wp-content\/uploads\/2025\/09\/prijam-prvasa-os-stjepanaradica050925_17-696x464.jpg 696w, https:\/\/likemetkovic.hr\/portal\/wp-content\/uploads\/2025\/09\/prijam-prvasa-os-stjepanaradica050925_17.jpg 800w\" sizes=\"(max-width: 630px) 100vw, 630px\" alt=\"\">\r\n                            <\/a>\r\n                            \r\n                        <\/figure>\r\n                    <\/div>\r\n                    <div class = \"td-slide-item td-item14\">\r\n                        <figure class=\"td-slide-galery-figure td-slide-popup-gallery\">\r\n                            <a class=\"slide-gallery-image-link\" href=\"https:\/\/likemetkovic.hr\/portal\/wp-content\/uploads\/2025\/09\/prijam-prvasa-os-stjepanaradica050925_18.jpg\" title=\"prijam-prvasa-os-stjepanaradica050925_18\"  data-caption=\"\"  data-description=\"\">\r\n                                <img decoding=\"async\" src=\"https:\/\/likemetkovic.hr\/portal\/wp-content\/uploads\/2025\/09\/prijam-prvasa-os-stjepanaradica050925_18-630x420.jpg\" srcset=\"https:\/\/likemetkovic.hr\/portal\/wp-content\/uploads\/2025\/09\/prijam-prvasa-os-stjepanaradica050925_18-630x420.jpg 630w, https:\/\/likemetkovic.hr\/portal\/wp-content\/uploads\/2025\/09\/prijam-prvasa-os-stjepanaradica050925_18-768x512.jpg 768w, https:\/\/likemetkovic.hr\/portal\/wp-content\/uploads\/2025\/09\/prijam-prvasa-os-stjepanaradica050925_18-150x100.jpg 150w, https:\/\/likemetkovic.hr\/portal\/wp-content\/uploads\/2025\/09\/prijam-prvasa-os-stjepanaradica050925_18-300x200.jpg 300w, https:\/\/likemetkovic.hr\/portal\/wp-content\/uploads\/2025\/09\/prijam-prvasa-os-stjepanaradica050925_18-696x464.jpg 696w, https:\/\/likemetkovic.hr\/portal\/wp-content\/uploads\/2025\/09\/prijam-prvasa-os-stjepanaradica050925_18.jpg 800w\" sizes=\"(max-width: 630px) 100vw, 630px\" alt=\"\">\r\n                            <\/a>\r\n                            \r\n                        <\/figure>\r\n                    <\/div>\r\n                    <div class = \"td-slide-item td-item15\">\r\n                        <figure class=\"td-slide-galery-figure td-slide-popup-gallery\">\r\n                            <a class=\"slide-gallery-image-link\" href=\"https:\/\/likemetkovic.hr\/portal\/wp-content\/uploads\/2025\/09\/prijam-prvasa-os-stjepanaradica050925_19.jpg\" title=\"prijam-prvasa-os-stjepanaradica050925_19\"  data-caption=\"\"  data-description=\"\">\r\n                                <img decoding=\"async\" src=\"https:\/\/likemetkovic.hr\/portal\/wp-content\/uploads\/2025\/09\/prijam-prvasa-os-stjepanaradica050925_19-630x420.jpg\" srcset=\"https:\/\/likemetkovic.hr\/portal\/wp-content\/uploads\/2025\/09\/prijam-prvasa-os-stjepanaradica050925_19-630x420.jpg 630w, https:\/\/likemetkovic.hr\/portal\/wp-content\/uploads\/2025\/09\/prijam-prvasa-os-stjepanaradica050925_19-768x512.jpg 768w, https:\/\/likemetkovic.hr\/portal\/wp-content\/uploads\/2025\/09\/prijam-prvasa-os-stjepanaradica050925_19-150x100.jpg 150w, https:\/\/likemetkovic.hr\/portal\/wp-content\/uploads\/2025\/09\/prijam-prvasa-os-stjepanaradica050925_19-300x200.jpg 300w, https:\/\/likemetkovic.hr\/portal\/wp-content\/uploads\/2025\/09\/prijam-prvasa-os-stjepanaradica050925_19-696x464.jpg 696w, https:\/\/likemetkovic.hr\/portal\/wp-content\/uploads\/2025\/09\/prijam-prvasa-os-stjepanaradica050925_19.jpg 800w\" sizes=\"(max-width: 630px) 100vw, 630px\" alt=\"\">\r\n                            <\/a>\r\n                            \r\n                        <\/figure>\r\n                    <\/div>\r\n                    <div class = \"td-slide-item td-item16\">\r\n                        <figure class=\"td-slide-galery-figure td-slide-popup-gallery\">\r\n                            <a class=\"slide-gallery-image-link\" href=\"https:\/\/likemetkovic.hr\/portal\/wp-content\/uploads\/2025\/09\/prijam-prvasa-os-stjepanaradica050925_20.jpg\" title=\"prijam-prvasa-os-stjepanaradica050925_20\"  data-caption=\"\"  data-description=\"\">\r\n                                <img decoding=\"async\" src=\"https:\/\/likemetkovic.hr\/portal\/wp-content\/uploads\/2025\/09\/prijam-prvasa-os-stjepanaradica050925_20-630x420.jpg\" srcset=\"https:\/\/likemetkovic.hr\/portal\/wp-content\/uploads\/2025\/09\/prijam-prvasa-os-stjepanaradica050925_20-630x420.jpg 630w, https:\/\/likemetkovic.hr\/portal\/wp-content\/uploads\/2025\/09\/prijam-prvasa-os-stjepanaradica050925_20-768x512.jpg 768w, https:\/\/likemetkovic.hr\/portal\/wp-content\/uploads\/2025\/09\/prijam-prvasa-os-stjepanaradica050925_20-150x100.jpg 150w, https:\/\/likemetkovic.hr\/portal\/wp-content\/uploads\/2025\/09\/prijam-prvasa-os-stjepanaradica050925_20-300x200.jpg 300w, https:\/\/likemetkovic.hr\/portal\/wp-content\/uploads\/2025\/09\/prijam-prvasa-os-stjepanaradica050925_20-696x464.jpg 696w, https:\/\/likemetkovic.hr\/portal\/wp-content\/uploads\/2025\/09\/prijam-prvasa-os-stjepanaradica050925_20.jpg 800w\" sizes=\"(max-width: 630px) 100vw, 630px\" alt=\"\">\r\n                            <\/a>\r\n                            \r\n                        <\/figure>\r\n                    <\/div>\r\n                    <div class = \"td-slide-item td-item17\">\r\n                        <figure class=\"td-slide-galery-figure td-slide-popup-gallery\">\r\n                            <a class=\"slide-gallery-image-link\" href=\"https:\/\/likemetkovic.hr\/portal\/wp-content\/uploads\/2025\/09\/prijam-prvasa-os-stjepanaradica050925_21.jpg\" title=\"prijam-prvasa-os-stjepanaradica050925_21\"  data-caption=\"\"  data-description=\"\">\r\n                                <img decoding=\"async\" src=\"https:\/\/likemetkovic.hr\/portal\/wp-content\/uploads\/2025\/09\/prijam-prvasa-os-stjepanaradica050925_21-630x420.jpg\" srcset=\"https:\/\/likemetkovic.hr\/portal\/wp-content\/uploads\/2025\/09\/prijam-prvasa-os-stjepanaradica050925_21-630x420.jpg 630w, https:\/\/likemetkovic.hr\/portal\/wp-content\/uploads\/2025\/09\/prijam-prvasa-os-stjepanaradica050925_21-768x512.jpg 768w, https:\/\/likemetkovic.hr\/portal\/wp-content\/uploads\/2025\/09\/prijam-prvasa-os-stjepanaradica050925_21-150x100.jpg 150w, https:\/\/likemetkovic.hr\/portal\/wp-content\/uploads\/2025\/09\/prijam-prvasa-os-stjepanaradica050925_21-300x200.jpg 300w, https:\/\/likemetkovic.hr\/portal\/wp-content\/uploads\/2025\/09\/prijam-prvasa-os-stjepanaradica050925_21-696x464.jpg 696w, https:\/\/likemetkovic.hr\/portal\/wp-content\/uploads\/2025\/09\/prijam-prvasa-os-stjepanaradica050925_21.jpg 800w\" sizes=\"(max-width: 630px) 100vw, 630px\" alt=\"\">\r\n                            <\/a>\r\n                            \r\n                        <\/figure>\r\n                    <\/div>\r\n                    <div class = \"td-slide-item td-item18\">\r\n                        <figure class=\"td-slide-galery-figure td-slide-popup-gallery\">\r\n                            <a class=\"slide-gallery-image-link\" href=\"https:\/\/likemetkovic.hr\/portal\/wp-content\/uploads\/2025\/09\/prijam-prvasa-os-stjepanaradica050925_22.jpg\" title=\"prijam-prvasa-os-stjepanaradica050925_22\"  data-caption=\"\"  data-description=\"\">\r\n                                <img decoding=\"async\" src=\"https:\/\/likemetkovic.hr\/portal\/wp-content\/uploads\/2025\/09\/prijam-prvasa-os-stjepanaradica050925_22-630x420.jpg\" srcset=\"https:\/\/likemetkovic.hr\/portal\/wp-content\/uploads\/2025\/09\/prijam-prvasa-os-stjepanaradica050925_22-630x420.jpg 630w, https:\/\/likemetkovic.hr\/portal\/wp-content\/uploads\/2025\/09\/prijam-prvasa-os-stjepanaradica050925_22-768x512.jpg 768w, https:\/\/likemetkovic.hr\/portal\/wp-content\/uploads\/2025\/09\/prijam-prvasa-os-stjepanaradica050925_22-150x100.jpg 150w, https:\/\/likemetkovic.hr\/portal\/wp-content\/uploads\/2025\/09\/prijam-prvasa-os-stjepanaradica050925_22-300x200.jpg 300w, https:\/\/likemetkovic.hr\/portal\/wp-content\/uploads\/2025\/09\/prijam-prvasa-os-stjepanaradica050925_22-696x464.jpg 696w, https:\/\/likemetkovic.hr\/portal\/wp-content\/uploads\/2025\/09\/prijam-prvasa-os-stjepanaradica050925_22.jpg 800w\" sizes=\"(max-width: 630px) 100vw, 630px\" alt=\"\">\r\n                            <\/a>\r\n                            \r\n                        <\/figure>\r\n                    <\/div>\r\n                    <div class = \"td-slide-item td-item19\">\r\n                        <figure class=\"td-slide-galery-figure td-slide-popup-gallery\">\r\n                            <a class=\"slide-gallery-image-link\" href=\"https:\/\/likemetkovic.hr\/portal\/wp-content\/uploads\/2025\/09\/prijam-prvasa-os-stjepanaradica050925_24.jpg\" title=\"prijam-prvasa-os-stjepanaradica050925_24\"  data-caption=\"\"  data-description=\"\">\r\n                                <img decoding=\"async\" src=\"https:\/\/likemetkovic.hr\/portal\/wp-content\/uploads\/2025\/09\/prijam-prvasa-os-stjepanaradica050925_24-280x420.jpg\" srcset=\"https:\/\/likemetkovic.hr\/portal\/wp-content\/uploads\/2025\/09\/prijam-prvasa-os-stjepanaradica050925_24-280x420.jpg 280w, https:\/\/likemetkovic.hr\/portal\/wp-content\/uploads\/2025\/09\/prijam-prvasa-os-stjepanaradica050925_24-150x225.jpg 150w, https:\/\/likemetkovic.hr\/portal\/wp-content\/uploads\/2025\/09\/prijam-prvasa-os-stjepanaradica050925_24-300x450.jpg 300w, https:\/\/likemetkovic.hr\/portal\/wp-content\/uploads\/2025\/09\/prijam-prvasa-os-stjepanaradica050925_24.jpg 533w\" sizes=\"(max-width: 280px) 100vw, 280px\" alt=\"\">\r\n                            <\/a>\r\n                            \r\n                        <\/figure>\r\n                    <\/div>\r\n                    <div class = \"td-slide-item td-item20\">\r\n                        <figure class=\"td-slide-galery-figure td-slide-popup-gallery\">\r\n                            <a class=\"slide-gallery-image-link\" href=\"https:\/\/likemetkovic.hr\/portal\/wp-content\/uploads\/2025\/09\/prijam-prvasa-os-stjepanaradica050925_26.jpg\" title=\"prijam-prvasa-os-stjepanaradica050925_26\"  data-caption=\"\"  data-description=\"\">\r\n                                <img decoding=\"async\" src=\"https:\/\/likemetkovic.hr\/portal\/wp-content\/uploads\/2025\/09\/prijam-prvasa-os-stjepanaradica050925_26-630x420.jpg\" srcset=\"https:\/\/likemetkovic.hr\/portal\/wp-content\/uploads\/2025\/09\/prijam-prvasa-os-stjepanaradica050925_26-630x420.jpg 630w, https:\/\/likemetkovic.hr\/portal\/wp-content\/uploads\/2025\/09\/prijam-prvasa-os-stjepanaradica050925_26-768x512.jpg 768w, https:\/\/likemetkovic.hr\/portal\/wp-content\/uploads\/2025\/09\/prijam-prvasa-os-stjepanaradica050925_26-150x100.jpg 150w, https:\/\/likemetkovic.hr\/portal\/wp-content\/uploads\/2025\/09\/prijam-prvasa-os-stjepanaradica050925_26-300x200.jpg 300w, https:\/\/likemetkovic.hr\/portal\/wp-content\/uploads\/2025\/09\/prijam-prvasa-os-stjepanaradica050925_26-696x464.jpg 696w, https:\/\/likemetkovic.hr\/portal\/wp-content\/uploads\/2025\/09\/prijam-prvasa-os-stjepanaradica050925_26.jpg 800w\" sizes=\"(max-width: 630px) 100vw, 630px\" alt=\"\">\r\n                            <\/a>\r\n                            \r\n                        <\/figure>\r\n                    <\/div>\r\n                    <div class = \"td-slide-item td-item21\">\r\n                        <figure class=\"td-slide-galery-figure td-slide-popup-gallery\">\r\n                            <a class=\"slide-gallery-image-link\" href=\"https:\/\/likemetkovic.hr\/portal\/wp-content\/uploads\/2025\/09\/prijam-prvasa-os-stjepanaradica050925_27.jpg\" title=\"prijam-prvasa-os-stjepanaradica050925_27\"  data-caption=\"\"  data-description=\"\">\r\n                                <img decoding=\"async\" src=\"https:\/\/likemetkovic.hr\/portal\/wp-content\/uploads\/2025\/09\/prijam-prvasa-os-stjepanaradica050925_27-630x420.jpg\" srcset=\"https:\/\/likemetkovic.hr\/portal\/wp-content\/uploads\/2025\/09\/prijam-prvasa-os-stjepanaradica050925_27-630x420.jpg 630w, https:\/\/likemetkovic.hr\/portal\/wp-content\/uploads\/2025\/09\/prijam-prvasa-os-stjepanaradica050925_27-768x512.jpg 768w, https:\/\/likemetkovic.hr\/portal\/wp-content\/uploads\/2025\/09\/prijam-prvasa-os-stjepanaradica050925_27-150x100.jpg 150w, https:\/\/likemetkovic.hr\/portal\/wp-content\/uploads\/2025\/09\/prijam-prvasa-os-stjepanaradica050925_27-300x200.jpg 300w, https:\/\/likemetkovic.hr\/portal\/wp-content\/uploads\/2025\/09\/prijam-prvasa-os-stjepanaradica050925_27-696x464.jpg 696w, https:\/\/likemetkovic.hr\/portal\/wp-content\/uploads\/2025\/09\/prijam-prvasa-os-stjepanaradica050925_27.jpg 800w\" sizes=\"(max-width: 630px) 100vw, 630px\" alt=\"\">\r\n                            <\/a>\r\n                            \r\n                        <\/figure>\r\n                    <\/div>\r\n                    <div class = \"td-slide-item td-item22\">\r\n                        <figure class=\"td-slide-galery-figure td-slide-popup-gallery\">\r\n                            <a class=\"slide-gallery-image-link\" href=\"https:\/\/likemetkovic.hr\/portal\/wp-content\/uploads\/2025\/09\/prijam-prvasa-os-stjepanaradica050925_29.jpg\" title=\"prijam-prvasa-os-stjepanaradica050925_29\"  data-caption=\"\"  data-description=\"\">\r\n                                <img decoding=\"async\" src=\"https:\/\/likemetkovic.hr\/portal\/wp-content\/uploads\/2025\/09\/prijam-prvasa-os-stjepanaradica050925_29-630x420.jpg\" srcset=\"https:\/\/likemetkovic.hr\/portal\/wp-content\/uploads\/2025\/09\/prijam-prvasa-os-stjepanaradica050925_29-630x420.jpg 630w, https:\/\/likemetkovic.hr\/portal\/wp-content\/uploads\/2025\/09\/prijam-prvasa-os-stjepanaradica050925_29-768x512.jpg 768w, https:\/\/likemetkovic.hr\/portal\/wp-content\/uploads\/2025\/09\/prijam-prvasa-os-stjepanaradica050925_29-150x100.jpg 150w, https:\/\/likemetkovic.hr\/portal\/wp-content\/uploads\/2025\/09\/prijam-prvasa-os-stjepanaradica050925_29-300x200.jpg 300w, https:\/\/likemetkovic.hr\/portal\/wp-content\/uploads\/2025\/09\/prijam-prvasa-os-stjepanaradica050925_29-696x464.jpg 696w, https:\/\/likemetkovic.hr\/portal\/wp-content\/uploads\/2025\/09\/prijam-prvasa-os-stjepanaradica050925_29.jpg 800w\" sizes=\"(max-width: 630px) 100vw, 630px\" alt=\"\">\r\n                            <\/a>\r\n                            \r\n                        <\/figure>\r\n                    <\/div>\r\n                    <div class = \"td-slide-item td-item23\">\r\n                        <figure class=\"td-slide-galery-figure td-slide-popup-gallery\">\r\n                            <a class=\"slide-gallery-image-link\" href=\"https:\/\/likemetkovic.hr\/portal\/wp-content\/uploads\/2025\/09\/prijam-prvasa-os-stjepanaradica050925_30.jpg\" title=\"prijam-prvasa-os-stjepanaradica050925_30\"  data-caption=\"\"  data-description=\"\">\r\n                                <img decoding=\"async\" src=\"https:\/\/likemetkovic.hr\/portal\/wp-content\/uploads\/2025\/09\/prijam-prvasa-os-stjepanaradica050925_30-630x420.jpg\" srcset=\"https:\/\/likemetkovic.hr\/portal\/wp-content\/uploads\/2025\/09\/prijam-prvasa-os-stjepanaradica050925_30-630x420.jpg 630w, https:\/\/likemetkovic.hr\/portal\/wp-content\/uploads\/2025\/09\/prijam-prvasa-os-stjepanaradica050925_30-768x512.jpg 768w, https:\/\/likemetkovic.hr\/portal\/wp-content\/uploads\/2025\/09\/prijam-prvasa-os-stjepanaradica050925_30-150x100.jpg 150w, https:\/\/likemetkovic.hr\/portal\/wp-content\/uploads\/2025\/09\/prijam-prvasa-os-stjepanaradica050925_30-300x200.jpg 300w, https:\/\/likemetkovic.hr\/portal\/wp-content\/uploads\/2025\/09\/prijam-prvasa-os-stjepanaradica050925_30-696x464.jpg 696w, https:\/\/likemetkovic.hr\/portal\/wp-content\/uploads\/2025\/09\/prijam-prvasa-os-stjepanaradica050925_30.jpg 800w\" sizes=\"(max-width: 630px) 100vw, 630px\" alt=\"\">\r\n                            <\/a>\r\n                            \r\n                        <\/figure>\r\n                    <\/div>\r\n                    <div class = \"td-slide-item td-item24\">\r\n                        <figure class=\"td-slide-galery-figure td-slide-popup-gallery\">\r\n                            <a class=\"slide-gallery-image-link\" href=\"https:\/\/likemetkovic.hr\/portal\/wp-content\/uploads\/2025\/09\/prijam-prvasa-os-stjepanaradica050925_35.jpg\" title=\"prijam-prvasa-os-stjepanaradica050925_35\"  data-caption=\"\"  data-description=\"\">\r\n                                <img decoding=\"async\" src=\"https:\/\/likemetkovic.hr\/portal\/wp-content\/uploads\/2025\/09\/prijam-prvasa-os-stjepanaradica050925_35-630x420.jpg\" srcset=\"https:\/\/likemetkovic.hr\/portal\/wp-content\/uploads\/2025\/09\/prijam-prvasa-os-stjepanaradica050925_35-630x420.jpg 630w, https:\/\/likemetkovic.hr\/portal\/wp-content\/uploads\/2025\/09\/prijam-prvasa-os-stjepanaradica050925_35-768x512.jpg 768w, https:\/\/likemetkovic.hr\/portal\/wp-content\/uploads\/2025\/09\/prijam-prvasa-os-stjepanaradica050925_35-150x100.jpg 150w, https:\/\/likemetkovic.hr\/portal\/wp-content\/uploads\/2025\/09\/prijam-prvasa-os-stjepanaradica050925_35-300x200.jpg 300w, https:\/\/likemetkovic.hr\/portal\/wp-content\/uploads\/2025\/09\/prijam-prvasa-os-stjepanaradica050925_35-696x464.jpg 696w, https:\/\/likemetkovic.hr\/portal\/wp-content\/uploads\/2025\/09\/prijam-prvasa-os-stjepanaradica050925_35.jpg 800w\" sizes=\"(max-width: 630px) 100vw, 630px\" alt=\"\">\r\n                            <\/a>\r\n                            \r\n                        <\/figure>\r\n                    <\/div>\r\n                            <\/div>\r\n                        <\/div>\r\n\r\n                        <div class = \"td-doubleSlider-2\">\r\n                            <div class = \"td-slider\">\r\n                                \r\n                    <div class = \"td-button td-item1\">\r\n                        <div class = \"td-border\"><\/div>\r\n                    <\/div>\r\n                    <div class = \"td-button td-item2\">\r\n                        <div class = \"td-border\"><\/div>\r\n                    <\/div>\r\n                    <div class = \"td-button td-item3\">\r\n                        <div class = \"td-border\"><\/div>\r\n                    <\/div>\r\n                    <div class = \"td-button td-item4\">\r\n                        <div class = \"td-border\"><\/div>\r\n                    <\/div>\r\n                    <div class = \"td-button td-item5\">\r\n                        <div class = \"td-border\"><\/div>\r\n                    <\/div>\r\n                    <div class = \"td-button td-item6\">\r\n                        <div class = \"td-border\"><\/div>\r\n                    <\/div>\r\n                    <div class = \"td-button td-item7\">\r\n                        <div class = \"td-border\"><\/div>\r\n                    <\/div>\r\n                    <div class = \"td-button td-item8\">\r\n                        <div class = \"td-border\"><\/div>\r\n                    <\/div>\r\n                    <div class = \"td-button td-item9\">\r\n                        <div class = \"td-border\"><\/div>\r\n                    <\/div>\r\n                    <div class = \"td-button td-item10\">\r\n                        <div class = \"td-border\"><\/div>\r\n                    <\/div>\r\n                    <div class = \"td-button td-item11\">\r\n                        <div class = \"td-border\"><\/div>\r\n                    <\/div>\r\n                    <div class = \"td-button td-item12\">\r\n                        <div class = \"td-border\"><\/div>\r\n                    <\/div>\r\n                    <div class = \"td-button td-item13\">\r\n                        <div class = \"td-border\"><\/div>\r\n                    <\/div>\r\n                    <div class = \"td-button td-item14\">\r\n                        <div class = \"td-border\"><\/div>\r\n                    <\/div>\r\n                    <div class = \"td-button td-item15\">\r\n                        <div class = \"td-border\"><\/div>\r\n                    <\/div>\r\n                    <div class = \"td-button td-item16\">\r\n                        <div class = \"td-border\"><\/div>\r\n                    <\/div>\r\n                    <div class = \"td-button td-item17\">\r\n                        <div class = \"td-border\"><\/div>\r\n                    <\/div>\r\n                    <div class = \"td-button td-item18\">\r\n                        <div class = \"td-border\"><\/div>\r\n                    <\/div>\r\n                    <div class = \"td-button td-item19\">\r\n                        <div class = \"td-border\"><\/div>\r\n                    <\/div>\r\n                    <div class = \"td-button td-item20\">\r\n                        <div class = \"td-border\"><\/div>\r\n                    <\/div>\r\n                    <div class = \"td-button td-item21\">\r\n                        <div class = \"td-border\"><\/div>\r\n                    <\/div>\r\n                    <div class = \"td-button td-item22\">\r\n                        <div class = \"td-border\"><\/div>\r\n                    <\/div>\r\n                    <div class = \"td-button td-item23\">\r\n                        <div class = \"td-border\"><\/div>\r\n                    <\/div>\r\n                    <div class = \"td-button td-item24\">\r\n                        <div class = \"td-border\"><\/div>\r\n                    <\/div>\r\n                            <\/div>\r\n                        <\/div>\r\n\r\n                    <\/div>\r\n\r\n                <\/div>\r\n                \n","protected":false},"excerpt":{"rendered":"<p>U petak, 5. rujna 2025., u O\u0160 Stjepana Radi\u0107a &#8211; Metkovi\u0107 odr\u017ean je sve\u010dani program dobrodo\u0161lice za u\u010denike prvih razreda. Ove \u0161kolske godine upisano je 113 prva\u0161i\u0107a \u2013 111 u mati\u010dnu i 2 u podru\u010dnu \u0161kolu Bijeli Vir. Raspore\u0111eni su u \u0161est razrednih odjela koje \u0107e voditi u\u010diteljice: Darija \u0160utalo, An\u0111elka Medak, Ivana Popovi\u0107, Ivana [&hellip;]<\/p>\n","protected":false},"author":9,"featured_media":168721,"comment_status":"open","ping_status":"open","sticky":false,"template":"","format":"standard","meta":{"footnotes":""},"categories":[283,166],"tags":[11055],"class_list":{"0":"post-168707","1":"post","2":"type-post","3":"status-publish","4":"format-standard","5":"has-post-thumbnail","7":"category-a","8":"category-skolstvo","9":"tag-prijam-prvasa"},"yoast_head":"<!-- This site is optimized with the Yoast SEO plugin v25.2 - https:\/\/yoast.com\/wordpress\/plugins\/seo\/ -->\n<title>FOTO | Sve\u010dani prijam prva\u0161a u O\u0160 Stjepana Radi\u0107a - likemetkovic.hr<\/title>\n<meta name=\"robots\" content=\"index, follow, max-snippet:-1, max-image-preview:large, max-video-preview:-1\" \/>\n<link rel=\"canonical\" href=\"https:\/\/likemetkovic.hr\/portal\/foto-svecani-prijam-prvasa-u-os-stjepana-radica\/\" \/>\n<meta property=\"og:locale\" content=\"hr_HR\" \/>\n<meta property=\"og:type\" content=\"article\" \/>\n<meta property=\"og:title\" content=\"FOTO | Sve\u010dani prijam prva\u0161a u O\u0160 Stjepana Radi\u0107a - likemetkovic.hr\" \/>\n<meta property=\"og:description\" content=\"U petak, 5. rujna 2025., u O\u0160 Stjepana Radi\u0107a &#8211; Metkovi\u0107 odr\u017ean je sve\u010dani program dobrodo\u0161lice za u\u010denike prvih razreda. Ove \u0161kolske godine upisano je 113 prva\u0161i\u0107a \u2013 111 u mati\u010dnu i 2 u podru\u010dnu \u0161kolu Bijeli Vir. Raspore\u0111eni su u \u0161est razrednih odjela koje \u0107e voditi u\u010diteljice: Darija \u0160utalo, An\u0111elka Medak, Ivana Popovi\u0107, Ivana [&hellip;]\" \/>\n<meta property=\"og:url\" content=\"https:\/\/likemetkovic.hr\/portal\/foto-svecani-prijam-prvasa-u-os-stjepana-radica\/\" \/>\n<meta property=\"og:site_name\" content=\"likemetkovic.hr\" \/>\n<meta property=\"article:publisher\" content=\"https:\/\/www.facebook.com\/likemetkovic.hr\/\" \/>\n<meta property=\"article:published_time\" content=\"2025-09-05T10:15:38+00:00\" \/>\n<meta property=\"og:image\" content=\"https:\/\/likemetkovic.hr\/portal\/wp-content\/uploads\/2025\/09\/prijam-prvasa-os-stjepanaradica050925_18.jpg\" \/>\n\t<meta property=\"og:image:width\" content=\"800\" \/>\n\t<meta property=\"og:image:height\" content=\"533\" \/>\n\t<meta property=\"og:image:type\" content=\"image\/jpeg\" \/>\n<meta name=\"author\" content=\"K. J.\" \/>\n<meta name=\"twitter:card\" content=\"summary_large_image\" \/>\n<meta name=\"twitter:label1\" content=\"Napisao\/la\" \/>\n\t<meta name=\"twitter:data1\" content=\"K. J.\" \/>\n\t<meta name=\"twitter:label2\" content=\"Procijenjeno vrijeme \u010ditanja\" \/>\n\t<meta name=\"twitter:data2\" content=\"1 minuta\" \/>\n<script type=\"application\/ld+json\" class=\"yoast-schema-graph\">{\"@context\":\"https:\/\/schema.org\",\"@graph\":[{\"@type\":\"WebPage\",\"@id\":\"https:\/\/likemetkovic.hr\/portal\/foto-svecani-prijam-prvasa-u-os-stjepana-radica\/\",\"url\":\"https:\/\/likemetkovic.hr\/portal\/foto-svecani-prijam-prvasa-u-os-stjepana-radica\/\",\"name\":\"FOTO | Sve\u010dani prijam prva\u0161a u O\u0160 Stjepana Radi\u0107a - likemetkovic.hr\",\"isPartOf\":{\"@id\":\"https:\/\/likemetkovic.hr\/#website\"},\"primaryImageOfPage\":{\"@id\":\"https:\/\/likemetkovic.hr\/portal\/foto-svecani-prijam-prvasa-u-os-stjepana-radica\/#primaryimage\"},\"image\":{\"@id\":\"https:\/\/likemetkovic.hr\/portal\/foto-svecani-prijam-prvasa-u-os-stjepana-radica\/#primaryimage\"},\"thumbnailUrl\":\"https:\/\/likemetkovic.hr\/portal\/wp-content\/uploads\/2025\/09\/prijam-prvasa-os-stjepanaradica050925_18.jpg\",\"datePublished\":\"2025-09-05T10:15:38+00:00\",\"author\":{\"@id\":\"https:\/\/likemetkovic.hr\/#\/schema\/person\/0a8b4ebfdfe1ff01192dccda40c5da0c\"},\"breadcrumb\":{\"@id\":\"https:\/\/likemetkovic.hr\/portal\/foto-svecani-prijam-prvasa-u-os-stjepana-radica\/#breadcrumb\"},\"inLanguage\":\"hr\",\"potentialAction\":[{\"@type\":\"ReadAction\",\"target\":[\"https:\/\/likemetkovic.hr\/portal\/foto-svecani-prijam-prvasa-u-os-stjepana-radica\/\"]}]},{\"@type\":\"ImageObject\",\"inLanguage\":\"hr\",\"@id\":\"https:\/\/likemetkovic.hr\/portal\/foto-svecani-prijam-prvasa-u-os-stjepana-radica\/#primaryimage\",\"url\":\"https:\/\/likemetkovic.hr\/portal\/wp-content\/uploads\/2025\/09\/prijam-prvasa-os-stjepanaradica050925_18.jpg\",\"contentUrl\":\"https:\/\/likemetkovic.hr\/portal\/wp-content\/uploads\/2025\/09\/prijam-prvasa-os-stjepanaradica050925_18.jpg\",\"width\":800,\"height\":533},{\"@type\":\"BreadcrumbList\",\"@id\":\"https:\/\/likemetkovic.hr\/portal\/foto-svecani-prijam-prvasa-u-os-stjepana-radica\/#breadcrumb\",\"itemListElement\":[{\"@type\":\"ListItem\",\"position\":1,\"name\":\"Po\u010detna stranica\",\"item\":\"https:\/\/likemetkovic.hr\/portal\/\"},{\"@type\":\"ListItem\",\"position\":2,\"name\":\"FOTO | Sve\u010dani prijam prva\u0161a u O\u0160 Stjepana Radi\u0107a\"}]},{\"@type\":\"WebSite\",\"@id\":\"https:\/\/likemetkovic.hr\/#website\",\"url\":\"https:\/\/likemetkovic.hr\/\",\"name\":\"likemetkovic.hr\",\"description\":\"Misli pozitivno... \u010ditaj LIKE\",\"potentialAction\":[{\"@type\":\"SearchAction\",\"target\":{\"@type\":\"EntryPoint\",\"urlTemplate\":\"https:\/\/likemetkovic.hr\/?s={search_term_string}\"},\"query-input\":{\"@type\":\"PropertyValueSpecification\",\"valueRequired\":true,\"valueName\":\"search_term_string\"}}],\"inLanguage\":\"hr\"},{\"@type\":\"Person\",\"@id\":\"https:\/\/likemetkovic.hr\/#\/schema\/person\/0a8b4ebfdfe1ff01192dccda40c5da0c\",\"name\":\"K. J.\",\"url\":\"https:\/\/likemetkovic.hr\/portal\/author\/likemetkovic\/\"}]}<\/script>\n<!-- \/ Yoast SEO plugin. -->","yoast_head_json":{"title":"FOTO | Sve\u010dani prijam prva\u0161a u O\u0160 Stjepana Radi\u0107a - likemetkovic.hr","robots":{"index":"index","follow":"follow","max-snippet":"max-snippet:-1","max-image-preview":"max-image-preview:large","max-video-preview":"max-video-preview:-1"},"canonical":"https:\/\/likemetkovic.hr\/portal\/foto-svecani-prijam-prvasa-u-os-stjepana-radica\/","og_locale":"hr_HR","og_type":"article","og_title":"FOTO | Sve\u010dani prijam prva\u0161a u O\u0160 Stjepana Radi\u0107a - likemetkovic.hr","og_description":"U petak, 5. rujna 2025., u O\u0160 Stjepana Radi\u0107a &#8211; Metkovi\u0107 odr\u017ean je sve\u010dani program dobrodo\u0161lice za u\u010denike prvih razreda. Ove \u0161kolske godine upisano je 113 prva\u0161i\u0107a \u2013 111 u mati\u010dnu i 2 u podru\u010dnu \u0161kolu Bijeli Vir. Raspore\u0111eni su u \u0161est razrednih odjela koje \u0107e voditi u\u010diteljice: Darija \u0160utalo, An\u0111elka Medak, Ivana Popovi\u0107, Ivana [&hellip;]","og_url":"https:\/\/likemetkovic.hr\/portal\/foto-svecani-prijam-prvasa-u-os-stjepana-radica\/","og_site_name":"likemetkovic.hr","article_publisher":"https:\/\/www.facebook.com\/likemetkovic.hr\/","article_published_time":"2025-09-05T10:15:38+00:00","og_image":[{"width":800,"height":533,"url":"https:\/\/likemetkovic.hr\/portal\/wp-content\/uploads\/2025\/09\/prijam-prvasa-os-stjepanaradica050925_18.jpg","type":"image\/jpeg"}],"author":"K. J.","twitter_card":"summary_large_image","twitter_misc":{"Napisao\/la":"K. J.","Procijenjeno vrijeme \u010ditanja":"1 minuta"},"schema":{"@context":"https:\/\/schema.org","@graph":[{"@type":"WebPage","@id":"https:\/\/likemetkovic.hr\/portal\/foto-svecani-prijam-prvasa-u-os-stjepana-radica\/","url":"https:\/\/likemetkovic.hr\/portal\/foto-svecani-prijam-prvasa-u-os-stjepana-radica\/","name":"FOTO | Sve\u010dani prijam prva\u0161a u O\u0160 Stjepana Radi\u0107a - likemetkovic.hr","isPartOf":{"@id":"https:\/\/likemetkovic.hr\/#website"},"primaryImageOfPage":{"@id":"https:\/\/likemetkovic.hr\/portal\/foto-svecani-prijam-prvasa-u-os-stjepana-radica\/#primaryimage"},"image":{"@id":"https:\/\/likemetkovic.hr\/portal\/foto-svecani-prijam-prvasa-u-os-stjepana-radica\/#primaryimage"},"thumbnailUrl":"https:\/\/likemetkovic.hr\/portal\/wp-content\/uploads\/2025\/09\/prijam-prvasa-os-stjepanaradica050925_18.jpg","datePublished":"2025-09-05T10:15:38+00:00","author":{"@id":"https:\/\/likemetkovic.hr\/#\/schema\/person\/0a8b4ebfdfe1ff01192dccda40c5da0c"},"breadcrumb":{"@id":"https:\/\/likemetkovic.hr\/portal\/foto-svecani-prijam-prvasa-u-os-stjepana-radica\/#breadcrumb"},"inLanguage":"hr","potentialAction":[{"@type":"ReadAction","target":["https:\/\/likemetkovic.hr\/portal\/foto-svecani-prijam-prvasa-u-os-stjepana-radica\/"]}]},{"@type":"ImageObject","inLanguage":"hr","@id":"https:\/\/likemetkovic.hr\/portal\/foto-svecani-prijam-prvasa-u-os-stjepana-radica\/#primaryimage","url":"https:\/\/likemetkovic.hr\/portal\/wp-content\/uploads\/2025\/09\/prijam-prvasa-os-stjepanaradica050925_18.jpg","contentUrl":"https:\/\/likemetkovic.hr\/portal\/wp-content\/uploads\/2025\/09\/prijam-prvasa-os-stjepanaradica050925_18.jpg","width":800,"height":533},{"@type":"BreadcrumbList","@id":"https:\/\/likemetkovic.hr\/portal\/foto-svecani-prijam-prvasa-u-os-stjepana-radica\/#breadcrumb","itemListElement":[{"@type":"ListItem","position":1,"name":"Po\u010detna stranica","item":"https:\/\/likemetkovic.hr\/portal\/"},{"@type":"ListItem","position":2,"name":"FOTO | Sve\u010dani prijam prva\u0161a u O\u0160 Stjepana Radi\u0107a"}]},{"@type":"WebSite","@id":"https:\/\/likemetkovic.hr\/#website","url":"https:\/\/likemetkovic.hr\/","name":"likemetkovic.hr","description":"Misli pozitivno... \u010ditaj LIKE","potentialAction":[{"@type":"SearchAction","target":{"@type":"EntryPoint","urlTemplate":"https:\/\/likemetkovic.hr\/?s={search_term_string}"},"query-input":{"@type":"PropertyValueSpecification","valueRequired":true,"valueName":"search_term_string"}}],"inLanguage":"hr"},{"@type":"Person","@id":"https:\/\/likemetkovic.hr\/#\/schema\/person\/0a8b4ebfdfe1ff01192dccda40c5da0c","name":"K. J.","url":"https:\/\/likemetkovic.hr\/portal\/author\/likemetkovic\/"}]}},"_links":{"self":[{"href":"https:\/\/likemetkovic.hr\/portal\/wp-json\/wp\/v2\/posts\/168707","targetHints":{"allow":["GET"]}}],"collection":[{"href":"https:\/\/likemetkovic.hr\/portal\/wp-json\/wp\/v2\/posts"}],"about":[{"href":"https:\/\/likemetkovic.hr\/portal\/wp-json\/wp\/v2\/types\/post"}],"author":[{"embeddable":true,"href":"https:\/\/likemetkovic.hr\/portal\/wp-json\/wp\/v2\/users\/9"}],"replies":[{"embeddable":true,"href":"https:\/\/likemetkovic.hr\/portal\/wp-json\/wp\/v2\/comments?post=168707"}],"version-history":[{"count":1,"href":"https:\/\/likemetkovic.hr\/portal\/wp-json\/wp\/v2\/posts\/168707\/revisions"}],"predecessor-version":[{"id":168732,"href":"https:\/\/likemetkovic.hr\/portal\/wp-json\/wp\/v2\/posts\/168707\/revisions\/168732"}],"wp:featuredmedia":[{"embeddable":true,"href":"https:\/\/likemetkovic.hr\/portal\/wp-json\/wp\/v2\/media\/168721"}],"wp:attachment":[{"href":"https:\/\/likemetkovic.hr\/portal\/wp-json\/wp\/v2\/media?parent=168707"}],"wp:term":[{"taxonomy":"category","embeddable":true,"href":"https:\/\/likemetkovic.hr\/portal\/wp-json\/wp\/v2\/categories?post=168707"},{"taxonomy":"post_tag","embeddable":true,"href":"https:\/\/likemetkovic.hr\/portal\/wp-json\/wp\/v2\/tags?post=168707"}],"curies":[{"name":"wp","href":"https:\/\/api.w.org\/{rel}","templated":true}]}}