{"id":168999,"date":"2025-09-20T11:55:34","date_gmt":"2025-09-20T09:55:34","guid":{"rendered":"https:\/\/likemetkovic.hr\/portal\/?p=168999"},"modified":"2025-09-20T11:56:46","modified_gmt":"2025-09-20T09:56:46","slug":"mladi-talenti-modesta-falak-i-noa-antunovic-svrstane-medu-najbolje-fotografe","status":"publish","type":"post","link":"https:\/\/likemetkovic.hr\/portal\/mladi-talenti-modesta-falak-i-noa-antunovic-svrstane-medu-najbolje-fotografe\/","title":{"rendered":"MLADI TALENTI Modesta Falak i Noa Antunovi\u0107 svrstane me\u0111u najbolje fotografe"},"content":{"rendered":"<p style=\"font-weight: 400;\">Modesta Falak, 4.b i Noa Antunovi\u0107, 2.c, u\u010denice Gimnazije Metkovi\u0107, autorice su fotografija uvr\u0161tenih me\u0111u 20 najboljih koje su predstavljene na izlo\u017ebi projekta \u201ePonos Domovine\u201c u Velikoj Gorici.<\/p>\n<p style=\"font-weight: 400;\">Modestina fotografija\u00a0<strong>\u201eLjulja\u010dka izme\u0111u svjetova\u201c<\/strong>\u00a0prikazuje spoj ratne ru\u0161evine i suvremene umjetnosti \u2013 instalacije i murala \u2013 kao simbol kontrasta izme\u0111u destrukcije i kreativnosti, pro\u0161losti i sada\u0161njosti.\u00a0Kao da \u0161apu\u0107e: izme\u0111u svjetova, na konopcima nade, jo\u0161 se ljulja \u010dovjek.<\/p>\n<p style=\"font-weight: 400;\">Mali putnik na Noinoj fotografiji\u00a0<strong>\u201ePlovidba\u201c\u00a0<\/strong>poru\u010duje: usudite se otisnuti, krenite, hrabro i s povjerenjem&#8230;<\/p>\n<p style=\"font-weight: 400;\"><img decoding=\"async\" class=\"alignnone size-full wp-image-169001\" src=\"https:\/\/likemetkovic.hr\/portal\/wp-content\/uploads\/2025\/09\/fotografije-natjecaj.jpg\" alt=\"\" width=\"800\" height=\"440\" srcset=\"https:\/\/likemetkovic.hr\/portal\/wp-content\/uploads\/2025\/09\/fotografije-natjecaj.jpg 800w, https:\/\/likemetkovic.hr\/portal\/wp-content\/uploads\/2025\/09\/fotografije-natjecaj-768x422.jpg 768w, https:\/\/likemetkovic.hr\/portal\/wp-content\/uploads\/2025\/09\/fotografije-natjecaj-764x420.jpg 764w, https:\/\/likemetkovic.hr\/portal\/wp-content\/uploads\/2025\/09\/fotografije-natjecaj-150x83.jpg 150w, https:\/\/likemetkovic.hr\/portal\/wp-content\/uploads\/2025\/09\/fotografije-natjecaj-300x165.jpg 300w, https:\/\/likemetkovic.hr\/portal\/wp-content\/uploads\/2025\/09\/fotografije-natjecaj-696x383.jpg 696w\" sizes=\"(max-width: 800px) 100vw, 800px\" \/><\/p>\n<p style=\"font-weight: 400;\">Ina\u010de, temaljna ideja projekta je promicanje domoljubnih i drugih pozitivnih vrijednosti me\u0111u mladim nara\u0161tajima.<\/p>\n<p><img decoding=\"async\" class=\"alignnone size-full wp-image-169000\" src=\"https:\/\/likemetkovic.hr\/portal\/wp-content\/uploads\/2025\/09\/fotonatjecaj-gimnazija.jpg\" alt=\"\" width=\"800\" height=\"440\" srcset=\"https:\/\/likemetkovic.hr\/portal\/wp-content\/uploads\/2025\/09\/fotonatjecaj-gimnazija.jpg 800w, https:\/\/likemetkovic.hr\/portal\/wp-content\/uploads\/2025\/09\/fotonatjecaj-gimnazija-768x422.jpg 768w, https:\/\/likemetkovic.hr\/portal\/wp-content\/uploads\/2025\/09\/fotonatjecaj-gimnazija-764x420.jpg 764w, https:\/\/likemetkovic.hr\/portal\/wp-content\/uploads\/2025\/09\/fotonatjecaj-gimnazija-150x83.jpg 150w, https:\/\/likemetkovic.hr\/portal\/wp-content\/uploads\/2025\/09\/fotonatjecaj-gimnazija-300x165.jpg 300w, https:\/\/likemetkovic.hr\/portal\/wp-content\/uploads\/2025\/09\/fotonatjecaj-gimnazija-696x383.jpg 696w\" sizes=\"(max-width: 800px) 100vw, 800px\" \/><\/p>\n<p style=\"font-weight: 400;\">Udruga \u201ePonos Domovine\u201c zala\u017ee se za to da mladi ne ostanu samo nijemi promatra\u010di. \u017deli ih potaknuti da otvore svoje o\u010di za neispisane pri\u010de u kamenu, rijeci, osmijehu \u2013 da primjete ljepotu koja se \u010dini skrivena, ali je tu, oko nas. Kroz svoje projekte i natje\u010daje poti\u010de mlade da se pove\u017eu sa svojim okru\u017eenjem, da osjete zahvalnost prema svom naslje\u0111u te da razviju ljubav prema Domovini u kojoj \u017eive. Ljepota koju prepoznajemo oko sebe postaje snaga koja nas oblikuje iznutra.<\/p>\n<p style=\"font-weight: 400;\">Sve aktualnosti i nove natje\u010daje pratite na <a href=\"https:\/\/www.ponos-domovine.hr\/\" data-saferedirecturl=\"https:\/\/www.google.com\/url?q=https:\/\/www.ponos-domovine.hr\/&amp;source=gmail&amp;ust=1758447592517000&amp;usg=AOvVaw3tyvUJ5g-zsNNAGY79xrSC\">www.ponos-domovine.hr<\/a>.<\/p>\n","protected":false},"excerpt":{"rendered":"<p>Modesta Falak, 4.b i Noa Antunovi\u0107, 2.c, u\u010denice Gimnazije Metkovi\u0107, autorice su fotografija uvr\u0161tenih me\u0111u 20 najboljih koje su predstavljene na izlo\u017ebi projekta \u201ePonos Domovine\u201c u Velikoj Gorici. Modestina fotografija\u00a0\u201eLjulja\u010dka izme\u0111u svjetova\u201c\u00a0prikazuje spoj ratne ru\u0161evine i suvremene umjetnosti \u2013 instalacije i murala \u2013 kao simbol kontrasta izme\u0111u destrukcije i kreativnosti, pro\u0161losti i sada\u0161njosti.\u00a0Kao da \u0161apu\u0107e: [&hellip;]<\/p>\n","protected":false},"author":9,"featured_media":169000,"comment_status":"open","ping_status":"open","sticky":false,"template":"","format":"standard","meta":{"footnotes":""},"categories":[283,166],"tags":[2636,332,11403],"class_list":{"0":"post-168999","1":"post","2":"type-post","3":"status-publish","4":"format-standard","5":"has-post-thumbnail","7":"category-a","8":"category-skolstvo","9":"tag-fotonatjecaj","10":"tag-gimnazija-metkovic","11":"tag-ponos-hrvatske"},"yoast_head":"<!-- This site is optimized with the Yoast SEO plugin v25.2 - https:\/\/yoast.com\/wordpress\/plugins\/seo\/ -->\n<title>MLADI TALENTI Modesta Falak i Noa Antunovi\u0107 svrstane me\u0111u najbolje fotografe - likemetkovic.hr<\/title>\n<meta name=\"robots\" content=\"index, follow, max-snippet:-1, max-image-preview:large, max-video-preview:-1\" \/>\n<link rel=\"canonical\" href=\"https:\/\/likemetkovic.hr\/portal\/mladi-talenti-modesta-falak-i-noa-antunovic-svrstane-medu-najbolje-fotografe\/\" \/>\n<meta property=\"og:locale\" content=\"hr_HR\" \/>\n<meta property=\"og:type\" content=\"article\" \/>\n<meta property=\"og:title\" content=\"MLADI TALENTI Modesta Falak i Noa Antunovi\u0107 svrstane me\u0111u najbolje fotografe - likemetkovic.hr\" \/>\n<meta property=\"og:description\" content=\"Modesta Falak, 4.b i Noa Antunovi\u0107, 2.c, u\u010denice Gimnazije Metkovi\u0107, autorice su fotografija uvr\u0161tenih me\u0111u 20 najboljih koje su predstavljene na izlo\u017ebi projekta \u201ePonos Domovine\u201c u Velikoj Gorici. Modestina fotografija\u00a0\u201eLjulja\u010dka izme\u0111u svjetova\u201c\u00a0prikazuje spoj ratne ru\u0161evine i suvremene umjetnosti \u2013 instalacije i murala \u2013 kao simbol kontrasta izme\u0111u destrukcije i kreativnosti, pro\u0161losti i sada\u0161njosti.\u00a0Kao da \u0161apu\u0107e: [&hellip;]\" \/>\n<meta property=\"og:url\" content=\"https:\/\/likemetkovic.hr\/portal\/mladi-talenti-modesta-falak-i-noa-antunovic-svrstane-medu-najbolje-fotografe\/\" \/>\n<meta property=\"og:site_name\" content=\"likemetkovic.hr\" \/>\n<meta property=\"article:publisher\" content=\"https:\/\/www.facebook.com\/likemetkovic.hr\/\" \/>\n<meta property=\"article:published_time\" content=\"2025-09-20T09:55:34+00:00\" \/>\n<meta property=\"article:modified_time\" content=\"2025-09-20T09:56:46+00:00\" \/>\n<meta property=\"og:image\" content=\"https:\/\/likemetkovic.hr\/portal\/wp-content\/uploads\/2025\/09\/fotonatjecaj-gimnazija.jpg\" \/>\n\t<meta property=\"og:image:width\" content=\"800\" \/>\n\t<meta property=\"og:image:height\" content=\"440\" \/>\n\t<meta property=\"og:image:type\" content=\"image\/jpeg\" \/>\n<meta name=\"author\" content=\"K. J.\" \/>\n<meta name=\"twitter:card\" content=\"summary_large_image\" \/>\n<meta name=\"twitter:label1\" content=\"Napisao\/la\" \/>\n\t<meta name=\"twitter:data1\" content=\"K. J.\" \/>\n\t<meta name=\"twitter:label2\" content=\"Procijenjeno vrijeme \u010ditanja\" \/>\n\t<meta name=\"twitter:data2\" content=\"2 minute\" \/>\n<script type=\"application\/ld+json\" class=\"yoast-schema-graph\">{\"@context\":\"https:\/\/schema.org\",\"@graph\":[{\"@type\":\"WebPage\",\"@id\":\"https:\/\/likemetkovic.hr\/portal\/mladi-talenti-modesta-falak-i-noa-antunovic-svrstane-medu-najbolje-fotografe\/\",\"url\":\"https:\/\/likemetkovic.hr\/portal\/mladi-talenti-modesta-falak-i-noa-antunovic-svrstane-medu-najbolje-fotografe\/\",\"name\":\"MLADI TALENTI Modesta Falak i Noa Antunovi\u0107 svrstane me\u0111u najbolje fotografe - likemetkovic.hr\",\"isPartOf\":{\"@id\":\"https:\/\/likemetkovic.hr\/#website\"},\"primaryImageOfPage\":{\"@id\":\"https:\/\/likemetkovic.hr\/portal\/mladi-talenti-modesta-falak-i-noa-antunovic-svrstane-medu-najbolje-fotografe\/#primaryimage\"},\"image\":{\"@id\":\"https:\/\/likemetkovic.hr\/portal\/mladi-talenti-modesta-falak-i-noa-antunovic-svrstane-medu-najbolje-fotografe\/#primaryimage\"},\"thumbnailUrl\":\"https:\/\/likemetkovic.hr\/portal\/wp-content\/uploads\/2025\/09\/fotonatjecaj-gimnazija.jpg\",\"datePublished\":\"2025-09-20T09:55:34+00:00\",\"dateModified\":\"2025-09-20T09:56:46+00:00\",\"author\":{\"@id\":\"https:\/\/likemetkovic.hr\/#\/schema\/person\/0a8b4ebfdfe1ff01192dccda40c5da0c\"},\"breadcrumb\":{\"@id\":\"https:\/\/likemetkovic.hr\/portal\/mladi-talenti-modesta-falak-i-noa-antunovic-svrstane-medu-najbolje-fotografe\/#breadcrumb\"},\"inLanguage\":\"hr\",\"potentialAction\":[{\"@type\":\"ReadAction\",\"target\":[\"https:\/\/likemetkovic.hr\/portal\/mladi-talenti-modesta-falak-i-noa-antunovic-svrstane-medu-najbolje-fotografe\/\"]}]},{\"@type\":\"ImageObject\",\"inLanguage\":\"hr\",\"@id\":\"https:\/\/likemetkovic.hr\/portal\/mladi-talenti-modesta-falak-i-noa-antunovic-svrstane-medu-najbolje-fotografe\/#primaryimage\",\"url\":\"https:\/\/likemetkovic.hr\/portal\/wp-content\/uploads\/2025\/09\/fotonatjecaj-gimnazija.jpg\",\"contentUrl\":\"https:\/\/likemetkovic.hr\/portal\/wp-content\/uploads\/2025\/09\/fotonatjecaj-gimnazija.jpg\",\"width\":800,\"height\":440},{\"@type\":\"BreadcrumbList\",\"@id\":\"https:\/\/likemetkovic.hr\/portal\/mladi-talenti-modesta-falak-i-noa-antunovic-svrstane-medu-najbolje-fotografe\/#breadcrumb\",\"itemListElement\":[{\"@type\":\"ListItem\",\"position\":1,\"name\":\"Po\u010detna stranica\",\"item\":\"https:\/\/likemetkovic.hr\/portal\/\"},{\"@type\":\"ListItem\",\"position\":2,\"name\":\"MLADI TALENTI Modesta Falak i Noa Antunovi\u0107 svrstane me\u0111u najbolje fotografe\"}]},{\"@type\":\"WebSite\",\"@id\":\"https:\/\/likemetkovic.hr\/#website\",\"url\":\"https:\/\/likemetkovic.hr\/\",\"name\":\"likemetkovic.hr\",\"description\":\"Misli pozitivno... \u010ditaj LIKE\",\"potentialAction\":[{\"@type\":\"SearchAction\",\"target\":{\"@type\":\"EntryPoint\",\"urlTemplate\":\"https:\/\/likemetkovic.hr\/?s={search_term_string}\"},\"query-input\":{\"@type\":\"PropertyValueSpecification\",\"valueRequired\":true,\"valueName\":\"search_term_string\"}}],\"inLanguage\":\"hr\"},{\"@type\":\"Person\",\"@id\":\"https:\/\/likemetkovic.hr\/#\/schema\/person\/0a8b4ebfdfe1ff01192dccda40c5da0c\",\"name\":\"K. J.\",\"url\":\"https:\/\/likemetkovic.hr\/portal\/author\/likemetkovic\/\"}]}<\/script>\n<!-- \/ Yoast SEO plugin. -->","yoast_head_json":{"title":"MLADI TALENTI Modesta Falak i Noa Antunovi\u0107 svrstane me\u0111u najbolje fotografe - likemetkovic.hr","robots":{"index":"index","follow":"follow","max-snippet":"max-snippet:-1","max-image-preview":"max-image-preview:large","max-video-preview":"max-video-preview:-1"},"canonical":"https:\/\/likemetkovic.hr\/portal\/mladi-talenti-modesta-falak-i-noa-antunovic-svrstane-medu-najbolje-fotografe\/","og_locale":"hr_HR","og_type":"article","og_title":"MLADI TALENTI Modesta Falak i Noa Antunovi\u0107 svrstane me\u0111u najbolje fotografe - likemetkovic.hr","og_description":"Modesta Falak, 4.b i Noa Antunovi\u0107, 2.c, u\u010denice Gimnazije Metkovi\u0107, autorice su fotografija uvr\u0161tenih me\u0111u 20 najboljih koje su predstavljene na izlo\u017ebi projekta \u201ePonos Domovine\u201c u Velikoj Gorici. Modestina fotografija\u00a0\u201eLjulja\u010dka izme\u0111u svjetova\u201c\u00a0prikazuje spoj ratne ru\u0161evine i suvremene umjetnosti \u2013 instalacije i murala \u2013 kao simbol kontrasta izme\u0111u destrukcije i kreativnosti, pro\u0161losti i sada\u0161njosti.\u00a0Kao da \u0161apu\u0107e: [&hellip;]","og_url":"https:\/\/likemetkovic.hr\/portal\/mladi-talenti-modesta-falak-i-noa-antunovic-svrstane-medu-najbolje-fotografe\/","og_site_name":"likemetkovic.hr","article_publisher":"https:\/\/www.facebook.com\/likemetkovic.hr\/","article_published_time":"2025-09-20T09:55:34+00:00","article_modified_time":"2025-09-20T09:56:46+00:00","og_image":[{"width":800,"height":440,"url":"https:\/\/likemetkovic.hr\/portal\/wp-content\/uploads\/2025\/09\/fotonatjecaj-gimnazija.jpg","type":"image\/jpeg"}],"author":"K. J.","twitter_card":"summary_large_image","twitter_misc":{"Napisao\/la":"K. J.","Procijenjeno vrijeme \u010ditanja":"2 minute"},"schema":{"@context":"https:\/\/schema.org","@graph":[{"@type":"WebPage","@id":"https:\/\/likemetkovic.hr\/portal\/mladi-talenti-modesta-falak-i-noa-antunovic-svrstane-medu-najbolje-fotografe\/","url":"https:\/\/likemetkovic.hr\/portal\/mladi-talenti-modesta-falak-i-noa-antunovic-svrstane-medu-najbolje-fotografe\/","name":"MLADI TALENTI Modesta Falak i Noa Antunovi\u0107 svrstane me\u0111u najbolje fotografe - likemetkovic.hr","isPartOf":{"@id":"https:\/\/likemetkovic.hr\/#website"},"primaryImageOfPage":{"@id":"https:\/\/likemetkovic.hr\/portal\/mladi-talenti-modesta-falak-i-noa-antunovic-svrstane-medu-najbolje-fotografe\/#primaryimage"},"image":{"@id":"https:\/\/likemetkovic.hr\/portal\/mladi-talenti-modesta-falak-i-noa-antunovic-svrstane-medu-najbolje-fotografe\/#primaryimage"},"thumbnailUrl":"https:\/\/likemetkovic.hr\/portal\/wp-content\/uploads\/2025\/09\/fotonatjecaj-gimnazija.jpg","datePublished":"2025-09-20T09:55:34+00:00","dateModified":"2025-09-20T09:56:46+00:00","author":{"@id":"https:\/\/likemetkovic.hr\/#\/schema\/person\/0a8b4ebfdfe1ff01192dccda40c5da0c"},"breadcrumb":{"@id":"https:\/\/likemetkovic.hr\/portal\/mladi-talenti-modesta-falak-i-noa-antunovic-svrstane-medu-najbolje-fotografe\/#breadcrumb"},"inLanguage":"hr","potentialAction":[{"@type":"ReadAction","target":["https:\/\/likemetkovic.hr\/portal\/mladi-talenti-modesta-falak-i-noa-antunovic-svrstane-medu-najbolje-fotografe\/"]}]},{"@type":"ImageObject","inLanguage":"hr","@id":"https:\/\/likemetkovic.hr\/portal\/mladi-talenti-modesta-falak-i-noa-antunovic-svrstane-medu-najbolje-fotografe\/#primaryimage","url":"https:\/\/likemetkovic.hr\/portal\/wp-content\/uploads\/2025\/09\/fotonatjecaj-gimnazija.jpg","contentUrl":"https:\/\/likemetkovic.hr\/portal\/wp-content\/uploads\/2025\/09\/fotonatjecaj-gimnazija.jpg","width":800,"height":440},{"@type":"BreadcrumbList","@id":"https:\/\/likemetkovic.hr\/portal\/mladi-talenti-modesta-falak-i-noa-antunovic-svrstane-medu-najbolje-fotografe\/#breadcrumb","itemListElement":[{"@type":"ListItem","position":1,"name":"Po\u010detna stranica","item":"https:\/\/likemetkovic.hr\/portal\/"},{"@type":"ListItem","position":2,"name":"MLADI TALENTI Modesta Falak i Noa Antunovi\u0107 svrstane me\u0111u najbolje fotografe"}]},{"@type":"WebSite","@id":"https:\/\/likemetkovic.hr\/#website","url":"https:\/\/likemetkovic.hr\/","name":"likemetkovic.hr","description":"Misli pozitivno... \u010ditaj LIKE","potentialAction":[{"@type":"SearchAction","target":{"@type":"EntryPoint","urlTemplate":"https:\/\/likemetkovic.hr\/?s={search_term_string}"},"query-input":{"@type":"PropertyValueSpecification","valueRequired":true,"valueName":"search_term_string"}}],"inLanguage":"hr"},{"@type":"Person","@id":"https:\/\/likemetkovic.hr\/#\/schema\/person\/0a8b4ebfdfe1ff01192dccda40c5da0c","name":"K. J.","url":"https:\/\/likemetkovic.hr\/portal\/author\/likemetkovic\/"}]}},"_links":{"self":[{"href":"https:\/\/likemetkovic.hr\/portal\/wp-json\/wp\/v2\/posts\/168999","targetHints":{"allow":["GET"]}}],"collection":[{"href":"https:\/\/likemetkovic.hr\/portal\/wp-json\/wp\/v2\/posts"}],"about":[{"href":"https:\/\/likemetkovic.hr\/portal\/wp-json\/wp\/v2\/types\/post"}],"author":[{"embeddable":true,"href":"https:\/\/likemetkovic.hr\/portal\/wp-json\/wp\/v2\/users\/9"}],"replies":[{"embeddable":true,"href":"https:\/\/likemetkovic.hr\/portal\/wp-json\/wp\/v2\/comments?post=168999"}],"version-history":[{"count":2,"href":"https:\/\/likemetkovic.hr\/portal\/wp-json\/wp\/v2\/posts\/168999\/revisions"}],"predecessor-version":[{"id":169003,"href":"https:\/\/likemetkovic.hr\/portal\/wp-json\/wp\/v2\/posts\/168999\/revisions\/169003"}],"wp:featuredmedia":[{"embeddable":true,"href":"https:\/\/likemetkovic.hr\/portal\/wp-json\/wp\/v2\/media\/169000"}],"wp:attachment":[{"href":"https:\/\/likemetkovic.hr\/portal\/wp-json\/wp\/v2\/media?parent=168999"}],"wp:term":[{"taxonomy":"category","embeddable":true,"href":"https:\/\/likemetkovic.hr\/portal\/wp-json\/wp\/v2\/categories?post=168999"},{"taxonomy":"post_tag","embeddable":true,"href":"https:\/\/likemetkovic.hr\/portal\/wp-json\/wp\/v2\/tags?post=168999"}],"curies":[{"name":"wp","href":"https:\/\/api.w.org\/{rel}","templated":true}]}}