{"id":169204,"date":"2025-09-30T08:48:09","date_gmt":"2025-09-30T06:48:09","guid":{"rendered":"https:\/\/likemetkovic.hr\/portal\/?p=169204"},"modified":"2025-09-30T08:48:09","modified_gmt":"2025-09-30T06:48:09","slug":"preporuka-ministarstva-pripremite-se-berba-maslina-bi-trebala-ove-godine-ranije-poceti","status":"publish","type":"post","link":"https:\/\/likemetkovic.hr\/portal\/preporuka-ministarstva-pripremite-se-berba-maslina-bi-trebala-ove-godine-ranije-poceti\/","title":{"rendered":"Preporuka Ministarstva: Pripremite se, berba maslina bi trebala ove godine ranije po\u010deti!"},"content":{"rendered":"<p>Ministarstvo poljoprivrede, Uprava za stru\u010dnu podr\u0161ku razvoju poljoprivrede i ribarstva (dalje: Uprava za stru\u010dnu podr\u0161ku) i njezini slu\u017ebenici na terenu nastavljaju s provedbom projekta \u201eOdre\u0111ivanje tehnolo\u0161ke zrelosti maslina u njihovom podru\u010dju uzgoja\u201c, koji se po\u010deo provoditi 2018. godine uo\u010di berbe maslina, s ciljem davanja preporuka maslinarima za pravovremenu berbu. Na svojim stranicama objavili su tre\u0107u preporuku maslinarima:<\/p>\n<p>\u2013 Pala je ve\u0107a koli\u010dina ki\u0161e, a i u narednih nekoliko dana o\u010dekuje se jo\u0161 ne\u0161to padalina ali ni\u0161ta zna\u010dajno, maslina \u0107e se nakupiti maksimalno sa vodom i kroz idu\u0107ih 10 \u2013 14 dana uz povoljnije vremenske uvjete, o\u010dekuje se postepeno su\u0161enje ploda a rezultat \u0107e biti postepeno pove\u0107anje randmana u uljarama koje \u0107e se uskoro po\u010deti otvarati.<\/p>\n<p>Ono \u0161to je i dalje vidljivo a prema rezultatima laboratorijske analize i iskustvom mjerenja godina u nazad, berba sorte masline oblica mogla bi biti ranije nego ina\u010de. To zna\u010di da \u0107e maslinari umjesto uobi\u010dajenih termina od 20. listopada do 10. studenog, svoju berbu zapo\u010deti preporu\u010damo ve\u0107 po\u010detkom listopada mjeseca, javlja\u00a0<a href=\"https:\/\/maslina.slobodnadalmacija.hr\/maslina\/novosti\/stigla-je-treca-preporuka-ministarstva-pripremite-se-berba-bi-trebala-ove-godine-ranije-poceti-1506342\" target=\"_blank\" rel=\"noopener\">Slobodna Dalmacija.<\/a><\/p>\n<p>Osim ove preporuke o berbi sorte masline oblica s po\u010detkom listopada, preporuka je da maslinari provode ekolo\u0161ku ili konvencionalnu za\u0161titu protiv maslinove muhe koja \u0107e u narednim tjednima raditi veliku \u0161tetu u maslinicima diljem maslinarskog uzgojnog podru\u010dja RH, onima koji to ne\u0107e provoditi.<\/p>\n<p>U prilo\u017eenoj Tablici 3. za teku\u0107u 2025 godinu maslinari trebaju pratiti dva osnovna parametra prinosa i kvalitete masline kojim \u0107e odlu\u010diti kada je optimalan termin za berbu. To su: ulje u suhoj tvari i te\u017eina ploda masline. Sve dok vrijednost ulja u suhoj tvari raste, znak je da maslina stvara ulje u biljnoj stanici, a pri tome ga i harmonizira (u okusima i mirisima). Dok se stvara ulje maslina nije za brati. \u2013 stoji u priop\u0107enju dipl. ing. Tomislava Filipovi\u0107a.<\/p>\n<p>Tablice mo\u017eete prona\u0107i\u00a0<a href=\"https:\/\/savjetodavna.mps.hr\/2025\/09\/26\/odredivanje-tehnoloske-zrelosti-maslina-u-njihovom-podrucju-uzgoja-treca-preporuka-2\/\">ovdje<\/a>.<\/p>\n<p>Pi\u0161e: Tihana Marovi\u0107<a href=\"https:\/\/maslina.slobodnadalmacija.hr\/maslina\/novosti\/stigla-je-treca-preporuka-ministarstva-pripremite-se-berba-bi-trebala-ove-godine-ranije-poceti-1506342\" target=\"_blank\" rel=\"noopener\">\/Slobodna Dalmacija<\/a><\/p>\n","protected":false},"excerpt":{"rendered":"<p>Ministarstvo poljoprivrede, Uprava za stru\u010dnu podr\u0161ku razvoju poljoprivrede i ribarstva (dalje: Uprava za stru\u010dnu podr\u0161ku) i njezini slu\u017ebenici na terenu nastavljaju s provedbom projekta \u201eOdre\u0111ivanje tehnolo\u0161ke zrelosti maslina u njihovom podru\u010dju uzgoja\u201c, koji se po\u010deo provoditi 2018. godine uo\u010di berbe maslina, s ciljem davanja preporuka maslinarima za pravovremenu berbu. Na svojim stranicama objavili su tre\u0107u [&hellip;]<\/p>\n","protected":false},"author":7,"featured_media":160773,"comment_status":"open","ping_status":"open","sticky":false,"template":"","format":"standard","meta":{"footnotes":""},"categories":[296,837],"tags":[12770],"class_list":{"0":"post-169204","1":"post","2":"type-post","3":"status-publish","4":"format-standard","5":"has-post-thumbnail","7":"category-ab","8":"category-poljoprivreda","9":"tag-berba-maslina"},"yoast_head":"<!-- This site is optimized with the Yoast SEO plugin v25.2 - https:\/\/yoast.com\/wordpress\/plugins\/seo\/ -->\n<title>Preporuka Ministarstva: Pripremite se, berba maslina bi trebala ove godine ranije po\u010deti! - likemetkovic.hr<\/title>\n<meta name=\"robots\" content=\"index, follow, max-snippet:-1, max-image-preview:large, max-video-preview:-1\" \/>\n<link rel=\"canonical\" href=\"https:\/\/likemetkovic.hr\/portal\/preporuka-ministarstva-pripremite-se-berba-maslina-bi-trebala-ove-godine-ranije-poceti\/\" \/>\n<meta property=\"og:locale\" content=\"hr_HR\" \/>\n<meta property=\"og:type\" content=\"article\" \/>\n<meta property=\"og:title\" content=\"Preporuka Ministarstva: Pripremite se, berba maslina bi trebala ove godine ranije po\u010deti! - likemetkovic.hr\" \/>\n<meta property=\"og:description\" content=\"Ministarstvo poljoprivrede, Uprava za stru\u010dnu podr\u0161ku razvoju poljoprivrede i ribarstva (dalje: Uprava za stru\u010dnu podr\u0161ku) i njezini slu\u017ebenici na terenu nastavljaju s provedbom projekta \u201eOdre\u0111ivanje tehnolo\u0161ke zrelosti maslina u njihovom podru\u010dju uzgoja\u201c, koji se po\u010deo provoditi 2018. godine uo\u010di berbe maslina, s ciljem davanja preporuka maslinarima za pravovremenu berbu. Na svojim stranicama objavili su tre\u0107u [&hellip;]\" \/>\n<meta property=\"og:url\" content=\"https:\/\/likemetkovic.hr\/portal\/preporuka-ministarstva-pripremite-se-berba-maslina-bi-trebala-ove-godine-ranije-poceti\/\" \/>\n<meta property=\"og:site_name\" content=\"likemetkovic.hr\" \/>\n<meta property=\"article:publisher\" content=\"https:\/\/www.facebook.com\/likemetkovic.hr\/\" \/>\n<meta property=\"article:published_time\" content=\"2025-09-30T06:48:09+00:00\" \/>\n<meta property=\"og:image\" content=\"https:\/\/likemetkovic.hr\/portal\/wp-content\/uploads\/2024\/11\/brela-maslina-271024-2.jpg\" \/>\n\t<meta property=\"og:image:width\" content=\"800\" \/>\n\t<meta property=\"og:image:height\" content=\"533\" \/>\n\t<meta property=\"og:image:type\" content=\"image\/jpeg\" \/>\n<meta name=\"author\" content=\"LIKEmetkovic.hr\" \/>\n<meta name=\"twitter:card\" content=\"summary_large_image\" \/>\n<meta name=\"twitter:label1\" content=\"Napisao\/la\" \/>\n\t<meta name=\"twitter:data1\" content=\"LIKEmetkovic.hr\" \/>\n\t<meta name=\"twitter:label2\" content=\"Procijenjeno vrijeme \u010ditanja\" \/>\n\t<meta name=\"twitter:data2\" content=\"2 minute\" \/>\n<script type=\"application\/ld+json\" class=\"yoast-schema-graph\">{\"@context\":\"https:\/\/schema.org\",\"@graph\":[{\"@type\":\"WebPage\",\"@id\":\"https:\/\/likemetkovic.hr\/portal\/preporuka-ministarstva-pripremite-se-berba-maslina-bi-trebala-ove-godine-ranije-poceti\/\",\"url\":\"https:\/\/likemetkovic.hr\/portal\/preporuka-ministarstva-pripremite-se-berba-maslina-bi-trebala-ove-godine-ranije-poceti\/\",\"name\":\"Preporuka Ministarstva: Pripremite se, berba maslina bi trebala ove godine ranije po\u010deti! - likemetkovic.hr\",\"isPartOf\":{\"@id\":\"https:\/\/likemetkovic.hr\/#website\"},\"primaryImageOfPage\":{\"@id\":\"https:\/\/likemetkovic.hr\/portal\/preporuka-ministarstva-pripremite-se-berba-maslina-bi-trebala-ove-godine-ranije-poceti\/#primaryimage\"},\"image\":{\"@id\":\"https:\/\/likemetkovic.hr\/portal\/preporuka-ministarstva-pripremite-se-berba-maslina-bi-trebala-ove-godine-ranije-poceti\/#primaryimage\"},\"thumbnailUrl\":\"https:\/\/likemetkovic.hr\/portal\/wp-content\/uploads\/2024\/11\/brela-maslina-271024-2.jpg\",\"datePublished\":\"2025-09-30T06:48:09+00:00\",\"author\":{\"@id\":\"https:\/\/likemetkovic.hr\/#\/schema\/person\/a42711f3385a0e2be6f7e0443bfb28f0\"},\"breadcrumb\":{\"@id\":\"https:\/\/likemetkovic.hr\/portal\/preporuka-ministarstva-pripremite-se-berba-maslina-bi-trebala-ove-godine-ranije-poceti\/#breadcrumb\"},\"inLanguage\":\"hr\",\"potentialAction\":[{\"@type\":\"ReadAction\",\"target\":[\"https:\/\/likemetkovic.hr\/portal\/preporuka-ministarstva-pripremite-se-berba-maslina-bi-trebala-ove-godine-ranije-poceti\/\"]}]},{\"@type\":\"ImageObject\",\"inLanguage\":\"hr\",\"@id\":\"https:\/\/likemetkovic.hr\/portal\/preporuka-ministarstva-pripremite-se-berba-maslina-bi-trebala-ove-godine-ranije-poceti\/#primaryimage\",\"url\":\"https:\/\/likemetkovic.hr\/portal\/wp-content\/uploads\/2024\/11\/brela-maslina-271024-2.jpg\",\"contentUrl\":\"https:\/\/likemetkovic.hr\/portal\/wp-content\/uploads\/2024\/11\/brela-maslina-271024-2.jpg\",\"width\":800,\"height\":533},{\"@type\":\"BreadcrumbList\",\"@id\":\"https:\/\/likemetkovic.hr\/portal\/preporuka-ministarstva-pripremite-se-berba-maslina-bi-trebala-ove-godine-ranije-poceti\/#breadcrumb\",\"itemListElement\":[{\"@type\":\"ListItem\",\"position\":1,\"name\":\"Po\u010detna stranica\",\"item\":\"https:\/\/likemetkovic.hr\/portal\/\"},{\"@type\":\"ListItem\",\"position\":2,\"name\":\"Preporuka Ministarstva: Pripremite se, berba maslina bi trebala ove godine ranije po\u010deti!\"}]},{\"@type\":\"WebSite\",\"@id\":\"https:\/\/likemetkovic.hr\/#website\",\"url\":\"https:\/\/likemetkovic.hr\/\",\"name\":\"likemetkovic.hr\",\"description\":\"Misli pozitivno... \u010ditaj LIKE\",\"potentialAction\":[{\"@type\":\"SearchAction\",\"target\":{\"@type\":\"EntryPoint\",\"urlTemplate\":\"https:\/\/likemetkovic.hr\/?s={search_term_string}\"},\"query-input\":{\"@type\":\"PropertyValueSpecification\",\"valueRequired\":true,\"valueName\":\"search_term_string\"}}],\"inLanguage\":\"hr\"},{\"@type\":\"Person\",\"@id\":\"https:\/\/likemetkovic.hr\/#\/schema\/person\/a42711f3385a0e2be6f7e0443bfb28f0\",\"name\":\"LIKEmetkovic.hr\",\"sameAs\":[\"http:\/\/likemetkovic.hr\"],\"url\":\"https:\/\/likemetkovic.hr\/portal\/author\/likemetkovic-hr\/\"}]}<\/script>\n<!-- \/ Yoast SEO plugin. -->","yoast_head_json":{"title":"Preporuka Ministarstva: Pripremite se, berba maslina bi trebala ove godine ranije po\u010deti! - likemetkovic.hr","robots":{"index":"index","follow":"follow","max-snippet":"max-snippet:-1","max-image-preview":"max-image-preview:large","max-video-preview":"max-video-preview:-1"},"canonical":"https:\/\/likemetkovic.hr\/portal\/preporuka-ministarstva-pripremite-se-berba-maslina-bi-trebala-ove-godine-ranije-poceti\/","og_locale":"hr_HR","og_type":"article","og_title":"Preporuka Ministarstva: Pripremite se, berba maslina bi trebala ove godine ranije po\u010deti! - likemetkovic.hr","og_description":"Ministarstvo poljoprivrede, Uprava za stru\u010dnu podr\u0161ku razvoju poljoprivrede i ribarstva (dalje: Uprava za stru\u010dnu podr\u0161ku) i njezini slu\u017ebenici na terenu nastavljaju s provedbom projekta \u201eOdre\u0111ivanje tehnolo\u0161ke zrelosti maslina u njihovom podru\u010dju uzgoja\u201c, koji se po\u010deo provoditi 2018. godine uo\u010di berbe maslina, s ciljem davanja preporuka maslinarima za pravovremenu berbu. Na svojim stranicama objavili su tre\u0107u [&hellip;]","og_url":"https:\/\/likemetkovic.hr\/portal\/preporuka-ministarstva-pripremite-se-berba-maslina-bi-trebala-ove-godine-ranije-poceti\/","og_site_name":"likemetkovic.hr","article_publisher":"https:\/\/www.facebook.com\/likemetkovic.hr\/","article_published_time":"2025-09-30T06:48:09+00:00","og_image":[{"width":800,"height":533,"url":"https:\/\/likemetkovic.hr\/portal\/wp-content\/uploads\/2024\/11\/brela-maslina-271024-2.jpg","type":"image\/jpeg"}],"author":"LIKEmetkovic.hr","twitter_card":"summary_large_image","twitter_misc":{"Napisao\/la":"LIKEmetkovic.hr","Procijenjeno vrijeme \u010ditanja":"2 minute"},"schema":{"@context":"https:\/\/schema.org","@graph":[{"@type":"WebPage","@id":"https:\/\/likemetkovic.hr\/portal\/preporuka-ministarstva-pripremite-se-berba-maslina-bi-trebala-ove-godine-ranije-poceti\/","url":"https:\/\/likemetkovic.hr\/portal\/preporuka-ministarstva-pripremite-se-berba-maslina-bi-trebala-ove-godine-ranije-poceti\/","name":"Preporuka Ministarstva: Pripremite se, berba maslina bi trebala ove godine ranije po\u010deti! - likemetkovic.hr","isPartOf":{"@id":"https:\/\/likemetkovic.hr\/#website"},"primaryImageOfPage":{"@id":"https:\/\/likemetkovic.hr\/portal\/preporuka-ministarstva-pripremite-se-berba-maslina-bi-trebala-ove-godine-ranije-poceti\/#primaryimage"},"image":{"@id":"https:\/\/likemetkovic.hr\/portal\/preporuka-ministarstva-pripremite-se-berba-maslina-bi-trebala-ove-godine-ranije-poceti\/#primaryimage"},"thumbnailUrl":"https:\/\/likemetkovic.hr\/portal\/wp-content\/uploads\/2024\/11\/brela-maslina-271024-2.jpg","datePublished":"2025-09-30T06:48:09+00:00","author":{"@id":"https:\/\/likemetkovic.hr\/#\/schema\/person\/a42711f3385a0e2be6f7e0443bfb28f0"},"breadcrumb":{"@id":"https:\/\/likemetkovic.hr\/portal\/preporuka-ministarstva-pripremite-se-berba-maslina-bi-trebala-ove-godine-ranije-poceti\/#breadcrumb"},"inLanguage":"hr","potentialAction":[{"@type":"ReadAction","target":["https:\/\/likemetkovic.hr\/portal\/preporuka-ministarstva-pripremite-se-berba-maslina-bi-trebala-ove-godine-ranije-poceti\/"]}]},{"@type":"ImageObject","inLanguage":"hr","@id":"https:\/\/likemetkovic.hr\/portal\/preporuka-ministarstva-pripremite-se-berba-maslina-bi-trebala-ove-godine-ranije-poceti\/#primaryimage","url":"https:\/\/likemetkovic.hr\/portal\/wp-content\/uploads\/2024\/11\/brela-maslina-271024-2.jpg","contentUrl":"https:\/\/likemetkovic.hr\/portal\/wp-content\/uploads\/2024\/11\/brela-maslina-271024-2.jpg","width":800,"height":533},{"@type":"BreadcrumbList","@id":"https:\/\/likemetkovic.hr\/portal\/preporuka-ministarstva-pripremite-se-berba-maslina-bi-trebala-ove-godine-ranije-poceti\/#breadcrumb","itemListElement":[{"@type":"ListItem","position":1,"name":"Po\u010detna stranica","item":"https:\/\/likemetkovic.hr\/portal\/"},{"@type":"ListItem","position":2,"name":"Preporuka Ministarstva: Pripremite se, berba maslina bi trebala ove godine ranije po\u010deti!"}]},{"@type":"WebSite","@id":"https:\/\/likemetkovic.hr\/#website","url":"https:\/\/likemetkovic.hr\/","name":"likemetkovic.hr","description":"Misli pozitivno... \u010ditaj LIKE","potentialAction":[{"@type":"SearchAction","target":{"@type":"EntryPoint","urlTemplate":"https:\/\/likemetkovic.hr\/?s={search_term_string}"},"query-input":{"@type":"PropertyValueSpecification","valueRequired":true,"valueName":"search_term_string"}}],"inLanguage":"hr"},{"@type":"Person","@id":"https:\/\/likemetkovic.hr\/#\/schema\/person\/a42711f3385a0e2be6f7e0443bfb28f0","name":"LIKEmetkovic.hr","sameAs":["http:\/\/likemetkovic.hr"],"url":"https:\/\/likemetkovic.hr\/portal\/author\/likemetkovic-hr\/"}]}},"_links":{"self":[{"href":"https:\/\/likemetkovic.hr\/portal\/wp-json\/wp\/v2\/posts\/169204","targetHints":{"allow":["GET"]}}],"collection":[{"href":"https:\/\/likemetkovic.hr\/portal\/wp-json\/wp\/v2\/posts"}],"about":[{"href":"https:\/\/likemetkovic.hr\/portal\/wp-json\/wp\/v2\/types\/post"}],"author":[{"embeddable":true,"href":"https:\/\/likemetkovic.hr\/portal\/wp-json\/wp\/v2\/users\/7"}],"replies":[{"embeddable":true,"href":"https:\/\/likemetkovic.hr\/portal\/wp-json\/wp\/v2\/comments?post=169204"}],"version-history":[{"count":1,"href":"https:\/\/likemetkovic.hr\/portal\/wp-json\/wp\/v2\/posts\/169204\/revisions"}],"predecessor-version":[{"id":169205,"href":"https:\/\/likemetkovic.hr\/portal\/wp-json\/wp\/v2\/posts\/169204\/revisions\/169205"}],"wp:featuredmedia":[{"embeddable":true,"href":"https:\/\/likemetkovic.hr\/portal\/wp-json\/wp\/v2\/media\/160773"}],"wp:attachment":[{"href":"https:\/\/likemetkovic.hr\/portal\/wp-json\/wp\/v2\/media?parent=169204"}],"wp:term":[{"taxonomy":"category","embeddable":true,"href":"https:\/\/likemetkovic.hr\/portal\/wp-json\/wp\/v2\/categories?post=169204"},{"taxonomy":"post_tag","embeddable":true,"href":"https:\/\/likemetkovic.hr\/portal\/wp-json\/wp\/v2\/tags?post=169204"}],"curies":[{"name":"wp","href":"https:\/\/api.w.org\/{rel}","templated":true}]}}