{"id":169228,"date":"2025-10-01T10:36:37","date_gmt":"2025-10-01T08:36:37","guid":{"rendered":"https:\/\/likemetkovic.hr\/portal\/?p=169228"},"modified":"2025-10-01T10:41:49","modified_gmt":"2025-10-01T08:41:49","slug":"zupana-s-gradonacelnicima-pocetak-rada-centra-za-gospodarenje-otpadom-ocekujemo-u-2027","status":"publish","type":"post","link":"https:\/\/likemetkovic.hr\/portal\/zupana-s-gradonacelnicima-pocetak-rada-centra-za-gospodarenje-otpadom-ocekujemo-u-2027\/","title":{"rendered":"\u017dupana s gradona\u010delnicima i na\u010delnicima: &#8220;Po\u010detak rada Centra za gospodarenje otpadom o\u010dekujemo u 2027. godini\u201c"},"content":{"rendered":"<p>\u017dupan Bla\u017e Pezo odr\u017eao je ju\u010der\u00a0u Dubrovniku drugi kolegij s gradona\u010delnicima i na\u010delnicima.<\/p>\n<p>Predstavnica Ministarstva regionalnog razvoja i fondova Europske unije Iva Me\u0111ugorac te predstavnica Hrvatske banke za obnovu i razvoj Marina Jura\u0161in \u010delnicima jedinica lokalne samouprave predstavile su financijske instrumente i mogu\u0107nosti financiranja iz Europskog fonda za urbani razvoj.<\/p>\n<p>Pro\u010delnica Upravnog odjela za obrazovanje, kulturu i sport Jelena Dadi\u0107 Ra\u010di\u0107 gradona\u010delnicima i na\u010delnicima prezentirala je inicijativu \u017dupaniju kojom bi se gradovima i op\u0107inama financirala izrada projektno-tehni\u010dke dokumentacije za obnovu, rekonstrukciju i ulaganja u sportsku infrastrukturu, nakon \u010dega bi jedinice lokalne samouprave mogle aplicirati na natje\u010daje resornog ministarstva.<\/p>\n<p>U fokusu dana\u0161njeg kolegija svakako je bio sustav gospodarenja otpadom na podru\u010dju Dubrova\u010dko-neretvanske \u017eupanije.<\/p>\n<p><img decoding=\"async\" class=\"alignnone size-full wp-image-169232\" src=\"https:\/\/likemetkovic.hr\/portal\/wp-content\/uploads\/2025\/10\/zupan-garonacelnici1.jpg\" alt=\"\" width=\"800\" height=\"429\" srcset=\"https:\/\/likemetkovic.hr\/portal\/wp-content\/uploads\/2025\/10\/zupan-garonacelnici1.jpg 800w, https:\/\/likemetkovic.hr\/portal\/wp-content\/uploads\/2025\/10\/zupan-garonacelnici1-768x412.jpg 768w, https:\/\/likemetkovic.hr\/portal\/wp-content\/uploads\/2025\/10\/zupan-garonacelnici1-783x420.jpg 783w, https:\/\/likemetkovic.hr\/portal\/wp-content\/uploads\/2025\/10\/zupan-garonacelnici1-150x80.jpg 150w, https:\/\/likemetkovic.hr\/portal\/wp-content\/uploads\/2025\/10\/zupan-garonacelnici1-300x161.jpg 300w, https:\/\/likemetkovic.hr\/portal\/wp-content\/uploads\/2025\/10\/zupan-garonacelnici1-696x373.jpg 696w\" sizes=\"(max-width: 800px) 100vw, 800px\" \/><\/p>\n<p>\u201ePrva asocijacija kada govorimo o otpadu je Centar za gospodarenje otpadom, ali taj sustav je puno ve\u0107i i op\u0161irniji nego \u0161to je sami Centar. Centar je zavr\u0161na faza koja svemu daje smisao, du\u017enost je \u017dupanije i projekt koji nastavljamo realizirati i on \u0107e se izgraditi\u201c, rekao je \u017eupan Pezo.<\/p>\n<p>Trenuta\u010dno je u tijeku isho\u0111enje dozvole za 4. fazu koja je klju\u010dna jer je rije\u010d o tehnologiji koja \u0107e se ugra\u0111ivati.<\/p>\n<p>\u201eKada dobijemo dozvolu mo\u0107i \u0107emo jasno i precizno re\u0107i rokove u kojima \u0107e centar biti gotov. Ukoliko sve bude u redu, po\u010detak rada Centra o\u010dekujemo u 2027. godini\u201c, rekao je \u017eupan.<\/p>\n<p>&#8220;S na\u010delnicima i gradona\u010delnicima danas sam otvorio temu \u0161to \u0107e se raditi u me\u0111uvremenu, do zavr\u0161etka izgradnje te jesu li svi odradili svoje obveze kao \u0161to su recikla\u017ena dvori\u0161ta, nabava posebnih kanti, i svega ostaloga \u0161to je potrebno da bi Centar imao svoju svrhu. Imamo puno problema, neki su vi\u0161e, a neki manje napravili po tom pitanju. Mi svi moramo napraviti puno vi\u0161e i odvajati jer \u0107e CGO primiti izme\u0111u 35 i 40 posto kompletnog otpada iz na\u0161e \u017eupanije, a onih 60 posto minimalno mi moramo reciklirati i odvajati&#8221;, poru\u010dio je \u017eupan Bla\u017e Pezo.<\/p>\n<p>Sljede\u0107i kolegij \u017eupana s gradona\u010delnicima i na\u010delnicima odr\u017eat \u0107e se u studenom ili prosincu.<\/p>\n","protected":false},"excerpt":{"rendered":"<p>\u017dupan Bla\u017e Pezo odr\u017eao je ju\u010der\u00a0u Dubrovniku drugi kolegij s gradona\u010delnicima i na\u010delnicima. Predstavnica Ministarstva regionalnog razvoja i fondova Europske unije Iva Me\u0111ugorac te predstavnica Hrvatske banke za obnovu i razvoj Marina Jura\u0161in \u010delnicima jedinica lokalne samouprave predstavile su financijske instrumente i mogu\u0107nosti financiranja iz Europskog fonda za urbani razvoj. Pro\u010delnica Upravnog odjela za obrazovanje, [&hellip;]<\/p>\n","protected":false},"author":7,"featured_media":169232,"comment_status":"open","ping_status":"open","sticky":false,"template":"","format":"standard","meta":{"footnotes":""},"categories":[296,300],"tags":[13311,2031],"class_list":{"0":"post-169228","1":"post","2":"type-post","3":"status-publish","4":"format-standard","5":"has-post-thumbnail","7":"category-ab","8":"category-zupanija","9":"tag-blaz-pezo","10":"tag-gospodarenje-otpadom"},"yoast_head":"<!-- This site is optimized with the Yoast SEO plugin v25.2 - https:\/\/yoast.com\/wordpress\/plugins\/seo\/ -->\n<title>\u017dupana s gradona\u010delnicima i na\u010delnicima: &quot;Po\u010detak rada Centra za gospodarenje otpadom o\u010dekujemo u 2027. godini\u201c - likemetkovic.hr<\/title>\n<meta name=\"robots\" content=\"index, follow, max-snippet:-1, max-image-preview:large, max-video-preview:-1\" \/>\n<link rel=\"canonical\" href=\"https:\/\/likemetkovic.hr\/portal\/zupana-s-gradonacelnicima-pocetak-rada-centra-za-gospodarenje-otpadom-ocekujemo-u-2027\/\" \/>\n<meta property=\"og:locale\" content=\"hr_HR\" \/>\n<meta property=\"og:type\" content=\"article\" \/>\n<meta property=\"og:title\" content=\"\u017dupana s gradona\u010delnicima i na\u010delnicima: &quot;Po\u010detak rada Centra za gospodarenje otpadom o\u010dekujemo u 2027. godini\u201c - likemetkovic.hr\" \/>\n<meta property=\"og:description\" content=\"\u017dupan Bla\u017e Pezo odr\u017eao je ju\u010der\u00a0u Dubrovniku drugi kolegij s gradona\u010delnicima i na\u010delnicima. Predstavnica Ministarstva regionalnog razvoja i fondova Europske unije Iva Me\u0111ugorac te predstavnica Hrvatske banke za obnovu i razvoj Marina Jura\u0161in \u010delnicima jedinica lokalne samouprave predstavile su financijske instrumente i mogu\u0107nosti financiranja iz Europskog fonda za urbani razvoj. Pro\u010delnica Upravnog odjela za obrazovanje, [&hellip;]\" \/>\n<meta property=\"og:url\" content=\"https:\/\/likemetkovic.hr\/portal\/zupana-s-gradonacelnicima-pocetak-rada-centra-za-gospodarenje-otpadom-ocekujemo-u-2027\/\" \/>\n<meta property=\"og:site_name\" content=\"likemetkovic.hr\" \/>\n<meta property=\"article:publisher\" content=\"https:\/\/www.facebook.com\/likemetkovic.hr\/\" \/>\n<meta property=\"article:published_time\" content=\"2025-10-01T08:36:37+00:00\" \/>\n<meta property=\"article:modified_time\" content=\"2025-10-01T08:41:49+00:00\" \/>\n<meta property=\"og:image\" content=\"https:\/\/likemetkovic.hr\/portal\/wp-content\/uploads\/2025\/10\/zupan-garonacelnici1.jpg\" \/>\n\t<meta property=\"og:image:width\" content=\"800\" \/>\n\t<meta property=\"og:image:height\" content=\"429\" \/>\n\t<meta property=\"og:image:type\" content=\"image\/jpeg\" \/>\n<meta name=\"author\" content=\"LIKEmetkovic.hr\" \/>\n<meta name=\"twitter:card\" content=\"summary_large_image\" \/>\n<meta name=\"twitter:label1\" content=\"Napisao\/la\" \/>\n\t<meta name=\"twitter:data1\" content=\"LIKEmetkovic.hr\" \/>\n\t<meta name=\"twitter:label2\" content=\"Procijenjeno vrijeme \u010ditanja\" \/>\n\t<meta name=\"twitter:data2\" content=\"3 minute\" \/>\n<script type=\"application\/ld+json\" class=\"yoast-schema-graph\">{\"@context\":\"https:\/\/schema.org\",\"@graph\":[{\"@type\":\"WebPage\",\"@id\":\"https:\/\/likemetkovic.hr\/portal\/zupana-s-gradonacelnicima-pocetak-rada-centra-za-gospodarenje-otpadom-ocekujemo-u-2027\/\",\"url\":\"https:\/\/likemetkovic.hr\/portal\/zupana-s-gradonacelnicima-pocetak-rada-centra-za-gospodarenje-otpadom-ocekujemo-u-2027\/\",\"name\":\"\u017dupana s gradona\u010delnicima i na\u010delnicima: \\\"Po\u010detak rada Centra za gospodarenje otpadom o\u010dekujemo u 2027. godini\u201c - likemetkovic.hr\",\"isPartOf\":{\"@id\":\"https:\/\/likemetkovic.hr\/#website\"},\"primaryImageOfPage\":{\"@id\":\"https:\/\/likemetkovic.hr\/portal\/zupana-s-gradonacelnicima-pocetak-rada-centra-za-gospodarenje-otpadom-ocekujemo-u-2027\/#primaryimage\"},\"image\":{\"@id\":\"https:\/\/likemetkovic.hr\/portal\/zupana-s-gradonacelnicima-pocetak-rada-centra-za-gospodarenje-otpadom-ocekujemo-u-2027\/#primaryimage\"},\"thumbnailUrl\":\"https:\/\/likemetkovic.hr\/portal\/wp-content\/uploads\/2025\/10\/zupan-garonacelnici1.jpg\",\"datePublished\":\"2025-10-01T08:36:37+00:00\",\"dateModified\":\"2025-10-01T08:41:49+00:00\",\"author\":{\"@id\":\"https:\/\/likemetkovic.hr\/#\/schema\/person\/a42711f3385a0e2be6f7e0443bfb28f0\"},\"breadcrumb\":{\"@id\":\"https:\/\/likemetkovic.hr\/portal\/zupana-s-gradonacelnicima-pocetak-rada-centra-za-gospodarenje-otpadom-ocekujemo-u-2027\/#breadcrumb\"},\"inLanguage\":\"hr\",\"potentialAction\":[{\"@type\":\"ReadAction\",\"target\":[\"https:\/\/likemetkovic.hr\/portal\/zupana-s-gradonacelnicima-pocetak-rada-centra-za-gospodarenje-otpadom-ocekujemo-u-2027\/\"]}]},{\"@type\":\"ImageObject\",\"inLanguage\":\"hr\",\"@id\":\"https:\/\/likemetkovic.hr\/portal\/zupana-s-gradonacelnicima-pocetak-rada-centra-za-gospodarenje-otpadom-ocekujemo-u-2027\/#primaryimage\",\"url\":\"https:\/\/likemetkovic.hr\/portal\/wp-content\/uploads\/2025\/10\/zupan-garonacelnici1.jpg\",\"contentUrl\":\"https:\/\/likemetkovic.hr\/portal\/wp-content\/uploads\/2025\/10\/zupan-garonacelnici1.jpg\",\"width\":800,\"height\":429},{\"@type\":\"BreadcrumbList\",\"@id\":\"https:\/\/likemetkovic.hr\/portal\/zupana-s-gradonacelnicima-pocetak-rada-centra-za-gospodarenje-otpadom-ocekujemo-u-2027\/#breadcrumb\",\"itemListElement\":[{\"@type\":\"ListItem\",\"position\":1,\"name\":\"Po\u010detna stranica\",\"item\":\"https:\/\/likemetkovic.hr\/portal\/\"},{\"@type\":\"ListItem\",\"position\":2,\"name\":\"\u017dupana s gradona\u010delnicima i na\u010delnicima: &#8220;Po\u010detak rada Centra za gospodarenje otpadom o\u010dekujemo u 2027. godini\u201c\"}]},{\"@type\":\"WebSite\",\"@id\":\"https:\/\/likemetkovic.hr\/#website\",\"url\":\"https:\/\/likemetkovic.hr\/\",\"name\":\"likemetkovic.hr\",\"description\":\"Misli pozitivno... \u010ditaj LIKE\",\"potentialAction\":[{\"@type\":\"SearchAction\",\"target\":{\"@type\":\"EntryPoint\",\"urlTemplate\":\"https:\/\/likemetkovic.hr\/?s={search_term_string}\"},\"query-input\":{\"@type\":\"PropertyValueSpecification\",\"valueRequired\":true,\"valueName\":\"search_term_string\"}}],\"inLanguage\":\"hr\"},{\"@type\":\"Person\",\"@id\":\"https:\/\/likemetkovic.hr\/#\/schema\/person\/a42711f3385a0e2be6f7e0443bfb28f0\",\"name\":\"LIKEmetkovic.hr\",\"sameAs\":[\"http:\/\/likemetkovic.hr\"],\"url\":\"https:\/\/likemetkovic.hr\/portal\/author\/likemetkovic-hr\/\"}]}<\/script>\n<!-- \/ Yoast SEO plugin. -->","yoast_head_json":{"title":"\u017dupana s gradona\u010delnicima i na\u010delnicima: \"Po\u010detak rada Centra za gospodarenje otpadom o\u010dekujemo u 2027. godini\u201c - likemetkovic.hr","robots":{"index":"index","follow":"follow","max-snippet":"max-snippet:-1","max-image-preview":"max-image-preview:large","max-video-preview":"max-video-preview:-1"},"canonical":"https:\/\/likemetkovic.hr\/portal\/zupana-s-gradonacelnicima-pocetak-rada-centra-za-gospodarenje-otpadom-ocekujemo-u-2027\/","og_locale":"hr_HR","og_type":"article","og_title":"\u017dupana s gradona\u010delnicima i na\u010delnicima: \"Po\u010detak rada Centra za gospodarenje otpadom o\u010dekujemo u 2027. godini\u201c - likemetkovic.hr","og_description":"\u017dupan Bla\u017e Pezo odr\u017eao je ju\u010der\u00a0u Dubrovniku drugi kolegij s gradona\u010delnicima i na\u010delnicima. Predstavnica Ministarstva regionalnog razvoja i fondova Europske unije Iva Me\u0111ugorac te predstavnica Hrvatske banke za obnovu i razvoj Marina Jura\u0161in \u010delnicima jedinica lokalne samouprave predstavile su financijske instrumente i mogu\u0107nosti financiranja iz Europskog fonda za urbani razvoj. Pro\u010delnica Upravnog odjela za obrazovanje, [&hellip;]","og_url":"https:\/\/likemetkovic.hr\/portal\/zupana-s-gradonacelnicima-pocetak-rada-centra-za-gospodarenje-otpadom-ocekujemo-u-2027\/","og_site_name":"likemetkovic.hr","article_publisher":"https:\/\/www.facebook.com\/likemetkovic.hr\/","article_published_time":"2025-10-01T08:36:37+00:00","article_modified_time":"2025-10-01T08:41:49+00:00","og_image":[{"width":800,"height":429,"url":"https:\/\/likemetkovic.hr\/portal\/wp-content\/uploads\/2025\/10\/zupan-garonacelnici1.jpg","type":"image\/jpeg"}],"author":"LIKEmetkovic.hr","twitter_card":"summary_large_image","twitter_misc":{"Napisao\/la":"LIKEmetkovic.hr","Procijenjeno vrijeme \u010ditanja":"3 minute"},"schema":{"@context":"https:\/\/schema.org","@graph":[{"@type":"WebPage","@id":"https:\/\/likemetkovic.hr\/portal\/zupana-s-gradonacelnicima-pocetak-rada-centra-za-gospodarenje-otpadom-ocekujemo-u-2027\/","url":"https:\/\/likemetkovic.hr\/portal\/zupana-s-gradonacelnicima-pocetak-rada-centra-za-gospodarenje-otpadom-ocekujemo-u-2027\/","name":"\u017dupana s gradona\u010delnicima i na\u010delnicima: \"Po\u010detak rada Centra za gospodarenje otpadom o\u010dekujemo u 2027. godini\u201c - likemetkovic.hr","isPartOf":{"@id":"https:\/\/likemetkovic.hr\/#website"},"primaryImageOfPage":{"@id":"https:\/\/likemetkovic.hr\/portal\/zupana-s-gradonacelnicima-pocetak-rada-centra-za-gospodarenje-otpadom-ocekujemo-u-2027\/#primaryimage"},"image":{"@id":"https:\/\/likemetkovic.hr\/portal\/zupana-s-gradonacelnicima-pocetak-rada-centra-za-gospodarenje-otpadom-ocekujemo-u-2027\/#primaryimage"},"thumbnailUrl":"https:\/\/likemetkovic.hr\/portal\/wp-content\/uploads\/2025\/10\/zupan-garonacelnici1.jpg","datePublished":"2025-10-01T08:36:37+00:00","dateModified":"2025-10-01T08:41:49+00:00","author":{"@id":"https:\/\/likemetkovic.hr\/#\/schema\/person\/a42711f3385a0e2be6f7e0443bfb28f0"},"breadcrumb":{"@id":"https:\/\/likemetkovic.hr\/portal\/zupana-s-gradonacelnicima-pocetak-rada-centra-za-gospodarenje-otpadom-ocekujemo-u-2027\/#breadcrumb"},"inLanguage":"hr","potentialAction":[{"@type":"ReadAction","target":["https:\/\/likemetkovic.hr\/portal\/zupana-s-gradonacelnicima-pocetak-rada-centra-za-gospodarenje-otpadom-ocekujemo-u-2027\/"]}]},{"@type":"ImageObject","inLanguage":"hr","@id":"https:\/\/likemetkovic.hr\/portal\/zupana-s-gradonacelnicima-pocetak-rada-centra-za-gospodarenje-otpadom-ocekujemo-u-2027\/#primaryimage","url":"https:\/\/likemetkovic.hr\/portal\/wp-content\/uploads\/2025\/10\/zupan-garonacelnici1.jpg","contentUrl":"https:\/\/likemetkovic.hr\/portal\/wp-content\/uploads\/2025\/10\/zupan-garonacelnici1.jpg","width":800,"height":429},{"@type":"BreadcrumbList","@id":"https:\/\/likemetkovic.hr\/portal\/zupana-s-gradonacelnicima-pocetak-rada-centra-za-gospodarenje-otpadom-ocekujemo-u-2027\/#breadcrumb","itemListElement":[{"@type":"ListItem","position":1,"name":"Po\u010detna stranica","item":"https:\/\/likemetkovic.hr\/portal\/"},{"@type":"ListItem","position":2,"name":"\u017dupana s gradona\u010delnicima i na\u010delnicima: &#8220;Po\u010detak rada Centra za gospodarenje otpadom o\u010dekujemo u 2027. godini\u201c"}]},{"@type":"WebSite","@id":"https:\/\/likemetkovic.hr\/#website","url":"https:\/\/likemetkovic.hr\/","name":"likemetkovic.hr","description":"Misli pozitivno... \u010ditaj LIKE","potentialAction":[{"@type":"SearchAction","target":{"@type":"EntryPoint","urlTemplate":"https:\/\/likemetkovic.hr\/?s={search_term_string}"},"query-input":{"@type":"PropertyValueSpecification","valueRequired":true,"valueName":"search_term_string"}}],"inLanguage":"hr"},{"@type":"Person","@id":"https:\/\/likemetkovic.hr\/#\/schema\/person\/a42711f3385a0e2be6f7e0443bfb28f0","name":"LIKEmetkovic.hr","sameAs":["http:\/\/likemetkovic.hr"],"url":"https:\/\/likemetkovic.hr\/portal\/author\/likemetkovic-hr\/"}]}},"_links":{"self":[{"href":"https:\/\/likemetkovic.hr\/portal\/wp-json\/wp\/v2\/posts\/169228","targetHints":{"allow":["GET"]}}],"collection":[{"href":"https:\/\/likemetkovic.hr\/portal\/wp-json\/wp\/v2\/posts"}],"about":[{"href":"https:\/\/likemetkovic.hr\/portal\/wp-json\/wp\/v2\/types\/post"}],"author":[{"embeddable":true,"href":"https:\/\/likemetkovic.hr\/portal\/wp-json\/wp\/v2\/users\/7"}],"replies":[{"embeddable":true,"href":"https:\/\/likemetkovic.hr\/portal\/wp-json\/wp\/v2\/comments?post=169228"}],"version-history":[{"count":4,"href":"https:\/\/likemetkovic.hr\/portal\/wp-json\/wp\/v2\/posts\/169228\/revisions"}],"predecessor-version":[{"id":169233,"href":"https:\/\/likemetkovic.hr\/portal\/wp-json\/wp\/v2\/posts\/169228\/revisions\/169233"}],"wp:featuredmedia":[{"embeddable":true,"href":"https:\/\/likemetkovic.hr\/portal\/wp-json\/wp\/v2\/media\/169232"}],"wp:attachment":[{"href":"https:\/\/likemetkovic.hr\/portal\/wp-json\/wp\/v2\/media?parent=169228"}],"wp:term":[{"taxonomy":"category","embeddable":true,"href":"https:\/\/likemetkovic.hr\/portal\/wp-json\/wp\/v2\/categories?post=169228"},{"taxonomy":"post_tag","embeddable":true,"href":"https:\/\/likemetkovic.hr\/portal\/wp-json\/wp\/v2\/tags?post=169228"}],"curies":[{"name":"wp","href":"https:\/\/api.w.org\/{rel}","templated":true}]}}