{"id":169265,"date":"2025-10-02T18:40:04","date_gmt":"2025-10-02T16:40:04","guid":{"rendered":"https:\/\/likemetkovic.hr\/portal\/?p=169265"},"modified":"2025-10-03T13:51:37","modified_gmt":"2025-10-03T11:51:37","slug":"udruga-otac-ante-gabric-prigodno-obiljezila-medunarodni-dan-starijih-osoba","status":"publish","type":"post","link":"https:\/\/likemetkovic.hr\/portal\/udruga-otac-ante-gabric-prigodno-obiljezila-medunarodni-dan-starijih-osoba\/","title":{"rendered":"Udruga Otac Ante Gabri\u0107 prigodno obilje\u017eila Me\u0111unarodni dan starijih osoba"},"content":{"rendered":"<p data-start=\"0\" data-end=\"449\">Udruga <strong data-start=\"7\" data-end=\"27\">Otac Ante Gabri\u0107<\/strong> prigodno je obilje\u017eila Me\u0111unarodni dan starijih osoba uz dru\u017eenje i raznovrstan program namijenjen svojim korisnicima. Dan je zapo\u010deo razgibavanjem kroz laganu tjelovje\u017ebu, nakon \u010dega je uslijedila kreativna radionica izrade malenih vrtova. Za tu su priliku iskori\u0161tena dna plasti\u010dnih boca od vode, u koja je zasa\u0111eno jesensko cvije\u0107e \u2013 \u0161arene ma\u0107uhice i vrijesak, \u0161to je unijelo poseban ugo\u0111aj i boje u prostor udruge.<\/p>\n<p data-start=\"451\" data-end=\"654\">Dru\u017eenje je zavr\u0161ilo uvijek radosnim i natjecateljskim dijelom \u2013 tombolom, u kojoj su korisnici imali priliku osvojiti prigodne nagrade za cinkvinu i tombolu, \u0161to je dodatno podiglo dobro raspolo\u017eenje.<\/p>\n<p data-start=\"656\" data-end=\"1158\"><img decoding=\"async\" class=\"alignnone size-full wp-image-169266\" src=\"https:\/\/likemetkovic.hr\/portal\/wp-content\/uploads\/2025\/10\/oag-danstarijihosoba.jpg\" alt=\"\" width=\"800\" height=\"520\" srcset=\"https:\/\/likemetkovic.hr\/portal\/wp-content\/uploads\/2025\/10\/oag-danstarijihosoba.jpg 800w, https:\/\/likemetkovic.hr\/portal\/wp-content\/uploads\/2025\/10\/oag-danstarijihosoba-768x499.jpg 768w, https:\/\/likemetkovic.hr\/portal\/wp-content\/uploads\/2025\/10\/oag-danstarijihosoba-646x420.jpg 646w, https:\/\/likemetkovic.hr\/portal\/wp-content\/uploads\/2025\/10\/oag-danstarijihosoba-150x98.jpg 150w, https:\/\/likemetkovic.hr\/portal\/wp-content\/uploads\/2025\/10\/oag-danstarijihosoba-300x195.jpg 300w, https:\/\/likemetkovic.hr\/portal\/wp-content\/uploads\/2025\/10\/oag-danstarijihosoba-696x452.jpg 696w\" sizes=\"(max-width: 800px) 100vw, 800px\" \/><\/p>\n<p data-start=\"656\" data-end=\"1158\">Udruga <strong data-start=\"663\" data-end=\"683\">Otac Ante Gabri\u0107<\/strong> ve\u0107 <strong data-start=\"688\" data-end=\"765\">17 godina provodi projekt Organizirane dnevne aktivnosti za starije osobe<\/strong>, sufinanciran od Ministarstva rada, mirovinskoga sustava, obitelji i socijalne politike te Grada Metkovi\u0107a. Uz to, udruga pru\u017ea i <strong data-start=\"896\" data-end=\"937\">uslugu pomo\u0107i u ku\u0107i starijim osobama<\/strong>, kao i razli\u010dite projekte iz podru\u010dja za\u0161tite okoli\u0161a te zdravstva i socijalne skrbi, uz potporu Dubrova\u010dko-neretvanske \u017eupanije. Na taj na\u010din svakodnevno pridonosi kvalitetnijem i aktivnijem \u017eivotu starijih sugra\u0111ana.<\/p>\n","protected":false},"excerpt":{"rendered":"<p>Udruga Otac Ante Gabri\u0107 prigodno je obilje\u017eila Me\u0111unarodni dan starijih osoba uz dru\u017eenje i raznovrstan program namijenjen svojim korisnicima. Dan je zapo\u010deo razgibavanjem kroz laganu tjelovje\u017ebu, nakon \u010dega je uslijedila kreativna radionica izrade malenih vrtova. Za tu su priliku iskori\u0161tena dna plasti\u010dnih boca od vode, u koja je zasa\u0111eno jesensko cvije\u0107e \u2013 \u0161arene ma\u0107uhice i [&hellip;]<\/p>\n","protected":false},"author":7,"featured_media":169266,"comment_status":"open","ping_status":"open","sticky":false,"template":"","format":"standard","meta":{"footnotes":""},"categories":[296,95],"tags":[1497],"class_list":{"0":"post-169265","1":"post","2":"type-post","3":"status-publish","4":"format-standard","5":"has-post-thumbnail","7":"category-ab","8":"category-udruge","9":"tag-medunarodni-dan-starijih-osoba"},"yoast_head":"<!-- This site is optimized with the Yoast SEO plugin v25.2 - https:\/\/yoast.com\/wordpress\/plugins\/seo\/ -->\n<title>Udruga Otac Ante Gabri\u0107 prigodno obilje\u017eila Me\u0111unarodni dan starijih osoba - likemetkovic.hr<\/title>\n<meta name=\"robots\" content=\"index, follow, max-snippet:-1, max-image-preview:large, max-video-preview:-1\" \/>\n<link rel=\"canonical\" href=\"https:\/\/likemetkovic.hr\/portal\/udruga-otac-ante-gabric-prigodno-obiljezila-medunarodni-dan-starijih-osoba\/\" \/>\n<meta property=\"og:locale\" content=\"hr_HR\" \/>\n<meta property=\"og:type\" content=\"article\" \/>\n<meta property=\"og:title\" content=\"Udruga Otac Ante Gabri\u0107 prigodno obilje\u017eila Me\u0111unarodni dan starijih osoba - likemetkovic.hr\" \/>\n<meta property=\"og:description\" content=\"Udruga Otac Ante Gabri\u0107 prigodno je obilje\u017eila Me\u0111unarodni dan starijih osoba uz dru\u017eenje i raznovrstan program namijenjen svojim korisnicima. Dan je zapo\u010deo razgibavanjem kroz laganu tjelovje\u017ebu, nakon \u010dega je uslijedila kreativna radionica izrade malenih vrtova. Za tu su priliku iskori\u0161tena dna plasti\u010dnih boca od vode, u koja je zasa\u0111eno jesensko cvije\u0107e \u2013 \u0161arene ma\u0107uhice i [&hellip;]\" \/>\n<meta property=\"og:url\" content=\"https:\/\/likemetkovic.hr\/portal\/udruga-otac-ante-gabric-prigodno-obiljezila-medunarodni-dan-starijih-osoba\/\" \/>\n<meta property=\"og:site_name\" content=\"likemetkovic.hr\" \/>\n<meta property=\"article:publisher\" content=\"https:\/\/www.facebook.com\/likemetkovic.hr\/\" \/>\n<meta property=\"article:published_time\" content=\"2025-10-02T16:40:04+00:00\" \/>\n<meta property=\"article:modified_time\" content=\"2025-10-03T11:51:37+00:00\" \/>\n<meta property=\"og:image\" content=\"https:\/\/likemetkovic.hr\/portal\/wp-content\/uploads\/2025\/10\/oag-danstarijihosoba.jpg\" \/>\n\t<meta property=\"og:image:width\" content=\"800\" \/>\n\t<meta property=\"og:image:height\" content=\"520\" \/>\n\t<meta property=\"og:image:type\" content=\"image\/jpeg\" \/>\n<meta name=\"author\" content=\"LIKEmetkovic.hr\" \/>\n<meta name=\"twitter:card\" content=\"summary_large_image\" \/>\n<meta name=\"twitter:label1\" content=\"Napisao\/la\" \/>\n\t<meta name=\"twitter:data1\" content=\"LIKEmetkovic.hr\" \/>\n\t<meta name=\"twitter:label2\" content=\"Procijenjeno vrijeme \u010ditanja\" \/>\n\t<meta name=\"twitter:data2\" content=\"2 minute\" \/>\n<script type=\"application\/ld+json\" class=\"yoast-schema-graph\">{\"@context\":\"https:\/\/schema.org\",\"@graph\":[{\"@type\":\"WebPage\",\"@id\":\"https:\/\/likemetkovic.hr\/portal\/udruga-otac-ante-gabric-prigodno-obiljezila-medunarodni-dan-starijih-osoba\/\",\"url\":\"https:\/\/likemetkovic.hr\/portal\/udruga-otac-ante-gabric-prigodno-obiljezila-medunarodni-dan-starijih-osoba\/\",\"name\":\"Udruga Otac Ante Gabri\u0107 prigodno obilje\u017eila Me\u0111unarodni dan starijih osoba - likemetkovic.hr\",\"isPartOf\":{\"@id\":\"https:\/\/likemetkovic.hr\/#website\"},\"primaryImageOfPage\":{\"@id\":\"https:\/\/likemetkovic.hr\/portal\/udruga-otac-ante-gabric-prigodno-obiljezila-medunarodni-dan-starijih-osoba\/#primaryimage\"},\"image\":{\"@id\":\"https:\/\/likemetkovic.hr\/portal\/udruga-otac-ante-gabric-prigodno-obiljezila-medunarodni-dan-starijih-osoba\/#primaryimage\"},\"thumbnailUrl\":\"https:\/\/likemetkovic.hr\/portal\/wp-content\/uploads\/2025\/10\/oag-danstarijihosoba.jpg\",\"datePublished\":\"2025-10-02T16:40:04+00:00\",\"dateModified\":\"2025-10-03T11:51:37+00:00\",\"author\":{\"@id\":\"https:\/\/likemetkovic.hr\/#\/schema\/person\/a42711f3385a0e2be6f7e0443bfb28f0\"},\"breadcrumb\":{\"@id\":\"https:\/\/likemetkovic.hr\/portal\/udruga-otac-ante-gabric-prigodno-obiljezila-medunarodni-dan-starijih-osoba\/#breadcrumb\"},\"inLanguage\":\"hr\",\"potentialAction\":[{\"@type\":\"ReadAction\",\"target\":[\"https:\/\/likemetkovic.hr\/portal\/udruga-otac-ante-gabric-prigodno-obiljezila-medunarodni-dan-starijih-osoba\/\"]}]},{\"@type\":\"ImageObject\",\"inLanguage\":\"hr\",\"@id\":\"https:\/\/likemetkovic.hr\/portal\/udruga-otac-ante-gabric-prigodno-obiljezila-medunarodni-dan-starijih-osoba\/#primaryimage\",\"url\":\"https:\/\/likemetkovic.hr\/portal\/wp-content\/uploads\/2025\/10\/oag-danstarijihosoba.jpg\",\"contentUrl\":\"https:\/\/likemetkovic.hr\/portal\/wp-content\/uploads\/2025\/10\/oag-danstarijihosoba.jpg\",\"width\":800,\"height\":520},{\"@type\":\"BreadcrumbList\",\"@id\":\"https:\/\/likemetkovic.hr\/portal\/udruga-otac-ante-gabric-prigodno-obiljezila-medunarodni-dan-starijih-osoba\/#breadcrumb\",\"itemListElement\":[{\"@type\":\"ListItem\",\"position\":1,\"name\":\"Po\u010detna stranica\",\"item\":\"https:\/\/likemetkovic.hr\/portal\/\"},{\"@type\":\"ListItem\",\"position\":2,\"name\":\"Udruga Otac Ante Gabri\u0107 prigodno obilje\u017eila Me\u0111unarodni dan starijih osoba\"}]},{\"@type\":\"WebSite\",\"@id\":\"https:\/\/likemetkovic.hr\/#website\",\"url\":\"https:\/\/likemetkovic.hr\/\",\"name\":\"likemetkovic.hr\",\"description\":\"Misli pozitivno... \u010ditaj LIKE\",\"potentialAction\":[{\"@type\":\"SearchAction\",\"target\":{\"@type\":\"EntryPoint\",\"urlTemplate\":\"https:\/\/likemetkovic.hr\/?s={search_term_string}\"},\"query-input\":{\"@type\":\"PropertyValueSpecification\",\"valueRequired\":true,\"valueName\":\"search_term_string\"}}],\"inLanguage\":\"hr\"},{\"@type\":\"Person\",\"@id\":\"https:\/\/likemetkovic.hr\/#\/schema\/person\/a42711f3385a0e2be6f7e0443bfb28f0\",\"name\":\"LIKEmetkovic.hr\",\"sameAs\":[\"http:\/\/likemetkovic.hr\"],\"url\":\"https:\/\/likemetkovic.hr\/portal\/author\/likemetkovic-hr\/\"}]}<\/script>\n<!-- \/ Yoast SEO plugin. -->","yoast_head_json":{"title":"Udruga Otac Ante Gabri\u0107 prigodno obilje\u017eila Me\u0111unarodni dan starijih osoba - likemetkovic.hr","robots":{"index":"index","follow":"follow","max-snippet":"max-snippet:-1","max-image-preview":"max-image-preview:large","max-video-preview":"max-video-preview:-1"},"canonical":"https:\/\/likemetkovic.hr\/portal\/udruga-otac-ante-gabric-prigodno-obiljezila-medunarodni-dan-starijih-osoba\/","og_locale":"hr_HR","og_type":"article","og_title":"Udruga Otac Ante Gabri\u0107 prigodno obilje\u017eila Me\u0111unarodni dan starijih osoba - likemetkovic.hr","og_description":"Udruga Otac Ante Gabri\u0107 prigodno je obilje\u017eila Me\u0111unarodni dan starijih osoba uz dru\u017eenje i raznovrstan program namijenjen svojim korisnicima. Dan je zapo\u010deo razgibavanjem kroz laganu tjelovje\u017ebu, nakon \u010dega je uslijedila kreativna radionica izrade malenih vrtova. Za tu su priliku iskori\u0161tena dna plasti\u010dnih boca od vode, u koja je zasa\u0111eno jesensko cvije\u0107e \u2013 \u0161arene ma\u0107uhice i [&hellip;]","og_url":"https:\/\/likemetkovic.hr\/portal\/udruga-otac-ante-gabric-prigodno-obiljezila-medunarodni-dan-starijih-osoba\/","og_site_name":"likemetkovic.hr","article_publisher":"https:\/\/www.facebook.com\/likemetkovic.hr\/","article_published_time":"2025-10-02T16:40:04+00:00","article_modified_time":"2025-10-03T11:51:37+00:00","og_image":[{"width":800,"height":520,"url":"https:\/\/likemetkovic.hr\/portal\/wp-content\/uploads\/2025\/10\/oag-danstarijihosoba.jpg","type":"image\/jpeg"}],"author":"LIKEmetkovic.hr","twitter_card":"summary_large_image","twitter_misc":{"Napisao\/la":"LIKEmetkovic.hr","Procijenjeno vrijeme \u010ditanja":"2 minute"},"schema":{"@context":"https:\/\/schema.org","@graph":[{"@type":"WebPage","@id":"https:\/\/likemetkovic.hr\/portal\/udruga-otac-ante-gabric-prigodno-obiljezila-medunarodni-dan-starijih-osoba\/","url":"https:\/\/likemetkovic.hr\/portal\/udruga-otac-ante-gabric-prigodno-obiljezila-medunarodni-dan-starijih-osoba\/","name":"Udruga Otac Ante Gabri\u0107 prigodno obilje\u017eila Me\u0111unarodni dan starijih osoba - likemetkovic.hr","isPartOf":{"@id":"https:\/\/likemetkovic.hr\/#website"},"primaryImageOfPage":{"@id":"https:\/\/likemetkovic.hr\/portal\/udruga-otac-ante-gabric-prigodno-obiljezila-medunarodni-dan-starijih-osoba\/#primaryimage"},"image":{"@id":"https:\/\/likemetkovic.hr\/portal\/udruga-otac-ante-gabric-prigodno-obiljezila-medunarodni-dan-starijih-osoba\/#primaryimage"},"thumbnailUrl":"https:\/\/likemetkovic.hr\/portal\/wp-content\/uploads\/2025\/10\/oag-danstarijihosoba.jpg","datePublished":"2025-10-02T16:40:04+00:00","dateModified":"2025-10-03T11:51:37+00:00","author":{"@id":"https:\/\/likemetkovic.hr\/#\/schema\/person\/a42711f3385a0e2be6f7e0443bfb28f0"},"breadcrumb":{"@id":"https:\/\/likemetkovic.hr\/portal\/udruga-otac-ante-gabric-prigodno-obiljezila-medunarodni-dan-starijih-osoba\/#breadcrumb"},"inLanguage":"hr","potentialAction":[{"@type":"ReadAction","target":["https:\/\/likemetkovic.hr\/portal\/udruga-otac-ante-gabric-prigodno-obiljezila-medunarodni-dan-starijih-osoba\/"]}]},{"@type":"ImageObject","inLanguage":"hr","@id":"https:\/\/likemetkovic.hr\/portal\/udruga-otac-ante-gabric-prigodno-obiljezila-medunarodni-dan-starijih-osoba\/#primaryimage","url":"https:\/\/likemetkovic.hr\/portal\/wp-content\/uploads\/2025\/10\/oag-danstarijihosoba.jpg","contentUrl":"https:\/\/likemetkovic.hr\/portal\/wp-content\/uploads\/2025\/10\/oag-danstarijihosoba.jpg","width":800,"height":520},{"@type":"BreadcrumbList","@id":"https:\/\/likemetkovic.hr\/portal\/udruga-otac-ante-gabric-prigodno-obiljezila-medunarodni-dan-starijih-osoba\/#breadcrumb","itemListElement":[{"@type":"ListItem","position":1,"name":"Po\u010detna stranica","item":"https:\/\/likemetkovic.hr\/portal\/"},{"@type":"ListItem","position":2,"name":"Udruga Otac Ante Gabri\u0107 prigodno obilje\u017eila Me\u0111unarodni dan starijih osoba"}]},{"@type":"WebSite","@id":"https:\/\/likemetkovic.hr\/#website","url":"https:\/\/likemetkovic.hr\/","name":"likemetkovic.hr","description":"Misli pozitivno... \u010ditaj LIKE","potentialAction":[{"@type":"SearchAction","target":{"@type":"EntryPoint","urlTemplate":"https:\/\/likemetkovic.hr\/?s={search_term_string}"},"query-input":{"@type":"PropertyValueSpecification","valueRequired":true,"valueName":"search_term_string"}}],"inLanguage":"hr"},{"@type":"Person","@id":"https:\/\/likemetkovic.hr\/#\/schema\/person\/a42711f3385a0e2be6f7e0443bfb28f0","name":"LIKEmetkovic.hr","sameAs":["http:\/\/likemetkovic.hr"],"url":"https:\/\/likemetkovic.hr\/portal\/author\/likemetkovic-hr\/"}]}},"_links":{"self":[{"href":"https:\/\/likemetkovic.hr\/portal\/wp-json\/wp\/v2\/posts\/169265","targetHints":{"allow":["GET"]}}],"collection":[{"href":"https:\/\/likemetkovic.hr\/portal\/wp-json\/wp\/v2\/posts"}],"about":[{"href":"https:\/\/likemetkovic.hr\/portal\/wp-json\/wp\/v2\/types\/post"}],"author":[{"embeddable":true,"href":"https:\/\/likemetkovic.hr\/portal\/wp-json\/wp\/v2\/users\/7"}],"replies":[{"embeddable":true,"href":"https:\/\/likemetkovic.hr\/portal\/wp-json\/wp\/v2\/comments?post=169265"}],"version-history":[{"count":1,"href":"https:\/\/likemetkovic.hr\/portal\/wp-json\/wp\/v2\/posts\/169265\/revisions"}],"predecessor-version":[{"id":169267,"href":"https:\/\/likemetkovic.hr\/portal\/wp-json\/wp\/v2\/posts\/169265\/revisions\/169267"}],"wp:featuredmedia":[{"embeddable":true,"href":"https:\/\/likemetkovic.hr\/portal\/wp-json\/wp\/v2\/media\/169266"}],"wp:attachment":[{"href":"https:\/\/likemetkovic.hr\/portal\/wp-json\/wp\/v2\/media?parent=169265"}],"wp:term":[{"taxonomy":"category","embeddable":true,"href":"https:\/\/likemetkovic.hr\/portal\/wp-json\/wp\/v2\/categories?post=169265"},{"taxonomy":"post_tag","embeddable":true,"href":"https:\/\/likemetkovic.hr\/portal\/wp-json\/wp\/v2\/tags?post=169265"}],"curies":[{"name":"wp","href":"https:\/\/api.w.org\/{rel}","templated":true}]}}