{"id":169348,"date":"2025-10-07T09:22:29","date_gmt":"2025-10-07T07:22:29","guid":{"rendered":"https:\/\/likemetkovic.hr\/portal\/?p=169348"},"modified":"2025-10-07T09:23:31","modified_gmt":"2025-10-07T07:23:31","slug":"obiljezen-svjetski-dan-cerebralne-paralize","status":"publish","type":"post","link":"https:\/\/likemetkovic.hr\/portal\/obiljezen-svjetski-dan-cerebralne-paralize\/","title":{"rendered":"Obilje\u017een Svjetski dan cerebralne paralize"},"content":{"rendered":"<p data-start=\"252\" data-end=\"572\">Udruga osoba s invaliditetom \u201ePrijatelj\u201c iz Metkovi\u0107a na poseban je na\u010din obilje\u017eila <strong>Svjetski dan cerebralne paralize<\/strong>. U suradnji s lokalnim osnovnim \u0161kolama, u igraonici\u00a0<em>Fun Jungle\u00a0<\/em>organiziran je dan prepun smijeha, dru\u017eenja i edukativne igre s ciljem podizanja svijesti o cerebralnoj paralizi i va\u017enosti inkluzije.<\/p>\n<p data-start=\"574\" data-end=\"813\">Uz korisnike Udruge, ovom doga\u0111anju pridru\u017eili su se i u\u010denici iz\u00a0<strong data-start=\"640\" data-end=\"673\">Osnovne \u0161kole Stjepana Radi\u0107a<\/strong>\u00a0te\u00a0<strong data-start=\"677\" data-end=\"719\">Osnovne \u0161kole don Mihovila Pavlinovi\u0107a<\/strong>, koji su kroz zajedni\u010dke aktivnosti stvarali trenutke razumijevanja, podr\u0161ke i prijateljstva.<\/p>\n<p data-start=\"815\" data-end=\"920\">Veliku ulogu u organizaciji i provedbi susreta imale su u\u010diteljice iz posebno odgojno-obrazovnih skupina: <strong data-start=\"947\" data-end=\"1001\">Jelena \u0160alinovi\u0107, Darija \u0160utalo, Antonela Markoti\u0107<\/strong>\u00a0i\u00a0<strong data-start=\"1004\" data-end=\"1020\">Petra \u0106erlek <\/strong>(iz O\u0160 Stjepana Radi\u0107a) i\u00a0<strong data-start=\"1055\" data-end=\"1070\">Karla Dodig\u00a0<\/strong>(iz O\u0160 don Mihovila Pavlinovi\u0107a).<\/p>\n<p data-start=\"1072\" data-end=\"1269\">Zajedni\u010dki provedeno vrijeme dodatno je oboga\u0107eno dru\u017eenjem uz pizzu, sokove i kola\u010de \u2013 jer kako poru\u010duju iz Udruge \u201ePrijatelj\u201c, osmijeh i dobra atmosfera najbolji su na\u010din za slavljenje inkluzije.<\/p>\n<p data-start=\"1072\" data-end=\"1269\"><img decoding=\"async\" class=\"alignnone size-full wp-image-169349\" src=\"https:\/\/likemetkovic.hr\/portal\/wp-content\/uploads\/2025\/10\/dan-celebralne-paralize.jpg\" alt=\"\" width=\"800\" height=\"599\" srcset=\"https:\/\/likemetkovic.hr\/portal\/wp-content\/uploads\/2025\/10\/dan-celebralne-paralize.jpg 800w, https:\/\/likemetkovic.hr\/portal\/wp-content\/uploads\/2025\/10\/dan-celebralne-paralize-768x575.jpg 768w, https:\/\/likemetkovic.hr\/portal\/wp-content\/uploads\/2025\/10\/dan-celebralne-paralize-561x420.jpg 561w, https:\/\/likemetkovic.hr\/portal\/wp-content\/uploads\/2025\/10\/dan-celebralne-paralize-80x60.jpg 80w, https:\/\/likemetkovic.hr\/portal\/wp-content\/uploads\/2025\/10\/dan-celebralne-paralize-150x112.jpg 150w, https:\/\/likemetkovic.hr\/portal\/wp-content\/uploads\/2025\/10\/dan-celebralne-paralize-300x225.jpg 300w, https:\/\/likemetkovic.hr\/portal\/wp-content\/uploads\/2025\/10\/dan-celebralne-paralize-696x521.jpg 696w, https:\/\/likemetkovic.hr\/portal\/wp-content\/uploads\/2025\/10\/dan-celebralne-paralize-265x198.jpg 265w\" sizes=\"(max-width: 800px) 100vw, 800px\" \/><\/p>\n","protected":false},"excerpt":{"rendered":"<p>Udruga osoba s invaliditetom \u201ePrijatelj\u201c iz Metkovi\u0107a na poseban je na\u010din obilje\u017eila Svjetski dan cerebralne paralize. U suradnji s lokalnim osnovnim \u0161kolama, u igraonici\u00a0Fun Jungle\u00a0organiziran je dan prepun smijeha, dru\u017eenja i edukativne igre s ciljem podizanja svijesti o cerebralnoj paralizi i va\u017enosti inkluzije. Uz korisnike Udruge, ovom doga\u0111anju pridru\u017eili su se i u\u010denici iz\u00a0Osnovne \u0161kole [&hellip;]<\/p>\n","protected":false},"author":7,"featured_media":169349,"comment_status":"open","ping_status":"open","sticky":false,"template":"","format":"standard","meta":{"footnotes":""},"categories":[283,95],"tags":[6137],"class_list":{"0":"post-169348","1":"post","2":"type-post","3":"status-publish","4":"format-standard","5":"has-post-thumbnail","7":"category-a","8":"category-udruge","9":"tag-svjetski-dan-celebralne-paralize"},"yoast_head":"<!-- This site is optimized with the Yoast SEO plugin v25.2 - https:\/\/yoast.com\/wordpress\/plugins\/seo\/ -->\n<title>Obilje\u017een Svjetski dan cerebralne paralize - likemetkovic.hr<\/title>\n<meta name=\"robots\" content=\"index, follow, max-snippet:-1, max-image-preview:large, max-video-preview:-1\" \/>\n<link rel=\"canonical\" href=\"https:\/\/likemetkovic.hr\/portal\/obiljezen-svjetski-dan-cerebralne-paralize\/\" \/>\n<meta property=\"og:locale\" content=\"hr_HR\" \/>\n<meta property=\"og:type\" content=\"article\" \/>\n<meta property=\"og:title\" content=\"Obilje\u017een Svjetski dan cerebralne paralize - likemetkovic.hr\" \/>\n<meta property=\"og:description\" content=\"Udruga osoba s invaliditetom \u201ePrijatelj\u201c iz Metkovi\u0107a na poseban je na\u010din obilje\u017eila Svjetski dan cerebralne paralize. U suradnji s lokalnim osnovnim \u0161kolama, u igraonici\u00a0Fun Jungle\u00a0organiziran je dan prepun smijeha, dru\u017eenja i edukativne igre s ciljem podizanja svijesti o cerebralnoj paralizi i va\u017enosti inkluzije. Uz korisnike Udruge, ovom doga\u0111anju pridru\u017eili su se i u\u010denici iz\u00a0Osnovne \u0161kole [&hellip;]\" \/>\n<meta property=\"og:url\" content=\"https:\/\/likemetkovic.hr\/portal\/obiljezen-svjetski-dan-cerebralne-paralize\/\" \/>\n<meta property=\"og:site_name\" content=\"likemetkovic.hr\" \/>\n<meta property=\"article:publisher\" content=\"https:\/\/www.facebook.com\/likemetkovic.hr\/\" \/>\n<meta property=\"article:published_time\" content=\"2025-10-07T07:22:29+00:00\" \/>\n<meta property=\"article:modified_time\" content=\"2025-10-07T07:23:31+00:00\" \/>\n<meta property=\"og:image\" content=\"https:\/\/likemetkovic.hr\/portal\/wp-content\/uploads\/2025\/10\/dan-celebralne-paralize.jpg\" \/>\n\t<meta property=\"og:image:width\" content=\"800\" \/>\n\t<meta property=\"og:image:height\" content=\"599\" \/>\n\t<meta property=\"og:image:type\" content=\"image\/jpeg\" \/>\n<meta name=\"author\" content=\"LIKEmetkovic.hr\" \/>\n<meta name=\"twitter:card\" content=\"summary_large_image\" \/>\n<meta name=\"twitter:label1\" content=\"Napisao\/la\" \/>\n\t<meta name=\"twitter:data1\" content=\"LIKEmetkovic.hr\" \/>\n\t<meta name=\"twitter:label2\" content=\"Procijenjeno vrijeme \u010ditanja\" \/>\n\t<meta name=\"twitter:data2\" content=\"2 minute\" \/>\n<script type=\"application\/ld+json\" class=\"yoast-schema-graph\">{\"@context\":\"https:\/\/schema.org\",\"@graph\":[{\"@type\":\"WebPage\",\"@id\":\"https:\/\/likemetkovic.hr\/portal\/obiljezen-svjetski-dan-cerebralne-paralize\/\",\"url\":\"https:\/\/likemetkovic.hr\/portal\/obiljezen-svjetski-dan-cerebralne-paralize\/\",\"name\":\"Obilje\u017een Svjetski dan cerebralne paralize - likemetkovic.hr\",\"isPartOf\":{\"@id\":\"https:\/\/likemetkovic.hr\/#website\"},\"primaryImageOfPage\":{\"@id\":\"https:\/\/likemetkovic.hr\/portal\/obiljezen-svjetski-dan-cerebralne-paralize\/#primaryimage\"},\"image\":{\"@id\":\"https:\/\/likemetkovic.hr\/portal\/obiljezen-svjetski-dan-cerebralne-paralize\/#primaryimage\"},\"thumbnailUrl\":\"https:\/\/likemetkovic.hr\/portal\/wp-content\/uploads\/2025\/10\/dan-celebralne-paralize.jpg\",\"datePublished\":\"2025-10-07T07:22:29+00:00\",\"dateModified\":\"2025-10-07T07:23:31+00:00\",\"author\":{\"@id\":\"https:\/\/likemetkovic.hr\/#\/schema\/person\/a42711f3385a0e2be6f7e0443bfb28f0\"},\"breadcrumb\":{\"@id\":\"https:\/\/likemetkovic.hr\/portal\/obiljezen-svjetski-dan-cerebralne-paralize\/#breadcrumb\"},\"inLanguage\":\"hr\",\"potentialAction\":[{\"@type\":\"ReadAction\",\"target\":[\"https:\/\/likemetkovic.hr\/portal\/obiljezen-svjetski-dan-cerebralne-paralize\/\"]}]},{\"@type\":\"ImageObject\",\"inLanguage\":\"hr\",\"@id\":\"https:\/\/likemetkovic.hr\/portal\/obiljezen-svjetski-dan-cerebralne-paralize\/#primaryimage\",\"url\":\"https:\/\/likemetkovic.hr\/portal\/wp-content\/uploads\/2025\/10\/dan-celebralne-paralize.jpg\",\"contentUrl\":\"https:\/\/likemetkovic.hr\/portal\/wp-content\/uploads\/2025\/10\/dan-celebralne-paralize.jpg\",\"width\":800,\"height\":599},{\"@type\":\"BreadcrumbList\",\"@id\":\"https:\/\/likemetkovic.hr\/portal\/obiljezen-svjetski-dan-cerebralne-paralize\/#breadcrumb\",\"itemListElement\":[{\"@type\":\"ListItem\",\"position\":1,\"name\":\"Po\u010detna stranica\",\"item\":\"https:\/\/likemetkovic.hr\/portal\/\"},{\"@type\":\"ListItem\",\"position\":2,\"name\":\"Obilje\u017een Svjetski dan cerebralne paralize\"}]},{\"@type\":\"WebSite\",\"@id\":\"https:\/\/likemetkovic.hr\/#website\",\"url\":\"https:\/\/likemetkovic.hr\/\",\"name\":\"likemetkovic.hr\",\"description\":\"Misli pozitivno... \u010ditaj LIKE\",\"potentialAction\":[{\"@type\":\"SearchAction\",\"target\":{\"@type\":\"EntryPoint\",\"urlTemplate\":\"https:\/\/likemetkovic.hr\/?s={search_term_string}\"},\"query-input\":{\"@type\":\"PropertyValueSpecification\",\"valueRequired\":true,\"valueName\":\"search_term_string\"}}],\"inLanguage\":\"hr\"},{\"@type\":\"Person\",\"@id\":\"https:\/\/likemetkovic.hr\/#\/schema\/person\/a42711f3385a0e2be6f7e0443bfb28f0\",\"name\":\"LIKEmetkovic.hr\",\"sameAs\":[\"http:\/\/likemetkovic.hr\"],\"url\":\"https:\/\/likemetkovic.hr\/portal\/author\/likemetkovic-hr\/\"}]}<\/script>\n<!-- \/ Yoast SEO plugin. -->","yoast_head_json":{"title":"Obilje\u017een Svjetski dan cerebralne paralize - likemetkovic.hr","robots":{"index":"index","follow":"follow","max-snippet":"max-snippet:-1","max-image-preview":"max-image-preview:large","max-video-preview":"max-video-preview:-1"},"canonical":"https:\/\/likemetkovic.hr\/portal\/obiljezen-svjetski-dan-cerebralne-paralize\/","og_locale":"hr_HR","og_type":"article","og_title":"Obilje\u017een Svjetski dan cerebralne paralize - likemetkovic.hr","og_description":"Udruga osoba s invaliditetom \u201ePrijatelj\u201c iz Metkovi\u0107a na poseban je na\u010din obilje\u017eila Svjetski dan cerebralne paralize. U suradnji s lokalnim osnovnim \u0161kolama, u igraonici\u00a0Fun Jungle\u00a0organiziran je dan prepun smijeha, dru\u017eenja i edukativne igre s ciljem podizanja svijesti o cerebralnoj paralizi i va\u017enosti inkluzije. Uz korisnike Udruge, ovom doga\u0111anju pridru\u017eili su se i u\u010denici iz\u00a0Osnovne \u0161kole [&hellip;]","og_url":"https:\/\/likemetkovic.hr\/portal\/obiljezen-svjetski-dan-cerebralne-paralize\/","og_site_name":"likemetkovic.hr","article_publisher":"https:\/\/www.facebook.com\/likemetkovic.hr\/","article_published_time":"2025-10-07T07:22:29+00:00","article_modified_time":"2025-10-07T07:23:31+00:00","og_image":[{"width":800,"height":599,"url":"https:\/\/likemetkovic.hr\/portal\/wp-content\/uploads\/2025\/10\/dan-celebralne-paralize.jpg","type":"image\/jpeg"}],"author":"LIKEmetkovic.hr","twitter_card":"summary_large_image","twitter_misc":{"Napisao\/la":"LIKEmetkovic.hr","Procijenjeno vrijeme \u010ditanja":"2 minute"},"schema":{"@context":"https:\/\/schema.org","@graph":[{"@type":"WebPage","@id":"https:\/\/likemetkovic.hr\/portal\/obiljezen-svjetski-dan-cerebralne-paralize\/","url":"https:\/\/likemetkovic.hr\/portal\/obiljezen-svjetski-dan-cerebralne-paralize\/","name":"Obilje\u017een Svjetski dan cerebralne paralize - likemetkovic.hr","isPartOf":{"@id":"https:\/\/likemetkovic.hr\/#website"},"primaryImageOfPage":{"@id":"https:\/\/likemetkovic.hr\/portal\/obiljezen-svjetski-dan-cerebralne-paralize\/#primaryimage"},"image":{"@id":"https:\/\/likemetkovic.hr\/portal\/obiljezen-svjetski-dan-cerebralne-paralize\/#primaryimage"},"thumbnailUrl":"https:\/\/likemetkovic.hr\/portal\/wp-content\/uploads\/2025\/10\/dan-celebralne-paralize.jpg","datePublished":"2025-10-07T07:22:29+00:00","dateModified":"2025-10-07T07:23:31+00:00","author":{"@id":"https:\/\/likemetkovic.hr\/#\/schema\/person\/a42711f3385a0e2be6f7e0443bfb28f0"},"breadcrumb":{"@id":"https:\/\/likemetkovic.hr\/portal\/obiljezen-svjetski-dan-cerebralne-paralize\/#breadcrumb"},"inLanguage":"hr","potentialAction":[{"@type":"ReadAction","target":["https:\/\/likemetkovic.hr\/portal\/obiljezen-svjetski-dan-cerebralne-paralize\/"]}]},{"@type":"ImageObject","inLanguage":"hr","@id":"https:\/\/likemetkovic.hr\/portal\/obiljezen-svjetski-dan-cerebralne-paralize\/#primaryimage","url":"https:\/\/likemetkovic.hr\/portal\/wp-content\/uploads\/2025\/10\/dan-celebralne-paralize.jpg","contentUrl":"https:\/\/likemetkovic.hr\/portal\/wp-content\/uploads\/2025\/10\/dan-celebralne-paralize.jpg","width":800,"height":599},{"@type":"BreadcrumbList","@id":"https:\/\/likemetkovic.hr\/portal\/obiljezen-svjetski-dan-cerebralne-paralize\/#breadcrumb","itemListElement":[{"@type":"ListItem","position":1,"name":"Po\u010detna stranica","item":"https:\/\/likemetkovic.hr\/portal\/"},{"@type":"ListItem","position":2,"name":"Obilje\u017een Svjetski dan cerebralne paralize"}]},{"@type":"WebSite","@id":"https:\/\/likemetkovic.hr\/#website","url":"https:\/\/likemetkovic.hr\/","name":"likemetkovic.hr","description":"Misli pozitivno... \u010ditaj LIKE","potentialAction":[{"@type":"SearchAction","target":{"@type":"EntryPoint","urlTemplate":"https:\/\/likemetkovic.hr\/?s={search_term_string}"},"query-input":{"@type":"PropertyValueSpecification","valueRequired":true,"valueName":"search_term_string"}}],"inLanguage":"hr"},{"@type":"Person","@id":"https:\/\/likemetkovic.hr\/#\/schema\/person\/a42711f3385a0e2be6f7e0443bfb28f0","name":"LIKEmetkovic.hr","sameAs":["http:\/\/likemetkovic.hr"],"url":"https:\/\/likemetkovic.hr\/portal\/author\/likemetkovic-hr\/"}]}},"_links":{"self":[{"href":"https:\/\/likemetkovic.hr\/portal\/wp-json\/wp\/v2\/posts\/169348","targetHints":{"allow":["GET"]}}],"collection":[{"href":"https:\/\/likemetkovic.hr\/portal\/wp-json\/wp\/v2\/posts"}],"about":[{"href":"https:\/\/likemetkovic.hr\/portal\/wp-json\/wp\/v2\/types\/post"}],"author":[{"embeddable":true,"href":"https:\/\/likemetkovic.hr\/portal\/wp-json\/wp\/v2\/users\/7"}],"replies":[{"embeddable":true,"href":"https:\/\/likemetkovic.hr\/portal\/wp-json\/wp\/v2\/comments?post=169348"}],"version-history":[{"count":1,"href":"https:\/\/likemetkovic.hr\/portal\/wp-json\/wp\/v2\/posts\/169348\/revisions"}],"predecessor-version":[{"id":169350,"href":"https:\/\/likemetkovic.hr\/portal\/wp-json\/wp\/v2\/posts\/169348\/revisions\/169350"}],"wp:featuredmedia":[{"embeddable":true,"href":"https:\/\/likemetkovic.hr\/portal\/wp-json\/wp\/v2\/media\/169349"}],"wp:attachment":[{"href":"https:\/\/likemetkovic.hr\/portal\/wp-json\/wp\/v2\/media?parent=169348"}],"wp:term":[{"taxonomy":"category","embeddable":true,"href":"https:\/\/likemetkovic.hr\/portal\/wp-json\/wp\/v2\/categories?post=169348"},{"taxonomy":"post_tag","embeddable":true,"href":"https:\/\/likemetkovic.hr\/portal\/wp-json\/wp\/v2\/tags?post=169348"}],"curies":[{"name":"wp","href":"https:\/\/api.w.org\/{rel}","templated":true}]}}