{"id":169727,"date":"2025-10-20T09:58:26","date_gmt":"2025-10-20T07:58:26","guid":{"rendered":"https:\/\/likemetkovic.hr\/portal\/?p=169727"},"modified":"2025-10-20T09:58:26","modified_gmt":"2025-10-20T07:58:26","slug":"kud-metkovic-nastupio-na-12-medunarodnom-folklornom-festivalu-u-sloveniji","status":"publish","type":"post","link":"https:\/\/likemetkovic.hr\/portal\/kud-metkovic-nastupio-na-12-medunarodnom-folklornom-festivalu-u-sloveniji\/","title":{"rendered":"KUD \u201cMetkovi\u0107\u201d nastupio na 12. Me\u0111unarodnom folklornom festivalu u Sloveniji"},"content":{"rendered":"<p data-start=\"147\" data-end=\"316\">\u010clanovi Kulturno-umjetni\u010dkog dru\u0161tva <strong data-start=\"184\" data-end=\"198\">\u201cMetkovi\u0107\u201d<\/strong> sudjelovali su od <strong data-start=\"217\" data-end=\"241\">11. do 12. listopada<\/strong> na <strong data-start=\"245\" data-end=\"286\">12. Me\u0111unarodnom folklornom festivalu<\/strong> koji se odr\u017eao u Sloveniji.<\/p>\n<p data-start=\"318\" data-end=\"605\">Poziv organizatora \u2013 <strong data-start=\"339\" data-end=\"367\">Folklornog dru\u0161tva Rakek<\/strong> \u2013 \u010dlanovi KUD-a \u201cMetkovi\u0107\u201d s rado\u0161\u0107u su prihvatili, budu\u0107i da je ovo dru\u0161tvo ranije sudjelovalo na <strong data-start=\"467\" data-end=\"517\">39. Smotri folklora \u201cNa Neretvu mise\u010dina pala\u201d<\/strong>. Time je uspje\u0161no nastavljena i produbljena folklorna suradnja izme\u0111u dvaju dru\u0161tava.<\/p>\n<p data-start=\"607\" data-end=\"856\">Metkovci su se i ovoga puta predstavili bogatim programom <strong data-start=\"665\" data-end=\"699\">neretvanskih plesova i pjesama<\/strong>, \u010dime su na najbolji na\u010din pokazali <strong data-start=\"736\" data-end=\"761\">tradiciju svoga kraja<\/strong> te dostojno predstavili <strong data-start=\"786\" data-end=\"853\">svoj Grad, Dubrova\u010dko-neretvansku \u017eupaniju i Republiku Hrvatsku<\/strong>.<\/p>\n<p data-start=\"858\" data-end=\"1063\"><img decoding=\"async\" class=\"alignnone size-full wp-image-169728\" src=\"https:\/\/likemetkovic.hr\/portal\/wp-content\/uploads\/2025\/10\/kud-metkovic-slovenija-19-10-25.jpg\" alt=\"\" width=\"800\" height=\"441\" srcset=\"https:\/\/likemetkovic.hr\/portal\/wp-content\/uploads\/2025\/10\/kud-metkovic-slovenija-19-10-25.jpg 800w, https:\/\/likemetkovic.hr\/portal\/wp-content\/uploads\/2025\/10\/kud-metkovic-slovenija-19-10-25-768x423.jpg 768w, https:\/\/likemetkovic.hr\/portal\/wp-content\/uploads\/2025\/10\/kud-metkovic-slovenija-19-10-25-762x420.jpg 762w, https:\/\/likemetkovic.hr\/portal\/wp-content\/uploads\/2025\/10\/kud-metkovic-slovenija-19-10-25-150x83.jpg 150w, https:\/\/likemetkovic.hr\/portal\/wp-content\/uploads\/2025\/10\/kud-metkovic-slovenija-19-10-25-300x165.jpg 300w, https:\/\/likemetkovic.hr\/portal\/wp-content\/uploads\/2025\/10\/kud-metkovic-slovenija-19-10-25-696x385.jpg 696w\" sizes=\"(max-width: 800px) 100vw, 800px\" \/><\/p>\n<p data-start=\"858\" data-end=\"1063\">Na povratku iz Slovenije, \u010dlanovima je organiziran <strong data-start=\"909\" data-end=\"937\">obilazak Postojnske jame<\/strong>, \u0161to je na sve ostavilo upe\u010datljiv dojam. Ku\u0107i su se vratili puni dojmova i lijepih uspomena s ovog nezaboravnog putovanja.<\/p>\n","protected":false},"excerpt":{"rendered":"<p>\u010clanovi Kulturno-umjetni\u010dkog dru\u0161tva \u201cMetkovi\u0107\u201d sudjelovali su od 11. do 12. listopada na 12. Me\u0111unarodnom folklornom festivalu koji se odr\u017eao u Sloveniji. Poziv organizatora \u2013 Folklornog dru\u0161tva Rakek \u2013 \u010dlanovi KUD-a \u201cMetkovi\u0107\u201d s rado\u0161\u0107u su prihvatili, budu\u0107i da je ovo dru\u0161tvo ranije sudjelovalo na 39. Smotri folklora \u201cNa Neretvu mise\u010dina pala\u201d. Time je uspje\u0161no nastavljena i [&hellip;]<\/p>\n","protected":false},"author":9,"featured_media":169728,"comment_status":"open","ping_status":"open","sticky":false,"template":"","format":"standard","meta":{"footnotes":""},"categories":[283,1028],"tags":[12092,431],"class_list":{"0":"post-169727","1":"post","2":"type-post","3":"status-publish","4":"format-standard","5":"has-post-thumbnail","7":"category-a","8":"category-kultura-2","9":"tag-folklor","10":"tag-kud-metkovic"},"yoast_head":"<!-- This site is optimized with the Yoast SEO plugin v25.2 - https:\/\/yoast.com\/wordpress\/plugins\/seo\/ -->\n<title>KUD \u201cMetkovi\u0107\u201d nastupio na 12. Me\u0111unarodnom folklornom festivalu u Sloveniji - likemetkovic.hr<\/title>\n<meta name=\"robots\" content=\"index, follow, max-snippet:-1, max-image-preview:large, max-video-preview:-1\" \/>\n<link rel=\"canonical\" href=\"https:\/\/likemetkovic.hr\/portal\/kud-metkovic-nastupio-na-12-medunarodnom-folklornom-festivalu-u-sloveniji\/\" \/>\n<meta property=\"og:locale\" content=\"hr_HR\" \/>\n<meta property=\"og:type\" content=\"article\" \/>\n<meta property=\"og:title\" content=\"KUD \u201cMetkovi\u0107\u201d nastupio na 12. Me\u0111unarodnom folklornom festivalu u Sloveniji - likemetkovic.hr\" \/>\n<meta property=\"og:description\" content=\"\u010clanovi Kulturno-umjetni\u010dkog dru\u0161tva \u201cMetkovi\u0107\u201d sudjelovali su od 11. do 12. listopada na 12. Me\u0111unarodnom folklornom festivalu koji se odr\u017eao u Sloveniji. Poziv organizatora \u2013 Folklornog dru\u0161tva Rakek \u2013 \u010dlanovi KUD-a \u201cMetkovi\u0107\u201d s rado\u0161\u0107u su prihvatili, budu\u0107i da je ovo dru\u0161tvo ranije sudjelovalo na 39. Smotri folklora \u201cNa Neretvu mise\u010dina pala\u201d. Time je uspje\u0161no nastavljena i [&hellip;]\" \/>\n<meta property=\"og:url\" content=\"https:\/\/likemetkovic.hr\/portal\/kud-metkovic-nastupio-na-12-medunarodnom-folklornom-festivalu-u-sloveniji\/\" \/>\n<meta property=\"og:site_name\" content=\"likemetkovic.hr\" \/>\n<meta property=\"article:publisher\" content=\"https:\/\/www.facebook.com\/likemetkovic.hr\/\" \/>\n<meta property=\"article:published_time\" content=\"2025-10-20T07:58:26+00:00\" \/>\n<meta property=\"og:image\" content=\"https:\/\/likemetkovic.hr\/portal\/wp-content\/uploads\/2025\/10\/kud-metkovic-slovenija-19-10-25.jpg\" \/>\n\t<meta property=\"og:image:width\" content=\"800\" \/>\n\t<meta property=\"og:image:height\" content=\"441\" \/>\n\t<meta property=\"og:image:type\" content=\"image\/jpeg\" \/>\n<meta name=\"author\" content=\"K. J.\" \/>\n<meta name=\"twitter:card\" content=\"summary_large_image\" \/>\n<meta name=\"twitter:label1\" content=\"Napisao\/la\" \/>\n\t<meta name=\"twitter:data1\" content=\"K. J.\" \/>\n\t<meta name=\"twitter:label2\" content=\"Procijenjeno vrijeme \u010ditanja\" \/>\n\t<meta name=\"twitter:data2\" content=\"2 minute\" \/>\n<script type=\"application\/ld+json\" class=\"yoast-schema-graph\">{\"@context\":\"https:\/\/schema.org\",\"@graph\":[{\"@type\":\"WebPage\",\"@id\":\"https:\/\/likemetkovic.hr\/portal\/kud-metkovic-nastupio-na-12-medunarodnom-folklornom-festivalu-u-sloveniji\/\",\"url\":\"https:\/\/likemetkovic.hr\/portal\/kud-metkovic-nastupio-na-12-medunarodnom-folklornom-festivalu-u-sloveniji\/\",\"name\":\"KUD \u201cMetkovi\u0107\u201d nastupio na 12. Me\u0111unarodnom folklornom festivalu u Sloveniji - likemetkovic.hr\",\"isPartOf\":{\"@id\":\"https:\/\/likemetkovic.hr\/#website\"},\"primaryImageOfPage\":{\"@id\":\"https:\/\/likemetkovic.hr\/portal\/kud-metkovic-nastupio-na-12-medunarodnom-folklornom-festivalu-u-sloveniji\/#primaryimage\"},\"image\":{\"@id\":\"https:\/\/likemetkovic.hr\/portal\/kud-metkovic-nastupio-na-12-medunarodnom-folklornom-festivalu-u-sloveniji\/#primaryimage\"},\"thumbnailUrl\":\"https:\/\/likemetkovic.hr\/portal\/wp-content\/uploads\/2025\/10\/kud-metkovic-slovenija-19-10-25.jpg\",\"datePublished\":\"2025-10-20T07:58:26+00:00\",\"author\":{\"@id\":\"https:\/\/likemetkovic.hr\/#\/schema\/person\/0a8b4ebfdfe1ff01192dccda40c5da0c\"},\"breadcrumb\":{\"@id\":\"https:\/\/likemetkovic.hr\/portal\/kud-metkovic-nastupio-na-12-medunarodnom-folklornom-festivalu-u-sloveniji\/#breadcrumb\"},\"inLanguage\":\"hr\",\"potentialAction\":[{\"@type\":\"ReadAction\",\"target\":[\"https:\/\/likemetkovic.hr\/portal\/kud-metkovic-nastupio-na-12-medunarodnom-folklornom-festivalu-u-sloveniji\/\"]}]},{\"@type\":\"ImageObject\",\"inLanguage\":\"hr\",\"@id\":\"https:\/\/likemetkovic.hr\/portal\/kud-metkovic-nastupio-na-12-medunarodnom-folklornom-festivalu-u-sloveniji\/#primaryimage\",\"url\":\"https:\/\/likemetkovic.hr\/portal\/wp-content\/uploads\/2025\/10\/kud-metkovic-slovenija-19-10-25.jpg\",\"contentUrl\":\"https:\/\/likemetkovic.hr\/portal\/wp-content\/uploads\/2025\/10\/kud-metkovic-slovenija-19-10-25.jpg\",\"width\":800,\"height\":441},{\"@type\":\"BreadcrumbList\",\"@id\":\"https:\/\/likemetkovic.hr\/portal\/kud-metkovic-nastupio-na-12-medunarodnom-folklornom-festivalu-u-sloveniji\/#breadcrumb\",\"itemListElement\":[{\"@type\":\"ListItem\",\"position\":1,\"name\":\"Po\u010detna stranica\",\"item\":\"https:\/\/likemetkovic.hr\/portal\/\"},{\"@type\":\"ListItem\",\"position\":2,\"name\":\"KUD \u201cMetkovi\u0107\u201d nastupio na 12. Me\u0111unarodnom folklornom festivalu u Sloveniji\"}]},{\"@type\":\"WebSite\",\"@id\":\"https:\/\/likemetkovic.hr\/#website\",\"url\":\"https:\/\/likemetkovic.hr\/\",\"name\":\"likemetkovic.hr\",\"description\":\"Misli pozitivno... \u010ditaj LIKE\",\"potentialAction\":[{\"@type\":\"SearchAction\",\"target\":{\"@type\":\"EntryPoint\",\"urlTemplate\":\"https:\/\/likemetkovic.hr\/?s={search_term_string}\"},\"query-input\":{\"@type\":\"PropertyValueSpecification\",\"valueRequired\":true,\"valueName\":\"search_term_string\"}}],\"inLanguage\":\"hr\"},{\"@type\":\"Person\",\"@id\":\"https:\/\/likemetkovic.hr\/#\/schema\/person\/0a8b4ebfdfe1ff01192dccda40c5da0c\",\"name\":\"K. J.\",\"url\":\"https:\/\/likemetkovic.hr\/portal\/author\/likemetkovic\/\"}]}<\/script>\n<!-- \/ Yoast SEO plugin. -->","yoast_head_json":{"title":"KUD \u201cMetkovi\u0107\u201d nastupio na 12. Me\u0111unarodnom folklornom festivalu u Sloveniji - likemetkovic.hr","robots":{"index":"index","follow":"follow","max-snippet":"max-snippet:-1","max-image-preview":"max-image-preview:large","max-video-preview":"max-video-preview:-1"},"canonical":"https:\/\/likemetkovic.hr\/portal\/kud-metkovic-nastupio-na-12-medunarodnom-folklornom-festivalu-u-sloveniji\/","og_locale":"hr_HR","og_type":"article","og_title":"KUD \u201cMetkovi\u0107\u201d nastupio na 12. Me\u0111unarodnom folklornom festivalu u Sloveniji - likemetkovic.hr","og_description":"\u010clanovi Kulturno-umjetni\u010dkog dru\u0161tva \u201cMetkovi\u0107\u201d sudjelovali su od 11. do 12. listopada na 12. Me\u0111unarodnom folklornom festivalu koji se odr\u017eao u Sloveniji. Poziv organizatora \u2013 Folklornog dru\u0161tva Rakek \u2013 \u010dlanovi KUD-a \u201cMetkovi\u0107\u201d s rado\u0161\u0107u su prihvatili, budu\u0107i da je ovo dru\u0161tvo ranije sudjelovalo na 39. Smotri folklora \u201cNa Neretvu mise\u010dina pala\u201d. Time je uspje\u0161no nastavljena i [&hellip;]","og_url":"https:\/\/likemetkovic.hr\/portal\/kud-metkovic-nastupio-na-12-medunarodnom-folklornom-festivalu-u-sloveniji\/","og_site_name":"likemetkovic.hr","article_publisher":"https:\/\/www.facebook.com\/likemetkovic.hr\/","article_published_time":"2025-10-20T07:58:26+00:00","og_image":[{"width":800,"height":441,"url":"https:\/\/likemetkovic.hr\/portal\/wp-content\/uploads\/2025\/10\/kud-metkovic-slovenija-19-10-25.jpg","type":"image\/jpeg"}],"author":"K. J.","twitter_card":"summary_large_image","twitter_misc":{"Napisao\/la":"K. J.","Procijenjeno vrijeme \u010ditanja":"2 minute"},"schema":{"@context":"https:\/\/schema.org","@graph":[{"@type":"WebPage","@id":"https:\/\/likemetkovic.hr\/portal\/kud-metkovic-nastupio-na-12-medunarodnom-folklornom-festivalu-u-sloveniji\/","url":"https:\/\/likemetkovic.hr\/portal\/kud-metkovic-nastupio-na-12-medunarodnom-folklornom-festivalu-u-sloveniji\/","name":"KUD \u201cMetkovi\u0107\u201d nastupio na 12. Me\u0111unarodnom folklornom festivalu u Sloveniji - likemetkovic.hr","isPartOf":{"@id":"https:\/\/likemetkovic.hr\/#website"},"primaryImageOfPage":{"@id":"https:\/\/likemetkovic.hr\/portal\/kud-metkovic-nastupio-na-12-medunarodnom-folklornom-festivalu-u-sloveniji\/#primaryimage"},"image":{"@id":"https:\/\/likemetkovic.hr\/portal\/kud-metkovic-nastupio-na-12-medunarodnom-folklornom-festivalu-u-sloveniji\/#primaryimage"},"thumbnailUrl":"https:\/\/likemetkovic.hr\/portal\/wp-content\/uploads\/2025\/10\/kud-metkovic-slovenija-19-10-25.jpg","datePublished":"2025-10-20T07:58:26+00:00","author":{"@id":"https:\/\/likemetkovic.hr\/#\/schema\/person\/0a8b4ebfdfe1ff01192dccda40c5da0c"},"breadcrumb":{"@id":"https:\/\/likemetkovic.hr\/portal\/kud-metkovic-nastupio-na-12-medunarodnom-folklornom-festivalu-u-sloveniji\/#breadcrumb"},"inLanguage":"hr","potentialAction":[{"@type":"ReadAction","target":["https:\/\/likemetkovic.hr\/portal\/kud-metkovic-nastupio-na-12-medunarodnom-folklornom-festivalu-u-sloveniji\/"]}]},{"@type":"ImageObject","inLanguage":"hr","@id":"https:\/\/likemetkovic.hr\/portal\/kud-metkovic-nastupio-na-12-medunarodnom-folklornom-festivalu-u-sloveniji\/#primaryimage","url":"https:\/\/likemetkovic.hr\/portal\/wp-content\/uploads\/2025\/10\/kud-metkovic-slovenija-19-10-25.jpg","contentUrl":"https:\/\/likemetkovic.hr\/portal\/wp-content\/uploads\/2025\/10\/kud-metkovic-slovenija-19-10-25.jpg","width":800,"height":441},{"@type":"BreadcrumbList","@id":"https:\/\/likemetkovic.hr\/portal\/kud-metkovic-nastupio-na-12-medunarodnom-folklornom-festivalu-u-sloveniji\/#breadcrumb","itemListElement":[{"@type":"ListItem","position":1,"name":"Po\u010detna stranica","item":"https:\/\/likemetkovic.hr\/portal\/"},{"@type":"ListItem","position":2,"name":"KUD \u201cMetkovi\u0107\u201d nastupio na 12. Me\u0111unarodnom folklornom festivalu u Sloveniji"}]},{"@type":"WebSite","@id":"https:\/\/likemetkovic.hr\/#website","url":"https:\/\/likemetkovic.hr\/","name":"likemetkovic.hr","description":"Misli pozitivno... \u010ditaj LIKE","potentialAction":[{"@type":"SearchAction","target":{"@type":"EntryPoint","urlTemplate":"https:\/\/likemetkovic.hr\/?s={search_term_string}"},"query-input":{"@type":"PropertyValueSpecification","valueRequired":true,"valueName":"search_term_string"}}],"inLanguage":"hr"},{"@type":"Person","@id":"https:\/\/likemetkovic.hr\/#\/schema\/person\/0a8b4ebfdfe1ff01192dccda40c5da0c","name":"K. J.","url":"https:\/\/likemetkovic.hr\/portal\/author\/likemetkovic\/"}]}},"_links":{"self":[{"href":"https:\/\/likemetkovic.hr\/portal\/wp-json\/wp\/v2\/posts\/169727","targetHints":{"allow":["GET"]}}],"collection":[{"href":"https:\/\/likemetkovic.hr\/portal\/wp-json\/wp\/v2\/posts"}],"about":[{"href":"https:\/\/likemetkovic.hr\/portal\/wp-json\/wp\/v2\/types\/post"}],"author":[{"embeddable":true,"href":"https:\/\/likemetkovic.hr\/portal\/wp-json\/wp\/v2\/users\/9"}],"replies":[{"embeddable":true,"href":"https:\/\/likemetkovic.hr\/portal\/wp-json\/wp\/v2\/comments?post=169727"}],"version-history":[{"count":1,"href":"https:\/\/likemetkovic.hr\/portal\/wp-json\/wp\/v2\/posts\/169727\/revisions"}],"predecessor-version":[{"id":169729,"href":"https:\/\/likemetkovic.hr\/portal\/wp-json\/wp\/v2\/posts\/169727\/revisions\/169729"}],"wp:featuredmedia":[{"embeddable":true,"href":"https:\/\/likemetkovic.hr\/portal\/wp-json\/wp\/v2\/media\/169728"}],"wp:attachment":[{"href":"https:\/\/likemetkovic.hr\/portal\/wp-json\/wp\/v2\/media?parent=169727"}],"wp:term":[{"taxonomy":"category","embeddable":true,"href":"https:\/\/likemetkovic.hr\/portal\/wp-json\/wp\/v2\/categories?post=169727"},{"taxonomy":"post_tag","embeddable":true,"href":"https:\/\/likemetkovic.hr\/portal\/wp-json\/wp\/v2\/tags?post=169727"}],"curies":[{"name":"wp","href":"https:\/\/api.w.org\/{rel}","templated":true}]}}