{"id":169775,"date":"2025-10-22T12:16:01","date_gmt":"2025-10-22T10:16:01","guid":{"rendered":"https:\/\/likemetkovic.hr\/portal\/?p=169775"},"modified":"2025-10-22T12:16:01","modified_gmt":"2025-10-22T10:16:01","slug":"skole-na-jugu-dalmacije-zaposljavaju-zastitare","status":"publish","type":"post","link":"https:\/\/likemetkovic.hr\/portal\/skole-na-jugu-dalmacije-zaposljavaju-zastitare\/","title":{"rendered":"\u0160kole na jugu Dalmacije zapo\u0161ljavaju za\u0161titare"},"content":{"rendered":"<p>Iako je \u0161kolska godina po\u010dela bez za\u0161titara u \u0161kolama, na jugu Dalmacije ipak se ne\u0161to pokrenulo. \u0160kole su raspisale natje\u010daje za petnaest novih djelatnika koji \u0107e brinuti o sigurnosti djece, nastavnika i \u0161kolskih prostora. Rije\u010d je o novom radnom mjestu pod nazivom operativni djelatnik za sigurnost i civilnu za\u0161titu, a na natje\u010daje se mogu ravnopravno prijaviti mu\u0161karci i \u017eene.<\/p>\n<p>Natje\u010daji su objavljeni u \u0161kolama u Metkovi\u0107u i Dubrovniku. Uz op\u0107e uvjete propisane Zakonom o radu i Zakonom o odgoju i obrazovanju u osnovnoj i srednjoj \u0161koli, kandidati moraju imati zavr\u0161enu \u010detverogodi\u0161nju srednju \u0161kolu, najmanje na razini 4.2 Hrvatskog kvalifikacijskog okvira, te zavr\u0161iti program obrazovanja za stjecanje djelomi\u010dne kvalifikacije operativnog djelatnika za sigurnost i civilnu za\u0161titu u odgojno-obrazovnim ustanovama.<\/p>\n<p>Ako kandidat taj program jo\u0161 nije zavr\u0161io, mo\u017ee se zaposliti uz obvezu da ga zavr\u0161i u roku od \u0161est mjeseci od dana sklapanja ugovora o radu, pi\u0161e <a href=\"https:\/\/slobodnadalmacija.hr\/dalmacija\/s-mora-i-kraja\/drzavni-posao-iz-snova-na-jugu-dalmacije-otvorena-su-dva-radna-mjesta-placa-je-iznad-prosjeka-ovo-su-uvjeti-1511878?cx_linkref=sd_home_sd_nepropustite_najcitanije_items\" target=\"_blank\" rel=\"noopener\">Slobodna Dalmacija<\/a>.<\/p>\n<p>Program obrazovanja traje 250 sati i provodit \u0107e ga ustanove za obrazovanje odraslih koje dobiju odobrenje Ministarstva znanosti, obrazovanja i mladih. Obuhva\u0107a sadr\u017eaje vezane uz razvoj djece i mladih, komunikacijske vje\u0161tine i pravila rada u \u0161kolama, poslove za\u0161tite i ovlasti djelatnika, tehni\u010dku za\u0161titu, za\u0161titu od po\u017eara i civilnu za\u0161titu te osnove samoobrane i uporabe sredstava prisile. Teorijski dio programa mo\u0107i \u0107e se poha\u0111ati i putem online nastave u stvarnom vremenu.<\/p>\n<p>Kako doznajemo, program mogu upisati osobe koje imaju zavr\u0161enu \u010detverogodi\u0161nju srednju \u0161kolu, hrvatsko dr\u017eavljanstvo i prebivali\u0161te u Republici Hrvatskoj, koje su navr\u0161ile osamnaest godina i ispunjavaju posebne psihi\u010dke i tjelesne uvjete te posjeduju osobnu dostojnost za obavljanje poslova sigurnosti.<\/p>\n<p>Novi djelatnici u \u0161kolama imat \u0107e zadatak kontrolirati pristup \u0161kolskim prostorima, nadzirati sigurnost u\u010denika i zaposlenika, osiguravati imovinu \u0161kole te, po potrebi, sura\u0111ivati s policijom, vatrogascima i hitnom slu\u017ebom. Sudjelovat \u0107e i u provo\u0111enju vje\u017ebi evakuacije te \u0107e u\u010denicima prenositi znanja o pona\u0161anju u hitnim situacijama. Osim toga, obavljat \u0107e i dodatne tehni\u010dke poslove, poput odr\u017eavanja objekta \u0161kole i njezina okoli\u0161a.<\/p>\n<p>Prema dostupnim podacima, bruto pla\u0107a za ovo radno mjesto iznosit \u0107e oko 1400 eura, odnosno pribli\u017eno 1120 eura neto, \u0161to je iznad trenuta\u010dnog prosjeka u za\u0161titarskoj djelatnosti. Zbog toga se o\u010dekuje pove\u0107an interes kandidata, a pretpostavlja se i da bi dio postoje\u0107ih za\u0161titara mogao prije\u0107i u javni sektor.<\/p>\n<p>Prednost pri zapo\u0161ljavanju imaju hrvatski branitelji i \u010dlanovi njihovih obitelji, civilni stradalnici Domovinskog rata, vojni i civilni invalidi rata te osobe s invaliditetom, sukladno posebnim propisima. Kandidati koji se pozivaju na neko od navedenih prava moraju to navesti u prijavi i prilo\u017eiti odgovaraju\u0107u dokumentaciju.<\/p>\n<p>Svi kandidati koji ispunjavaju uvjete bit \u0107e pozvani na testiranje, a informacije o datumu i na\u010dinu provo\u0111enja objavljivat\u00a0\u0107e se na mre\u017enim stranicama \u0161kola. Uvo\u0111enje operativnih djelatnika za sigurnost i civilnu za\u0161titu prvi je korak prema sustavnom rje\u0161avanju pitanja sigurnosti u \u0161kolama.<\/p>\n<p>Pi\u0161e: Stanislav Soldo \/<a href=\"https:\/\/slobodnadalmacija.hr\/dalmacija\/s-mora-i-kraja\/drzavni-posao-iz-snova-na-jugu-dalmacije-otvorena-su-dva-radna-mjesta-placa-je-iznad-prosjeka-ovo-su-uvjeti-1511878?cx_linkref=sd_home_sd_nepropustite_najcitanije_items\" target=\"_blank\" rel=\"noopener\">\u00a0Slobodna Dalmacija<\/a><\/p>\n","protected":false},"excerpt":{"rendered":"<p>Iako je \u0161kolska godina po\u010dela bez za\u0161titara u \u0161kolama, na jugu Dalmacije ipak se ne\u0161to pokrenulo. \u0160kole su raspisale natje\u010daje za petnaest novih djelatnika koji \u0107e brinuti o sigurnosti djece, nastavnika i \u0161kolskih prostora. Rije\u010d je o novom radnom mjestu pod nazivom operativni djelatnik za sigurnost i civilnu za\u0161titu, a na natje\u010daje se mogu ravnopravno [&hellip;]<\/p>\n","protected":false},"author":7,"featured_media":149566,"comment_status":"open","ping_status":"open","sticky":false,"template":"","format":"standard","meta":{"footnotes":""},"categories":[296,300],"tags":[2273,6795],"class_list":{"0":"post-169775","1":"post","2":"type-post","3":"status-publish","4":"format-standard","5":"has-post-thumbnail","7":"category-ab","8":"category-zupanija","9":"tag-skole","10":"tag-zastitari"},"yoast_head":"<!-- This site is optimized with the Yoast SEO plugin v25.2 - https:\/\/yoast.com\/wordpress\/plugins\/seo\/ -->\n<title>\u0160kole na jugu Dalmacije zapo\u0161ljavaju za\u0161titare - likemetkovic.hr<\/title>\n<meta name=\"robots\" content=\"index, follow, max-snippet:-1, max-image-preview:large, max-video-preview:-1\" \/>\n<link rel=\"canonical\" href=\"https:\/\/likemetkovic.hr\/portal\/skole-na-jugu-dalmacije-zaposljavaju-zastitare\/\" \/>\n<meta property=\"og:locale\" content=\"hr_HR\" \/>\n<meta property=\"og:type\" content=\"article\" \/>\n<meta property=\"og:title\" content=\"\u0160kole na jugu Dalmacije zapo\u0161ljavaju za\u0161titare - likemetkovic.hr\" \/>\n<meta property=\"og:description\" content=\"Iako je \u0161kolska godina po\u010dela bez za\u0161titara u \u0161kolama, na jugu Dalmacije ipak se ne\u0161to pokrenulo. \u0160kole su raspisale natje\u010daje za petnaest novih djelatnika koji \u0107e brinuti o sigurnosti djece, nastavnika i \u0161kolskih prostora. Rije\u010d je o novom radnom mjestu pod nazivom operativni djelatnik za sigurnost i civilnu za\u0161titu, a na natje\u010daje se mogu ravnopravno [&hellip;]\" \/>\n<meta property=\"og:url\" content=\"https:\/\/likemetkovic.hr\/portal\/skole-na-jugu-dalmacije-zaposljavaju-zastitare\/\" \/>\n<meta property=\"og:site_name\" content=\"likemetkovic.hr\" \/>\n<meta property=\"article:publisher\" content=\"https:\/\/www.facebook.com\/likemetkovic.hr\/\" \/>\n<meta property=\"article:published_time\" content=\"2025-10-22T10:16:01+00:00\" \/>\n<meta property=\"og:image\" content=\"https:\/\/likemetkovic.hr\/portal\/wp-content\/uploads\/2023\/12\/skola-zgrada-stjepana-radica021223.jpg\" \/>\n\t<meta property=\"og:image:width\" content=\"800\" \/>\n\t<meta property=\"og:image:height\" content=\"533\" \/>\n\t<meta property=\"og:image:type\" content=\"image\/jpeg\" \/>\n<meta name=\"author\" content=\"LIKEmetkovic.hr\" \/>\n<meta name=\"twitter:card\" content=\"summary_large_image\" \/>\n<meta name=\"twitter:label1\" content=\"Napisao\/la\" \/>\n\t<meta name=\"twitter:data1\" content=\"LIKEmetkovic.hr\" \/>\n\t<meta name=\"twitter:label2\" content=\"Procijenjeno vrijeme \u010ditanja\" \/>\n\t<meta name=\"twitter:data2\" content=\"3 minute\" \/>\n<script type=\"application\/ld+json\" class=\"yoast-schema-graph\">{\"@context\":\"https:\/\/schema.org\",\"@graph\":[{\"@type\":\"WebPage\",\"@id\":\"https:\/\/likemetkovic.hr\/portal\/skole-na-jugu-dalmacije-zaposljavaju-zastitare\/\",\"url\":\"https:\/\/likemetkovic.hr\/portal\/skole-na-jugu-dalmacije-zaposljavaju-zastitare\/\",\"name\":\"\u0160kole na jugu Dalmacije zapo\u0161ljavaju za\u0161titare - likemetkovic.hr\",\"isPartOf\":{\"@id\":\"https:\/\/likemetkovic.hr\/#website\"},\"primaryImageOfPage\":{\"@id\":\"https:\/\/likemetkovic.hr\/portal\/skole-na-jugu-dalmacije-zaposljavaju-zastitare\/#primaryimage\"},\"image\":{\"@id\":\"https:\/\/likemetkovic.hr\/portal\/skole-na-jugu-dalmacije-zaposljavaju-zastitare\/#primaryimage\"},\"thumbnailUrl\":\"https:\/\/likemetkovic.hr\/portal\/wp-content\/uploads\/2023\/12\/skola-zgrada-stjepana-radica021223.jpg\",\"datePublished\":\"2025-10-22T10:16:01+00:00\",\"author\":{\"@id\":\"https:\/\/likemetkovic.hr\/#\/schema\/person\/a42711f3385a0e2be6f7e0443bfb28f0\"},\"breadcrumb\":{\"@id\":\"https:\/\/likemetkovic.hr\/portal\/skole-na-jugu-dalmacije-zaposljavaju-zastitare\/#breadcrumb\"},\"inLanguage\":\"hr\",\"potentialAction\":[{\"@type\":\"ReadAction\",\"target\":[\"https:\/\/likemetkovic.hr\/portal\/skole-na-jugu-dalmacije-zaposljavaju-zastitare\/\"]}]},{\"@type\":\"ImageObject\",\"inLanguage\":\"hr\",\"@id\":\"https:\/\/likemetkovic.hr\/portal\/skole-na-jugu-dalmacije-zaposljavaju-zastitare\/#primaryimage\",\"url\":\"https:\/\/likemetkovic.hr\/portal\/wp-content\/uploads\/2023\/12\/skola-zgrada-stjepana-radica021223.jpg\",\"contentUrl\":\"https:\/\/likemetkovic.hr\/portal\/wp-content\/uploads\/2023\/12\/skola-zgrada-stjepana-radica021223.jpg\",\"width\":800,\"height\":533},{\"@type\":\"BreadcrumbList\",\"@id\":\"https:\/\/likemetkovic.hr\/portal\/skole-na-jugu-dalmacije-zaposljavaju-zastitare\/#breadcrumb\",\"itemListElement\":[{\"@type\":\"ListItem\",\"position\":1,\"name\":\"Po\u010detna stranica\",\"item\":\"https:\/\/likemetkovic.hr\/portal\/\"},{\"@type\":\"ListItem\",\"position\":2,\"name\":\"\u0160kole na jugu Dalmacije zapo\u0161ljavaju za\u0161titare\"}]},{\"@type\":\"WebSite\",\"@id\":\"https:\/\/likemetkovic.hr\/#website\",\"url\":\"https:\/\/likemetkovic.hr\/\",\"name\":\"likemetkovic.hr\",\"description\":\"Misli pozitivno... \u010ditaj LIKE\",\"potentialAction\":[{\"@type\":\"SearchAction\",\"target\":{\"@type\":\"EntryPoint\",\"urlTemplate\":\"https:\/\/likemetkovic.hr\/?s={search_term_string}\"},\"query-input\":{\"@type\":\"PropertyValueSpecification\",\"valueRequired\":true,\"valueName\":\"search_term_string\"}}],\"inLanguage\":\"hr\"},{\"@type\":\"Person\",\"@id\":\"https:\/\/likemetkovic.hr\/#\/schema\/person\/a42711f3385a0e2be6f7e0443bfb28f0\",\"name\":\"LIKEmetkovic.hr\",\"sameAs\":[\"http:\/\/likemetkovic.hr\"],\"url\":\"https:\/\/likemetkovic.hr\/portal\/author\/likemetkovic-hr\/\"}]}<\/script>\n<!-- \/ Yoast SEO plugin. -->","yoast_head_json":{"title":"\u0160kole na jugu Dalmacije zapo\u0161ljavaju za\u0161titare - likemetkovic.hr","robots":{"index":"index","follow":"follow","max-snippet":"max-snippet:-1","max-image-preview":"max-image-preview:large","max-video-preview":"max-video-preview:-1"},"canonical":"https:\/\/likemetkovic.hr\/portal\/skole-na-jugu-dalmacije-zaposljavaju-zastitare\/","og_locale":"hr_HR","og_type":"article","og_title":"\u0160kole na jugu Dalmacije zapo\u0161ljavaju za\u0161titare - likemetkovic.hr","og_description":"Iako je \u0161kolska godina po\u010dela bez za\u0161titara u \u0161kolama, na jugu Dalmacije ipak se ne\u0161to pokrenulo. \u0160kole su raspisale natje\u010daje za petnaest novih djelatnika koji \u0107e brinuti o sigurnosti djece, nastavnika i \u0161kolskih prostora. Rije\u010d je o novom radnom mjestu pod nazivom operativni djelatnik za sigurnost i civilnu za\u0161titu, a na natje\u010daje se mogu ravnopravno [&hellip;]","og_url":"https:\/\/likemetkovic.hr\/portal\/skole-na-jugu-dalmacije-zaposljavaju-zastitare\/","og_site_name":"likemetkovic.hr","article_publisher":"https:\/\/www.facebook.com\/likemetkovic.hr\/","article_published_time":"2025-10-22T10:16:01+00:00","og_image":[{"width":800,"height":533,"url":"https:\/\/likemetkovic.hr\/portal\/wp-content\/uploads\/2023\/12\/skola-zgrada-stjepana-radica021223.jpg","type":"image\/jpeg"}],"author":"LIKEmetkovic.hr","twitter_card":"summary_large_image","twitter_misc":{"Napisao\/la":"LIKEmetkovic.hr","Procijenjeno vrijeme \u010ditanja":"3 minute"},"schema":{"@context":"https:\/\/schema.org","@graph":[{"@type":"WebPage","@id":"https:\/\/likemetkovic.hr\/portal\/skole-na-jugu-dalmacije-zaposljavaju-zastitare\/","url":"https:\/\/likemetkovic.hr\/portal\/skole-na-jugu-dalmacije-zaposljavaju-zastitare\/","name":"\u0160kole na jugu Dalmacije zapo\u0161ljavaju za\u0161titare - likemetkovic.hr","isPartOf":{"@id":"https:\/\/likemetkovic.hr\/#website"},"primaryImageOfPage":{"@id":"https:\/\/likemetkovic.hr\/portal\/skole-na-jugu-dalmacije-zaposljavaju-zastitare\/#primaryimage"},"image":{"@id":"https:\/\/likemetkovic.hr\/portal\/skole-na-jugu-dalmacije-zaposljavaju-zastitare\/#primaryimage"},"thumbnailUrl":"https:\/\/likemetkovic.hr\/portal\/wp-content\/uploads\/2023\/12\/skola-zgrada-stjepana-radica021223.jpg","datePublished":"2025-10-22T10:16:01+00:00","author":{"@id":"https:\/\/likemetkovic.hr\/#\/schema\/person\/a42711f3385a0e2be6f7e0443bfb28f0"},"breadcrumb":{"@id":"https:\/\/likemetkovic.hr\/portal\/skole-na-jugu-dalmacije-zaposljavaju-zastitare\/#breadcrumb"},"inLanguage":"hr","potentialAction":[{"@type":"ReadAction","target":["https:\/\/likemetkovic.hr\/portal\/skole-na-jugu-dalmacije-zaposljavaju-zastitare\/"]}]},{"@type":"ImageObject","inLanguage":"hr","@id":"https:\/\/likemetkovic.hr\/portal\/skole-na-jugu-dalmacije-zaposljavaju-zastitare\/#primaryimage","url":"https:\/\/likemetkovic.hr\/portal\/wp-content\/uploads\/2023\/12\/skola-zgrada-stjepana-radica021223.jpg","contentUrl":"https:\/\/likemetkovic.hr\/portal\/wp-content\/uploads\/2023\/12\/skola-zgrada-stjepana-radica021223.jpg","width":800,"height":533},{"@type":"BreadcrumbList","@id":"https:\/\/likemetkovic.hr\/portal\/skole-na-jugu-dalmacije-zaposljavaju-zastitare\/#breadcrumb","itemListElement":[{"@type":"ListItem","position":1,"name":"Po\u010detna stranica","item":"https:\/\/likemetkovic.hr\/portal\/"},{"@type":"ListItem","position":2,"name":"\u0160kole na jugu Dalmacije zapo\u0161ljavaju za\u0161titare"}]},{"@type":"WebSite","@id":"https:\/\/likemetkovic.hr\/#website","url":"https:\/\/likemetkovic.hr\/","name":"likemetkovic.hr","description":"Misli pozitivno... \u010ditaj LIKE","potentialAction":[{"@type":"SearchAction","target":{"@type":"EntryPoint","urlTemplate":"https:\/\/likemetkovic.hr\/?s={search_term_string}"},"query-input":{"@type":"PropertyValueSpecification","valueRequired":true,"valueName":"search_term_string"}}],"inLanguage":"hr"},{"@type":"Person","@id":"https:\/\/likemetkovic.hr\/#\/schema\/person\/a42711f3385a0e2be6f7e0443bfb28f0","name":"LIKEmetkovic.hr","sameAs":["http:\/\/likemetkovic.hr"],"url":"https:\/\/likemetkovic.hr\/portal\/author\/likemetkovic-hr\/"}]}},"_links":{"self":[{"href":"https:\/\/likemetkovic.hr\/portal\/wp-json\/wp\/v2\/posts\/169775","targetHints":{"allow":["GET"]}}],"collection":[{"href":"https:\/\/likemetkovic.hr\/portal\/wp-json\/wp\/v2\/posts"}],"about":[{"href":"https:\/\/likemetkovic.hr\/portal\/wp-json\/wp\/v2\/types\/post"}],"author":[{"embeddable":true,"href":"https:\/\/likemetkovic.hr\/portal\/wp-json\/wp\/v2\/users\/7"}],"replies":[{"embeddable":true,"href":"https:\/\/likemetkovic.hr\/portal\/wp-json\/wp\/v2\/comments?post=169775"}],"version-history":[{"count":1,"href":"https:\/\/likemetkovic.hr\/portal\/wp-json\/wp\/v2\/posts\/169775\/revisions"}],"predecessor-version":[{"id":169776,"href":"https:\/\/likemetkovic.hr\/portal\/wp-json\/wp\/v2\/posts\/169775\/revisions\/169776"}],"wp:featuredmedia":[{"embeddable":true,"href":"https:\/\/likemetkovic.hr\/portal\/wp-json\/wp\/v2\/media\/149566"}],"wp:attachment":[{"href":"https:\/\/likemetkovic.hr\/portal\/wp-json\/wp\/v2\/media?parent=169775"}],"wp:term":[{"taxonomy":"category","embeddable":true,"href":"https:\/\/likemetkovic.hr\/portal\/wp-json\/wp\/v2\/categories?post=169775"},{"taxonomy":"post_tag","embeddable":true,"href":"https:\/\/likemetkovic.hr\/portal\/wp-json\/wp\/v2\/tags?post=169775"}],"curies":[{"name":"wp","href":"https:\/\/api.w.org\/{rel}","templated":true}]}}