{"id":169860,"date":"2025-10-26T08:19:39","date_gmt":"2025-10-26T07:19:39","guid":{"rendered":"https:\/\/likemetkovic.hr\/portal\/?p=169860"},"modified":"2025-10-26T08:19:39","modified_gmt":"2025-10-26T07:19:39","slug":"erasmus-metkovski-gimnazijalci-s-kolegama-iz-poljske-zajedno-za-odrzivu-buducnost","status":"publish","type":"post","link":"https:\/\/likemetkovic.hr\/portal\/erasmus-metkovski-gimnazijalci-s-kolegama-iz-poljske-zajedno-za-odrzivu-buducnost\/","title":{"rendered":"ERASMUS: Metkovski gimnazijalci s kolegama iz Poljske zajedno za odr\u017eivu budu\u0107nost"},"content":{"rendered":"<p data-start=\"114\" data-end=\"544\">Od 20. do 24. listopada 2025. godine Gimnazija Metkovi\u0107 bila je doma\u0107in Erasmus+ mobilnosti u okviru Erasmus akreditacije, tijekom koje je ugostila 15 u\u010denika i 3 profesorice iz \u0161kole <strong data-start=\"298\" data-end=\"352\">Zesp\u00f3\u0142 Szk\u00f3\u0142 Og\u00f3lnokszta\u0142c\u0105cych im. Armii Krajowej<\/strong> iz grada <strong data-start=\"362\" data-end=\"379\">Bielsko-Bia\u0142a<\/strong> u Poljskoj. Mobilnost je protekla u znaku ekologije, edukacije i kulturne razmjene, a brojni sadr\u017eaji i aktivnosti dodatno su povezali sudionike iz dviju zemalja.<\/p>\n<p data-start=\"546\" data-end=\"820\">Tijekom pet dana boravka, gosti iz Poljske i u\u010denici Gimnazije Metkovi\u0107 sudjelovali su u nizu projektnih zadataka i terenskih aktivnosti. Program je zapo\u010deo <strong data-start=\"703\" data-end=\"724\">sve\u010danim prijemom<\/strong> te predstavljanjem \u0161kola, regija i kultura, a nastavio se zanimljivim radionicama kao \u0161to su:<\/p>\n<ul data-start=\"822\" data-end=\"1169\">\n<li data-start=\"822\" data-end=\"877\">\n<p data-start=\"824\" data-end=\"877\"><em data-start=\"824\" data-end=\"841\">EcoYouth Debate<\/em> \u2013 me\u0111unarodna debata o odr\u017eivosti<\/p>\n<\/li>\n<li data-start=\"878\" data-end=\"956\">\n<p data-start=\"880\" data-end=\"956\"><em data-start=\"880\" data-end=\"913\">Kahoot: Our Climate, Our Future<\/em> \u2013 izrada kvizova o klimatskim promjenama<\/p>\n<\/li>\n<li data-start=\"957\" data-end=\"1029\">\n<p data-start=\"959\" data-end=\"1029\"><em data-start=\"959\" data-end=\"986\">Lapbook: We for the Earth<\/em> \u2013 izrada kreativnih ekolo\u0161kih bilje\u017enica<\/p>\n<\/li>\n<li data-start=\"1030\" data-end=\"1094\">\n<p data-start=\"1032\" data-end=\"1094\"><em data-start=\"1032\" data-end=\"1042\">Eco Bags<\/em> \u2013 oslikavanje i dizajn torbi s ekolo\u0161kim porukama<\/p>\n<\/li>\n<li data-start=\"1095\" data-end=\"1169\">\n<p data-start=\"1097\" data-end=\"1169\"><em data-start=\"1097\" data-end=\"1128\">\u010ci\u0161\u0107enje obale doline Neretve<\/em> \u2013 konkretna akcija za o\u010duvanje okoli\u0161a<\/p>\n<\/li>\n<\/ul>\n<p data-start=\"1171\" data-end=\"1554\">Osim \u0161kolskih i radioni\u010dkih aktivnosti, poljski su gosti posjetili <strong data-start=\"1238\" data-end=\"1257\">Jamu u Predolcu<\/strong>, <strong data-start=\"1259\" data-end=\"1291\">Prirodoslovni muzej Metkovi\u0107<\/strong> te lokalne <strong data-start=\"1303\" data-end=\"1324\">rezervate prirode<\/strong>, a poseban do\u017eivljaj bio je <strong data-start=\"1353\" data-end=\"1386\">foto safari uz rijeku Neretvu<\/strong>. Kroz sve su aktivnosti u\u010denici izra\u0111ivali <strong data-start=\"1430\" data-end=\"1447\">ekolo\u0161ki blog<\/strong>, razvijali <strong data-start=\"1459\" data-end=\"1506\">digitalne, jezi\u010dne i dru\u0161tvene kompetencije<\/strong>, te u\u010dili o <strong data-start=\"1519\" data-end=\"1551\">odr\u017eivom razvoju kroz praksu<\/strong>.<\/p>\n<p data-start=\"1556\" data-end=\"1728\"><img decoding=\"async\" class=\"alignnone size-full wp-image-169861\" src=\"https:\/\/likemetkovic.hr\/portal\/wp-content\/uploads\/2025\/10\/erasmus-gimnazija-poljaci.jpg\" alt=\"\" width=\"800\" height=\"520\" srcset=\"https:\/\/likemetkovic.hr\/portal\/wp-content\/uploads\/2025\/10\/erasmus-gimnazija-poljaci.jpg 800w, https:\/\/likemetkovic.hr\/portal\/wp-content\/uploads\/2025\/10\/erasmus-gimnazija-poljaci-768x499.jpg 768w, https:\/\/likemetkovic.hr\/portal\/wp-content\/uploads\/2025\/10\/erasmus-gimnazija-poljaci-646x420.jpg 646w, https:\/\/likemetkovic.hr\/portal\/wp-content\/uploads\/2025\/10\/erasmus-gimnazija-poljaci-150x98.jpg 150w, https:\/\/likemetkovic.hr\/portal\/wp-content\/uploads\/2025\/10\/erasmus-gimnazija-poljaci-300x195.jpg 300w, https:\/\/likemetkovic.hr\/portal\/wp-content\/uploads\/2025\/10\/erasmus-gimnazija-poljaci-696x452.jpg 696w\" sizes=\"(max-width: 800px) 100vw, 800px\" \/>Suradnja izme\u0111u \u0161kola nastavlja se i nakon mobilnosti, kroz <strong data-start=\"1616\" data-end=\"1653\">eTwinning projekt \u201cGreen Schools\u201d<\/strong>, koji \u0107e dodatno povezati u\u010denike u zajedni\u010dkim ekolo\u0161kim inicijativama.<\/p>\n<p data-start=\"1730\" data-end=\"2035\">Posebna zahvala upu\u0107ena je nastavnicama <strong data-start=\"1770\" data-end=\"1796\">Antoneli Dragobratovi\u0107<\/strong> i <strong data-start=\"1799\" data-end=\"1814\">Lori Prusac<\/strong>, kao i u\u010denicima <strong data-start=\"1832\" data-end=\"1858\">3.C, 4.B i 4.C razreda<\/strong>, koji su s velikim entuzijazmom sudjelovali u organizaciji i provedbi programa. Njihova <strong data-start=\"1947\" data-end=\"1990\">predanost, kreativnost i gostoljubivost<\/strong> ostavili su sna\u017ean dojam na poljske goste.<\/p>\n<p data-start=\"2315\" data-end=\"2402\">Projekt je <strong data-start=\"2326\" data-end=\"2368\">sufinanciran sredstvima Europske unije<\/strong> u okviru programa <strong data-start=\"2387\" data-end=\"2399\">Erasmus+<\/strong>.<\/p>\n","protected":false},"excerpt":{"rendered":"<p>Od 20. do 24. listopada 2025. godine Gimnazija Metkovi\u0107 bila je doma\u0107in Erasmus+ mobilnosti u okviru Erasmus akreditacije, tijekom koje je ugostila 15 u\u010denika i 3 profesorice iz \u0161kole Zesp\u00f3\u0142 Szk\u00f3\u0142 Og\u00f3lnokszta\u0142c\u0105cych im. Armii Krajowej iz grada Bielsko-Bia\u0142a u Poljskoj. Mobilnost je protekla u znaku ekologije, edukacije i kulturne razmjene, a brojni sadr\u017eaji i aktivnosti [&hellip;]<\/p>\n","protected":false},"author":7,"featured_media":169861,"comment_status":"open","ping_status":"open","sticky":false,"template":"","format":"standard","meta":{"footnotes":""},"categories":[283,166],"tags":[5940,332],"class_list":{"0":"post-169860","1":"post","2":"type-post","3":"status-publish","4":"format-standard","5":"has-post-thumbnail","7":"category-a","8":"category-skolstvo","9":"tag-erasmus-projekt","10":"tag-gimnazija-metkovic"},"yoast_head":"<!-- This site is optimized with the Yoast SEO plugin v25.2 - https:\/\/yoast.com\/wordpress\/plugins\/seo\/ -->\n<title>ERASMUS: Metkovski gimnazijalci s kolegama iz Poljske zajedno za odr\u017eivu budu\u0107nost - likemetkovic.hr<\/title>\n<meta name=\"robots\" content=\"index, follow, max-snippet:-1, max-image-preview:large, max-video-preview:-1\" \/>\n<link rel=\"canonical\" href=\"https:\/\/likemetkovic.hr\/portal\/erasmus-metkovski-gimnazijalci-s-kolegama-iz-poljske-zajedno-za-odrzivu-buducnost\/\" \/>\n<meta property=\"og:locale\" content=\"hr_HR\" \/>\n<meta property=\"og:type\" content=\"article\" \/>\n<meta property=\"og:title\" content=\"ERASMUS: Metkovski gimnazijalci s kolegama iz Poljske zajedno za odr\u017eivu budu\u0107nost - likemetkovic.hr\" \/>\n<meta property=\"og:description\" content=\"Od 20. do 24. listopada 2025. godine Gimnazija Metkovi\u0107 bila je doma\u0107in Erasmus+ mobilnosti u okviru Erasmus akreditacije, tijekom koje je ugostila 15 u\u010denika i 3 profesorice iz \u0161kole Zesp\u00f3\u0142 Szk\u00f3\u0142 Og\u00f3lnokszta\u0142c\u0105cych im. Armii Krajowej iz grada Bielsko-Bia\u0142a u Poljskoj. Mobilnost je protekla u znaku ekologije, edukacije i kulturne razmjene, a brojni sadr\u017eaji i aktivnosti [&hellip;]\" \/>\n<meta property=\"og:url\" content=\"https:\/\/likemetkovic.hr\/portal\/erasmus-metkovski-gimnazijalci-s-kolegama-iz-poljske-zajedno-za-odrzivu-buducnost\/\" \/>\n<meta property=\"og:site_name\" content=\"likemetkovic.hr\" \/>\n<meta property=\"article:publisher\" content=\"https:\/\/www.facebook.com\/likemetkovic.hr\/\" \/>\n<meta property=\"article:published_time\" content=\"2025-10-26T07:19:39+00:00\" \/>\n<meta property=\"og:image\" content=\"https:\/\/likemetkovic.hr\/portal\/wp-content\/uploads\/2025\/10\/erasmus-gimnazija-poljaci.jpg\" \/>\n\t<meta property=\"og:image:width\" content=\"800\" \/>\n\t<meta property=\"og:image:height\" content=\"520\" \/>\n\t<meta property=\"og:image:type\" content=\"image\/jpeg\" \/>\n<meta name=\"author\" content=\"LIKEmetkovic.hr\" \/>\n<meta name=\"twitter:card\" content=\"summary_large_image\" \/>\n<meta name=\"twitter:label1\" content=\"Napisao\/la\" \/>\n\t<meta name=\"twitter:data1\" content=\"LIKEmetkovic.hr\" \/>\n\t<meta name=\"twitter:label2\" content=\"Procijenjeno vrijeme \u010ditanja\" \/>\n\t<meta name=\"twitter:data2\" content=\"2 minute\" \/>\n<script type=\"application\/ld+json\" class=\"yoast-schema-graph\">{\"@context\":\"https:\/\/schema.org\",\"@graph\":[{\"@type\":\"WebPage\",\"@id\":\"https:\/\/likemetkovic.hr\/portal\/erasmus-metkovski-gimnazijalci-s-kolegama-iz-poljske-zajedno-za-odrzivu-buducnost\/\",\"url\":\"https:\/\/likemetkovic.hr\/portal\/erasmus-metkovski-gimnazijalci-s-kolegama-iz-poljske-zajedno-za-odrzivu-buducnost\/\",\"name\":\"ERASMUS: Metkovski gimnazijalci s kolegama iz Poljske zajedno za odr\u017eivu budu\u0107nost - likemetkovic.hr\",\"isPartOf\":{\"@id\":\"https:\/\/likemetkovic.hr\/#website\"},\"primaryImageOfPage\":{\"@id\":\"https:\/\/likemetkovic.hr\/portal\/erasmus-metkovski-gimnazijalci-s-kolegama-iz-poljske-zajedno-za-odrzivu-buducnost\/#primaryimage\"},\"image\":{\"@id\":\"https:\/\/likemetkovic.hr\/portal\/erasmus-metkovski-gimnazijalci-s-kolegama-iz-poljske-zajedno-za-odrzivu-buducnost\/#primaryimage\"},\"thumbnailUrl\":\"https:\/\/likemetkovic.hr\/portal\/wp-content\/uploads\/2025\/10\/erasmus-gimnazija-poljaci.jpg\",\"datePublished\":\"2025-10-26T07:19:39+00:00\",\"author\":{\"@id\":\"https:\/\/likemetkovic.hr\/#\/schema\/person\/a42711f3385a0e2be6f7e0443bfb28f0\"},\"breadcrumb\":{\"@id\":\"https:\/\/likemetkovic.hr\/portal\/erasmus-metkovski-gimnazijalci-s-kolegama-iz-poljske-zajedno-za-odrzivu-buducnost\/#breadcrumb\"},\"inLanguage\":\"hr\",\"potentialAction\":[{\"@type\":\"ReadAction\",\"target\":[\"https:\/\/likemetkovic.hr\/portal\/erasmus-metkovski-gimnazijalci-s-kolegama-iz-poljske-zajedno-za-odrzivu-buducnost\/\"]}]},{\"@type\":\"ImageObject\",\"inLanguage\":\"hr\",\"@id\":\"https:\/\/likemetkovic.hr\/portal\/erasmus-metkovski-gimnazijalci-s-kolegama-iz-poljske-zajedno-za-odrzivu-buducnost\/#primaryimage\",\"url\":\"https:\/\/likemetkovic.hr\/portal\/wp-content\/uploads\/2025\/10\/erasmus-gimnazija-poljaci.jpg\",\"contentUrl\":\"https:\/\/likemetkovic.hr\/portal\/wp-content\/uploads\/2025\/10\/erasmus-gimnazija-poljaci.jpg\",\"width\":800,\"height\":520},{\"@type\":\"BreadcrumbList\",\"@id\":\"https:\/\/likemetkovic.hr\/portal\/erasmus-metkovski-gimnazijalci-s-kolegama-iz-poljske-zajedno-za-odrzivu-buducnost\/#breadcrumb\",\"itemListElement\":[{\"@type\":\"ListItem\",\"position\":1,\"name\":\"Po\u010detna stranica\",\"item\":\"https:\/\/likemetkovic.hr\/portal\/\"},{\"@type\":\"ListItem\",\"position\":2,\"name\":\"ERASMUS: Metkovski gimnazijalci s kolegama iz Poljske zajedno za odr\u017eivu budu\u0107nost\"}]},{\"@type\":\"WebSite\",\"@id\":\"https:\/\/likemetkovic.hr\/#website\",\"url\":\"https:\/\/likemetkovic.hr\/\",\"name\":\"likemetkovic.hr\",\"description\":\"Misli pozitivno... \u010ditaj LIKE\",\"potentialAction\":[{\"@type\":\"SearchAction\",\"target\":{\"@type\":\"EntryPoint\",\"urlTemplate\":\"https:\/\/likemetkovic.hr\/?s={search_term_string}\"},\"query-input\":{\"@type\":\"PropertyValueSpecification\",\"valueRequired\":true,\"valueName\":\"search_term_string\"}}],\"inLanguage\":\"hr\"},{\"@type\":\"Person\",\"@id\":\"https:\/\/likemetkovic.hr\/#\/schema\/person\/a42711f3385a0e2be6f7e0443bfb28f0\",\"name\":\"LIKEmetkovic.hr\",\"sameAs\":[\"http:\/\/likemetkovic.hr\"],\"url\":\"https:\/\/likemetkovic.hr\/portal\/author\/likemetkovic-hr\/\"}]}<\/script>\n<!-- \/ Yoast SEO plugin. -->","yoast_head_json":{"title":"ERASMUS: Metkovski gimnazijalci s kolegama iz Poljske zajedno za odr\u017eivu budu\u0107nost - likemetkovic.hr","robots":{"index":"index","follow":"follow","max-snippet":"max-snippet:-1","max-image-preview":"max-image-preview:large","max-video-preview":"max-video-preview:-1"},"canonical":"https:\/\/likemetkovic.hr\/portal\/erasmus-metkovski-gimnazijalci-s-kolegama-iz-poljske-zajedno-za-odrzivu-buducnost\/","og_locale":"hr_HR","og_type":"article","og_title":"ERASMUS: Metkovski gimnazijalci s kolegama iz Poljske zajedno za odr\u017eivu budu\u0107nost - likemetkovic.hr","og_description":"Od 20. do 24. listopada 2025. godine Gimnazija Metkovi\u0107 bila je doma\u0107in Erasmus+ mobilnosti u okviru Erasmus akreditacije, tijekom koje je ugostila 15 u\u010denika i 3 profesorice iz \u0161kole Zesp\u00f3\u0142 Szk\u00f3\u0142 Og\u00f3lnokszta\u0142c\u0105cych im. Armii Krajowej iz grada Bielsko-Bia\u0142a u Poljskoj. Mobilnost je protekla u znaku ekologije, edukacije i kulturne razmjene, a brojni sadr\u017eaji i aktivnosti [&hellip;]","og_url":"https:\/\/likemetkovic.hr\/portal\/erasmus-metkovski-gimnazijalci-s-kolegama-iz-poljske-zajedno-za-odrzivu-buducnost\/","og_site_name":"likemetkovic.hr","article_publisher":"https:\/\/www.facebook.com\/likemetkovic.hr\/","article_published_time":"2025-10-26T07:19:39+00:00","og_image":[{"width":800,"height":520,"url":"https:\/\/likemetkovic.hr\/portal\/wp-content\/uploads\/2025\/10\/erasmus-gimnazija-poljaci.jpg","type":"image\/jpeg"}],"author":"LIKEmetkovic.hr","twitter_card":"summary_large_image","twitter_misc":{"Napisao\/la":"LIKEmetkovic.hr","Procijenjeno vrijeme \u010ditanja":"2 minute"},"schema":{"@context":"https:\/\/schema.org","@graph":[{"@type":"WebPage","@id":"https:\/\/likemetkovic.hr\/portal\/erasmus-metkovski-gimnazijalci-s-kolegama-iz-poljske-zajedno-za-odrzivu-buducnost\/","url":"https:\/\/likemetkovic.hr\/portal\/erasmus-metkovski-gimnazijalci-s-kolegama-iz-poljske-zajedno-za-odrzivu-buducnost\/","name":"ERASMUS: Metkovski gimnazijalci s kolegama iz Poljske zajedno za odr\u017eivu budu\u0107nost - likemetkovic.hr","isPartOf":{"@id":"https:\/\/likemetkovic.hr\/#website"},"primaryImageOfPage":{"@id":"https:\/\/likemetkovic.hr\/portal\/erasmus-metkovski-gimnazijalci-s-kolegama-iz-poljske-zajedno-za-odrzivu-buducnost\/#primaryimage"},"image":{"@id":"https:\/\/likemetkovic.hr\/portal\/erasmus-metkovski-gimnazijalci-s-kolegama-iz-poljske-zajedno-za-odrzivu-buducnost\/#primaryimage"},"thumbnailUrl":"https:\/\/likemetkovic.hr\/portal\/wp-content\/uploads\/2025\/10\/erasmus-gimnazija-poljaci.jpg","datePublished":"2025-10-26T07:19:39+00:00","author":{"@id":"https:\/\/likemetkovic.hr\/#\/schema\/person\/a42711f3385a0e2be6f7e0443bfb28f0"},"breadcrumb":{"@id":"https:\/\/likemetkovic.hr\/portal\/erasmus-metkovski-gimnazijalci-s-kolegama-iz-poljske-zajedno-za-odrzivu-buducnost\/#breadcrumb"},"inLanguage":"hr","potentialAction":[{"@type":"ReadAction","target":["https:\/\/likemetkovic.hr\/portal\/erasmus-metkovski-gimnazijalci-s-kolegama-iz-poljske-zajedno-za-odrzivu-buducnost\/"]}]},{"@type":"ImageObject","inLanguage":"hr","@id":"https:\/\/likemetkovic.hr\/portal\/erasmus-metkovski-gimnazijalci-s-kolegama-iz-poljske-zajedno-za-odrzivu-buducnost\/#primaryimage","url":"https:\/\/likemetkovic.hr\/portal\/wp-content\/uploads\/2025\/10\/erasmus-gimnazija-poljaci.jpg","contentUrl":"https:\/\/likemetkovic.hr\/portal\/wp-content\/uploads\/2025\/10\/erasmus-gimnazija-poljaci.jpg","width":800,"height":520},{"@type":"BreadcrumbList","@id":"https:\/\/likemetkovic.hr\/portal\/erasmus-metkovski-gimnazijalci-s-kolegama-iz-poljske-zajedno-za-odrzivu-buducnost\/#breadcrumb","itemListElement":[{"@type":"ListItem","position":1,"name":"Po\u010detna stranica","item":"https:\/\/likemetkovic.hr\/portal\/"},{"@type":"ListItem","position":2,"name":"ERASMUS: Metkovski gimnazijalci s kolegama iz Poljske zajedno za odr\u017eivu budu\u0107nost"}]},{"@type":"WebSite","@id":"https:\/\/likemetkovic.hr\/#website","url":"https:\/\/likemetkovic.hr\/","name":"likemetkovic.hr","description":"Misli pozitivno... \u010ditaj LIKE","potentialAction":[{"@type":"SearchAction","target":{"@type":"EntryPoint","urlTemplate":"https:\/\/likemetkovic.hr\/?s={search_term_string}"},"query-input":{"@type":"PropertyValueSpecification","valueRequired":true,"valueName":"search_term_string"}}],"inLanguage":"hr"},{"@type":"Person","@id":"https:\/\/likemetkovic.hr\/#\/schema\/person\/a42711f3385a0e2be6f7e0443bfb28f0","name":"LIKEmetkovic.hr","sameAs":["http:\/\/likemetkovic.hr"],"url":"https:\/\/likemetkovic.hr\/portal\/author\/likemetkovic-hr\/"}]}},"_links":{"self":[{"href":"https:\/\/likemetkovic.hr\/portal\/wp-json\/wp\/v2\/posts\/169860","targetHints":{"allow":["GET"]}}],"collection":[{"href":"https:\/\/likemetkovic.hr\/portal\/wp-json\/wp\/v2\/posts"}],"about":[{"href":"https:\/\/likemetkovic.hr\/portal\/wp-json\/wp\/v2\/types\/post"}],"author":[{"embeddable":true,"href":"https:\/\/likemetkovic.hr\/portal\/wp-json\/wp\/v2\/users\/7"}],"replies":[{"embeddable":true,"href":"https:\/\/likemetkovic.hr\/portal\/wp-json\/wp\/v2\/comments?post=169860"}],"version-history":[{"count":1,"href":"https:\/\/likemetkovic.hr\/portal\/wp-json\/wp\/v2\/posts\/169860\/revisions"}],"predecessor-version":[{"id":169864,"href":"https:\/\/likemetkovic.hr\/portal\/wp-json\/wp\/v2\/posts\/169860\/revisions\/169864"}],"wp:featuredmedia":[{"embeddable":true,"href":"https:\/\/likemetkovic.hr\/portal\/wp-json\/wp\/v2\/media\/169861"}],"wp:attachment":[{"href":"https:\/\/likemetkovic.hr\/portal\/wp-json\/wp\/v2\/media?parent=169860"}],"wp:term":[{"taxonomy":"category","embeddable":true,"href":"https:\/\/likemetkovic.hr\/portal\/wp-json\/wp\/v2\/categories?post=169860"},{"taxonomy":"post_tag","embeddable":true,"href":"https:\/\/likemetkovic.hr\/portal\/wp-json\/wp\/v2\/tags?post=169860"}],"curies":[{"name":"wp","href":"https:\/\/api.w.org\/{rel}","templated":true}]}}