{"id":170023,"date":"2025-11-03T07:48:52","date_gmt":"2025-11-03T06:48:52","guid":{"rendered":"https:\/\/likemetkovic.hr\/portal\/?p=170023"},"modified":"2025-11-03T07:49:09","modified_gmt":"2025-11-03T06:49:09","slug":"najava-u-utorak-vecer-posvecena-dubrovackom-biskupu-josipu-mariji-carevicu-1883-1945","status":"publish","type":"post","link":"https:\/\/likemetkovic.hr\/portal\/najava-u-utorak-vecer-posvecena-dubrovackom-biskupu-josipu-mariji-carevicu-1883-1945\/","title":{"rendered":"NAJAVA! U utorak odr\u017eat \u0107e se Ve\u010der posve\u0107ena dubrova\u010dkom biskupu Josipu Mariji Carevi\u0107u (1883.-1945.)"},"content":{"rendered":"<p>Dr\u017eavni arhiv u Dubrovniku i Vije\u0107e za kulturu i znanost Dubrova\u010dke biskupije organiziraju <strong>u utorak, 4. studenoga, u 19 sati<\/strong> \u201eVe\u010der posve\u0107enu dubrova\u010dkom biskupu <strong>Josipu Mariji Carevi\u0107u<\/strong> (1883.-1945.)\u201c povodom 80. obljetnice njegove mu\u010deni\u010dke smrti. Trodijelni doga\u0111aj odvijat \u0107e se u atriju Pala\u010de Sponza u Dubrovniku i u dvorani u njezinu prizemlju.<\/p>\n<p>Prvi dio ve\u010deri rezerviran je za<strong> otvaranje izlo\u017ebe<\/strong> \u201eDamnatio memoriae \u2013 zabrana sje\u0107anja \u2013 zatajenje\u201c koja je ve\u0107 bila postavljena u Metkovi\u0107u u o\u017eujku ove godine. Autori izlo\u017ebe su: don Josip Krpi\u0107, Mario Talaji\u0107 i Mijo Igor Ostoji\u0107.<\/p>\n<p>Potom \u0107e uslijediti javno<strong> predstavljanje arhivske gra\u0111e<\/strong> o biskupu Carevi\u0107u koju je Dr\u017eavnom arhivu u Dubrovniku po\u010detkom ove godine darovao Matko Kri\u017eanac posredstvom\u00a0 Igora Gole\u0161a, a ti dokumenti pokazuju Carevi\u0107ev put od sjemeni\u0161ta do imenovanja dubrova\u010dkim biskupom 1929. godine.<\/p>\n<p>Drugi dio ve\u010deri ispunit \u0107e <strong>predavanje<\/strong> \u201eProblematika odnosa biskupa Carevi\u0107a i dubrova\u010dkoga sve\u0107enstva\u201c koje \u0107e odr\u017eati don Luka Slijep\u010devi\u0107, \u017eupnik \u017eupe Veliko Trgovi\u0161\u0107e i upravitelj \u017eupe Velika Erpenja, a koji se u svome akademskome radu posvetio istra\u017eivanju \u017eivota i djela biskupa Carevi\u0107a. Nove znanstvene spoznaje dubrova\u010dkoj \u0107e publici po prvi put predstaviti slo\u017eene odnose biskupa Carevi\u0107a i dijela njegova sve\u0107enstva, \u0161to je uvelike odredilo i dinamiku njegova opse\u017enog djelovanja u Dubrovniku.<\/p>\n","protected":false},"excerpt":{"rendered":"<p>Dr\u017eavni arhiv u Dubrovniku i Vije\u0107e za kulturu i znanost Dubrova\u010dke biskupije organiziraju u utorak, 4. studenoga, u 19 sati \u201eVe\u010der posve\u0107enu dubrova\u010dkom biskupu Josipu Mariji Carevi\u0107u (1883.-1945.)\u201c povodom 80. obljetnice njegove mu\u010deni\u010dke smrti. Trodijelni doga\u0111aj odvijat \u0107e se u atriju Pala\u010de Sponza u Dubrovniku i u dvorani u njezinu prizemlju. Prvi dio ve\u010deri rezerviran [&hellip;]<\/p>\n","protected":false},"author":7,"featured_media":170024,"comment_status":"open","ping_status":"open","sticky":false,"template":"","format":"standard","meta":{"footnotes":""},"categories":[296,300],"tags":[10097],"class_list":{"0":"post-170023","1":"post","2":"type-post","3":"status-publish","4":"format-standard","5":"has-post-thumbnail","7":"category-ab","8":"category-zupanija","9":"tag-biskup-josip-marija-carevic"},"yoast_head":"<!-- This site is optimized with the Yoast SEO plugin v25.2 - https:\/\/yoast.com\/wordpress\/plugins\/seo\/ -->\n<title>NAJAVA! U utorak odr\u017eat \u0107e se Ve\u010der posve\u0107ena dubrova\u010dkom biskupu Josipu Mariji Carevi\u0107u (1883.-1945.) - likemetkovic.hr<\/title>\n<meta name=\"robots\" content=\"index, follow, max-snippet:-1, max-image-preview:large, max-video-preview:-1\" \/>\n<link rel=\"canonical\" href=\"https:\/\/likemetkovic.hr\/portal\/najava-u-utorak-vecer-posvecena-dubrovackom-biskupu-josipu-mariji-carevicu-1883-1945\/\" \/>\n<meta property=\"og:locale\" content=\"hr_HR\" \/>\n<meta property=\"og:type\" content=\"article\" \/>\n<meta property=\"og:title\" content=\"NAJAVA! U utorak odr\u017eat \u0107e se Ve\u010der posve\u0107ena dubrova\u010dkom biskupu Josipu Mariji Carevi\u0107u (1883.-1945.) - likemetkovic.hr\" \/>\n<meta property=\"og:description\" content=\"Dr\u017eavni arhiv u Dubrovniku i Vije\u0107e za kulturu i znanost Dubrova\u010dke biskupije organiziraju u utorak, 4. studenoga, u 19 sati \u201eVe\u010der posve\u0107enu dubrova\u010dkom biskupu Josipu Mariji Carevi\u0107u (1883.-1945.)\u201c povodom 80. obljetnice njegove mu\u010deni\u010dke smrti. Trodijelni doga\u0111aj odvijat \u0107e se u atriju Pala\u010de Sponza u Dubrovniku i u dvorani u njezinu prizemlju. Prvi dio ve\u010deri rezerviran [&hellip;]\" \/>\n<meta property=\"og:url\" content=\"https:\/\/likemetkovic.hr\/portal\/najava-u-utorak-vecer-posvecena-dubrovackom-biskupu-josipu-mariji-carevicu-1883-1945\/\" \/>\n<meta property=\"og:site_name\" content=\"likemetkovic.hr\" \/>\n<meta property=\"article:publisher\" content=\"https:\/\/www.facebook.com\/likemetkovic.hr\/\" \/>\n<meta property=\"article:published_time\" content=\"2025-11-03T06:48:52+00:00\" \/>\n<meta property=\"article:modified_time\" content=\"2025-11-03T06:49:09+00:00\" \/>\n<meta property=\"og:image\" content=\"https:\/\/likemetkovic.hr\/portal\/wp-content\/uploads\/2025\/11\/nasl-carevic80.jpg\" \/>\n\t<meta property=\"og:image:width\" content=\"800\" \/>\n\t<meta property=\"og:image:height\" content=\"450\" \/>\n\t<meta property=\"og:image:type\" content=\"image\/jpeg\" \/>\n<meta name=\"author\" content=\"LIKEmetkovic.hr\" \/>\n<meta name=\"twitter:card\" content=\"summary_large_image\" \/>\n<meta name=\"twitter:label1\" content=\"Napisao\/la\" \/>\n\t<meta name=\"twitter:data1\" content=\"LIKEmetkovic.hr\" \/>\n\t<meta name=\"twitter:label2\" content=\"Procijenjeno vrijeme \u010ditanja\" \/>\n\t<meta name=\"twitter:data2\" content=\"2 minute\" \/>\n<script type=\"application\/ld+json\" class=\"yoast-schema-graph\">{\"@context\":\"https:\/\/schema.org\",\"@graph\":[{\"@type\":\"WebPage\",\"@id\":\"https:\/\/likemetkovic.hr\/portal\/najava-u-utorak-vecer-posvecena-dubrovackom-biskupu-josipu-mariji-carevicu-1883-1945\/\",\"url\":\"https:\/\/likemetkovic.hr\/portal\/najava-u-utorak-vecer-posvecena-dubrovackom-biskupu-josipu-mariji-carevicu-1883-1945\/\",\"name\":\"NAJAVA! U utorak odr\u017eat \u0107e se Ve\u010der posve\u0107ena dubrova\u010dkom biskupu Josipu Mariji Carevi\u0107u (1883.-1945.) - likemetkovic.hr\",\"isPartOf\":{\"@id\":\"https:\/\/likemetkovic.hr\/#website\"},\"primaryImageOfPage\":{\"@id\":\"https:\/\/likemetkovic.hr\/portal\/najava-u-utorak-vecer-posvecena-dubrovackom-biskupu-josipu-mariji-carevicu-1883-1945\/#primaryimage\"},\"image\":{\"@id\":\"https:\/\/likemetkovic.hr\/portal\/najava-u-utorak-vecer-posvecena-dubrovackom-biskupu-josipu-mariji-carevicu-1883-1945\/#primaryimage\"},\"thumbnailUrl\":\"https:\/\/likemetkovic.hr\/portal\/wp-content\/uploads\/2025\/11\/nasl-carevic80.jpg\",\"datePublished\":\"2025-11-03T06:48:52+00:00\",\"dateModified\":\"2025-11-03T06:49:09+00:00\",\"author\":{\"@id\":\"https:\/\/likemetkovic.hr\/#\/schema\/person\/a42711f3385a0e2be6f7e0443bfb28f0\"},\"breadcrumb\":{\"@id\":\"https:\/\/likemetkovic.hr\/portal\/najava-u-utorak-vecer-posvecena-dubrovackom-biskupu-josipu-mariji-carevicu-1883-1945\/#breadcrumb\"},\"inLanguage\":\"hr\",\"potentialAction\":[{\"@type\":\"ReadAction\",\"target\":[\"https:\/\/likemetkovic.hr\/portal\/najava-u-utorak-vecer-posvecena-dubrovackom-biskupu-josipu-mariji-carevicu-1883-1945\/\"]}]},{\"@type\":\"ImageObject\",\"inLanguage\":\"hr\",\"@id\":\"https:\/\/likemetkovic.hr\/portal\/najava-u-utorak-vecer-posvecena-dubrovackom-biskupu-josipu-mariji-carevicu-1883-1945\/#primaryimage\",\"url\":\"https:\/\/likemetkovic.hr\/portal\/wp-content\/uploads\/2025\/11\/nasl-carevic80.jpg\",\"contentUrl\":\"https:\/\/likemetkovic.hr\/portal\/wp-content\/uploads\/2025\/11\/nasl-carevic80.jpg\",\"width\":800,\"height\":450},{\"@type\":\"BreadcrumbList\",\"@id\":\"https:\/\/likemetkovic.hr\/portal\/najava-u-utorak-vecer-posvecena-dubrovackom-biskupu-josipu-mariji-carevicu-1883-1945\/#breadcrumb\",\"itemListElement\":[{\"@type\":\"ListItem\",\"position\":1,\"name\":\"Po\u010detna stranica\",\"item\":\"https:\/\/likemetkovic.hr\/portal\/\"},{\"@type\":\"ListItem\",\"position\":2,\"name\":\"NAJAVA! U utorak odr\u017eat \u0107e se Ve\u010der posve\u0107ena dubrova\u010dkom biskupu Josipu Mariji Carevi\u0107u (1883.-1945.)\"}]},{\"@type\":\"WebSite\",\"@id\":\"https:\/\/likemetkovic.hr\/#website\",\"url\":\"https:\/\/likemetkovic.hr\/\",\"name\":\"likemetkovic.hr\",\"description\":\"Misli pozitivno... \u010ditaj LIKE\",\"potentialAction\":[{\"@type\":\"SearchAction\",\"target\":{\"@type\":\"EntryPoint\",\"urlTemplate\":\"https:\/\/likemetkovic.hr\/?s={search_term_string}\"},\"query-input\":{\"@type\":\"PropertyValueSpecification\",\"valueRequired\":true,\"valueName\":\"search_term_string\"}}],\"inLanguage\":\"hr\"},{\"@type\":\"Person\",\"@id\":\"https:\/\/likemetkovic.hr\/#\/schema\/person\/a42711f3385a0e2be6f7e0443bfb28f0\",\"name\":\"LIKEmetkovic.hr\",\"sameAs\":[\"http:\/\/likemetkovic.hr\"],\"url\":\"https:\/\/likemetkovic.hr\/portal\/author\/likemetkovic-hr\/\"}]}<\/script>\n<!-- \/ Yoast SEO plugin. -->","yoast_head_json":{"title":"NAJAVA! U utorak odr\u017eat \u0107e se Ve\u010der posve\u0107ena dubrova\u010dkom biskupu Josipu Mariji Carevi\u0107u (1883.-1945.) - likemetkovic.hr","robots":{"index":"index","follow":"follow","max-snippet":"max-snippet:-1","max-image-preview":"max-image-preview:large","max-video-preview":"max-video-preview:-1"},"canonical":"https:\/\/likemetkovic.hr\/portal\/najava-u-utorak-vecer-posvecena-dubrovackom-biskupu-josipu-mariji-carevicu-1883-1945\/","og_locale":"hr_HR","og_type":"article","og_title":"NAJAVA! U utorak odr\u017eat \u0107e se Ve\u010der posve\u0107ena dubrova\u010dkom biskupu Josipu Mariji Carevi\u0107u (1883.-1945.) - likemetkovic.hr","og_description":"Dr\u017eavni arhiv u Dubrovniku i Vije\u0107e za kulturu i znanost Dubrova\u010dke biskupije organiziraju u utorak, 4. studenoga, u 19 sati \u201eVe\u010der posve\u0107enu dubrova\u010dkom biskupu Josipu Mariji Carevi\u0107u (1883.-1945.)\u201c povodom 80. obljetnice njegove mu\u010deni\u010dke smrti. Trodijelni doga\u0111aj odvijat \u0107e se u atriju Pala\u010de Sponza u Dubrovniku i u dvorani u njezinu prizemlju. Prvi dio ve\u010deri rezerviran [&hellip;]","og_url":"https:\/\/likemetkovic.hr\/portal\/najava-u-utorak-vecer-posvecena-dubrovackom-biskupu-josipu-mariji-carevicu-1883-1945\/","og_site_name":"likemetkovic.hr","article_publisher":"https:\/\/www.facebook.com\/likemetkovic.hr\/","article_published_time":"2025-11-03T06:48:52+00:00","article_modified_time":"2025-11-03T06:49:09+00:00","og_image":[{"width":800,"height":450,"url":"https:\/\/likemetkovic.hr\/portal\/wp-content\/uploads\/2025\/11\/nasl-carevic80.jpg","type":"image\/jpeg"}],"author":"LIKEmetkovic.hr","twitter_card":"summary_large_image","twitter_misc":{"Napisao\/la":"LIKEmetkovic.hr","Procijenjeno vrijeme \u010ditanja":"2 minute"},"schema":{"@context":"https:\/\/schema.org","@graph":[{"@type":"WebPage","@id":"https:\/\/likemetkovic.hr\/portal\/najava-u-utorak-vecer-posvecena-dubrovackom-biskupu-josipu-mariji-carevicu-1883-1945\/","url":"https:\/\/likemetkovic.hr\/portal\/najava-u-utorak-vecer-posvecena-dubrovackom-biskupu-josipu-mariji-carevicu-1883-1945\/","name":"NAJAVA! U utorak odr\u017eat \u0107e se Ve\u010der posve\u0107ena dubrova\u010dkom biskupu Josipu Mariji Carevi\u0107u (1883.-1945.) - likemetkovic.hr","isPartOf":{"@id":"https:\/\/likemetkovic.hr\/#website"},"primaryImageOfPage":{"@id":"https:\/\/likemetkovic.hr\/portal\/najava-u-utorak-vecer-posvecena-dubrovackom-biskupu-josipu-mariji-carevicu-1883-1945\/#primaryimage"},"image":{"@id":"https:\/\/likemetkovic.hr\/portal\/najava-u-utorak-vecer-posvecena-dubrovackom-biskupu-josipu-mariji-carevicu-1883-1945\/#primaryimage"},"thumbnailUrl":"https:\/\/likemetkovic.hr\/portal\/wp-content\/uploads\/2025\/11\/nasl-carevic80.jpg","datePublished":"2025-11-03T06:48:52+00:00","dateModified":"2025-11-03T06:49:09+00:00","author":{"@id":"https:\/\/likemetkovic.hr\/#\/schema\/person\/a42711f3385a0e2be6f7e0443bfb28f0"},"breadcrumb":{"@id":"https:\/\/likemetkovic.hr\/portal\/najava-u-utorak-vecer-posvecena-dubrovackom-biskupu-josipu-mariji-carevicu-1883-1945\/#breadcrumb"},"inLanguage":"hr","potentialAction":[{"@type":"ReadAction","target":["https:\/\/likemetkovic.hr\/portal\/najava-u-utorak-vecer-posvecena-dubrovackom-biskupu-josipu-mariji-carevicu-1883-1945\/"]}]},{"@type":"ImageObject","inLanguage":"hr","@id":"https:\/\/likemetkovic.hr\/portal\/najava-u-utorak-vecer-posvecena-dubrovackom-biskupu-josipu-mariji-carevicu-1883-1945\/#primaryimage","url":"https:\/\/likemetkovic.hr\/portal\/wp-content\/uploads\/2025\/11\/nasl-carevic80.jpg","contentUrl":"https:\/\/likemetkovic.hr\/portal\/wp-content\/uploads\/2025\/11\/nasl-carevic80.jpg","width":800,"height":450},{"@type":"BreadcrumbList","@id":"https:\/\/likemetkovic.hr\/portal\/najava-u-utorak-vecer-posvecena-dubrovackom-biskupu-josipu-mariji-carevicu-1883-1945\/#breadcrumb","itemListElement":[{"@type":"ListItem","position":1,"name":"Po\u010detna stranica","item":"https:\/\/likemetkovic.hr\/portal\/"},{"@type":"ListItem","position":2,"name":"NAJAVA! U utorak odr\u017eat \u0107e se Ve\u010der posve\u0107ena dubrova\u010dkom biskupu Josipu Mariji Carevi\u0107u (1883.-1945.)"}]},{"@type":"WebSite","@id":"https:\/\/likemetkovic.hr\/#website","url":"https:\/\/likemetkovic.hr\/","name":"likemetkovic.hr","description":"Misli pozitivno... \u010ditaj LIKE","potentialAction":[{"@type":"SearchAction","target":{"@type":"EntryPoint","urlTemplate":"https:\/\/likemetkovic.hr\/?s={search_term_string}"},"query-input":{"@type":"PropertyValueSpecification","valueRequired":true,"valueName":"search_term_string"}}],"inLanguage":"hr"},{"@type":"Person","@id":"https:\/\/likemetkovic.hr\/#\/schema\/person\/a42711f3385a0e2be6f7e0443bfb28f0","name":"LIKEmetkovic.hr","sameAs":["http:\/\/likemetkovic.hr"],"url":"https:\/\/likemetkovic.hr\/portal\/author\/likemetkovic-hr\/"}]}},"_links":{"self":[{"href":"https:\/\/likemetkovic.hr\/portal\/wp-json\/wp\/v2\/posts\/170023","targetHints":{"allow":["GET"]}}],"collection":[{"href":"https:\/\/likemetkovic.hr\/portal\/wp-json\/wp\/v2\/posts"}],"about":[{"href":"https:\/\/likemetkovic.hr\/portal\/wp-json\/wp\/v2\/types\/post"}],"author":[{"embeddable":true,"href":"https:\/\/likemetkovic.hr\/portal\/wp-json\/wp\/v2\/users\/7"}],"replies":[{"embeddable":true,"href":"https:\/\/likemetkovic.hr\/portal\/wp-json\/wp\/v2\/comments?post=170023"}],"version-history":[{"count":2,"href":"https:\/\/likemetkovic.hr\/portal\/wp-json\/wp\/v2\/posts\/170023\/revisions"}],"predecessor-version":[{"id":170026,"href":"https:\/\/likemetkovic.hr\/portal\/wp-json\/wp\/v2\/posts\/170023\/revisions\/170026"}],"wp:featuredmedia":[{"embeddable":true,"href":"https:\/\/likemetkovic.hr\/portal\/wp-json\/wp\/v2\/media\/170024"}],"wp:attachment":[{"href":"https:\/\/likemetkovic.hr\/portal\/wp-json\/wp\/v2\/media?parent=170023"}],"wp:term":[{"taxonomy":"category","embeddable":true,"href":"https:\/\/likemetkovic.hr\/portal\/wp-json\/wp\/v2\/categories?post=170023"},{"taxonomy":"post_tag","embeddable":true,"href":"https:\/\/likemetkovic.hr\/portal\/wp-json\/wp\/v2\/tags?post=170023"}],"curies":[{"name":"wp","href":"https:\/\/api.w.org\/{rel}","templated":true}]}}