{"id":170033,"date":"2025-11-03T11:01:08","date_gmt":"2025-11-03T10:01:08","guid":{"rendered":"https:\/\/likemetkovic.hr\/portal\/?p=170033"},"modified":"2025-11-03T11:03:00","modified_gmt":"2025-11-03T10:03:00","slug":"cistoca-metkovic-d-o-o-je-objavila-javni-poziv-za-zakup-kucica-na-adventu","status":"publish","type":"post","link":"https:\/\/likemetkovic.hr\/portal\/cistoca-metkovic-d-o-o-je-objavila-javni-poziv-za-zakup-kucica-na-adventu\/","title":{"rendered":"\u010cisto\u0107a Metkovi\u0107 d.o.o. je objavila javni poziv za zakup ku\u0107ica na Adventu"},"content":{"rendered":"<p>\u010cisto\u0107a Metkovi\u0107 d.o.o. je objavila javni poziv za prikupljanje ponuda za zakup ku\u0107ica za manifestaciju Advent u Metkovi\u0107u za 2025. godinu.<\/p>\n<p>Ku\u0107ice biti u Gradskom parku <strong><u>o<\/u>d 5. prosinca 2025. do 5. sije\u010dnja 2026. godine.<\/strong><\/p>\n<p>Ukupno \u0107e se u zakup dati 4 ku\u0107ice, a iste \u0107e, uz suglasnost grada Metkovi\u0107a, u zakup davati isklju\u010divo\u00a0dru\u0161tvo \u010cisto\u0107a Metkovi\u0107 d.o.o.<\/p>\n<p>Pozivamo sve poslovne subjekte, zainteresirane za zakup istih, na davanje ponude za zakup\u00a0ku\u0107ica, a prema pozivu koji mo\u017eete preuzeti ni\u017ee.<\/p>\n<p class=\"has-text-align-center\"><strong><em>Javni poziv \u2013 Advent Metkovi\u0107 \u2013\u00a0<a title=\"\" href=\"https:\/\/cistoca-metkovic.hr\/wp-content\/uploads\/2025\/11\/Advent-Metkovic-javni-poziv-2025-objava.docx\">PREUZIMANJE<\/a><\/em><\/strong><\/p>\n<p>Rok za prijavu ponuda je\u00a0<strong>do 11. studenog 2025. godine do 11:00.<\/strong><\/p>\n","protected":false},"excerpt":{"rendered":"<p>\u010cisto\u0107a Metkovi\u0107 d.o.o. je objavila javni poziv za prikupljanje ponuda za zakup ku\u0107ica za manifestaciju Advent u Metkovi\u0107u za 2025. godinu. Ku\u0107ice biti u Gradskom parku od 5. prosinca 2025. do 5. sije\u010dnja 2026. godine. Ukupno \u0107e se u zakup dati 4 ku\u0107ice, a iste \u0107e, uz suglasnost grada Metkovi\u0107a, u zakup davati isklju\u010divo\u00a0dru\u0161tvo \u010cisto\u0107a [&hellip;]<\/p>\n","protected":false},"author":7,"featured_media":149858,"comment_status":"open","ping_status":"open","sticky":false,"template":"","format":"standard","meta":{"footnotes":""},"categories":[296,11],"tags":[2051,6363,933],"class_list":{"0":"post-170033","1":"post","2":"type-post","3":"status-publish","4":"format-standard","5":"has-post-thumbnail","7":"category-ab","8":"category-metkovic-dolina","9":"tag-advent","10":"tag-kucice","11":"tag-zakup"},"yoast_head":"<!-- This site is optimized with the Yoast SEO plugin v25.2 - https:\/\/yoast.com\/wordpress\/plugins\/seo\/ -->\n<title>\u010cisto\u0107a Metkovi\u0107 d.o.o. je objavila javni poziv za zakup ku\u0107ica na Adventu - likemetkovic.hr<\/title>\n<meta name=\"robots\" content=\"index, follow, max-snippet:-1, max-image-preview:large, max-video-preview:-1\" \/>\n<link rel=\"canonical\" href=\"https:\/\/likemetkovic.hr\/portal\/cistoca-metkovic-d-o-o-je-objavila-javni-poziv-za-zakup-kucica-na-adventu\/\" \/>\n<meta property=\"og:locale\" content=\"hr_HR\" \/>\n<meta property=\"og:type\" content=\"article\" \/>\n<meta property=\"og:title\" content=\"\u010cisto\u0107a Metkovi\u0107 d.o.o. je objavila javni poziv za zakup ku\u0107ica na Adventu - likemetkovic.hr\" \/>\n<meta property=\"og:description\" content=\"\u010cisto\u0107a Metkovi\u0107 d.o.o. je objavila javni poziv za prikupljanje ponuda za zakup ku\u0107ica za manifestaciju Advent u Metkovi\u0107u za 2025. godinu. Ku\u0107ice biti u Gradskom parku od 5. prosinca 2025. do 5. sije\u010dnja 2026. godine. Ukupno \u0107e se u zakup dati 4 ku\u0107ice, a iste \u0107e, uz suglasnost grada Metkovi\u0107a, u zakup davati isklju\u010divo\u00a0dru\u0161tvo \u010cisto\u0107a [&hellip;]\" \/>\n<meta property=\"og:url\" content=\"https:\/\/likemetkovic.hr\/portal\/cistoca-metkovic-d-o-o-je-objavila-javni-poziv-za-zakup-kucica-na-adventu\/\" \/>\n<meta property=\"og:site_name\" content=\"likemetkovic.hr\" \/>\n<meta property=\"article:publisher\" content=\"https:\/\/www.facebook.com\/likemetkovic.hr\/\" \/>\n<meta property=\"article:published_time\" content=\"2025-11-03T10:01:08+00:00\" \/>\n<meta property=\"article:modified_time\" content=\"2025-11-03T10:03:00+00:00\" \/>\n<meta property=\"og:image\" content=\"https:\/\/likemetkovic.hr\/portal\/wp-content\/uploads\/2023\/12\/advent-metkovic-klizaliste081223_1.jpg\" \/>\n\t<meta property=\"og:image:width\" content=\"800\" \/>\n\t<meta property=\"og:image:height\" content=\"533\" \/>\n\t<meta property=\"og:image:type\" content=\"image\/jpeg\" \/>\n<meta name=\"author\" content=\"LIKEmetkovic.hr\" \/>\n<meta name=\"twitter:card\" content=\"summary_large_image\" \/>\n<meta name=\"twitter:label1\" content=\"Napisao\/la\" \/>\n\t<meta name=\"twitter:data1\" content=\"LIKEmetkovic.hr\" \/>\n\t<meta name=\"twitter:label2\" content=\"Procijenjeno vrijeme \u010ditanja\" \/>\n\t<meta name=\"twitter:data2\" content=\"1 minuta\" \/>\n<script type=\"application\/ld+json\" class=\"yoast-schema-graph\">{\"@context\":\"https:\/\/schema.org\",\"@graph\":[{\"@type\":\"WebPage\",\"@id\":\"https:\/\/likemetkovic.hr\/portal\/cistoca-metkovic-d-o-o-je-objavila-javni-poziv-za-zakup-kucica-na-adventu\/\",\"url\":\"https:\/\/likemetkovic.hr\/portal\/cistoca-metkovic-d-o-o-je-objavila-javni-poziv-za-zakup-kucica-na-adventu\/\",\"name\":\"\u010cisto\u0107a Metkovi\u0107 d.o.o. je objavila javni poziv za zakup ku\u0107ica na Adventu - likemetkovic.hr\",\"isPartOf\":{\"@id\":\"https:\/\/likemetkovic.hr\/#website\"},\"primaryImageOfPage\":{\"@id\":\"https:\/\/likemetkovic.hr\/portal\/cistoca-metkovic-d-o-o-je-objavila-javni-poziv-za-zakup-kucica-na-adventu\/#primaryimage\"},\"image\":{\"@id\":\"https:\/\/likemetkovic.hr\/portal\/cistoca-metkovic-d-o-o-je-objavila-javni-poziv-za-zakup-kucica-na-adventu\/#primaryimage\"},\"thumbnailUrl\":\"https:\/\/likemetkovic.hr\/portal\/wp-content\/uploads\/2023\/12\/advent-metkovic-klizaliste081223_1.jpg\",\"datePublished\":\"2025-11-03T10:01:08+00:00\",\"dateModified\":\"2025-11-03T10:03:00+00:00\",\"author\":{\"@id\":\"https:\/\/likemetkovic.hr\/#\/schema\/person\/a42711f3385a0e2be6f7e0443bfb28f0\"},\"breadcrumb\":{\"@id\":\"https:\/\/likemetkovic.hr\/portal\/cistoca-metkovic-d-o-o-je-objavila-javni-poziv-za-zakup-kucica-na-adventu\/#breadcrumb\"},\"inLanguage\":\"hr\",\"potentialAction\":[{\"@type\":\"ReadAction\",\"target\":[\"https:\/\/likemetkovic.hr\/portal\/cistoca-metkovic-d-o-o-je-objavila-javni-poziv-za-zakup-kucica-na-adventu\/\"]}]},{\"@type\":\"ImageObject\",\"inLanguage\":\"hr\",\"@id\":\"https:\/\/likemetkovic.hr\/portal\/cistoca-metkovic-d-o-o-je-objavila-javni-poziv-za-zakup-kucica-na-adventu\/#primaryimage\",\"url\":\"https:\/\/likemetkovic.hr\/portal\/wp-content\/uploads\/2023\/12\/advent-metkovic-klizaliste081223_1.jpg\",\"contentUrl\":\"https:\/\/likemetkovic.hr\/portal\/wp-content\/uploads\/2023\/12\/advent-metkovic-klizaliste081223_1.jpg\",\"width\":800,\"height\":533},{\"@type\":\"BreadcrumbList\",\"@id\":\"https:\/\/likemetkovic.hr\/portal\/cistoca-metkovic-d-o-o-je-objavila-javni-poziv-za-zakup-kucica-na-adventu\/#breadcrumb\",\"itemListElement\":[{\"@type\":\"ListItem\",\"position\":1,\"name\":\"Po\u010detna stranica\",\"item\":\"https:\/\/likemetkovic.hr\/portal\/\"},{\"@type\":\"ListItem\",\"position\":2,\"name\":\"\u010cisto\u0107a Metkovi\u0107 d.o.o. je objavila javni poziv za zakup ku\u0107ica na Adventu\"}]},{\"@type\":\"WebSite\",\"@id\":\"https:\/\/likemetkovic.hr\/#website\",\"url\":\"https:\/\/likemetkovic.hr\/\",\"name\":\"likemetkovic.hr\",\"description\":\"Misli pozitivno... \u010ditaj LIKE\",\"potentialAction\":[{\"@type\":\"SearchAction\",\"target\":{\"@type\":\"EntryPoint\",\"urlTemplate\":\"https:\/\/likemetkovic.hr\/?s={search_term_string}\"},\"query-input\":{\"@type\":\"PropertyValueSpecification\",\"valueRequired\":true,\"valueName\":\"search_term_string\"}}],\"inLanguage\":\"hr\"},{\"@type\":\"Person\",\"@id\":\"https:\/\/likemetkovic.hr\/#\/schema\/person\/a42711f3385a0e2be6f7e0443bfb28f0\",\"name\":\"LIKEmetkovic.hr\",\"sameAs\":[\"http:\/\/likemetkovic.hr\"],\"url\":\"https:\/\/likemetkovic.hr\/portal\/author\/likemetkovic-hr\/\"}]}<\/script>\n<!-- \/ Yoast SEO plugin. -->","yoast_head_json":{"title":"\u010cisto\u0107a Metkovi\u0107 d.o.o. je objavila javni poziv za zakup ku\u0107ica na Adventu - likemetkovic.hr","robots":{"index":"index","follow":"follow","max-snippet":"max-snippet:-1","max-image-preview":"max-image-preview:large","max-video-preview":"max-video-preview:-1"},"canonical":"https:\/\/likemetkovic.hr\/portal\/cistoca-metkovic-d-o-o-je-objavila-javni-poziv-za-zakup-kucica-na-adventu\/","og_locale":"hr_HR","og_type":"article","og_title":"\u010cisto\u0107a Metkovi\u0107 d.o.o. je objavila javni poziv za zakup ku\u0107ica na Adventu - likemetkovic.hr","og_description":"\u010cisto\u0107a Metkovi\u0107 d.o.o. je objavila javni poziv za prikupljanje ponuda za zakup ku\u0107ica za manifestaciju Advent u Metkovi\u0107u za 2025. godinu. Ku\u0107ice biti u Gradskom parku od 5. prosinca 2025. do 5. sije\u010dnja 2026. godine. Ukupno \u0107e se u zakup dati 4 ku\u0107ice, a iste \u0107e, uz suglasnost grada Metkovi\u0107a, u zakup davati isklju\u010divo\u00a0dru\u0161tvo \u010cisto\u0107a [&hellip;]","og_url":"https:\/\/likemetkovic.hr\/portal\/cistoca-metkovic-d-o-o-je-objavila-javni-poziv-za-zakup-kucica-na-adventu\/","og_site_name":"likemetkovic.hr","article_publisher":"https:\/\/www.facebook.com\/likemetkovic.hr\/","article_published_time":"2025-11-03T10:01:08+00:00","article_modified_time":"2025-11-03T10:03:00+00:00","og_image":[{"width":800,"height":533,"url":"https:\/\/likemetkovic.hr\/portal\/wp-content\/uploads\/2023\/12\/advent-metkovic-klizaliste081223_1.jpg","type":"image\/jpeg"}],"author":"LIKEmetkovic.hr","twitter_card":"summary_large_image","twitter_misc":{"Napisao\/la":"LIKEmetkovic.hr","Procijenjeno vrijeme \u010ditanja":"1 minuta"},"schema":{"@context":"https:\/\/schema.org","@graph":[{"@type":"WebPage","@id":"https:\/\/likemetkovic.hr\/portal\/cistoca-metkovic-d-o-o-je-objavila-javni-poziv-za-zakup-kucica-na-adventu\/","url":"https:\/\/likemetkovic.hr\/portal\/cistoca-metkovic-d-o-o-je-objavila-javni-poziv-za-zakup-kucica-na-adventu\/","name":"\u010cisto\u0107a Metkovi\u0107 d.o.o. je objavila javni poziv za zakup ku\u0107ica na Adventu - likemetkovic.hr","isPartOf":{"@id":"https:\/\/likemetkovic.hr\/#website"},"primaryImageOfPage":{"@id":"https:\/\/likemetkovic.hr\/portal\/cistoca-metkovic-d-o-o-je-objavila-javni-poziv-za-zakup-kucica-na-adventu\/#primaryimage"},"image":{"@id":"https:\/\/likemetkovic.hr\/portal\/cistoca-metkovic-d-o-o-je-objavila-javni-poziv-za-zakup-kucica-na-adventu\/#primaryimage"},"thumbnailUrl":"https:\/\/likemetkovic.hr\/portal\/wp-content\/uploads\/2023\/12\/advent-metkovic-klizaliste081223_1.jpg","datePublished":"2025-11-03T10:01:08+00:00","dateModified":"2025-11-03T10:03:00+00:00","author":{"@id":"https:\/\/likemetkovic.hr\/#\/schema\/person\/a42711f3385a0e2be6f7e0443bfb28f0"},"breadcrumb":{"@id":"https:\/\/likemetkovic.hr\/portal\/cistoca-metkovic-d-o-o-je-objavila-javni-poziv-za-zakup-kucica-na-adventu\/#breadcrumb"},"inLanguage":"hr","potentialAction":[{"@type":"ReadAction","target":["https:\/\/likemetkovic.hr\/portal\/cistoca-metkovic-d-o-o-je-objavila-javni-poziv-za-zakup-kucica-na-adventu\/"]}]},{"@type":"ImageObject","inLanguage":"hr","@id":"https:\/\/likemetkovic.hr\/portal\/cistoca-metkovic-d-o-o-je-objavila-javni-poziv-za-zakup-kucica-na-adventu\/#primaryimage","url":"https:\/\/likemetkovic.hr\/portal\/wp-content\/uploads\/2023\/12\/advent-metkovic-klizaliste081223_1.jpg","contentUrl":"https:\/\/likemetkovic.hr\/portal\/wp-content\/uploads\/2023\/12\/advent-metkovic-klizaliste081223_1.jpg","width":800,"height":533},{"@type":"BreadcrumbList","@id":"https:\/\/likemetkovic.hr\/portal\/cistoca-metkovic-d-o-o-je-objavila-javni-poziv-za-zakup-kucica-na-adventu\/#breadcrumb","itemListElement":[{"@type":"ListItem","position":1,"name":"Po\u010detna stranica","item":"https:\/\/likemetkovic.hr\/portal\/"},{"@type":"ListItem","position":2,"name":"\u010cisto\u0107a Metkovi\u0107 d.o.o. je objavila javni poziv za zakup ku\u0107ica na Adventu"}]},{"@type":"WebSite","@id":"https:\/\/likemetkovic.hr\/#website","url":"https:\/\/likemetkovic.hr\/","name":"likemetkovic.hr","description":"Misli pozitivno... \u010ditaj LIKE","potentialAction":[{"@type":"SearchAction","target":{"@type":"EntryPoint","urlTemplate":"https:\/\/likemetkovic.hr\/?s={search_term_string}"},"query-input":{"@type":"PropertyValueSpecification","valueRequired":true,"valueName":"search_term_string"}}],"inLanguage":"hr"},{"@type":"Person","@id":"https:\/\/likemetkovic.hr\/#\/schema\/person\/a42711f3385a0e2be6f7e0443bfb28f0","name":"LIKEmetkovic.hr","sameAs":["http:\/\/likemetkovic.hr"],"url":"https:\/\/likemetkovic.hr\/portal\/author\/likemetkovic-hr\/"}]}},"_links":{"self":[{"href":"https:\/\/likemetkovic.hr\/portal\/wp-json\/wp\/v2\/posts\/170033","targetHints":{"allow":["GET"]}}],"collection":[{"href":"https:\/\/likemetkovic.hr\/portal\/wp-json\/wp\/v2\/posts"}],"about":[{"href":"https:\/\/likemetkovic.hr\/portal\/wp-json\/wp\/v2\/types\/post"}],"author":[{"embeddable":true,"href":"https:\/\/likemetkovic.hr\/portal\/wp-json\/wp\/v2\/users\/7"}],"replies":[{"embeddable":true,"href":"https:\/\/likemetkovic.hr\/portal\/wp-json\/wp\/v2\/comments?post=170033"}],"version-history":[{"count":4,"href":"https:\/\/likemetkovic.hr\/portal\/wp-json\/wp\/v2\/posts\/170033\/revisions"}],"predecessor-version":[{"id":170037,"href":"https:\/\/likemetkovic.hr\/portal\/wp-json\/wp\/v2\/posts\/170033\/revisions\/170037"}],"wp:featuredmedia":[{"embeddable":true,"href":"https:\/\/likemetkovic.hr\/portal\/wp-json\/wp\/v2\/media\/149858"}],"wp:attachment":[{"href":"https:\/\/likemetkovic.hr\/portal\/wp-json\/wp\/v2\/media?parent=170033"}],"wp:term":[{"taxonomy":"category","embeddable":true,"href":"https:\/\/likemetkovic.hr\/portal\/wp-json\/wp\/v2\/categories?post=170033"},{"taxonomy":"post_tag","embeddable":true,"href":"https:\/\/likemetkovic.hr\/portal\/wp-json\/wp\/v2\/tags?post=170033"}],"curies":[{"name":"wp","href":"https:\/\/api.w.org\/{rel}","templated":true}]}}