{"id":170770,"date":"2025-12-10T12:14:49","date_gmt":"2025-12-10T11:14:49","guid":{"rendered":"https:\/\/likemetkovic.hr\/portal\/?p=170770"},"modified":"2025-12-10T12:14:49","modified_gmt":"2025-12-10T11:14:49","slug":"potpisani-sporazumi-za-mobilne-ambulante-na-podrucju-doline-neretve-peljesca-i-korcule","status":"publish","type":"post","link":"https:\/\/likemetkovic.hr\/portal\/potpisani-sporazumi-za-mobilne-ambulante-na-podrucju-doline-neretve-peljesca-i-korcule\/","title":{"rendered":"Potpisani sporazumi za mobilne ambulante na podru\u010dju Doline Neretve, Pelje\u0161ca i Kor\u010dule"},"content":{"rendered":"<p data-start=\"113\" data-end=\"342\">\u017dupan Bla\u017e Pezo potpisao je danas u Zagrebu, zajedno s ravnateljima domova zdravlja Kor\u010dula i Metkovi\u0107, sporazume s ministricom zdravstva Irenom Hrsti\u0107 o uvo\u0111enju dviju novih mobilnih ambulanti u Dubrova\u010dko-neretvanskoj \u017eupaniji.<\/p>\n<p data-start=\"344\" data-end=\"571\">Prema sporazumu, jedna \u0107e mobilna ambulanta biti namijenjena <strong>podru\u010dju Pelje\u0161ca te manjim naseljima na otoku Kor\u010duli<\/strong>, dok \u0107e druga pokrivati mjesta koja gravitiraju Metkovi\u0107u, uklju\u010duju\u0107i <strong>op\u0107ine Kula Norinska, Za\u017eablje i Slivno<\/strong>.<\/p>\n<p data-start=\"573\" data-end=\"977\">Prve isporuke vozila o\u010dekuju se ve\u0107 krajem ove godine, dok bi druga mobilna ambulanta trebala sti\u0107i po\u010detkom 2026. Opremljene poput malih medicinskih ordinacija, omogu\u0107it \u0107e lije\u010dnicima i medicinskim sestrama da obilaze udaljena naselja, pregledaju pacijente, izdaju recepte i uputnice te obavljaju ku\u0107ne posjete nepokretnim osobama \u2014 posebno u sredinama gdje zdravstvena skrb do sada nije bila dostupna.<\/p>\n<p data-start=\"979\" data-end=\"1262\" data-is-last-node=\"\" data-is-only-node=\"\"><img decoding=\"async\" class=\"alignnone size-full wp-image-170771\" src=\"https:\/\/likemetkovic.hr\/portal\/wp-content\/uploads\/2025\/12\/mobilne-ambulante.jpg\" alt=\"\" width=\"800\" height=\"600\" srcset=\"https:\/\/likemetkovic.hr\/portal\/wp-content\/uploads\/2025\/12\/mobilne-ambulante.jpg 800w, https:\/\/likemetkovic.hr\/portal\/wp-content\/uploads\/2025\/12\/mobilne-ambulante-768x576.jpg 768w, https:\/\/likemetkovic.hr\/portal\/wp-content\/uploads\/2025\/12\/mobilne-ambulante-560x420.jpg 560w, https:\/\/likemetkovic.hr\/portal\/wp-content\/uploads\/2025\/12\/mobilne-ambulante-80x60.jpg 80w, https:\/\/likemetkovic.hr\/portal\/wp-content\/uploads\/2025\/12\/mobilne-ambulante-150x113.jpg 150w, https:\/\/likemetkovic.hr\/portal\/wp-content\/uploads\/2025\/12\/mobilne-ambulante-300x225.jpg 300w, https:\/\/likemetkovic.hr\/portal\/wp-content\/uploads\/2025\/12\/mobilne-ambulante-696x522.jpg 696w, https:\/\/likemetkovic.hr\/portal\/wp-content\/uploads\/2025\/12\/mobilne-ambulante-265x198.jpg 265w\" sizes=\"(max-width: 800px) 100vw, 800px\" \/><\/p>\n<p data-start=\"979\" data-end=\"1262\" data-is-last-node=\"\" data-is-only-node=\"\">Ministarstvo zdravstva u okviru Nacionalnog plana oporavka i otpornosti nabavlja ukupno 33 mobilne ambulante, u projektu vrijednom 5,3 milijuna eura. \u017dupan Pezo istaknuo je kako \u0107e ova ulaganja zna\u010dajno pobolj\u0161ati dostupnost primarne zdravstvene za\u0161tite na cijelom podru\u010dju \u017eupanije.<\/p>\n","protected":false},"excerpt":{"rendered":"<p>\u017dupan Bla\u017e Pezo potpisao je danas u Zagrebu, zajedno s ravnateljima domova zdravlja Kor\u010dula i Metkovi\u0107, sporazume s ministricom zdravstva Irenom Hrsti\u0107 o uvo\u0111enju dviju novih mobilnih ambulanti u Dubrova\u010dko-neretvanskoj \u017eupaniji. Prema sporazumu, jedna \u0107e mobilna ambulanta biti namijenjena podru\u010dju Pelje\u0161ca te manjim naseljima na otoku Kor\u010duli, dok \u0107e druga pokrivati mjesta koja gravitiraju Metkovi\u0107u, [&hellip;]<\/p>\n","protected":false},"author":7,"featured_media":170771,"comment_status":"open","ping_status":"open","sticky":false,"template":"","format":"standard","meta":{"footnotes":""},"categories":[296,300],"tags":[13421],"class_list":{"0":"post-170770","1":"post","2":"type-post","3":"status-publish","4":"format-standard","5":"has-post-thumbnail","7":"category-ab","8":"category-zupanija","9":"tag-mobilna-ambulanta"},"yoast_head":"<!-- This site is optimized with the Yoast SEO plugin v25.2 - https:\/\/yoast.com\/wordpress\/plugins\/seo\/ -->\n<title>Potpisani sporazumi za mobilne ambulante na podru\u010dju Doline Neretve, Pelje\u0161ca i Kor\u010dule - likemetkovic.hr<\/title>\n<meta name=\"robots\" content=\"index, follow, max-snippet:-1, max-image-preview:large, max-video-preview:-1\" \/>\n<link rel=\"canonical\" href=\"https:\/\/likemetkovic.hr\/portal\/potpisani-sporazumi-za-mobilne-ambulante-na-podrucju-doline-neretve-peljesca-i-korcule\/\" \/>\n<meta property=\"og:locale\" content=\"hr_HR\" \/>\n<meta property=\"og:type\" content=\"article\" \/>\n<meta property=\"og:title\" content=\"Potpisani sporazumi za mobilne ambulante na podru\u010dju Doline Neretve, Pelje\u0161ca i Kor\u010dule - likemetkovic.hr\" \/>\n<meta property=\"og:description\" content=\"\u017dupan Bla\u017e Pezo potpisao je danas u Zagrebu, zajedno s ravnateljima domova zdravlja Kor\u010dula i Metkovi\u0107, sporazume s ministricom zdravstva Irenom Hrsti\u0107 o uvo\u0111enju dviju novih mobilnih ambulanti u Dubrova\u010dko-neretvanskoj \u017eupaniji. Prema sporazumu, jedna \u0107e mobilna ambulanta biti namijenjena podru\u010dju Pelje\u0161ca te manjim naseljima na otoku Kor\u010duli, dok \u0107e druga pokrivati mjesta koja gravitiraju Metkovi\u0107u, [&hellip;]\" \/>\n<meta property=\"og:url\" content=\"https:\/\/likemetkovic.hr\/portal\/potpisani-sporazumi-za-mobilne-ambulante-na-podrucju-doline-neretve-peljesca-i-korcule\/\" \/>\n<meta property=\"og:site_name\" content=\"likemetkovic.hr\" \/>\n<meta property=\"article:publisher\" content=\"https:\/\/www.facebook.com\/likemetkovic.hr\/\" \/>\n<meta property=\"article:published_time\" content=\"2025-12-10T11:14:49+00:00\" \/>\n<meta property=\"og:image\" content=\"https:\/\/likemetkovic.hr\/portal\/wp-content\/uploads\/2025\/12\/mobilne-ambulante.jpg\" \/>\n\t<meta property=\"og:image:width\" content=\"800\" \/>\n\t<meta property=\"og:image:height\" content=\"600\" \/>\n\t<meta property=\"og:image:type\" content=\"image\/jpeg\" \/>\n<meta name=\"author\" content=\"LIKEmetkovic.hr\" \/>\n<meta name=\"twitter:card\" content=\"summary_large_image\" \/>\n<meta name=\"twitter:label1\" content=\"Napisao\/la\" \/>\n\t<meta name=\"twitter:data1\" content=\"LIKEmetkovic.hr\" \/>\n\t<meta name=\"twitter:label2\" content=\"Procijenjeno vrijeme \u010ditanja\" \/>\n\t<meta name=\"twitter:data2\" content=\"2 minute\" \/>\n<script type=\"application\/ld+json\" class=\"yoast-schema-graph\">{\"@context\":\"https:\/\/schema.org\",\"@graph\":[{\"@type\":\"WebPage\",\"@id\":\"https:\/\/likemetkovic.hr\/portal\/potpisani-sporazumi-za-mobilne-ambulante-na-podrucju-doline-neretve-peljesca-i-korcule\/\",\"url\":\"https:\/\/likemetkovic.hr\/portal\/potpisani-sporazumi-za-mobilne-ambulante-na-podrucju-doline-neretve-peljesca-i-korcule\/\",\"name\":\"Potpisani sporazumi za mobilne ambulante na podru\u010dju Doline Neretve, Pelje\u0161ca i Kor\u010dule - likemetkovic.hr\",\"isPartOf\":{\"@id\":\"https:\/\/likemetkovic.hr\/#website\"},\"primaryImageOfPage\":{\"@id\":\"https:\/\/likemetkovic.hr\/portal\/potpisani-sporazumi-za-mobilne-ambulante-na-podrucju-doline-neretve-peljesca-i-korcule\/#primaryimage\"},\"image\":{\"@id\":\"https:\/\/likemetkovic.hr\/portal\/potpisani-sporazumi-za-mobilne-ambulante-na-podrucju-doline-neretve-peljesca-i-korcule\/#primaryimage\"},\"thumbnailUrl\":\"https:\/\/likemetkovic.hr\/portal\/wp-content\/uploads\/2025\/12\/mobilne-ambulante.jpg\",\"datePublished\":\"2025-12-10T11:14:49+00:00\",\"author\":{\"@id\":\"https:\/\/likemetkovic.hr\/#\/schema\/person\/a42711f3385a0e2be6f7e0443bfb28f0\"},\"breadcrumb\":{\"@id\":\"https:\/\/likemetkovic.hr\/portal\/potpisani-sporazumi-za-mobilne-ambulante-na-podrucju-doline-neretve-peljesca-i-korcule\/#breadcrumb\"},\"inLanguage\":\"hr\",\"potentialAction\":[{\"@type\":\"ReadAction\",\"target\":[\"https:\/\/likemetkovic.hr\/portal\/potpisani-sporazumi-za-mobilne-ambulante-na-podrucju-doline-neretve-peljesca-i-korcule\/\"]}]},{\"@type\":\"ImageObject\",\"inLanguage\":\"hr\",\"@id\":\"https:\/\/likemetkovic.hr\/portal\/potpisani-sporazumi-za-mobilne-ambulante-na-podrucju-doline-neretve-peljesca-i-korcule\/#primaryimage\",\"url\":\"https:\/\/likemetkovic.hr\/portal\/wp-content\/uploads\/2025\/12\/mobilne-ambulante.jpg\",\"contentUrl\":\"https:\/\/likemetkovic.hr\/portal\/wp-content\/uploads\/2025\/12\/mobilne-ambulante.jpg\",\"width\":800,\"height\":600},{\"@type\":\"BreadcrumbList\",\"@id\":\"https:\/\/likemetkovic.hr\/portal\/potpisani-sporazumi-za-mobilne-ambulante-na-podrucju-doline-neretve-peljesca-i-korcule\/#breadcrumb\",\"itemListElement\":[{\"@type\":\"ListItem\",\"position\":1,\"name\":\"Po\u010detna stranica\",\"item\":\"https:\/\/likemetkovic.hr\/portal\/\"},{\"@type\":\"ListItem\",\"position\":2,\"name\":\"Potpisani sporazumi za mobilne ambulante na podru\u010dju Doline Neretve, Pelje\u0161ca i Kor\u010dule\"}]},{\"@type\":\"WebSite\",\"@id\":\"https:\/\/likemetkovic.hr\/#website\",\"url\":\"https:\/\/likemetkovic.hr\/\",\"name\":\"likemetkovic.hr\",\"description\":\"Misli pozitivno... \u010ditaj LIKE\",\"potentialAction\":[{\"@type\":\"SearchAction\",\"target\":{\"@type\":\"EntryPoint\",\"urlTemplate\":\"https:\/\/likemetkovic.hr\/?s={search_term_string}\"},\"query-input\":{\"@type\":\"PropertyValueSpecification\",\"valueRequired\":true,\"valueName\":\"search_term_string\"}}],\"inLanguage\":\"hr\"},{\"@type\":\"Person\",\"@id\":\"https:\/\/likemetkovic.hr\/#\/schema\/person\/a42711f3385a0e2be6f7e0443bfb28f0\",\"name\":\"LIKEmetkovic.hr\",\"sameAs\":[\"http:\/\/likemetkovic.hr\"],\"url\":\"https:\/\/likemetkovic.hr\/portal\/author\/likemetkovic-hr\/\"}]}<\/script>\n<!-- \/ Yoast SEO plugin. -->","yoast_head_json":{"title":"Potpisani sporazumi za mobilne ambulante na podru\u010dju Doline Neretve, Pelje\u0161ca i Kor\u010dule - likemetkovic.hr","robots":{"index":"index","follow":"follow","max-snippet":"max-snippet:-1","max-image-preview":"max-image-preview:large","max-video-preview":"max-video-preview:-1"},"canonical":"https:\/\/likemetkovic.hr\/portal\/potpisani-sporazumi-za-mobilne-ambulante-na-podrucju-doline-neretve-peljesca-i-korcule\/","og_locale":"hr_HR","og_type":"article","og_title":"Potpisani sporazumi za mobilne ambulante na podru\u010dju Doline Neretve, Pelje\u0161ca i Kor\u010dule - likemetkovic.hr","og_description":"\u017dupan Bla\u017e Pezo potpisao je danas u Zagrebu, zajedno s ravnateljima domova zdravlja Kor\u010dula i Metkovi\u0107, sporazume s ministricom zdravstva Irenom Hrsti\u0107 o uvo\u0111enju dviju novih mobilnih ambulanti u Dubrova\u010dko-neretvanskoj \u017eupaniji. Prema sporazumu, jedna \u0107e mobilna ambulanta biti namijenjena podru\u010dju Pelje\u0161ca te manjim naseljima na otoku Kor\u010duli, dok \u0107e druga pokrivati mjesta koja gravitiraju Metkovi\u0107u, [&hellip;]","og_url":"https:\/\/likemetkovic.hr\/portal\/potpisani-sporazumi-za-mobilne-ambulante-na-podrucju-doline-neretve-peljesca-i-korcule\/","og_site_name":"likemetkovic.hr","article_publisher":"https:\/\/www.facebook.com\/likemetkovic.hr\/","article_published_time":"2025-12-10T11:14:49+00:00","og_image":[{"width":800,"height":600,"url":"https:\/\/likemetkovic.hr\/portal\/wp-content\/uploads\/2025\/12\/mobilne-ambulante.jpg","type":"image\/jpeg"}],"author":"LIKEmetkovic.hr","twitter_card":"summary_large_image","twitter_misc":{"Napisao\/la":"LIKEmetkovic.hr","Procijenjeno vrijeme \u010ditanja":"2 minute"},"schema":{"@context":"https:\/\/schema.org","@graph":[{"@type":"WebPage","@id":"https:\/\/likemetkovic.hr\/portal\/potpisani-sporazumi-za-mobilne-ambulante-na-podrucju-doline-neretve-peljesca-i-korcule\/","url":"https:\/\/likemetkovic.hr\/portal\/potpisani-sporazumi-za-mobilne-ambulante-na-podrucju-doline-neretve-peljesca-i-korcule\/","name":"Potpisani sporazumi za mobilne ambulante na podru\u010dju Doline Neretve, Pelje\u0161ca i Kor\u010dule - likemetkovic.hr","isPartOf":{"@id":"https:\/\/likemetkovic.hr\/#website"},"primaryImageOfPage":{"@id":"https:\/\/likemetkovic.hr\/portal\/potpisani-sporazumi-za-mobilne-ambulante-na-podrucju-doline-neretve-peljesca-i-korcule\/#primaryimage"},"image":{"@id":"https:\/\/likemetkovic.hr\/portal\/potpisani-sporazumi-za-mobilne-ambulante-na-podrucju-doline-neretve-peljesca-i-korcule\/#primaryimage"},"thumbnailUrl":"https:\/\/likemetkovic.hr\/portal\/wp-content\/uploads\/2025\/12\/mobilne-ambulante.jpg","datePublished":"2025-12-10T11:14:49+00:00","author":{"@id":"https:\/\/likemetkovic.hr\/#\/schema\/person\/a42711f3385a0e2be6f7e0443bfb28f0"},"breadcrumb":{"@id":"https:\/\/likemetkovic.hr\/portal\/potpisani-sporazumi-za-mobilne-ambulante-na-podrucju-doline-neretve-peljesca-i-korcule\/#breadcrumb"},"inLanguage":"hr","potentialAction":[{"@type":"ReadAction","target":["https:\/\/likemetkovic.hr\/portal\/potpisani-sporazumi-za-mobilne-ambulante-na-podrucju-doline-neretve-peljesca-i-korcule\/"]}]},{"@type":"ImageObject","inLanguage":"hr","@id":"https:\/\/likemetkovic.hr\/portal\/potpisani-sporazumi-za-mobilne-ambulante-na-podrucju-doline-neretve-peljesca-i-korcule\/#primaryimage","url":"https:\/\/likemetkovic.hr\/portal\/wp-content\/uploads\/2025\/12\/mobilne-ambulante.jpg","contentUrl":"https:\/\/likemetkovic.hr\/portal\/wp-content\/uploads\/2025\/12\/mobilne-ambulante.jpg","width":800,"height":600},{"@type":"BreadcrumbList","@id":"https:\/\/likemetkovic.hr\/portal\/potpisani-sporazumi-za-mobilne-ambulante-na-podrucju-doline-neretve-peljesca-i-korcule\/#breadcrumb","itemListElement":[{"@type":"ListItem","position":1,"name":"Po\u010detna stranica","item":"https:\/\/likemetkovic.hr\/portal\/"},{"@type":"ListItem","position":2,"name":"Potpisani sporazumi za mobilne ambulante na podru\u010dju Doline Neretve, Pelje\u0161ca i Kor\u010dule"}]},{"@type":"WebSite","@id":"https:\/\/likemetkovic.hr\/#website","url":"https:\/\/likemetkovic.hr\/","name":"likemetkovic.hr","description":"Misli pozitivno... \u010ditaj LIKE","potentialAction":[{"@type":"SearchAction","target":{"@type":"EntryPoint","urlTemplate":"https:\/\/likemetkovic.hr\/?s={search_term_string}"},"query-input":{"@type":"PropertyValueSpecification","valueRequired":true,"valueName":"search_term_string"}}],"inLanguage":"hr"},{"@type":"Person","@id":"https:\/\/likemetkovic.hr\/#\/schema\/person\/a42711f3385a0e2be6f7e0443bfb28f0","name":"LIKEmetkovic.hr","sameAs":["http:\/\/likemetkovic.hr"],"url":"https:\/\/likemetkovic.hr\/portal\/author\/likemetkovic-hr\/"}]}},"_links":{"self":[{"href":"https:\/\/likemetkovic.hr\/portal\/wp-json\/wp\/v2\/posts\/170770","targetHints":{"allow":["GET"]}}],"collection":[{"href":"https:\/\/likemetkovic.hr\/portal\/wp-json\/wp\/v2\/posts"}],"about":[{"href":"https:\/\/likemetkovic.hr\/portal\/wp-json\/wp\/v2\/types\/post"}],"author":[{"embeddable":true,"href":"https:\/\/likemetkovic.hr\/portal\/wp-json\/wp\/v2\/users\/7"}],"replies":[{"embeddable":true,"href":"https:\/\/likemetkovic.hr\/portal\/wp-json\/wp\/v2\/comments?post=170770"}],"version-history":[{"count":1,"href":"https:\/\/likemetkovic.hr\/portal\/wp-json\/wp\/v2\/posts\/170770\/revisions"}],"predecessor-version":[{"id":170772,"href":"https:\/\/likemetkovic.hr\/portal\/wp-json\/wp\/v2\/posts\/170770\/revisions\/170772"}],"wp:featuredmedia":[{"embeddable":true,"href":"https:\/\/likemetkovic.hr\/portal\/wp-json\/wp\/v2\/media\/170771"}],"wp:attachment":[{"href":"https:\/\/likemetkovic.hr\/portal\/wp-json\/wp\/v2\/media?parent=170770"}],"wp:term":[{"taxonomy":"category","embeddable":true,"href":"https:\/\/likemetkovic.hr\/portal\/wp-json\/wp\/v2\/categories?post=170770"},{"taxonomy":"post_tag","embeddable":true,"href":"https:\/\/likemetkovic.hr\/portal\/wp-json\/wp\/v2\/tags?post=170770"}],"curies":[{"name":"wp","href":"https:\/\/api.w.org\/{rel}","templated":true}]}}