{"id":171518,"date":"2026-01-12T19:35:58","date_gmt":"2026-01-12T18:35:58","guid":{"rendered":"https:\/\/likemetkovic.hr\/portal\/?p=171518"},"modified":"2026-01-12T19:35:58","modified_gmt":"2026-01-12T18:35:58","slug":"u-dubrovniku-zabiljezeni-slucajevi-suge","status":"publish","type":"post","link":"https:\/\/likemetkovic.hr\/portal\/u-dubrovniku-zabiljezeni-slucajevi-suge\/","title":{"rendered":"U Dubrovniku zabilje\u017eeni slu\u010dajevi \u0161uge"},"content":{"rendered":"<p>U Dubrovniku su se pojavili slu\u010dajevi svraba (\u0161uge), \u0161to je potaknulo zdravstvene djelatnike da informiraju vrti\u0107e, kako bi se roditelji i \u0161ira javnost upoznali sa simptomima, na\u010dinom prijenosa i mjeramama prevencije, pi\u0161e <a href=\"https:\/\/dubrovackidnevnik.net.hr\/vijesti\/grad\/u-dubrovniku-zabiljezeni-slucajevi-suge?fbclid=Iwb21leAPRrRRjbGNrA9GsaWV4dG4DYWVtAjExAHNydGMGYXBwX2lkDDM1MDY4NTUzMTcyOAABHpAt5HfYLzuYAgmwgc7j4ihNvJPIjUBV4joSby7HjB0hcptJyRMvNC7b0dhf_aem_xPk9viZf1_3ydKL5FRQicA\">Dubrova\u010dki dnevnik.<\/a><\/p>\n<p>Prema dermatologu koji je obavijestio dubrova\u010dke vrti\u0107e, u gradu je zabilje\u017eeno nekoliko slu\u010dajeva ove zarazne ko\u017ene bolesti, no u samom vrti\u0107u zasad nema prijavljenih oboljenja. Iz vrti\u0107a nagla\u0161avaju da je va\u017eno osvijestiti roditelje jer se \u0161uga lako prenosi, osobito u kolektivima kao \u0161to su dje\u010dji vrti\u0107i i \u0161kole.<\/p>\n<p>Podaci iz Zavoda za javno zdravstvo dubrova\u010dko-neretvanske \u017eupanije pokazuju da se u Hrvatskoj godi\u0161nje prijavi ispod tisu\u0107u novooboljelih od svraba, dok se u na\u0161oj \u017eupaniji zabilje\u017ei 50 do 100 slu\u010dajeva godi\u0161nje.<\/p>\n<h4><strong>\u0160to je svrab?<\/strong><\/h4>\n<p>Svrab ili \u0161uga je zarazna bolest ko\u017ee popra\u0107ena neugodnim svrabom i crvenkastim promjenama na ko\u017ei. Uzro\u010dnik infekcije je grinja pod nazivom\u00a0<em>Sarcoptes scabiei var. hominis<\/em>, okrugli, mali, \u010desto oku nevidljiv \u010dlankono\u017eac prilago\u0111en parazitskom na\u010dinu \u017eivljenja na ko\u017ei \u010dovjeka. Lako se prenosi s \u010dovjeka na \u010dovjeka izravnim dugotrajnijim fizi\u010dkim kontaktom, kori\u0161tenjem odjevnih premeta, posteljine ili ru\u010dnika zara\u017eene osobe.<\/p>\n<p>Gravidne \u017eenke grinje ulaze u vanjski sloj epidermisa ko\u017ee (ro\u017enati sloj) gdje stvaraju kanali\u0107e u koja lije\u017eu jaja\u0161ca koja se u nekoliko idu\u0107ih dana razviju u larve, a nakon toga nastaju odrasli oblici koji mogu \u017eivjeti 3-4 tjedna u ko\u017ei doma\u0107ina. Nepravodobnim lije\u010denjem \u017eenke nastavljaju s lije\u017eenjem jaja\u0161aca i cijeli ciklus se ponavlja.<\/p>\n<p>Svrab je opisan jo\u0161 u Bibliji a i danas se javlja svake godine kod otprilike 300 miljuna ljudi svih rasa i socijalnih stale\u017ea diljem svijeta. Primarni \u010dimbenik rizika jest napu\u010denost \u2013 tako \u0161kole, vrti\u0107i, stara\u010dki domovi, bolnice i drugi oblici velikih kolektiva nerijetko predstavljaju \u017eari\u0161te ove bolesti.<\/p>\n<p><strong>Glavni simptomi\u00a0su:<\/strong><\/p>\n<ul>\n<li>intenzivan svrbe\u017e\u00a0ko\u017ee koji se poja\u010dava no\u0107u i u toplini i pojava crvenog osipa na mjestima koja se grebu.<\/li>\n<li>pojava sitnih kanali\u0107a\u00a0(rovova, sivkasto-crne linije na ko\u017ei) naj\u010de\u0161\u0107e izme\u0111u prstiju \u0161ake, ru\u010dnom zglobu, podlakticama, laktovima, pazuhu, donjoj strani trbuha, unutarnjoj strani bedara, dojkama oko bradavica, donjoj strani stra\u017enjice<\/li>\n<li>pojava tamnih to\u010dkastih promjena\u00a0poput osipa, a u te\u017eim slu\u010dajevima i bubuljica u zahva\u0107enom podru\u010dju<\/li>\n<li>kod djece mogu biti zahva\u0107eni glava, lice, vrat, dlanovi i tabani<\/li>\n<li>mogu\u0107a je sekundarna bakterijska infekcija koja nastaje grebanjem ko\u017ee<\/li>\n<li>kod ljudi oslabljenog imuniteta mo\u017ee se razviti rje\u0111i, ali puno ozbiljniji oblik svraba poznat nao norve\u0161ki ili krustozni svrab gdje dolazi do velikog umna\u017eanja grinja i stvaranja zadebljanja s tisu\u0107ama uzro\u010dnika.<\/li>\n<\/ul>\n<p data-start=\"1706\" data-end=\"2038\">Dijagnoza\u00a0svraba postavlja se na temelju prisutnih klini\u010dkih smetnji, a potvr\u0111uje pronalaskom grinje, jaja\u0161aca ili fekalnog materijala larvi mikroskopskom analizom strugotina ko\u017ee.<\/p>\n<p data-start=\"1706\" data-end=\"2038\"><strong>Lije\u010denje<\/strong><\/p>\n<p>Lije\u010denje\u00a0se provodi lokalnim i peroralnim skabicidima. Permetrin je lokalni pripravak i lijek izbora koji se nanosi na ko\u017eu cijelog tijela prije spavanja, a ispire nakon 8-14 sati (ako je potrebno terapija se ponovi nakon tjedan dana). Ivermektin je peroralni pripravak dokazane u\u010dinkovitosti uglavnom namijenjen te\u017eim oblicima svraba (ne za djecu ispod 6 godina). Dodatne terapijske mogu\u0107nosti uklju\u010duje benzil-benzoat a za ubla\u017eavanje svraba mogu\u0107e je uklju\u010diti anihistaminike i kratkotrajno uzimanje kortikosteroidnih pripravaka. Ono \u0161to zabrinjava je porast rezistencije uzro\u010dnika na u\u010destalo kori\u0161tenje lijekova, ali razvoj tehnologije i napori u prou\u010davanju molekularne biologije grinja moglo bi dovesti i do razvoja efikasnog cjepiva protiv svraba.<\/p>\n<p>Uz odgovaraju\u0107e lijekove vrlo je va\u017eno dan nakon po\u010detka terapije\u00a0oprati u vru\u0107oj vodi svu odje\u0107u, posteljinu i ru\u010dnike\u00a0koji su bili u upotrebi posljednjih nekoliko dana te ponoviti postupak nakon tjedan dana. Tepihe i presvu\u010deni namje\u0161taj bi trebalo usisati i vre\u0107ice iz usisava\u010da odmah baciti. Predmete koji se ne mogu prati bi trebalo odnijeti na kemijsko \u010di\u0161\u0107enje ili zatvoriti u plasti\u010dne vre\u0107e na tjedan dana. Tako\u0111er,\u00a0u sprje\u010davanju ponovne zaraze, nu\u017eno je da se svi \u010dlanovi obitelji i spolni partneri istodobno lije\u010de.<\/p>\n<p>Uz pravilnu dijagnozu i lije\u010denje prognoza ove infekcije je kod zdravih ljudi odli\u010dna, pi\u0161e\u00a0<a href=\"https:\/\/dubrovackidnevnik.net.hr\/vijesti\/grad\/u-dubrovniku-zabiljezeni-slucajevi-suge?fbclid=Iwb21leAPRrRRjbGNrA9GsaWV4dG4DYWVtAjExAHNydGMGYXBwX2lkDDM1MDY4NTUzMTcyOAABHpAt5HfYLzuYAgmwgc7j4ihNvJPIjUBV4joSby7HjB0hcptJyRMvNC7b0dhf_aem_xPk9viZf1_3ydKL5FRQicA\">Dubrova\u010dki dnevnik.<\/a><\/p>\n","protected":false},"excerpt":{"rendered":"<p>U Dubrovniku su se pojavili slu\u010dajevi svraba (\u0161uge), \u0161to je potaknulo zdravstvene djelatnike da informiraju vrti\u0107e, kako bi se roditelji i \u0161ira javnost upoznali sa simptomima, na\u010dinom prijenosa i mjeramama prevencije, pi\u0161e Dubrova\u010dki dnevnik. Prema dermatologu koji je obavijestio dubrova\u010dke vrti\u0107e, u gradu je zabilje\u017eeno nekoliko slu\u010dajeva ove zarazne ko\u017ene bolesti, no u samom vrti\u0107u [&hellip;]<\/p>\n","protected":false},"author":9,"featured_media":151888,"comment_status":"open","ping_status":"open","sticky":false,"template":"","format":"standard","meta":{"footnotes":""},"categories":[296,300],"tags":[5336],"class_list":{"0":"post-171518","1":"post","2":"type-post","3":"status-publish","4":"format-standard","5":"has-post-thumbnail","7":"category-ab","8":"category-zupanija","9":"tag-suga"},"yoast_head":"<!-- This site is optimized with the Yoast SEO plugin v25.2 - https:\/\/yoast.com\/wordpress\/plugins\/seo\/ -->\n<title>U Dubrovniku zabilje\u017eeni slu\u010dajevi \u0161uge - likemetkovic.hr<\/title>\n<meta name=\"robots\" content=\"index, follow, max-snippet:-1, max-image-preview:large, max-video-preview:-1\" \/>\n<link rel=\"canonical\" href=\"https:\/\/likemetkovic.hr\/portal\/u-dubrovniku-zabiljezeni-slucajevi-suge\/\" \/>\n<meta property=\"og:locale\" content=\"hr_HR\" \/>\n<meta property=\"og:type\" content=\"article\" \/>\n<meta property=\"og:title\" content=\"U Dubrovniku zabilje\u017eeni slu\u010dajevi \u0161uge - likemetkovic.hr\" \/>\n<meta property=\"og:description\" content=\"U Dubrovniku su se pojavili slu\u010dajevi svraba (\u0161uge), \u0161to je potaknulo zdravstvene djelatnike da informiraju vrti\u0107e, kako bi se roditelji i \u0161ira javnost upoznali sa simptomima, na\u010dinom prijenosa i mjeramama prevencije, pi\u0161e Dubrova\u010dki dnevnik. Prema dermatologu koji je obavijestio dubrova\u010dke vrti\u0107e, u gradu je zabilje\u017eeno nekoliko slu\u010dajeva ove zarazne ko\u017ene bolesti, no u samom vrti\u0107u [&hellip;]\" \/>\n<meta property=\"og:url\" content=\"https:\/\/likemetkovic.hr\/portal\/u-dubrovniku-zabiljezeni-slucajevi-suge\/\" \/>\n<meta property=\"og:site_name\" content=\"likemetkovic.hr\" \/>\n<meta property=\"article:publisher\" content=\"https:\/\/www.facebook.com\/likemetkovic.hr\/\" \/>\n<meta property=\"article:published_time\" content=\"2026-01-12T18:35:58+00:00\" \/>\n<meta property=\"og:image\" content=\"https:\/\/likemetkovic.hr\/portal\/wp-content\/uploads\/2024\/02\/bolnica-dubrovnik.jpg\" \/>\n\t<meta property=\"og:image:width\" content=\"800\" \/>\n\t<meta property=\"og:image:height\" content=\"600\" \/>\n\t<meta property=\"og:image:type\" content=\"image\/jpeg\" \/>\n<meta name=\"author\" content=\"K. J.\" \/>\n<meta name=\"twitter:card\" content=\"summary_large_image\" \/>\n<meta name=\"twitter:label1\" content=\"Napisao\/la\" \/>\n\t<meta name=\"twitter:data1\" content=\"K. J.\" \/>\n\t<meta name=\"twitter:label2\" content=\"Procijenjeno vrijeme \u010ditanja\" \/>\n\t<meta name=\"twitter:data2\" content=\"4 minute\" \/>\n<script type=\"application\/ld+json\" class=\"yoast-schema-graph\">{\"@context\":\"https:\/\/schema.org\",\"@graph\":[{\"@type\":\"WebPage\",\"@id\":\"https:\/\/likemetkovic.hr\/portal\/u-dubrovniku-zabiljezeni-slucajevi-suge\/\",\"url\":\"https:\/\/likemetkovic.hr\/portal\/u-dubrovniku-zabiljezeni-slucajevi-suge\/\",\"name\":\"U Dubrovniku zabilje\u017eeni slu\u010dajevi \u0161uge - likemetkovic.hr\",\"isPartOf\":{\"@id\":\"https:\/\/likemetkovic.hr\/#website\"},\"primaryImageOfPage\":{\"@id\":\"https:\/\/likemetkovic.hr\/portal\/u-dubrovniku-zabiljezeni-slucajevi-suge\/#primaryimage\"},\"image\":{\"@id\":\"https:\/\/likemetkovic.hr\/portal\/u-dubrovniku-zabiljezeni-slucajevi-suge\/#primaryimage\"},\"thumbnailUrl\":\"https:\/\/likemetkovic.hr\/portal\/wp-content\/uploads\/2024\/02\/bolnica-dubrovnik.jpg\",\"datePublished\":\"2026-01-12T18:35:58+00:00\",\"author\":{\"@id\":\"https:\/\/likemetkovic.hr\/#\/schema\/person\/0a8b4ebfdfe1ff01192dccda40c5da0c\"},\"breadcrumb\":{\"@id\":\"https:\/\/likemetkovic.hr\/portal\/u-dubrovniku-zabiljezeni-slucajevi-suge\/#breadcrumb\"},\"inLanguage\":\"hr\",\"potentialAction\":[{\"@type\":\"ReadAction\",\"target\":[\"https:\/\/likemetkovic.hr\/portal\/u-dubrovniku-zabiljezeni-slucajevi-suge\/\"]}]},{\"@type\":\"ImageObject\",\"inLanguage\":\"hr\",\"@id\":\"https:\/\/likemetkovic.hr\/portal\/u-dubrovniku-zabiljezeni-slucajevi-suge\/#primaryimage\",\"url\":\"https:\/\/likemetkovic.hr\/portal\/wp-content\/uploads\/2024\/02\/bolnica-dubrovnik.jpg\",\"contentUrl\":\"https:\/\/likemetkovic.hr\/portal\/wp-content\/uploads\/2024\/02\/bolnica-dubrovnik.jpg\",\"width\":800,\"height\":600},{\"@type\":\"BreadcrumbList\",\"@id\":\"https:\/\/likemetkovic.hr\/portal\/u-dubrovniku-zabiljezeni-slucajevi-suge\/#breadcrumb\",\"itemListElement\":[{\"@type\":\"ListItem\",\"position\":1,\"name\":\"Po\u010detna stranica\",\"item\":\"https:\/\/likemetkovic.hr\/portal\/\"},{\"@type\":\"ListItem\",\"position\":2,\"name\":\"U Dubrovniku zabilje\u017eeni slu\u010dajevi \u0161uge\"}]},{\"@type\":\"WebSite\",\"@id\":\"https:\/\/likemetkovic.hr\/#website\",\"url\":\"https:\/\/likemetkovic.hr\/\",\"name\":\"likemetkovic.hr\",\"description\":\"Misli pozitivno... \u010ditaj LIKE\",\"potentialAction\":[{\"@type\":\"SearchAction\",\"target\":{\"@type\":\"EntryPoint\",\"urlTemplate\":\"https:\/\/likemetkovic.hr\/?s={search_term_string}\"},\"query-input\":{\"@type\":\"PropertyValueSpecification\",\"valueRequired\":true,\"valueName\":\"search_term_string\"}}],\"inLanguage\":\"hr\"},{\"@type\":\"Person\",\"@id\":\"https:\/\/likemetkovic.hr\/#\/schema\/person\/0a8b4ebfdfe1ff01192dccda40c5da0c\",\"name\":\"K. J.\",\"url\":\"https:\/\/likemetkovic.hr\/portal\/author\/likemetkovic\/\"}]}<\/script>\n<!-- \/ Yoast SEO plugin. -->","yoast_head_json":{"title":"U Dubrovniku zabilje\u017eeni slu\u010dajevi \u0161uge - likemetkovic.hr","robots":{"index":"index","follow":"follow","max-snippet":"max-snippet:-1","max-image-preview":"max-image-preview:large","max-video-preview":"max-video-preview:-1"},"canonical":"https:\/\/likemetkovic.hr\/portal\/u-dubrovniku-zabiljezeni-slucajevi-suge\/","og_locale":"hr_HR","og_type":"article","og_title":"U Dubrovniku zabilje\u017eeni slu\u010dajevi \u0161uge - likemetkovic.hr","og_description":"U Dubrovniku su se pojavili slu\u010dajevi svraba (\u0161uge), \u0161to je potaknulo zdravstvene djelatnike da informiraju vrti\u0107e, kako bi se roditelji i \u0161ira javnost upoznali sa simptomima, na\u010dinom prijenosa i mjeramama prevencije, pi\u0161e Dubrova\u010dki dnevnik. Prema dermatologu koji je obavijestio dubrova\u010dke vrti\u0107e, u gradu je zabilje\u017eeno nekoliko slu\u010dajeva ove zarazne ko\u017ene bolesti, no u samom vrti\u0107u [&hellip;]","og_url":"https:\/\/likemetkovic.hr\/portal\/u-dubrovniku-zabiljezeni-slucajevi-suge\/","og_site_name":"likemetkovic.hr","article_publisher":"https:\/\/www.facebook.com\/likemetkovic.hr\/","article_published_time":"2026-01-12T18:35:58+00:00","og_image":[{"width":800,"height":600,"url":"https:\/\/likemetkovic.hr\/portal\/wp-content\/uploads\/2024\/02\/bolnica-dubrovnik.jpg","type":"image\/jpeg"}],"author":"K. J.","twitter_card":"summary_large_image","twitter_misc":{"Napisao\/la":"K. J.","Procijenjeno vrijeme \u010ditanja":"4 minute"},"schema":{"@context":"https:\/\/schema.org","@graph":[{"@type":"WebPage","@id":"https:\/\/likemetkovic.hr\/portal\/u-dubrovniku-zabiljezeni-slucajevi-suge\/","url":"https:\/\/likemetkovic.hr\/portal\/u-dubrovniku-zabiljezeni-slucajevi-suge\/","name":"U Dubrovniku zabilje\u017eeni slu\u010dajevi \u0161uge - likemetkovic.hr","isPartOf":{"@id":"https:\/\/likemetkovic.hr\/#website"},"primaryImageOfPage":{"@id":"https:\/\/likemetkovic.hr\/portal\/u-dubrovniku-zabiljezeni-slucajevi-suge\/#primaryimage"},"image":{"@id":"https:\/\/likemetkovic.hr\/portal\/u-dubrovniku-zabiljezeni-slucajevi-suge\/#primaryimage"},"thumbnailUrl":"https:\/\/likemetkovic.hr\/portal\/wp-content\/uploads\/2024\/02\/bolnica-dubrovnik.jpg","datePublished":"2026-01-12T18:35:58+00:00","author":{"@id":"https:\/\/likemetkovic.hr\/#\/schema\/person\/0a8b4ebfdfe1ff01192dccda40c5da0c"},"breadcrumb":{"@id":"https:\/\/likemetkovic.hr\/portal\/u-dubrovniku-zabiljezeni-slucajevi-suge\/#breadcrumb"},"inLanguage":"hr","potentialAction":[{"@type":"ReadAction","target":["https:\/\/likemetkovic.hr\/portal\/u-dubrovniku-zabiljezeni-slucajevi-suge\/"]}]},{"@type":"ImageObject","inLanguage":"hr","@id":"https:\/\/likemetkovic.hr\/portal\/u-dubrovniku-zabiljezeni-slucajevi-suge\/#primaryimage","url":"https:\/\/likemetkovic.hr\/portal\/wp-content\/uploads\/2024\/02\/bolnica-dubrovnik.jpg","contentUrl":"https:\/\/likemetkovic.hr\/portal\/wp-content\/uploads\/2024\/02\/bolnica-dubrovnik.jpg","width":800,"height":600},{"@type":"BreadcrumbList","@id":"https:\/\/likemetkovic.hr\/portal\/u-dubrovniku-zabiljezeni-slucajevi-suge\/#breadcrumb","itemListElement":[{"@type":"ListItem","position":1,"name":"Po\u010detna stranica","item":"https:\/\/likemetkovic.hr\/portal\/"},{"@type":"ListItem","position":2,"name":"U Dubrovniku zabilje\u017eeni slu\u010dajevi \u0161uge"}]},{"@type":"WebSite","@id":"https:\/\/likemetkovic.hr\/#website","url":"https:\/\/likemetkovic.hr\/","name":"likemetkovic.hr","description":"Misli pozitivno... \u010ditaj LIKE","potentialAction":[{"@type":"SearchAction","target":{"@type":"EntryPoint","urlTemplate":"https:\/\/likemetkovic.hr\/?s={search_term_string}"},"query-input":{"@type":"PropertyValueSpecification","valueRequired":true,"valueName":"search_term_string"}}],"inLanguage":"hr"},{"@type":"Person","@id":"https:\/\/likemetkovic.hr\/#\/schema\/person\/0a8b4ebfdfe1ff01192dccda40c5da0c","name":"K. J.","url":"https:\/\/likemetkovic.hr\/portal\/author\/likemetkovic\/"}]}},"_links":{"self":[{"href":"https:\/\/likemetkovic.hr\/portal\/wp-json\/wp\/v2\/posts\/171518","targetHints":{"allow":["GET"]}}],"collection":[{"href":"https:\/\/likemetkovic.hr\/portal\/wp-json\/wp\/v2\/posts"}],"about":[{"href":"https:\/\/likemetkovic.hr\/portal\/wp-json\/wp\/v2\/types\/post"}],"author":[{"embeddable":true,"href":"https:\/\/likemetkovic.hr\/portal\/wp-json\/wp\/v2\/users\/9"}],"replies":[{"embeddable":true,"href":"https:\/\/likemetkovic.hr\/portal\/wp-json\/wp\/v2\/comments?post=171518"}],"version-history":[{"count":1,"href":"https:\/\/likemetkovic.hr\/portal\/wp-json\/wp\/v2\/posts\/171518\/revisions"}],"predecessor-version":[{"id":171519,"href":"https:\/\/likemetkovic.hr\/portal\/wp-json\/wp\/v2\/posts\/171518\/revisions\/171519"}],"wp:featuredmedia":[{"embeddable":true,"href":"https:\/\/likemetkovic.hr\/portal\/wp-json\/wp\/v2\/media\/151888"}],"wp:attachment":[{"href":"https:\/\/likemetkovic.hr\/portal\/wp-json\/wp\/v2\/media?parent=171518"}],"wp:term":[{"taxonomy":"category","embeddable":true,"href":"https:\/\/likemetkovic.hr\/portal\/wp-json\/wp\/v2\/categories?post=171518"},{"taxonomy":"post_tag","embeddable":true,"href":"https:\/\/likemetkovic.hr\/portal\/wp-json\/wp\/v2\/tags?post=171518"}],"curies":[{"name":"wp","href":"https:\/\/api.w.org\/{rel}","templated":true}]}}