{"id":171687,"date":"2026-01-19T09:52:43","date_gmt":"2026-01-19T08:52:43","guid":{"rendered":"https:\/\/likemetkovic.hr\/portal\/?p=171687"},"modified":"2026-01-19T09:52:43","modified_gmt":"2026-01-19T08:52:43","slug":"noc-muzeja-2026-tema-am-narona-je-zivotinje-u-rimskom-carstvu","status":"publish","type":"post","link":"https:\/\/likemetkovic.hr\/portal\/noc-muzeja-2026-tema-am-narona-je-zivotinje-u-rimskom-carstvu\/","title":{"rendered":"NO\u0106 MUZEJA 2026.: Tema AM Narona je  &#8220;\u017divotinje u Rimskom carstvu&#8221;"},"content":{"rendered":"<p data-start=\"59\" data-end=\"451\">Kraj sije\u010dnja tradicionalno je rezerviran za jednu od najposje\u0107enijih kulturnih manifestacija u Hrvatskoj \u2013 <strong>No\u0107 muzeja<\/strong>, a<strong> Arheolo\u0161ki muzej Narona<\/strong> i ove \u0107e se godine uklju\u010diti u program ove nacionalne muzejske ve\u010deri. Manifestaciju organizira Hrvatsko muzejsko dru\u0161tvo, a Muzej Narona sudjeluje u njoj od samih po\u010detaka, potvr\u0111uju\u0107i svoju va\u017enu ulogu u promociji kulturne i arheolo\u0161ke ba\u0161tine.<\/p>\n<p data-start=\"453\" data-end=\"644\">No\u0107 muzeja odr\u017eat \u0107e se u\u00a0<strong data-start=\"479\" data-end=\"515\">petak, 30. sije\u010dnja 2026. godine<\/strong>, a ovogodi\u0161nja tema\u00a0<strong data-start=\"536\" data-end=\"569\">\u201e\u017divotinje u Rimskom Carstvu\u201c<\/strong>\u00a0donosi bogat i raznolik program namijenjen svim generacijama posjetitelja.<\/p>\n<p data-start=\"646\" data-end=\"1030\">Posjetitelje o\u010dekuju\u00a0<strong data-start=\"667\" data-end=\"701\">dva specijalna stru\u010dna vodstva<\/strong>, tijekom kojih \u0107e imati priliku upoznati zanimljive pri\u010de o ulozi \u017eivotinja u svakodnevnom, simboli\u010dkom i religijskom \u017eivotu Rimljana. Posebna pa\u017enja posve\u0107ena je i najmla\u0111ima, za koje su pripremljene\u00a0<strong data-start=\"903\" data-end=\"925\">tematske radionice<\/strong>, kao i\u00a0<strong data-start=\"933\" data-end=\"958\">istra\u017eiva\u010dke avanture<\/strong>\u00a0koje na zabavan i edukativan na\u010din pribli\u017eavaju arheologiju i povijest.<\/p>\n<p data-start=\"1032\" data-end=\"1257\">Program \u0107e se odvijati od\u00a0<strong data-start=\"1058\" data-end=\"1081\">16:00 do 23:00 sata<\/strong>, a\u00a0<strong data-start=\"1085\" data-end=\"1137\">ulaz u muzej bit \u0107e slobodan za sve posjetitelje<\/strong>\u00a0tijekom cijelog trajanja manifestacije. Organizatori najavljuju i nekoliko iznena\u0111enja koja \u0107e dodatno obogatiti ve\u010der.<\/p>\n<p data-start=\"1259\" data-end=\"1465\" data-is-last-node=\"\" data-is-only-node=\"\">Detalji programa i to\u010dni termini pojedinih aktivnosti bit \u0107e objavljeni uskoro. Arheolo\u0161ki muzej Narona poziva sve zainteresirane da iskoriste ovu posebnu ve\u010der i do\u017eive muzej u jedinstvenom no\u0107nom ozra\u010dju.<\/p>\n<p data-start=\"1259\" data-end=\"1465\" data-is-last-node=\"\" data-is-only-node=\"\"><img decoding=\"async\" class=\"alignnone size-full wp-image-171689\" src=\"https:\/\/likemetkovic.hr\/portal\/wp-content\/uploads\/2026\/01\/noc-muzeja-2026a.jpg\" alt=\"\" width=\"800\" height=\"548\" srcset=\"https:\/\/likemetkovic.hr\/portal\/wp-content\/uploads\/2026\/01\/noc-muzeja-2026a.jpg 800w, https:\/\/likemetkovic.hr\/portal\/wp-content\/uploads\/2026\/01\/noc-muzeja-2026a-768x526.jpg 768w, https:\/\/likemetkovic.hr\/portal\/wp-content\/uploads\/2026\/01\/noc-muzeja-2026a-613x420.jpg 613w, https:\/\/likemetkovic.hr\/portal\/wp-content\/uploads\/2026\/01\/noc-muzeja-2026a-150x103.jpg 150w, https:\/\/likemetkovic.hr\/portal\/wp-content\/uploads\/2026\/01\/noc-muzeja-2026a-218x150.jpg 218w, https:\/\/likemetkovic.hr\/portal\/wp-content\/uploads\/2026\/01\/noc-muzeja-2026a-300x206.jpg 300w, https:\/\/likemetkovic.hr\/portal\/wp-content\/uploads\/2026\/01\/noc-muzeja-2026a-696x477.jpg 696w, https:\/\/likemetkovic.hr\/portal\/wp-content\/uploads\/2026\/01\/noc-muzeja-2026a-100x70.jpg 100w\" sizes=\"(max-width: 800px) 100vw, 800px\" \/><\/p>\n","protected":false},"excerpt":{"rendered":"<p>Kraj sije\u010dnja tradicionalno je rezerviran za jednu od najposje\u0107enijih kulturnih manifestacija u Hrvatskoj \u2013 No\u0107 muzeja, a Arheolo\u0161ki muzej Narona i ove \u0107e se godine uklju\u010diti u program ove nacionalne muzejske ve\u010deri. Manifestaciju organizira Hrvatsko muzejsko dru\u0161tvo, a Muzej Narona sudjeluje u njoj od samih po\u010detaka, potvr\u0111uju\u0107i svoju va\u017enu ulogu u promociji kulturne i arheolo\u0161ke [&hellip;]<\/p>\n","protected":false},"author":9,"featured_media":171689,"comment_status":"open","ping_status":"open","sticky":false,"template":"","format":"standard","meta":{"footnotes":""},"categories":[283,11],"tags":[4465,2233],"class_list":{"0":"post-171687","1":"post","2":"type-post","3":"status-publish","4":"format-standard","5":"has-post-thumbnail","7":"category-a","8":"category-metkovic-dolina","9":"tag-am-narona","10":"tag-noc-muzeja"},"yoast_head":"<!-- This site is optimized with the Yoast SEO plugin v25.2 - https:\/\/yoast.com\/wordpress\/plugins\/seo\/ -->\n<title>NO\u0106 MUZEJA 2026.: Tema AM Narona je &quot;\u017divotinje u Rimskom carstvu&quot; - likemetkovic.hr<\/title>\n<meta name=\"robots\" content=\"index, follow, max-snippet:-1, max-image-preview:large, max-video-preview:-1\" \/>\n<link rel=\"canonical\" href=\"https:\/\/likemetkovic.hr\/portal\/noc-muzeja-2026-tema-am-narona-je-zivotinje-u-rimskom-carstvu\/\" \/>\n<meta property=\"og:locale\" content=\"hr_HR\" \/>\n<meta property=\"og:type\" content=\"article\" \/>\n<meta property=\"og:title\" content=\"NO\u0106 MUZEJA 2026.: Tema AM Narona je &quot;\u017divotinje u Rimskom carstvu&quot; - likemetkovic.hr\" \/>\n<meta property=\"og:description\" content=\"Kraj sije\u010dnja tradicionalno je rezerviran za jednu od najposje\u0107enijih kulturnih manifestacija u Hrvatskoj \u2013 No\u0107 muzeja, a Arheolo\u0161ki muzej Narona i ove \u0107e se godine uklju\u010diti u program ove nacionalne muzejske ve\u010deri. Manifestaciju organizira Hrvatsko muzejsko dru\u0161tvo, a Muzej Narona sudjeluje u njoj od samih po\u010detaka, potvr\u0111uju\u0107i svoju va\u017enu ulogu u promociji kulturne i arheolo\u0161ke [&hellip;]\" \/>\n<meta property=\"og:url\" content=\"https:\/\/likemetkovic.hr\/portal\/noc-muzeja-2026-tema-am-narona-je-zivotinje-u-rimskom-carstvu\/\" \/>\n<meta property=\"og:site_name\" content=\"likemetkovic.hr\" \/>\n<meta property=\"article:publisher\" content=\"https:\/\/www.facebook.com\/likemetkovic.hr\/\" \/>\n<meta property=\"article:published_time\" content=\"2026-01-19T08:52:43+00:00\" \/>\n<meta property=\"og:image\" content=\"https:\/\/likemetkovic.hr\/portal\/wp-content\/uploads\/2026\/01\/noc-muzeja-2026a.jpg\" \/>\n\t<meta property=\"og:image:width\" content=\"800\" \/>\n\t<meta property=\"og:image:height\" content=\"548\" \/>\n\t<meta property=\"og:image:type\" content=\"image\/jpeg\" \/>\n<meta name=\"author\" content=\"K. J.\" \/>\n<meta name=\"twitter:card\" content=\"summary_large_image\" \/>\n<meta name=\"twitter:label1\" content=\"Napisao\/la\" \/>\n\t<meta name=\"twitter:data1\" content=\"K. J.\" \/>\n\t<meta name=\"twitter:label2\" content=\"Procijenjeno vrijeme \u010ditanja\" \/>\n\t<meta name=\"twitter:data2\" content=\"2 minute\" \/>\n<script type=\"application\/ld+json\" class=\"yoast-schema-graph\">{\"@context\":\"https:\/\/schema.org\",\"@graph\":[{\"@type\":\"WebPage\",\"@id\":\"https:\/\/likemetkovic.hr\/portal\/noc-muzeja-2026-tema-am-narona-je-zivotinje-u-rimskom-carstvu\/\",\"url\":\"https:\/\/likemetkovic.hr\/portal\/noc-muzeja-2026-tema-am-narona-je-zivotinje-u-rimskom-carstvu\/\",\"name\":\"NO\u0106 MUZEJA 2026.: Tema AM Narona je \\\"\u017divotinje u Rimskom carstvu\\\" - likemetkovic.hr\",\"isPartOf\":{\"@id\":\"https:\/\/likemetkovic.hr\/#website\"},\"primaryImageOfPage\":{\"@id\":\"https:\/\/likemetkovic.hr\/portal\/noc-muzeja-2026-tema-am-narona-je-zivotinje-u-rimskom-carstvu\/#primaryimage\"},\"image\":{\"@id\":\"https:\/\/likemetkovic.hr\/portal\/noc-muzeja-2026-tema-am-narona-je-zivotinje-u-rimskom-carstvu\/#primaryimage\"},\"thumbnailUrl\":\"https:\/\/likemetkovic.hr\/portal\/wp-content\/uploads\/2026\/01\/noc-muzeja-2026a.jpg\",\"datePublished\":\"2026-01-19T08:52:43+00:00\",\"author\":{\"@id\":\"https:\/\/likemetkovic.hr\/#\/schema\/person\/0a8b4ebfdfe1ff01192dccda40c5da0c\"},\"breadcrumb\":{\"@id\":\"https:\/\/likemetkovic.hr\/portal\/noc-muzeja-2026-tema-am-narona-je-zivotinje-u-rimskom-carstvu\/#breadcrumb\"},\"inLanguage\":\"hr\",\"potentialAction\":[{\"@type\":\"ReadAction\",\"target\":[\"https:\/\/likemetkovic.hr\/portal\/noc-muzeja-2026-tema-am-narona-je-zivotinje-u-rimskom-carstvu\/\"]}]},{\"@type\":\"ImageObject\",\"inLanguage\":\"hr\",\"@id\":\"https:\/\/likemetkovic.hr\/portal\/noc-muzeja-2026-tema-am-narona-je-zivotinje-u-rimskom-carstvu\/#primaryimage\",\"url\":\"https:\/\/likemetkovic.hr\/portal\/wp-content\/uploads\/2026\/01\/noc-muzeja-2026a.jpg\",\"contentUrl\":\"https:\/\/likemetkovic.hr\/portal\/wp-content\/uploads\/2026\/01\/noc-muzeja-2026a.jpg\",\"width\":800,\"height\":548},{\"@type\":\"BreadcrumbList\",\"@id\":\"https:\/\/likemetkovic.hr\/portal\/noc-muzeja-2026-tema-am-narona-je-zivotinje-u-rimskom-carstvu\/#breadcrumb\",\"itemListElement\":[{\"@type\":\"ListItem\",\"position\":1,\"name\":\"Po\u010detna stranica\",\"item\":\"https:\/\/likemetkovic.hr\/portal\/\"},{\"@type\":\"ListItem\",\"position\":2,\"name\":\"NO\u0106 MUZEJA 2026.: Tema AM Narona je &#8220;\u017divotinje u Rimskom carstvu&#8221;\"}]},{\"@type\":\"WebSite\",\"@id\":\"https:\/\/likemetkovic.hr\/#website\",\"url\":\"https:\/\/likemetkovic.hr\/\",\"name\":\"likemetkovic.hr\",\"description\":\"Misli pozitivno... \u010ditaj LIKE\",\"potentialAction\":[{\"@type\":\"SearchAction\",\"target\":{\"@type\":\"EntryPoint\",\"urlTemplate\":\"https:\/\/likemetkovic.hr\/?s={search_term_string}\"},\"query-input\":{\"@type\":\"PropertyValueSpecification\",\"valueRequired\":true,\"valueName\":\"search_term_string\"}}],\"inLanguage\":\"hr\"},{\"@type\":\"Person\",\"@id\":\"https:\/\/likemetkovic.hr\/#\/schema\/person\/0a8b4ebfdfe1ff01192dccda40c5da0c\",\"name\":\"K. J.\",\"url\":\"https:\/\/likemetkovic.hr\/portal\/author\/likemetkovic\/\"}]}<\/script>\n<!-- \/ Yoast SEO plugin. -->","yoast_head_json":{"title":"NO\u0106 MUZEJA 2026.: Tema AM Narona je \"\u017divotinje u Rimskom carstvu\" - likemetkovic.hr","robots":{"index":"index","follow":"follow","max-snippet":"max-snippet:-1","max-image-preview":"max-image-preview:large","max-video-preview":"max-video-preview:-1"},"canonical":"https:\/\/likemetkovic.hr\/portal\/noc-muzeja-2026-tema-am-narona-je-zivotinje-u-rimskom-carstvu\/","og_locale":"hr_HR","og_type":"article","og_title":"NO\u0106 MUZEJA 2026.: Tema AM Narona je \"\u017divotinje u Rimskom carstvu\" - likemetkovic.hr","og_description":"Kraj sije\u010dnja tradicionalno je rezerviran za jednu od najposje\u0107enijih kulturnih manifestacija u Hrvatskoj \u2013 No\u0107 muzeja, a Arheolo\u0161ki muzej Narona i ove \u0107e se godine uklju\u010diti u program ove nacionalne muzejske ve\u010deri. Manifestaciju organizira Hrvatsko muzejsko dru\u0161tvo, a Muzej Narona sudjeluje u njoj od samih po\u010detaka, potvr\u0111uju\u0107i svoju va\u017enu ulogu u promociji kulturne i arheolo\u0161ke [&hellip;]","og_url":"https:\/\/likemetkovic.hr\/portal\/noc-muzeja-2026-tema-am-narona-je-zivotinje-u-rimskom-carstvu\/","og_site_name":"likemetkovic.hr","article_publisher":"https:\/\/www.facebook.com\/likemetkovic.hr\/","article_published_time":"2026-01-19T08:52:43+00:00","og_image":[{"width":800,"height":548,"url":"https:\/\/likemetkovic.hr\/portal\/wp-content\/uploads\/2026\/01\/noc-muzeja-2026a.jpg","type":"image\/jpeg"}],"author":"K. J.","twitter_card":"summary_large_image","twitter_misc":{"Napisao\/la":"K. J.","Procijenjeno vrijeme \u010ditanja":"2 minute"},"schema":{"@context":"https:\/\/schema.org","@graph":[{"@type":"WebPage","@id":"https:\/\/likemetkovic.hr\/portal\/noc-muzeja-2026-tema-am-narona-je-zivotinje-u-rimskom-carstvu\/","url":"https:\/\/likemetkovic.hr\/portal\/noc-muzeja-2026-tema-am-narona-je-zivotinje-u-rimskom-carstvu\/","name":"NO\u0106 MUZEJA 2026.: Tema AM Narona je \"\u017divotinje u Rimskom carstvu\" - likemetkovic.hr","isPartOf":{"@id":"https:\/\/likemetkovic.hr\/#website"},"primaryImageOfPage":{"@id":"https:\/\/likemetkovic.hr\/portal\/noc-muzeja-2026-tema-am-narona-je-zivotinje-u-rimskom-carstvu\/#primaryimage"},"image":{"@id":"https:\/\/likemetkovic.hr\/portal\/noc-muzeja-2026-tema-am-narona-je-zivotinje-u-rimskom-carstvu\/#primaryimage"},"thumbnailUrl":"https:\/\/likemetkovic.hr\/portal\/wp-content\/uploads\/2026\/01\/noc-muzeja-2026a.jpg","datePublished":"2026-01-19T08:52:43+00:00","author":{"@id":"https:\/\/likemetkovic.hr\/#\/schema\/person\/0a8b4ebfdfe1ff01192dccda40c5da0c"},"breadcrumb":{"@id":"https:\/\/likemetkovic.hr\/portal\/noc-muzeja-2026-tema-am-narona-je-zivotinje-u-rimskom-carstvu\/#breadcrumb"},"inLanguage":"hr","potentialAction":[{"@type":"ReadAction","target":["https:\/\/likemetkovic.hr\/portal\/noc-muzeja-2026-tema-am-narona-je-zivotinje-u-rimskom-carstvu\/"]}]},{"@type":"ImageObject","inLanguage":"hr","@id":"https:\/\/likemetkovic.hr\/portal\/noc-muzeja-2026-tema-am-narona-je-zivotinje-u-rimskom-carstvu\/#primaryimage","url":"https:\/\/likemetkovic.hr\/portal\/wp-content\/uploads\/2026\/01\/noc-muzeja-2026a.jpg","contentUrl":"https:\/\/likemetkovic.hr\/portal\/wp-content\/uploads\/2026\/01\/noc-muzeja-2026a.jpg","width":800,"height":548},{"@type":"BreadcrumbList","@id":"https:\/\/likemetkovic.hr\/portal\/noc-muzeja-2026-tema-am-narona-je-zivotinje-u-rimskom-carstvu\/#breadcrumb","itemListElement":[{"@type":"ListItem","position":1,"name":"Po\u010detna stranica","item":"https:\/\/likemetkovic.hr\/portal\/"},{"@type":"ListItem","position":2,"name":"NO\u0106 MUZEJA 2026.: Tema AM Narona je &#8220;\u017divotinje u Rimskom carstvu&#8221;"}]},{"@type":"WebSite","@id":"https:\/\/likemetkovic.hr\/#website","url":"https:\/\/likemetkovic.hr\/","name":"likemetkovic.hr","description":"Misli pozitivno... \u010ditaj LIKE","potentialAction":[{"@type":"SearchAction","target":{"@type":"EntryPoint","urlTemplate":"https:\/\/likemetkovic.hr\/?s={search_term_string}"},"query-input":{"@type":"PropertyValueSpecification","valueRequired":true,"valueName":"search_term_string"}}],"inLanguage":"hr"},{"@type":"Person","@id":"https:\/\/likemetkovic.hr\/#\/schema\/person\/0a8b4ebfdfe1ff01192dccda40c5da0c","name":"K. J.","url":"https:\/\/likemetkovic.hr\/portal\/author\/likemetkovic\/"}]}},"_links":{"self":[{"href":"https:\/\/likemetkovic.hr\/portal\/wp-json\/wp\/v2\/posts\/171687","targetHints":{"allow":["GET"]}}],"collection":[{"href":"https:\/\/likemetkovic.hr\/portal\/wp-json\/wp\/v2\/posts"}],"about":[{"href":"https:\/\/likemetkovic.hr\/portal\/wp-json\/wp\/v2\/types\/post"}],"author":[{"embeddable":true,"href":"https:\/\/likemetkovic.hr\/portal\/wp-json\/wp\/v2\/users\/9"}],"replies":[{"embeddable":true,"href":"https:\/\/likemetkovic.hr\/portal\/wp-json\/wp\/v2\/comments?post=171687"}],"version-history":[{"count":1,"href":"https:\/\/likemetkovic.hr\/portal\/wp-json\/wp\/v2\/posts\/171687\/revisions"}],"predecessor-version":[{"id":171690,"href":"https:\/\/likemetkovic.hr\/portal\/wp-json\/wp\/v2\/posts\/171687\/revisions\/171690"}],"wp:featuredmedia":[{"embeddable":true,"href":"https:\/\/likemetkovic.hr\/portal\/wp-json\/wp\/v2\/media\/171689"}],"wp:attachment":[{"href":"https:\/\/likemetkovic.hr\/portal\/wp-json\/wp\/v2\/media?parent=171687"}],"wp:term":[{"taxonomy":"category","embeddable":true,"href":"https:\/\/likemetkovic.hr\/portal\/wp-json\/wp\/v2\/categories?post=171687"},{"taxonomy":"post_tag","embeddable":true,"href":"https:\/\/likemetkovic.hr\/portal\/wp-json\/wp\/v2\/tags?post=171687"}],"curies":[{"name":"wp","href":"https:\/\/api.w.org\/{rel}","templated":true}]}}