{"id":171712,"date":"2026-01-20T14:04:03","date_gmt":"2026-01-20T13:04:03","guid":{"rendered":"https:\/\/likemetkovic.hr\/portal\/?p=171712"},"modified":"2026-01-20T14:04:49","modified_gmt":"2026-01-20T13:04:49","slug":"pjesmom-domagoja-siljega-i-maje-ivkosic-siljeg-dite-tvoje-marin-vrgoc-pokrenuo-kampanju-protiv-vrsnjackog-nasilja","status":"publish","type":"post","link":"https:\/\/likemetkovic.hr\/portal\/pjesmom-domagoja-siljega-i-maje-ivkosic-siljeg-dite-tvoje-marin-vrgoc-pokrenuo-kampanju-protiv-vrsnjackog-nasilja\/","title":{"rendered":"Pjesmom Domagoja \u0160iljega i Maje Ivko\u0161i\u0107 \u0160iljeg, \u201eDite tvoje\u201c Marin Vrgo\u010d pokrenuo kampanju protiv vr\u0161nja\u010dkog nasilja,"},"content":{"rendered":"<p data-start=\"0\" data-end=\"181\">Nakon nastupa 13. prosinca kao hrvatski predstavnik na Dje\u010djoj pjesmi Eurovizije, Marino Vrgo\u010d, pobjednik prve sezone showa <em data-start=\"124\" data-end=\"140\">The Voice Kids<\/em>, predstavio je novu pjesmu \u201eDite tvoje\u201c.<\/p>\n<p data-start=\"183\" data-end=\"505\">Autorstvo potpisuje bra\u010dni par Domagoj \u0160iljeg i Maja Ivko\u0161i\u0107 \u0160iljeg, a pjesma, nastala s naglaskom na zajedni\u0161tvo, razumijevanje i empatiju, ubrzo je prerasla u dru\u0161tveno anga\u017eirani projekt. U suradnji s HNK Hajdukom stih \u201eBudi \u010dovik i na drugog ruku ne di\u017ei\u201c postao je temelj istoimene kampanje protiv vr\u0161nja\u010dkog nasilja.<\/p>\n<p data-start=\"507\" data-end=\"805\">Projekt \u201eBudi \u010dovik\u201c, koji provode HNK Hajduk, Universal Music Hrvatska i partneri, promi\u010de vrijednosti pripadnosti, odgovornosti i me\u0111usobnog po\u0161tovanja te uklju\u010duje niz edukativnih i kreativnih aktivnosti za djecu i mlade. Produkciju pjesme potpisuje Hrvoje Domazet, uz koaran\u017emana Antu Ivko\u0161i\u0107a.<\/p>\n<p><iframe title=\"Marino Vrgo\u010d - Dite tvoje (Official video)\" width=\"696\" height=\"392\" src=\"https:\/\/www.youtube.com\/embed\/bCmR01oOfYM?feature=oembed\" frameborder=\"0\" allow=\"accelerometer; autoplay; clipboard-write; encrypted-media; gyroscope; picture-in-picture; web-share\" referrerpolicy=\"strict-origin-when-cross-origin\" allowfullscreen><\/iframe><\/p>\n<p data-start=\"807\" data-end=\"1094\" data-is-last-node=\"\" data-is-only-node=\"\">Kampanja traje do 25. velja\u010de 2026., kada \u0107e se na Poljudu, na Nacionalni dan borbe protiv vr\u0161nja\u010dkog nasilja, odr\u017eati sve\u010dana dodjela nagrada osnovno\u0161kolcima uklju\u010denima u kreativni natje\u010daj. Pjesma \u201eDite tvoje\u201c tako postaje glazbeni poziv na solidarnost i sigurnije okru\u017eenje za djecu.<\/p>\n","protected":false},"excerpt":{"rendered":"<p>Nakon nastupa 13. prosinca kao hrvatski predstavnik na Dje\u010djoj pjesmi Eurovizije, Marino Vrgo\u010d, pobjednik prve sezone showa The Voice Kids, predstavio je novu pjesmu \u201eDite tvoje\u201c. Autorstvo potpisuje bra\u010dni par Domagoj \u0160iljeg i Maja Ivko\u0161i\u0107 \u0160iljeg, a pjesma, nastala s naglaskom na zajedni\u0161tvo, razumijevanje i empatiju, ubrzo je prerasla u dru\u0161tveno anga\u017eirani projekt. U suradnji [&hellip;]<\/p>\n","protected":false},"author":7,"featured_media":171713,"comment_status":"open","ping_status":"open","sticky":false,"template":"","format":"video","meta":{"footnotes":""},"categories":[283,71],"tags":[13492,13490,13491,12886,7033],"class_list":{"0":"post-171712","1":"post","2":"type-post","3":"status-publish","4":"format-video","5":"has-post-thumbnail","7":"category-a","8":"category-svega-po-malo","9":"tag-dite-tvoje","10":"tag-duje-siljeg","11":"tag-maja-ivkosic-siljeg","12":"tag-marino-vrgoc","13":"tag-vrsnjacko-nasilje","14":"post_format-post-format-video"},"yoast_head":"<!-- This site is optimized with the Yoast SEO plugin v25.2 - https:\/\/yoast.com\/wordpress\/plugins\/seo\/ -->\n<title>Pjesmom Domagoja \u0160iljega i Maje Ivko\u0161i\u0107 \u0160iljeg, \u201eDite tvoje\u201c Marin Vrgo\u010d pokrenuo kampanju protiv vr\u0161nja\u010dkog nasilja, - likemetkovic.hr<\/title>\n<meta name=\"robots\" content=\"index, follow, max-snippet:-1, max-image-preview:large, max-video-preview:-1\" \/>\n<link rel=\"canonical\" href=\"https:\/\/likemetkovic.hr\/portal\/pjesmom-domagoja-siljega-i-maje-ivkosic-siljeg-dite-tvoje-marin-vrgoc-pokrenuo-kampanju-protiv-vrsnjackog-nasilja\/\" \/>\n<meta property=\"og:locale\" content=\"hr_HR\" \/>\n<meta property=\"og:type\" content=\"article\" \/>\n<meta property=\"og:title\" content=\"Pjesmom Domagoja \u0160iljega i Maje Ivko\u0161i\u0107 \u0160iljeg, \u201eDite tvoje\u201c Marin Vrgo\u010d pokrenuo kampanju protiv vr\u0161nja\u010dkog nasilja, - likemetkovic.hr\" \/>\n<meta property=\"og:description\" content=\"Nakon nastupa 13. prosinca kao hrvatski predstavnik na Dje\u010djoj pjesmi Eurovizije, Marino Vrgo\u010d, pobjednik prve sezone showa The Voice Kids, predstavio je novu pjesmu \u201eDite tvoje\u201c. Autorstvo potpisuje bra\u010dni par Domagoj \u0160iljeg i Maja Ivko\u0161i\u0107 \u0160iljeg, a pjesma, nastala s naglaskom na zajedni\u0161tvo, razumijevanje i empatiju, ubrzo je prerasla u dru\u0161tveno anga\u017eirani projekt. U suradnji [&hellip;]\" \/>\n<meta property=\"og:url\" content=\"https:\/\/likemetkovic.hr\/portal\/pjesmom-domagoja-siljega-i-maje-ivkosic-siljeg-dite-tvoje-marin-vrgoc-pokrenuo-kampanju-protiv-vrsnjackog-nasilja\/\" \/>\n<meta property=\"og:site_name\" content=\"likemetkovic.hr\" \/>\n<meta property=\"article:publisher\" content=\"https:\/\/www.facebook.com\/likemetkovic.hr\/\" \/>\n<meta property=\"article:published_time\" content=\"2026-01-20T13:04:03+00:00\" \/>\n<meta property=\"article:modified_time\" content=\"2026-01-20T13:04:49+00:00\" \/>\n<meta property=\"og:image\" content=\"https:\/\/likemetkovic.hr\/portal\/wp-content\/uploads\/2026\/01\/vrgoc-siljeg.jpg\" \/>\n\t<meta property=\"og:image:width\" content=\"800\" \/>\n\t<meta property=\"og:image:height\" content=\"430\" \/>\n\t<meta property=\"og:image:type\" content=\"image\/jpeg\" \/>\n<meta name=\"author\" content=\"LIKEmetkovic.hr\" \/>\n<meta name=\"twitter:card\" content=\"summary_large_image\" \/>\n<meta name=\"twitter:label1\" content=\"Napisao\/la\" \/>\n\t<meta name=\"twitter:data1\" content=\"LIKEmetkovic.hr\" \/>\n\t<meta name=\"twitter:label2\" content=\"Procijenjeno vrijeme \u010ditanja\" \/>\n\t<meta name=\"twitter:data2\" content=\"2 minute\" \/>\n<script type=\"application\/ld+json\" class=\"yoast-schema-graph\">{\"@context\":\"https:\/\/schema.org\",\"@graph\":[{\"@type\":\"WebPage\",\"@id\":\"https:\/\/likemetkovic.hr\/portal\/pjesmom-domagoja-siljega-i-maje-ivkosic-siljeg-dite-tvoje-marin-vrgoc-pokrenuo-kampanju-protiv-vrsnjackog-nasilja\/\",\"url\":\"https:\/\/likemetkovic.hr\/portal\/pjesmom-domagoja-siljega-i-maje-ivkosic-siljeg-dite-tvoje-marin-vrgoc-pokrenuo-kampanju-protiv-vrsnjackog-nasilja\/\",\"name\":\"Pjesmom Domagoja \u0160iljega i Maje Ivko\u0161i\u0107 \u0160iljeg, \u201eDite tvoje\u201c Marin Vrgo\u010d pokrenuo kampanju protiv vr\u0161nja\u010dkog nasilja, - likemetkovic.hr\",\"isPartOf\":{\"@id\":\"https:\/\/likemetkovic.hr\/#website\"},\"primaryImageOfPage\":{\"@id\":\"https:\/\/likemetkovic.hr\/portal\/pjesmom-domagoja-siljega-i-maje-ivkosic-siljeg-dite-tvoje-marin-vrgoc-pokrenuo-kampanju-protiv-vrsnjackog-nasilja\/#primaryimage\"},\"image\":{\"@id\":\"https:\/\/likemetkovic.hr\/portal\/pjesmom-domagoja-siljega-i-maje-ivkosic-siljeg-dite-tvoje-marin-vrgoc-pokrenuo-kampanju-protiv-vrsnjackog-nasilja\/#primaryimage\"},\"thumbnailUrl\":\"https:\/\/likemetkovic.hr\/portal\/wp-content\/uploads\/2026\/01\/vrgoc-siljeg.jpg\",\"datePublished\":\"2026-01-20T13:04:03+00:00\",\"dateModified\":\"2026-01-20T13:04:49+00:00\",\"author\":{\"@id\":\"https:\/\/likemetkovic.hr\/#\/schema\/person\/a42711f3385a0e2be6f7e0443bfb28f0\"},\"breadcrumb\":{\"@id\":\"https:\/\/likemetkovic.hr\/portal\/pjesmom-domagoja-siljega-i-maje-ivkosic-siljeg-dite-tvoje-marin-vrgoc-pokrenuo-kampanju-protiv-vrsnjackog-nasilja\/#breadcrumb\"},\"inLanguage\":\"hr\",\"potentialAction\":[{\"@type\":\"ReadAction\",\"target\":[\"https:\/\/likemetkovic.hr\/portal\/pjesmom-domagoja-siljega-i-maje-ivkosic-siljeg-dite-tvoje-marin-vrgoc-pokrenuo-kampanju-protiv-vrsnjackog-nasilja\/\"]}]},{\"@type\":\"ImageObject\",\"inLanguage\":\"hr\",\"@id\":\"https:\/\/likemetkovic.hr\/portal\/pjesmom-domagoja-siljega-i-maje-ivkosic-siljeg-dite-tvoje-marin-vrgoc-pokrenuo-kampanju-protiv-vrsnjackog-nasilja\/#primaryimage\",\"url\":\"https:\/\/likemetkovic.hr\/portal\/wp-content\/uploads\/2026\/01\/vrgoc-siljeg.jpg\",\"contentUrl\":\"https:\/\/likemetkovic.hr\/portal\/wp-content\/uploads\/2026\/01\/vrgoc-siljeg.jpg\",\"width\":800,\"height\":430},{\"@type\":\"BreadcrumbList\",\"@id\":\"https:\/\/likemetkovic.hr\/portal\/pjesmom-domagoja-siljega-i-maje-ivkosic-siljeg-dite-tvoje-marin-vrgoc-pokrenuo-kampanju-protiv-vrsnjackog-nasilja\/#breadcrumb\",\"itemListElement\":[{\"@type\":\"ListItem\",\"position\":1,\"name\":\"Po\u010detna stranica\",\"item\":\"https:\/\/likemetkovic.hr\/portal\/\"},{\"@type\":\"ListItem\",\"position\":2,\"name\":\"Pjesmom Domagoja \u0160iljega i Maje Ivko\u0161i\u0107 \u0160iljeg, \u201eDite tvoje\u201c Marin Vrgo\u010d pokrenuo kampanju protiv vr\u0161nja\u010dkog nasilja,\"}]},{\"@type\":\"WebSite\",\"@id\":\"https:\/\/likemetkovic.hr\/#website\",\"url\":\"https:\/\/likemetkovic.hr\/\",\"name\":\"likemetkovic.hr\",\"description\":\"Misli pozitivno... \u010ditaj LIKE\",\"potentialAction\":[{\"@type\":\"SearchAction\",\"target\":{\"@type\":\"EntryPoint\",\"urlTemplate\":\"https:\/\/likemetkovic.hr\/?s={search_term_string}\"},\"query-input\":{\"@type\":\"PropertyValueSpecification\",\"valueRequired\":true,\"valueName\":\"search_term_string\"}}],\"inLanguage\":\"hr\"},{\"@type\":\"Person\",\"@id\":\"https:\/\/likemetkovic.hr\/#\/schema\/person\/a42711f3385a0e2be6f7e0443bfb28f0\",\"name\":\"LIKEmetkovic.hr\",\"sameAs\":[\"http:\/\/likemetkovic.hr\"],\"url\":\"https:\/\/likemetkovic.hr\/portal\/author\/likemetkovic-hr\/\"}]}<\/script>\n<!-- \/ Yoast SEO plugin. -->","yoast_head_json":{"title":"Pjesmom Domagoja \u0160iljega i Maje Ivko\u0161i\u0107 \u0160iljeg, \u201eDite tvoje\u201c Marin Vrgo\u010d pokrenuo kampanju protiv vr\u0161nja\u010dkog nasilja, - likemetkovic.hr","robots":{"index":"index","follow":"follow","max-snippet":"max-snippet:-1","max-image-preview":"max-image-preview:large","max-video-preview":"max-video-preview:-1"},"canonical":"https:\/\/likemetkovic.hr\/portal\/pjesmom-domagoja-siljega-i-maje-ivkosic-siljeg-dite-tvoje-marin-vrgoc-pokrenuo-kampanju-protiv-vrsnjackog-nasilja\/","og_locale":"hr_HR","og_type":"article","og_title":"Pjesmom Domagoja \u0160iljega i Maje Ivko\u0161i\u0107 \u0160iljeg, \u201eDite tvoje\u201c Marin Vrgo\u010d pokrenuo kampanju protiv vr\u0161nja\u010dkog nasilja, - likemetkovic.hr","og_description":"Nakon nastupa 13. prosinca kao hrvatski predstavnik na Dje\u010djoj pjesmi Eurovizije, Marino Vrgo\u010d, pobjednik prve sezone showa The Voice Kids, predstavio je novu pjesmu \u201eDite tvoje\u201c. Autorstvo potpisuje bra\u010dni par Domagoj \u0160iljeg i Maja Ivko\u0161i\u0107 \u0160iljeg, a pjesma, nastala s naglaskom na zajedni\u0161tvo, razumijevanje i empatiju, ubrzo je prerasla u dru\u0161tveno anga\u017eirani projekt. U suradnji [&hellip;]","og_url":"https:\/\/likemetkovic.hr\/portal\/pjesmom-domagoja-siljega-i-maje-ivkosic-siljeg-dite-tvoje-marin-vrgoc-pokrenuo-kampanju-protiv-vrsnjackog-nasilja\/","og_site_name":"likemetkovic.hr","article_publisher":"https:\/\/www.facebook.com\/likemetkovic.hr\/","article_published_time":"2026-01-20T13:04:03+00:00","article_modified_time":"2026-01-20T13:04:49+00:00","og_image":[{"width":800,"height":430,"url":"https:\/\/likemetkovic.hr\/portal\/wp-content\/uploads\/2026\/01\/vrgoc-siljeg.jpg","type":"image\/jpeg"}],"author":"LIKEmetkovic.hr","twitter_card":"summary_large_image","twitter_misc":{"Napisao\/la":"LIKEmetkovic.hr","Procijenjeno vrijeme \u010ditanja":"2 minute"},"schema":{"@context":"https:\/\/schema.org","@graph":[{"@type":"WebPage","@id":"https:\/\/likemetkovic.hr\/portal\/pjesmom-domagoja-siljega-i-maje-ivkosic-siljeg-dite-tvoje-marin-vrgoc-pokrenuo-kampanju-protiv-vrsnjackog-nasilja\/","url":"https:\/\/likemetkovic.hr\/portal\/pjesmom-domagoja-siljega-i-maje-ivkosic-siljeg-dite-tvoje-marin-vrgoc-pokrenuo-kampanju-protiv-vrsnjackog-nasilja\/","name":"Pjesmom Domagoja \u0160iljega i Maje Ivko\u0161i\u0107 \u0160iljeg, \u201eDite tvoje\u201c Marin Vrgo\u010d pokrenuo kampanju protiv vr\u0161nja\u010dkog nasilja, - likemetkovic.hr","isPartOf":{"@id":"https:\/\/likemetkovic.hr\/#website"},"primaryImageOfPage":{"@id":"https:\/\/likemetkovic.hr\/portal\/pjesmom-domagoja-siljega-i-maje-ivkosic-siljeg-dite-tvoje-marin-vrgoc-pokrenuo-kampanju-protiv-vrsnjackog-nasilja\/#primaryimage"},"image":{"@id":"https:\/\/likemetkovic.hr\/portal\/pjesmom-domagoja-siljega-i-maje-ivkosic-siljeg-dite-tvoje-marin-vrgoc-pokrenuo-kampanju-protiv-vrsnjackog-nasilja\/#primaryimage"},"thumbnailUrl":"https:\/\/likemetkovic.hr\/portal\/wp-content\/uploads\/2026\/01\/vrgoc-siljeg.jpg","datePublished":"2026-01-20T13:04:03+00:00","dateModified":"2026-01-20T13:04:49+00:00","author":{"@id":"https:\/\/likemetkovic.hr\/#\/schema\/person\/a42711f3385a0e2be6f7e0443bfb28f0"},"breadcrumb":{"@id":"https:\/\/likemetkovic.hr\/portal\/pjesmom-domagoja-siljega-i-maje-ivkosic-siljeg-dite-tvoje-marin-vrgoc-pokrenuo-kampanju-protiv-vrsnjackog-nasilja\/#breadcrumb"},"inLanguage":"hr","potentialAction":[{"@type":"ReadAction","target":["https:\/\/likemetkovic.hr\/portal\/pjesmom-domagoja-siljega-i-maje-ivkosic-siljeg-dite-tvoje-marin-vrgoc-pokrenuo-kampanju-protiv-vrsnjackog-nasilja\/"]}]},{"@type":"ImageObject","inLanguage":"hr","@id":"https:\/\/likemetkovic.hr\/portal\/pjesmom-domagoja-siljega-i-maje-ivkosic-siljeg-dite-tvoje-marin-vrgoc-pokrenuo-kampanju-protiv-vrsnjackog-nasilja\/#primaryimage","url":"https:\/\/likemetkovic.hr\/portal\/wp-content\/uploads\/2026\/01\/vrgoc-siljeg.jpg","contentUrl":"https:\/\/likemetkovic.hr\/portal\/wp-content\/uploads\/2026\/01\/vrgoc-siljeg.jpg","width":800,"height":430},{"@type":"BreadcrumbList","@id":"https:\/\/likemetkovic.hr\/portal\/pjesmom-domagoja-siljega-i-maje-ivkosic-siljeg-dite-tvoje-marin-vrgoc-pokrenuo-kampanju-protiv-vrsnjackog-nasilja\/#breadcrumb","itemListElement":[{"@type":"ListItem","position":1,"name":"Po\u010detna stranica","item":"https:\/\/likemetkovic.hr\/portal\/"},{"@type":"ListItem","position":2,"name":"Pjesmom Domagoja \u0160iljega i Maje Ivko\u0161i\u0107 \u0160iljeg, \u201eDite tvoje\u201c Marin Vrgo\u010d pokrenuo kampanju protiv vr\u0161nja\u010dkog nasilja,"}]},{"@type":"WebSite","@id":"https:\/\/likemetkovic.hr\/#website","url":"https:\/\/likemetkovic.hr\/","name":"likemetkovic.hr","description":"Misli pozitivno... \u010ditaj LIKE","potentialAction":[{"@type":"SearchAction","target":{"@type":"EntryPoint","urlTemplate":"https:\/\/likemetkovic.hr\/?s={search_term_string}"},"query-input":{"@type":"PropertyValueSpecification","valueRequired":true,"valueName":"search_term_string"}}],"inLanguage":"hr"},{"@type":"Person","@id":"https:\/\/likemetkovic.hr\/#\/schema\/person\/a42711f3385a0e2be6f7e0443bfb28f0","name":"LIKEmetkovic.hr","sameAs":["http:\/\/likemetkovic.hr"],"url":"https:\/\/likemetkovic.hr\/portal\/author\/likemetkovic-hr\/"}]}},"_links":{"self":[{"href":"https:\/\/likemetkovic.hr\/portal\/wp-json\/wp\/v2\/posts\/171712","targetHints":{"allow":["GET"]}}],"collection":[{"href":"https:\/\/likemetkovic.hr\/portal\/wp-json\/wp\/v2\/posts"}],"about":[{"href":"https:\/\/likemetkovic.hr\/portal\/wp-json\/wp\/v2\/types\/post"}],"author":[{"embeddable":true,"href":"https:\/\/likemetkovic.hr\/portal\/wp-json\/wp\/v2\/users\/7"}],"replies":[{"embeddable":true,"href":"https:\/\/likemetkovic.hr\/portal\/wp-json\/wp\/v2\/comments?post=171712"}],"version-history":[{"count":1,"href":"https:\/\/likemetkovic.hr\/portal\/wp-json\/wp\/v2\/posts\/171712\/revisions"}],"predecessor-version":[{"id":171714,"href":"https:\/\/likemetkovic.hr\/portal\/wp-json\/wp\/v2\/posts\/171712\/revisions\/171714"}],"wp:featuredmedia":[{"embeddable":true,"href":"https:\/\/likemetkovic.hr\/portal\/wp-json\/wp\/v2\/media\/171713"}],"wp:attachment":[{"href":"https:\/\/likemetkovic.hr\/portal\/wp-json\/wp\/v2\/media?parent=171712"}],"wp:term":[{"taxonomy":"category","embeddable":true,"href":"https:\/\/likemetkovic.hr\/portal\/wp-json\/wp\/v2\/categories?post=171712"},{"taxonomy":"post_tag","embeddable":true,"href":"https:\/\/likemetkovic.hr\/portal\/wp-json\/wp\/v2\/tags?post=171712"}],"curies":[{"name":"wp","href":"https:\/\/api.w.org\/{rel}","templated":true}]}}