{"id":171786,"date":"2026-01-23T16:23:16","date_gmt":"2026-01-23T15:23:16","guid":{"rendered":"https:\/\/likemetkovic.hr\/portal\/?p=171786"},"modified":"2026-01-23T16:28:12","modified_gmt":"2026-01-23T15:28:12","slug":"u-nedjelju-na-cmc-u-bit-ce-prikazan-prvi-dio-melodija-hrvatskoga-juga-opuzen-2025","status":"publish","type":"post","link":"https:\/\/likemetkovic.hr\/portal\/u-nedjelju-na-cmc-u-bit-ce-prikazan-prvi-dio-melodija-hrvatskoga-juga-opuzen-2025\/","title":{"rendered":"NAJAVA! U nedjelju na CMC-u bit \u0107e prikazan prvi dio &#8220;Melodija hrvatskoga juga &#8211; Opuzen 2025.&#8221;"},"content":{"rendered":"<p>U nedjelju, <strong>25. sije\u010dnja 2026., u 21:00 na CMC TV-u<\/strong> bit \u0107e prikazana snimka festivala &#8220;MELODIJA HRVATSKOG JUGA &#8211; OPUZEN 2025.&#8221; &#8211; prvi dio, a idu\u0107u nedjelju, <strong>1. velja\u010de u 21:00 i drugi dio.<\/strong><\/p>\n<p>32. izdanje festivala zabavne glazbe Melodije hrvatskog juga Opuzen 2025. bilo je odr\u017eano 8. kolovoza pro\u0161le godine, na opuzenskoj Pjaci.\u00a0 Uz tradicionalni Maraton la\u0111a, ovaj glazbeni doga\u0111aj smatra se jednim od najva\u017enijih u Dolini Neretve.<\/p>\n<p>Izvedeno je 25 skladbi koje odi\u0161u karakteristi\u010dnim dalmatinsko-mediteranskim ugo\u0111ajem.\u00a0Nastupilo je vi\u0161e od stotinu izvo\u0111a\u010da i autora \u2013 od poznatih imena doma\u0107e glazbene scene do mladih debitanta.<\/p>\n<p>Grand Prix je za pjesmu \u201ePobjeda je su\u0111ena\u201c dobila klapa Rustica iz Trpnja, prvu nagradu publike za pjesmu \u201eMoj brat\u201c Branko Medak, a prvu nagradu \u017eirija za pjesmu \u201eRasti sine moj\u201c Ivan Rapi\u0107 Inno iz Splita.<\/p>\n<p>Nagrada za najboljeg debitanta pripala je samo 16 godina staroj Miri O\u0161tri\u0107 koja je otpjevala pjesmu \u201eVolit \u0107u te uvik znaj\u201c.<\/p>\n<p>Po\u010dasnu nagradu za poseban doprinos hrvatskoj glazbenoj kulturi, koju su prethodnih godina primili velikani hrvatske glazbene scene poput Arsena Dedi\u0107a, Tereze Kesovije, Olivera Dragojevi\u0107a, Meri Cetini\u0107, Zorice Kond\u017ee, \u0110or\u0111a Peruzovi\u0107a, Hrvoja Hegedu\u0161i\u0107a, \u0110ele Jusi\u0107a i drugih, ove su godine primili legendarni Dubrova\u010dki trubaduri.<\/p>\n","protected":false},"excerpt":{"rendered":"<p>U nedjelju, 25. sije\u010dnja 2026., u 21:00 na CMC TV-u bit \u0107e prikazana snimka festivala &#8220;MELODIJA HRVATSKOG JUGA &#8211; OPUZEN 2025.&#8221; &#8211; prvi dio, a idu\u0107u nedjelju, 1. velja\u010de u 21:00 i drugi dio. 32. izdanje festivala zabavne glazbe Melodije hrvatskog juga Opuzen 2025. bilo je odr\u017eano 8. kolovoza pro\u0161le godine, na opuzenskoj Pjaci.\u00a0 Uz [&hellip;]<\/p>\n","protected":false},"author":9,"featured_media":171788,"comment_status":"open","ping_status":"open","sticky":false,"template":"","format":"standard","meta":{"footnotes":""},"categories":[283,11],"tags":[13494,13242],"class_list":{"0":"post-171786","1":"post","2":"type-post","3":"status-publish","4":"format-standard","5":"has-post-thumbnail","7":"category-a","8":"category-metkovic-dolina","9":"tag-cmc-tv","10":"tag-melodije-hrvatskoga-juga"},"yoast_head":"<!-- This site is optimized with the Yoast SEO plugin v25.2 - https:\/\/yoast.com\/wordpress\/plugins\/seo\/ -->\n<title>NAJAVA! U nedjelju na CMC-u bit \u0107e prikazan prvi dio &quot;Melodija hrvatskoga juga - Opuzen 2025.&quot; - likemetkovic.hr<\/title>\n<meta name=\"robots\" content=\"index, follow, max-snippet:-1, max-image-preview:large, max-video-preview:-1\" \/>\n<link rel=\"canonical\" href=\"https:\/\/likemetkovic.hr\/portal\/u-nedjelju-na-cmc-u-bit-ce-prikazan-prvi-dio-melodija-hrvatskoga-juga-opuzen-2025\/\" \/>\n<meta property=\"og:locale\" content=\"hr_HR\" \/>\n<meta property=\"og:type\" content=\"article\" \/>\n<meta property=\"og:title\" content=\"NAJAVA! U nedjelju na CMC-u bit \u0107e prikazan prvi dio &quot;Melodija hrvatskoga juga - Opuzen 2025.&quot; - likemetkovic.hr\" \/>\n<meta property=\"og:description\" content=\"U nedjelju, 25. sije\u010dnja 2026., u 21:00 na CMC TV-u bit \u0107e prikazana snimka festivala &#8220;MELODIJA HRVATSKOG JUGA &#8211; OPUZEN 2025.&#8221; &#8211; prvi dio, a idu\u0107u nedjelju, 1. velja\u010de u 21:00 i drugi dio. 32. izdanje festivala zabavne glazbe Melodije hrvatskog juga Opuzen 2025. bilo je odr\u017eano 8. kolovoza pro\u0161le godine, na opuzenskoj Pjaci.\u00a0 Uz [&hellip;]\" \/>\n<meta property=\"og:url\" content=\"https:\/\/likemetkovic.hr\/portal\/u-nedjelju-na-cmc-u-bit-ce-prikazan-prvi-dio-melodija-hrvatskoga-juga-opuzen-2025\/\" \/>\n<meta property=\"og:site_name\" content=\"likemetkovic.hr\" \/>\n<meta property=\"article:publisher\" content=\"https:\/\/www.facebook.com\/likemetkovic.hr\/\" \/>\n<meta property=\"article:published_time\" content=\"2026-01-23T15:23:16+00:00\" \/>\n<meta property=\"article:modified_time\" content=\"2026-01-23T15:28:12+00:00\" \/>\n<meta property=\"og:image\" content=\"https:\/\/likemetkovic.hr\/portal\/wp-content\/uploads\/2026\/01\/MHJ-2023-13-1-1024x768-1.jpg\" \/>\n\t<meta property=\"og:image:width\" content=\"1024\" \/>\n\t<meta property=\"og:image:height\" content=\"768\" \/>\n\t<meta property=\"og:image:type\" content=\"image\/jpeg\" \/>\n<meta name=\"author\" content=\"K. J.\" \/>\n<meta name=\"twitter:card\" content=\"summary_large_image\" \/>\n<meta name=\"twitter:label1\" content=\"Napisao\/la\" \/>\n\t<meta name=\"twitter:data1\" content=\"K. J.\" \/>\n\t<meta name=\"twitter:label2\" content=\"Procijenjeno vrijeme \u010ditanja\" \/>\n\t<meta name=\"twitter:data2\" content=\"2 minute\" \/>\n<script type=\"application\/ld+json\" class=\"yoast-schema-graph\">{\"@context\":\"https:\/\/schema.org\",\"@graph\":[{\"@type\":\"WebPage\",\"@id\":\"https:\/\/likemetkovic.hr\/portal\/u-nedjelju-na-cmc-u-bit-ce-prikazan-prvi-dio-melodija-hrvatskoga-juga-opuzen-2025\/\",\"url\":\"https:\/\/likemetkovic.hr\/portal\/u-nedjelju-na-cmc-u-bit-ce-prikazan-prvi-dio-melodija-hrvatskoga-juga-opuzen-2025\/\",\"name\":\"NAJAVA! U nedjelju na CMC-u bit \u0107e prikazan prvi dio \\\"Melodija hrvatskoga juga - Opuzen 2025.\\\" - likemetkovic.hr\",\"isPartOf\":{\"@id\":\"https:\/\/likemetkovic.hr\/#website\"},\"primaryImageOfPage\":{\"@id\":\"https:\/\/likemetkovic.hr\/portal\/u-nedjelju-na-cmc-u-bit-ce-prikazan-prvi-dio-melodija-hrvatskoga-juga-opuzen-2025\/#primaryimage\"},\"image\":{\"@id\":\"https:\/\/likemetkovic.hr\/portal\/u-nedjelju-na-cmc-u-bit-ce-prikazan-prvi-dio-melodija-hrvatskoga-juga-opuzen-2025\/#primaryimage\"},\"thumbnailUrl\":\"https:\/\/likemetkovic.hr\/portal\/wp-content\/uploads\/2026\/01\/MHJ-2023-13-1-1024x768-1.jpg\",\"datePublished\":\"2026-01-23T15:23:16+00:00\",\"dateModified\":\"2026-01-23T15:28:12+00:00\",\"author\":{\"@id\":\"https:\/\/likemetkovic.hr\/#\/schema\/person\/0a8b4ebfdfe1ff01192dccda40c5da0c\"},\"breadcrumb\":{\"@id\":\"https:\/\/likemetkovic.hr\/portal\/u-nedjelju-na-cmc-u-bit-ce-prikazan-prvi-dio-melodija-hrvatskoga-juga-opuzen-2025\/#breadcrumb\"},\"inLanguage\":\"hr\",\"potentialAction\":[{\"@type\":\"ReadAction\",\"target\":[\"https:\/\/likemetkovic.hr\/portal\/u-nedjelju-na-cmc-u-bit-ce-prikazan-prvi-dio-melodija-hrvatskoga-juga-opuzen-2025\/\"]}]},{\"@type\":\"ImageObject\",\"inLanguage\":\"hr\",\"@id\":\"https:\/\/likemetkovic.hr\/portal\/u-nedjelju-na-cmc-u-bit-ce-prikazan-prvi-dio-melodija-hrvatskoga-juga-opuzen-2025\/#primaryimage\",\"url\":\"https:\/\/likemetkovic.hr\/portal\/wp-content\/uploads\/2026\/01\/MHJ-2023-13-1-1024x768-1.jpg\",\"contentUrl\":\"https:\/\/likemetkovic.hr\/portal\/wp-content\/uploads\/2026\/01\/MHJ-2023-13-1-1024x768-1.jpg\",\"width\":1024,\"height\":768},{\"@type\":\"BreadcrumbList\",\"@id\":\"https:\/\/likemetkovic.hr\/portal\/u-nedjelju-na-cmc-u-bit-ce-prikazan-prvi-dio-melodija-hrvatskoga-juga-opuzen-2025\/#breadcrumb\",\"itemListElement\":[{\"@type\":\"ListItem\",\"position\":1,\"name\":\"Po\u010detna stranica\",\"item\":\"https:\/\/likemetkovic.hr\/portal\/\"},{\"@type\":\"ListItem\",\"position\":2,\"name\":\"NAJAVA! U nedjelju na CMC-u bit \u0107e prikazan prvi dio &#8220;Melodija hrvatskoga juga &#8211; Opuzen 2025.&#8221;\"}]},{\"@type\":\"WebSite\",\"@id\":\"https:\/\/likemetkovic.hr\/#website\",\"url\":\"https:\/\/likemetkovic.hr\/\",\"name\":\"likemetkovic.hr\",\"description\":\"Misli pozitivno... \u010ditaj LIKE\",\"potentialAction\":[{\"@type\":\"SearchAction\",\"target\":{\"@type\":\"EntryPoint\",\"urlTemplate\":\"https:\/\/likemetkovic.hr\/?s={search_term_string}\"},\"query-input\":{\"@type\":\"PropertyValueSpecification\",\"valueRequired\":true,\"valueName\":\"search_term_string\"}}],\"inLanguage\":\"hr\"},{\"@type\":\"Person\",\"@id\":\"https:\/\/likemetkovic.hr\/#\/schema\/person\/0a8b4ebfdfe1ff01192dccda40c5da0c\",\"name\":\"K. J.\",\"url\":\"https:\/\/likemetkovic.hr\/portal\/author\/likemetkovic\/\"}]}<\/script>\n<!-- \/ Yoast SEO plugin. -->","yoast_head_json":{"title":"NAJAVA! U nedjelju na CMC-u bit \u0107e prikazan prvi dio \"Melodija hrvatskoga juga - Opuzen 2025.\" - likemetkovic.hr","robots":{"index":"index","follow":"follow","max-snippet":"max-snippet:-1","max-image-preview":"max-image-preview:large","max-video-preview":"max-video-preview:-1"},"canonical":"https:\/\/likemetkovic.hr\/portal\/u-nedjelju-na-cmc-u-bit-ce-prikazan-prvi-dio-melodija-hrvatskoga-juga-opuzen-2025\/","og_locale":"hr_HR","og_type":"article","og_title":"NAJAVA! U nedjelju na CMC-u bit \u0107e prikazan prvi dio \"Melodija hrvatskoga juga - Opuzen 2025.\" - likemetkovic.hr","og_description":"U nedjelju, 25. sije\u010dnja 2026., u 21:00 na CMC TV-u bit \u0107e prikazana snimka festivala &#8220;MELODIJA HRVATSKOG JUGA &#8211; OPUZEN 2025.&#8221; &#8211; prvi dio, a idu\u0107u nedjelju, 1. velja\u010de u 21:00 i drugi dio. 32. izdanje festivala zabavne glazbe Melodije hrvatskog juga Opuzen 2025. bilo je odr\u017eano 8. kolovoza pro\u0161le godine, na opuzenskoj Pjaci.\u00a0 Uz [&hellip;]","og_url":"https:\/\/likemetkovic.hr\/portal\/u-nedjelju-na-cmc-u-bit-ce-prikazan-prvi-dio-melodija-hrvatskoga-juga-opuzen-2025\/","og_site_name":"likemetkovic.hr","article_publisher":"https:\/\/www.facebook.com\/likemetkovic.hr\/","article_published_time":"2026-01-23T15:23:16+00:00","article_modified_time":"2026-01-23T15:28:12+00:00","og_image":[{"width":1024,"height":768,"url":"https:\/\/likemetkovic.hr\/portal\/wp-content\/uploads\/2026\/01\/MHJ-2023-13-1-1024x768-1.jpg","type":"image\/jpeg"}],"author":"K. J.","twitter_card":"summary_large_image","twitter_misc":{"Napisao\/la":"K. J.","Procijenjeno vrijeme \u010ditanja":"2 minute"},"schema":{"@context":"https:\/\/schema.org","@graph":[{"@type":"WebPage","@id":"https:\/\/likemetkovic.hr\/portal\/u-nedjelju-na-cmc-u-bit-ce-prikazan-prvi-dio-melodija-hrvatskoga-juga-opuzen-2025\/","url":"https:\/\/likemetkovic.hr\/portal\/u-nedjelju-na-cmc-u-bit-ce-prikazan-prvi-dio-melodija-hrvatskoga-juga-opuzen-2025\/","name":"NAJAVA! U nedjelju na CMC-u bit \u0107e prikazan prvi dio \"Melodija hrvatskoga juga - Opuzen 2025.\" - likemetkovic.hr","isPartOf":{"@id":"https:\/\/likemetkovic.hr\/#website"},"primaryImageOfPage":{"@id":"https:\/\/likemetkovic.hr\/portal\/u-nedjelju-na-cmc-u-bit-ce-prikazan-prvi-dio-melodija-hrvatskoga-juga-opuzen-2025\/#primaryimage"},"image":{"@id":"https:\/\/likemetkovic.hr\/portal\/u-nedjelju-na-cmc-u-bit-ce-prikazan-prvi-dio-melodija-hrvatskoga-juga-opuzen-2025\/#primaryimage"},"thumbnailUrl":"https:\/\/likemetkovic.hr\/portal\/wp-content\/uploads\/2026\/01\/MHJ-2023-13-1-1024x768-1.jpg","datePublished":"2026-01-23T15:23:16+00:00","dateModified":"2026-01-23T15:28:12+00:00","author":{"@id":"https:\/\/likemetkovic.hr\/#\/schema\/person\/0a8b4ebfdfe1ff01192dccda40c5da0c"},"breadcrumb":{"@id":"https:\/\/likemetkovic.hr\/portal\/u-nedjelju-na-cmc-u-bit-ce-prikazan-prvi-dio-melodija-hrvatskoga-juga-opuzen-2025\/#breadcrumb"},"inLanguage":"hr","potentialAction":[{"@type":"ReadAction","target":["https:\/\/likemetkovic.hr\/portal\/u-nedjelju-na-cmc-u-bit-ce-prikazan-prvi-dio-melodija-hrvatskoga-juga-opuzen-2025\/"]}]},{"@type":"ImageObject","inLanguage":"hr","@id":"https:\/\/likemetkovic.hr\/portal\/u-nedjelju-na-cmc-u-bit-ce-prikazan-prvi-dio-melodija-hrvatskoga-juga-opuzen-2025\/#primaryimage","url":"https:\/\/likemetkovic.hr\/portal\/wp-content\/uploads\/2026\/01\/MHJ-2023-13-1-1024x768-1.jpg","contentUrl":"https:\/\/likemetkovic.hr\/portal\/wp-content\/uploads\/2026\/01\/MHJ-2023-13-1-1024x768-1.jpg","width":1024,"height":768},{"@type":"BreadcrumbList","@id":"https:\/\/likemetkovic.hr\/portal\/u-nedjelju-na-cmc-u-bit-ce-prikazan-prvi-dio-melodija-hrvatskoga-juga-opuzen-2025\/#breadcrumb","itemListElement":[{"@type":"ListItem","position":1,"name":"Po\u010detna stranica","item":"https:\/\/likemetkovic.hr\/portal\/"},{"@type":"ListItem","position":2,"name":"NAJAVA! U nedjelju na CMC-u bit \u0107e prikazan prvi dio &#8220;Melodija hrvatskoga juga &#8211; Opuzen 2025.&#8221;"}]},{"@type":"WebSite","@id":"https:\/\/likemetkovic.hr\/#website","url":"https:\/\/likemetkovic.hr\/","name":"likemetkovic.hr","description":"Misli pozitivno... \u010ditaj LIKE","potentialAction":[{"@type":"SearchAction","target":{"@type":"EntryPoint","urlTemplate":"https:\/\/likemetkovic.hr\/?s={search_term_string}"},"query-input":{"@type":"PropertyValueSpecification","valueRequired":true,"valueName":"search_term_string"}}],"inLanguage":"hr"},{"@type":"Person","@id":"https:\/\/likemetkovic.hr\/#\/schema\/person\/0a8b4ebfdfe1ff01192dccda40c5da0c","name":"K. J.","url":"https:\/\/likemetkovic.hr\/portal\/author\/likemetkovic\/"}]}},"_links":{"self":[{"href":"https:\/\/likemetkovic.hr\/portal\/wp-json\/wp\/v2\/posts\/171786","targetHints":{"allow":["GET"]}}],"collection":[{"href":"https:\/\/likemetkovic.hr\/portal\/wp-json\/wp\/v2\/posts"}],"about":[{"href":"https:\/\/likemetkovic.hr\/portal\/wp-json\/wp\/v2\/types\/post"}],"author":[{"embeddable":true,"href":"https:\/\/likemetkovic.hr\/portal\/wp-json\/wp\/v2\/users\/9"}],"replies":[{"embeddable":true,"href":"https:\/\/likemetkovic.hr\/portal\/wp-json\/wp\/v2\/comments?post=171786"}],"version-history":[{"count":1,"href":"https:\/\/likemetkovic.hr\/portal\/wp-json\/wp\/v2\/posts\/171786\/revisions"}],"predecessor-version":[{"id":171787,"href":"https:\/\/likemetkovic.hr\/portal\/wp-json\/wp\/v2\/posts\/171786\/revisions\/171787"}],"wp:featuredmedia":[{"embeddable":true,"href":"https:\/\/likemetkovic.hr\/portal\/wp-json\/wp\/v2\/media\/171788"}],"wp:attachment":[{"href":"https:\/\/likemetkovic.hr\/portal\/wp-json\/wp\/v2\/media?parent=171786"}],"wp:term":[{"taxonomy":"category","embeddable":true,"href":"https:\/\/likemetkovic.hr\/portal\/wp-json\/wp\/v2\/categories?post=171786"},{"taxonomy":"post_tag","embeddable":true,"href":"https:\/\/likemetkovic.hr\/portal\/wp-json\/wp\/v2\/tags?post=171786"}],"curies":[{"name":"wp","href":"https:\/\/api.w.org\/{rel}","templated":true}]}}