{"id":171794,"date":"2026-01-24T09:42:18","date_gmt":"2026-01-24T08:42:18","guid":{"rendered":"https:\/\/likemetkovic.hr\/portal\/?p=171794"},"modified":"2026-01-24T09:44:36","modified_gmt":"2026-01-24T08:44:36","slug":"prica-o-hercegovcima-koje-je-pruga-dovela-u-dolinu-neretve","status":"publish","type":"post","link":"https:\/\/likemetkovic.hr\/portal\/prica-o-hercegovcima-koje-je-pruga-dovela-u-dolinu-neretve\/","title":{"rendered":"Pri\u010da o Hercegovcima koje je pruga &#8220;dovela&#8221; u Dolinu Neretve!"},"content":{"rendered":"<p>Dolina Neretve obe\u0107ana je zemlja i za mnoge Hercegovce, a tome svjedo\u010di podatak da je jedan dio ljudi iz susjednih hercegova\u010dkih op\u0107ina \u010capljina, Neum, Stolac, Ravno, \u010citluk, Ljubu\u0161ki i Mostar izgradilo svoje \u017eivotno gnijezdo u mjestima od Metkovi\u0107a do Plo\u010da.\u00a0 Najvi\u0161e je Hercegovaca bilo vezano za \u017eeljezni\u010dku prugu Metkovi\u0107 \u2212 Plo\u010de.<\/p>\n<p>Doma\u0107e se stanovni\u0161tvo uglavnom bavilo poljoprivredom ili ribolovom i nije im bio toliko zanimljiv rad na pruzi, dok Hercegovci imaju duga\u010dku tradiciju bavljenja \u017eeljezni\u010darskim poslovima. Pruga Gabela \u2212 Dubrovnik, pu\u0161tena u promet 1901. godine, prolazila je kroz Sjekose, Hrasno, Hutovo, Ravno i Hum. Kako na tom podru\u010dju duga\u010dkom 111 kilometara nije bilo nikakve tvornice, a ozbiljno je bavljenje poljoprivredom bilo nemogu\u0107e jer nije bilo plodne zemlje ni mogu\u0107nosti navodnjavanja, nekoliko je generacija poslom bilo vezano za \u017eeljeznicu. Obrazovali su se, zavr\u0161ili \u0161kole i te\u010dajeve te se zaposlili na pruzi. Pruga Metkovi\u0107 \u2212 Plo\u010de otvorena je jo\u0161 ratne 1942, pi\u0161e <a href=\"https:\/\/www.rogotin.hr\/2026\/01\/23\/dolina-neretve-obecana-je-zemlja-i-za-mnoge-hercegovce-koje-je-ovdje-dovela-pruga-donosimo-njihova-imena\/?fbclid=IwY2xjawPhY2VleHRuA2FlbQIxMABicmlkETBLZ2Q5SFdWenRLeEl2NmVic3J0YwZhcHBfaWQQMjIyMDM5MTc4ODIwMDg5MgABHhAc7fSnfUbppc0Yo_BDTnlVpN5qkFKj9BeRDg5CUkfvKwWZuj8Em7PEn4dk_aem_yj1cFDVWdxpzuEOgf5xgfA\" target=\"_blank\" rel=\"noopener\">Rogotin.hr<\/a>.<\/p>\n<div class=\"col-8 main-content s-post-contain\">\n<div class=\"the-post s-post-large\">\n<article id=\"post-96047\" class=\"post-96047 post type-post status-publish format-standard has-post-thumbnail category-zanimljivosti\">\n<div class=\"post-content-wrap\">\n<div class=\"post-content cf entry-content content-normal\">\n<p><img decoding=\"async\" class=\"alignnone size-medium wp-image-171795\" src=\"https:\/\/likemetkovic.hr\/portal\/wp-content\/uploads\/2026\/01\/pruga-komin-ivoveraja-800x575.jpg\" alt=\"\" width=\"800\" height=\"575\" srcset=\"https:\/\/likemetkovic.hr\/portal\/wp-content\/uploads\/2026\/01\/pruga-komin-ivoveraja-800x575.jpg 800w, https:\/\/likemetkovic.hr\/portal\/wp-content\/uploads\/2026\/01\/pruga-komin-ivoveraja-768x552.jpg 768w, https:\/\/likemetkovic.hr\/portal\/wp-content\/uploads\/2026\/01\/pruga-komin-ivoveraja-584x420.jpg 584w, https:\/\/likemetkovic.hr\/portal\/wp-content\/uploads\/2026\/01\/pruga-komin-ivoveraja-150x108.jpg 150w, https:\/\/likemetkovic.hr\/portal\/wp-content\/uploads\/2026\/01\/pruga-komin-ivoveraja-300x216.jpg 300w, https:\/\/likemetkovic.hr\/portal\/wp-content\/uploads\/2026\/01\/pruga-komin-ivoveraja-696x501.jpg 696w, https:\/\/likemetkovic.hr\/portal\/wp-content\/uploads\/2026\/01\/pruga-komin-ivoveraja-1068x768.jpg 1068w, https:\/\/likemetkovic.hr\/portal\/wp-content\/uploads\/2026\/01\/pruga-komin-ivoveraja.jpg 1200w\" sizes=\"(max-width: 800px) 100vw, 800px\" \/><\/p>\n<p>\u201eOko 90 posto svih \u017eeljezni\u010dkih djelatnika na toj je pruzi hercegova\u010dkog podrijetla. Mnogi su do\u0161li privremeno, za poslom, ali su na obalama rijeke Neretve ostali zauvijek, osnovali svoje obitelji i potpuno se prilagodili \u017eivotu u novim i za njih neobi\u010dnim okolnostima. Za njih je Neretva bila jedan drugi svijet. Mnogi su se prvi put susreli s rijekom i sa svime \u0161to nosi \u017eivot uz rijeku. Ve\u0107ina njih nije znala ni plivati, a kamoli voziti malu neretvansku trupicu. Iako je Neretva zemljopisno vrlo bliska tim ljudima, ipak postoje velike razlike u obi\u010dajima, govoru, hrani i dr. na koje su se ti ljudi i njihove obitelji morali prilagoditi. Kako mnogi vele, nije im bilo lako. Do\u0161li su iz kamena i \u0161krte hercegova\u010dke zemlje u ravnicu i veliku plodnu dolinu. Koliko je to\u010dno Hercegovaca do\u0161lo u dolinu Neretve i zaposlilo se na \u017eeljezni\u010dkoj pruzi, te\u0161ko je to\u010dno utvrditi. Na temelju mojih istra\u017eivanja poku\u0161at \u0107u navesti tko su sve ti hercegova\u010dki gor\u0161taci koji su utkali cijeli svoj radni vijek, a neki i svoje kosti, u odr\u017eavanje i razvoj \u017eeljezni\u010dke mre\u017ee u Neretvi kako bi omogu\u0107ili bolji i lak\u0161i \u017eivot starosjediocima Donje Neretve, kojima je prijevoz prugom bio najbolji na\u010din prometnoga povezivanja. Nije bilo dobrih cesta ni automobila, a brodovi su plovili samo do Metkovi\u0107a. Tek je \u017eeljeznica Neretvane povezala sa zale\u0111em, Mostarom i Sarajevom, a preko Gabele i s Dubrovnikom. Vlakovima su \u0111aci i\u0161li u \u0161kole u Plo\u010de ili Metkovi\u0107, vo\u0107e se i povr\u0107e teretnim vagonima prevozilo na obli\u017enja bosanskohercegova\u010dka tr\u017ei\u0161ta upravo kao i \u201cbunde\u201d i sturi\u0107i za bolju izolaciju ku\u0107a i zgrada\u201c, ka\u017ee za <a href=\"https:\/\/www.rogotin.hr\/2026\/01\/23\/dolina-neretve-obecana-je-zemlja-i-za-mnoge-hercegovce-koje-je-ovdje-dovela-pruga-donosimo-njihova-imena\/?fbclid=IwY2xjawPhY2VleHRuA2FlbQIxMABicmlkETBLZ2Q5SFdWenRLeEl2NmVic3J0YwZhcHBfaWQQMjIyMDM5MTc4ODIwMDg5MgABHhAc7fSnfUbppc0Yo_BDTnlVpN5qkFKj9BeRDg5CUkfvKwWZuj8Em7PEn4dk_aem_yj1cFDVWdxpzuEOgf5xgfA\" target=\"_blank\" rel=\"noopener\">Rogotin.hr<\/a> <strong>Dragan Jurkovi\u0107 Bokin<\/strong>\u00a0iz Zagreba,a\u00a0 porijeklom iz Br\u0161tanice, koji je istra\u017eivao ovaj fenomen i razgovarao s \u017eeljezni\u010darima od kojih mnogi vi\u0161e nisu \u017eivi.<\/p>\n<p>Pri\u010dali su mu, tako, da su, do\u0161av\u0161i u Neretvu, prvi \u010dut \u010duli rije\u010di sumpre\u0161, \u0161kovacin, pala, kacavida, takujin, kain itd., problem su im bili komarci, a i hrana, nisu se mogli na\u010duditi da Neretvani jedu \u017eabe. Hercegovci su hvalili lokalno stanovni\u0161tvo da ih je lijepo primilo, me\u0111usobno su se dru\u017eili i kumili, istina ponekad bi \u201efrcale\u201c iskre zbog Hajduka i Dinama jer je ve\u0107ina Hercegovaca, za razliku od Neretvana, navijala za Dinamo, pa su se vodili vje\u010dne rasprave jesu li bolji\u00a0<strong>Nadoveza, Cuzzi<\/strong>\u00a0ili\u00a0<strong>Hlevnjak<\/strong>\u00a0od\u00a0<strong>Zambate, \u010cer\u010deka<\/strong>\u00a0ili\u00a0<strong>Rore<\/strong>\u2026<\/p>\n<p>U ovome \u0107emo \u010dlanku, kako isti\u010de Jurkovi\u0107, navesti samo onaj dio Hercegovaca (odakle su se doselili i njihova zanimanja) koji su radili ili rade na \u017eeljeznici te koji su sa svojim obiteljima zauvijek ostali \u017eivjeti u neretvanskim mjestima. \u201eNeki su se i vratili svojim ku\u0107ama, a treba napomenuti da ve\u0107i broj \u017eeljezni\u010dara svakodnevno putuje u neretvanska mjesta na posao i vra\u0107a se svojim ku\u0107ama. Ako smo nekoga izostavili, nije bilo namjerno\u201c, naglasuio je Jurkovi\u0107.<\/p>\n<p><img decoding=\"async\" class=\"alignnone size-medium wp-image-171797\" src=\"https:\/\/likemetkovic.hr\/portal\/wp-content\/uploads\/2026\/01\/pruga-metkovic-ploce-ivoveraja1-800x581.jpg\" alt=\"\" width=\"800\" height=\"581\" srcset=\"https:\/\/likemetkovic.hr\/portal\/wp-content\/uploads\/2026\/01\/pruga-metkovic-ploce-ivoveraja1-800x581.jpg 800w, https:\/\/likemetkovic.hr\/portal\/wp-content\/uploads\/2026\/01\/pruga-metkovic-ploce-ivoveraja1-768x557.jpg 768w, https:\/\/likemetkovic.hr\/portal\/wp-content\/uploads\/2026\/01\/pruga-metkovic-ploce-ivoveraja1-579x420.jpg 579w, https:\/\/likemetkovic.hr\/portal\/wp-content\/uploads\/2026\/01\/pruga-metkovic-ploce-ivoveraja1-150x109.jpg 150w, https:\/\/likemetkovic.hr\/portal\/wp-content\/uploads\/2026\/01\/pruga-metkovic-ploce-ivoveraja1-300x218.jpg 300w, https:\/\/likemetkovic.hr\/portal\/wp-content\/uploads\/2026\/01\/pruga-metkovic-ploce-ivoveraja1-696x505.jpg 696w, https:\/\/likemetkovic.hr\/portal\/wp-content\/uploads\/2026\/01\/pruga-metkovic-ploce-ivoveraja1-1068x775.jpg 1068w, https:\/\/likemetkovic.hr\/portal\/wp-content\/uploads\/2026\/01\/pruga-metkovic-ploce-ivoveraja1-324x235.jpg 324w, https:\/\/likemetkovic.hr\/portal\/wp-content\/uploads\/2026\/01\/pruga-metkovic-ploce-ivoveraja1.jpg 1200w\" sizes=\"(max-width: 800px) 100vw, 800px\" \/><\/p>\n<p><strong>METKOVI\u0106:<\/strong>\u00a0<strong>Vide Mati\u0107<\/strong>\u00a0(Hutovo), desetar pruge;\u00a0<strong>Stojan Previ\u0161i\u0107<\/strong>\u00a0(Previ\u0161, Hutovo), skladi\u0161ni radnik;\u00a0<strong>Jozo Jurkovi\u0107 Zeki\u0107<\/strong>\u00a0(Br\u0161tanica), skretni\u010dar, poginuo na pruzi 1976.;<strong>\u00a0Bari\u0161a Menalo<\/strong>\u00a0(Kolojanj), desetar pruge;\u00a0<strong>Pavo Hajvaz<\/strong>\u00a0(Br\u0161tanica), prometni otpravnik; tri brata<strong>\u00a0Dani\u010di\u0107a<\/strong> (Tuhinje, Br\u0161tanica): <strong>Vicko<\/strong>\u00a0kondukter,\u00a0<strong>Ivan<\/strong>\u00a0vlakovo\u0111a,\u00a0<strong>Nikola<\/strong>\u00a0skretni\u010dar;\u00a0<strong>Bo\u017eo Vu\u010di\u010devi\u0107<\/strong>\u00a0(Pe\u0107ina, Popovo), nadzornik pruge;<strong>\u00a0Martin Gustin<\/strong>\u00a0(Zelenikovac), skretni\u010dar;<strong>\u00a0Damjan Menalo<\/strong>\u00a0(Kolojanj), prometnik vlakova;\u00a0<strong>Nikola Jurkovi\u0107<\/strong>\u00a0(Babin Do, Br\u0161tanica), skladi\u0161tar;\u00a0<strong>Vide Previ\u0161i\u0107<\/strong>\u00a0(Previ\u0161, Hutovo), skladi\u0161tar<\/p>\n<p><strong>KULA NORINSKA<\/strong>:<strong>\u00a0Kre\u0161o Marti\u0107<\/strong>\u00a0(Zelenikovac), otpravnik vlakova;\u00a0<strong>Vide Jurkovi\u0107<\/strong>\u00a0(Babin Do, Br\u0161tanica), desetar pruge;\u00a0<strong>Mate Jerki\u0107<\/strong>\u00a0(\u010celjevo), kondukter;\u00a0<strong>Vlaho Terke\u0161<\/strong>\u00a0(Ravnice, Stolac), otpravnik vlakova;\u00a0<strong>Andrija Marti\u0107<\/strong>\u00a0(Zelenikovac), otpravnik vlakova<\/p>\n<p><strong>OPUZEN<\/strong>:\u00a0<strong>Stojan Prka\u010din<\/strong>\u00a0(Glumina), rukovoditelj postaje;\u00a0<strong>Martin Jurkovi\u0107 \u0110uragin<\/strong>\u00a0(Br\u0161tanica), \u010duvar pruge;\u00a0<strong>\u0110uro Njavro<\/strong>\u00a0(Osje\u010denica, Hrasno), skretni\u010dar;\u00a0<strong>Ante Jurkovi\u0107<\/strong>\u00a0(Br\u0161tanica), prometni otpremnik;\u00a0<strong>Mi\u0161e Mustapi\u0107<\/strong>\u00a0(Hutovo), prometni otpremnik;\u00a0<strong>Mato Papac<\/strong>\u00a0(Glumina), prometni otpremnik<\/p>\n<p><strong>KOMIN<\/strong>:<strong>\u00a0Ivan Pijevi\u0107<\/strong>\u00a0(Turkovi\u0107i, Popovo), prometni otpremnik;<strong>\u00a0Martin Jurkovi\u0107<\/strong>, Zeki\u0107 (Br\u0161tanica), desetar pruge;<strong>\u00a0Ivan Kre\u0161i\u0107<\/strong>\u00a0(Gnjili\u0161ta), manevrist;<strong>\u00a0Petar Musa<\/strong>\u00a0(Ogra\u0111enik, \u010citluk), manevrist;\u00a0<strong>Jure Zovko<\/strong>\u00a0(Gnjili\u0161ta), manevrist (poginuo na pruzi);<strong>\u00a0Andrija Falak<\/strong>\u00a0(Vi\u0161i\u0107i), skretni\u010dar;\u00a0<strong>Ilija Mili\u010devi\u0107<\/strong>\u00a0(Br\u0161tanica), \u010duvar pruge;\u00a0<strong>Tomo Mustapi\u0107<\/strong>\u00a0(Mramor, Br\u0161tanica), pru\u017eni radnik;\u00a0<strong>Ivan Arapovi\u0107<\/strong>\u00a0(\u017ditomisli\u0107i), skretni\u010dar;\u00a0<strong>Pero Laki\u0107<\/strong>\u00a0(Pe\u0107ina, Popovo), desetar pruge;\u00a0<strong>Luka Mar\u010dinko<\/strong>\u00a0(Glumina), \u010duvar pruge;\u00a0<strong>Lovro Jurkovi\u0107<\/strong>\u00a0(Br\u0161tanica), prometni otpremnik;\u00a0<strong>Vinko Obad<\/strong>\u00a0(Prapratnica), pregleda\u010d vagona;\u00a0<strong>Milenko Ani\u010di\u0107<\/strong>\u00a0(Ra\u0161ka Gora), kondukter<\/p>\n<p><strong>ROGOTIN<\/strong>:\u00a0<strong>Ivan Mustapi\u0107<\/strong>\u00a0(Hutovo), otpravnik vlakova;<strong>\u00a0Ilija Hajvaz<\/strong>\u00a0(Br\u0161tanica), otpravnik vlakova;\u00a0<strong>Sre\u0107ko Bo\u0161kovi\u0107<\/strong>\u00a0(Mramor, Br\u0161tanica), skretni\u010dar;\u00a0<strong>Pavo Mustapi\u0107<\/strong>\u00a0(Mramor, Br\u0161tanica), desetar pruge;\u00a0<strong>Ilija Kuzman<\/strong>\u00a0(Rabrani, Hrasno), skladi\u0161tar;\u00a0<strong>Ljubo Krmek<\/strong>\u00a0(Hutovo), otpravnik vlakova<\/p>\n<p><strong>PLO\u010cE<\/strong>:\u00a0<strong>\u017deljko Skaramuca<\/strong>\u00a0(Ravno, Popovo), pravnik;\u00a0<strong>Nikica Previ\u0161i\u0107<\/strong>\u00a0(Previ\u0161, Hutovo), prometnik vlakova;\u00a0<strong>Marko Previ\u0161i\u0107<\/strong>\u00a0(Previ\u0161, Hutovo), rukovoditelj teretne postaje;<strong>\u00a0Rade Jurkovi\u0107<\/strong>\u00a0(Br\u0161tanica), prometnik vlakova;\u00a0<strong>Milan Dodig<\/strong>\u00a0(Trebi\u017eat), rukovoditelj postaje;\u00a0<strong>Miho Ljuban<\/strong>\u00a0(Bajovci), skretni\u010dar;\u00a0<strong>Mirko Bo\u0161kovi\u0107<\/strong>\u00a0(Mramor, Br\u0161tanica), vlakovo\u0111a;\u00a0<strong>Hasan Hajdarevi\u0107<\/strong>\u00a0(Kolojanj), rasporednik osoblja;<strong>\u00a0Dragan \u0160utalo<\/strong>\u00a0(Da\u0161nica, Hrasno), prometnik vlakova;\u00a0<strong>Sre\u0107ko Jurkovi\u0107 Zeki\u0107<\/strong>\u00a0(Bajovci), nadzornik skretnica;\u00a0<strong>Stjepan \u0160utalo<\/strong>\u00a0(Svitava), kadrovski;\u00a0<strong>Lazo Butigan<\/strong>\u00a0(Gradac, Neum), vlakovo\u0111a;<strong>\u00a0\u0106etko Vu\u010di\u010devi\u0107<\/strong>\u00a0(Pe\u0107ina, Popovo), vlakovo\u0111a;\u00a0<strong>Nikica Jurkovi\u0107 \u0160aldo<\/strong>\u00a0(Br\u0161tanica), manevrist;<strong>\u00a0Ivan Jurkovi\u0107 \u0160aldo<\/strong>\u00a0(Br\u0161tanica), skretni\u010dar;\u00a0<strong>Nikica Menalo<\/strong>\u00a0(Kolojanj), strojovo\u0111a;\u00a0<strong>Ivica Previ\u0161i\u0107<\/strong>\u00a0(Previ\u0161, Hutovo), rukovoditelj vu\u010de vlakova;\u00a0<strong>Ne\u0111o Jurkovi\u0107 Adamov<\/strong>\u00a0(Br\u0161tanica), \u010duvar pruge;\u00a0<strong>Vlado<\/strong>\u00a0i\u00a0<strong>Denis Jel\u010di\u0107<\/strong>\u00a0(Po\u010ditelj), prometnici vlakova;\u00a0<strong>Pero Bo\u0161kovi\u0107<\/strong>\u00a0(Mramor, Br\u0161tanica), kondukter;<strong>\u00a0Marinko Previ\u0161i\u0107<\/strong>\u00a0(Previ\u0161, Hutovo), strojovo\u0111a;<strong>\u00a0Ilija Pavlovi\u0107<\/strong>\u00a0(Trebi\u017eat), pregleda\u010d vagona;\u00a0<strong>Nedjeljko Marti\u0107<\/strong>\u00a0(Vi\u0161i\u0107i), rukovoditelj teretnog prijevoza;<strong>\u00a0Ivan Pervan<\/strong>\u00a0(Struge), strojovo\u0111a;<strong>\u00a0Ilija Arar<\/strong>\u00a0(Gabela), robni blagajnik;\u00a0<strong>Filip Krasi\u0107<\/strong>\u00a0(\u0160urmanci), rukovoditelj postaje;\u00a0<strong>Miro Pervan<\/strong>\u00a0(Struge), pomo\u0107nik \u0161efa teretnog prijevoza;\u00a0<strong>\u017deljko Prskalo<\/strong>\u00a0(Gabela), pregleda\u010d vagona;\u00a0<strong>Vide Kre\u0161i\u0107<\/strong>\u00a0(Vinine, Hrasno), kondukter;\u00a0<strong>Slavko D\u017eeko<\/strong>\u00a0(\u010celjevo), manevrist;\u00a0<strong>Pero D\u017eeko<\/strong>\u00a0(\u010celjevo), blagajnik;\u00a0<strong>Drago Ani\u010di\u0107<\/strong>\u00a0(Ra\u0161ka Gora), kondukter;\u00a0<strong>Mirko Planini\u0107<\/strong>\u00a0(\u010citluk), rukovoditelj onda\u0161njega OOUR-a,\u00a0<strong>Vlado Vranki\u0107<\/strong>\u00a0(Trebi\u017eat),prometnik vlakova;<strong>\u00a0Adem Repe\u0161a<\/strong>\u00a0(Sjekose), djelatnik u depou;\u00a0<strong>Darko Bogut<\/strong>\u00a0(Sovi\u0107i), prometnik vlakova;\u00a0<strong>Marinko Bo\u017ei\u0107<\/strong>\u00a0(Ostro\u017eac, Konjic), telegrafist.<\/p>\n<p><img decoding=\"async\" class=\"alignnone size-medium wp-image-171796\" src=\"https:\/\/likemetkovic.hr\/portal\/wp-content\/uploads\/2026\/01\/kolodvor-metkovic-ivoveraja-800x581.jpg\" alt=\"\" width=\"800\" height=\"581\" srcset=\"https:\/\/likemetkovic.hr\/portal\/wp-content\/uploads\/2026\/01\/kolodvor-metkovic-ivoveraja-800x581.jpg 800w, https:\/\/likemetkovic.hr\/portal\/wp-content\/uploads\/2026\/01\/kolodvor-metkovic-ivoveraja-768x558.jpg 768w, https:\/\/likemetkovic.hr\/portal\/wp-content\/uploads\/2026\/01\/kolodvor-metkovic-ivoveraja-578x420.jpg 578w, https:\/\/likemetkovic.hr\/portal\/wp-content\/uploads\/2026\/01\/kolodvor-metkovic-ivoveraja-150x109.jpg 150w, https:\/\/likemetkovic.hr\/portal\/wp-content\/uploads\/2026\/01\/kolodvor-metkovic-ivoveraja-300x218.jpg 300w, https:\/\/likemetkovic.hr\/portal\/wp-content\/uploads\/2026\/01\/kolodvor-metkovic-ivoveraja-696x506.jpg 696w, https:\/\/likemetkovic.hr\/portal\/wp-content\/uploads\/2026\/01\/kolodvor-metkovic-ivoveraja-1068x776.jpg 1068w, https:\/\/likemetkovic.hr\/portal\/wp-content\/uploads\/2026\/01\/kolodvor-metkovic-ivoveraja-324x235.jpg 324w, https:\/\/likemetkovic.hr\/portal\/wp-content\/uploads\/2026\/01\/kolodvor-metkovic-ivoveraja.jpg 1200w\" sizes=\"(max-width: 800px) 100vw, 800px\" \/><\/p>\n<p>\u201eDa je \u017eeljezni\u010darski poziv vrlo zahtjevan i da nije ba\u0161 primamljiv, pokazuje i \u010dinjenica da je samo nekolicina djece gore navedenih \u017eeljezni\u010dara obukla \u017eeljezni\u010darsku odoru. Mla\u0111i su zavr\u0161ili neke druge \u0161kole, odabrali neka duga zanimanja, a brigu o vlakovima preuzeli su neki drugi ljudi. Ostalo je jedno lijepo sje\u0107anje na te ljude koji su svojim dolaskom u dolinu Neretve donijeli jednu novu djelatnost \u2212 \u017eeljezni\u010darsku \u2212 te podarili Neretvanima bezbroj ugodnih i nezaboravnih putovanja\u201c, zaklju\u010dio je Jurkovi\u0107.<\/p>\n<p>Pi\u0161e: <strong>Ante \u0160unji\u0107<\/strong> \/ <strong><a href=\"https:\/\/www.rogotin.hr\/2026\/01\/23\/dolina-neretve-obecana-je-zemlja-i-za-mnoge-hercegovce-koje-je-ovdje-dovela-pruga-donosimo-njihova-imena\/?fbclid=IwY2xjawPhY2VleHRuA2FlbQIxMABicmlkETBLZ2Q5SFdWenRLeEl2NmVic3J0YwZhcHBfaWQQMjIyMDM5MTc4ODIwMDg5MgABHhAc7fSnfUbppc0Yo_BDTnlVpN5qkFKj9BeRDg5CUkfvKwWZuj8Em7PEn4dk_aem_yj1cFDVWdxpzuEOgf5xgfA\" target=\"_blank\" rel=\"noopener\">Rogotin.hr<\/a><\/strong><br \/>\nFoto: <strong>Ivo Veraja<\/strong><\/p>\n<\/div>\n<\/div>\n<\/article>\n<div class=\"comments\"><\/div>\n<\/div>\n<\/div>\n<aside class=\"col-4 main-sidebar has-sep\" data-sticky=\"1\">\n<div class=\"inner theiaStickySidebar\">\n<div id=\"smartmag-block-posts-small-3\" class=\"widget ts-block-widget smartmag-widget-posts-small\">\n<div class=\"block\">\n<div class=\"widget-title block-head block-head-ac block-head block-head-ac block-head-g is-left has-style\"><\/div>\n<\/div>\n<\/div>\n<\/div>\n<\/aside>\n","protected":false},"excerpt":{"rendered":"<p>Dolina Neretve obe\u0107ana je zemlja i za mnoge Hercegovce, a tome svjedo\u010di podatak da je jedan dio ljudi iz susjednih hercegova\u010dkih op\u0107ina \u010capljina, Neum, Stolac, Ravno, \u010citluk, Ljubu\u0161ki i Mostar izgradilo svoje \u017eivotno gnijezdo u mjestima od Metkovi\u0107a do Plo\u010da.\u00a0 Najvi\u0161e je Hercegovaca bilo vezano za \u017eeljezni\u010dku prugu Metkovi\u0107 \u2212 Plo\u010de. Doma\u0107e se stanovni\u0161tvo uglavnom [&hellip;]<\/p>\n","protected":false},"author":9,"featured_media":171795,"comment_status":"open","ping_status":"open","sticky":false,"template":"","format":"standard","meta":{"footnotes":""},"categories":[283,71],"tags":[420,1098,12882],"class_list":{"0":"post-171794","1":"post","2":"type-post","3":"status-publish","4":"format-standard","5":"has-post-thumbnail","7":"category-a","8":"category-svega-po-malo","9":"tag-dolina-neretve","10":"tag-hercegovina","11":"tag-pruga"},"yoast_head":"<!-- This site is optimized with the Yoast SEO plugin v25.2 - https:\/\/yoast.com\/wordpress\/plugins\/seo\/ -->\n<title>Pri\u010da o Hercegovcima koje je pruga &quot;dovela&quot; u Dolinu Neretve! - likemetkovic.hr<\/title>\n<meta name=\"robots\" content=\"index, follow, max-snippet:-1, max-image-preview:large, max-video-preview:-1\" \/>\n<link rel=\"canonical\" href=\"https:\/\/likemetkovic.hr\/portal\/prica-o-hercegovcima-koje-je-pruga-dovela-u-dolinu-neretve\/\" \/>\n<meta property=\"og:locale\" content=\"hr_HR\" \/>\n<meta property=\"og:type\" content=\"article\" \/>\n<meta property=\"og:title\" content=\"Pri\u010da o Hercegovcima koje je pruga &quot;dovela&quot; u Dolinu Neretve! - likemetkovic.hr\" \/>\n<meta property=\"og:description\" content=\"Dolina Neretve obe\u0107ana je zemlja i za mnoge Hercegovce, a tome svjedo\u010di podatak da je jedan dio ljudi iz susjednih hercegova\u010dkih op\u0107ina \u010capljina, Neum, Stolac, Ravno, \u010citluk, Ljubu\u0161ki i Mostar izgradilo svoje \u017eivotno gnijezdo u mjestima od Metkovi\u0107a do Plo\u010da.\u00a0 Najvi\u0161e je Hercegovaca bilo vezano za \u017eeljezni\u010dku prugu Metkovi\u0107 \u2212 Plo\u010de. Doma\u0107e se stanovni\u0161tvo uglavnom [&hellip;]\" \/>\n<meta property=\"og:url\" content=\"https:\/\/likemetkovic.hr\/portal\/prica-o-hercegovcima-koje-je-pruga-dovela-u-dolinu-neretve\/\" \/>\n<meta property=\"og:site_name\" content=\"likemetkovic.hr\" \/>\n<meta property=\"article:publisher\" content=\"https:\/\/www.facebook.com\/likemetkovic.hr\/\" \/>\n<meta property=\"article:published_time\" content=\"2026-01-24T08:42:18+00:00\" \/>\n<meta property=\"article:modified_time\" content=\"2026-01-24T08:44:36+00:00\" \/>\n<meta property=\"og:image\" content=\"https:\/\/likemetkovic.hr\/portal\/wp-content\/uploads\/2026\/01\/pruga-komin-ivoveraja.jpg\" \/>\n\t<meta property=\"og:image:width\" content=\"1200\" \/>\n\t<meta property=\"og:image:height\" content=\"863\" \/>\n\t<meta property=\"og:image:type\" content=\"image\/jpeg\" \/>\n<meta name=\"author\" content=\"K. J.\" \/>\n<meta name=\"twitter:card\" content=\"summary_large_image\" \/>\n<meta name=\"twitter:label1\" content=\"Napisao\/la\" \/>\n\t<meta name=\"twitter:data1\" content=\"K. J.\" \/>\n\t<meta name=\"twitter:label2\" content=\"Procijenjeno vrijeme \u010ditanja\" \/>\n\t<meta name=\"twitter:data2\" content=\"7 minuta\" \/>\n<script type=\"application\/ld+json\" class=\"yoast-schema-graph\">{\"@context\":\"https:\/\/schema.org\",\"@graph\":[{\"@type\":\"WebPage\",\"@id\":\"https:\/\/likemetkovic.hr\/portal\/prica-o-hercegovcima-koje-je-pruga-dovela-u-dolinu-neretve\/\",\"url\":\"https:\/\/likemetkovic.hr\/portal\/prica-o-hercegovcima-koje-je-pruga-dovela-u-dolinu-neretve\/\",\"name\":\"Pri\u010da o Hercegovcima koje je pruga \\\"dovela\\\" u Dolinu Neretve! - likemetkovic.hr\",\"isPartOf\":{\"@id\":\"https:\/\/likemetkovic.hr\/#website\"},\"primaryImageOfPage\":{\"@id\":\"https:\/\/likemetkovic.hr\/portal\/prica-o-hercegovcima-koje-je-pruga-dovela-u-dolinu-neretve\/#primaryimage\"},\"image\":{\"@id\":\"https:\/\/likemetkovic.hr\/portal\/prica-o-hercegovcima-koje-je-pruga-dovela-u-dolinu-neretve\/#primaryimage\"},\"thumbnailUrl\":\"https:\/\/likemetkovic.hr\/portal\/wp-content\/uploads\/2026\/01\/pruga-komin-ivoveraja.jpg\",\"datePublished\":\"2026-01-24T08:42:18+00:00\",\"dateModified\":\"2026-01-24T08:44:36+00:00\",\"author\":{\"@id\":\"https:\/\/likemetkovic.hr\/#\/schema\/person\/0a8b4ebfdfe1ff01192dccda40c5da0c\"},\"breadcrumb\":{\"@id\":\"https:\/\/likemetkovic.hr\/portal\/prica-o-hercegovcima-koje-je-pruga-dovela-u-dolinu-neretve\/#breadcrumb\"},\"inLanguage\":\"hr\",\"potentialAction\":[{\"@type\":\"ReadAction\",\"target\":[\"https:\/\/likemetkovic.hr\/portal\/prica-o-hercegovcima-koje-je-pruga-dovela-u-dolinu-neretve\/\"]}]},{\"@type\":\"ImageObject\",\"inLanguage\":\"hr\",\"@id\":\"https:\/\/likemetkovic.hr\/portal\/prica-o-hercegovcima-koje-je-pruga-dovela-u-dolinu-neretve\/#primaryimage\",\"url\":\"https:\/\/likemetkovic.hr\/portal\/wp-content\/uploads\/2026\/01\/pruga-komin-ivoveraja.jpg\",\"contentUrl\":\"https:\/\/likemetkovic.hr\/portal\/wp-content\/uploads\/2026\/01\/pruga-komin-ivoveraja.jpg\",\"width\":1200,\"height\":863},{\"@type\":\"BreadcrumbList\",\"@id\":\"https:\/\/likemetkovic.hr\/portal\/prica-o-hercegovcima-koje-je-pruga-dovela-u-dolinu-neretve\/#breadcrumb\",\"itemListElement\":[{\"@type\":\"ListItem\",\"position\":1,\"name\":\"Po\u010detna stranica\",\"item\":\"https:\/\/likemetkovic.hr\/portal\/\"},{\"@type\":\"ListItem\",\"position\":2,\"name\":\"Pri\u010da o Hercegovcima koje je pruga &#8220;dovela&#8221; u Dolinu Neretve!\"}]},{\"@type\":\"WebSite\",\"@id\":\"https:\/\/likemetkovic.hr\/#website\",\"url\":\"https:\/\/likemetkovic.hr\/\",\"name\":\"likemetkovic.hr\",\"description\":\"Misli pozitivno... \u010ditaj LIKE\",\"potentialAction\":[{\"@type\":\"SearchAction\",\"target\":{\"@type\":\"EntryPoint\",\"urlTemplate\":\"https:\/\/likemetkovic.hr\/?s={search_term_string}\"},\"query-input\":{\"@type\":\"PropertyValueSpecification\",\"valueRequired\":true,\"valueName\":\"search_term_string\"}}],\"inLanguage\":\"hr\"},{\"@type\":\"Person\",\"@id\":\"https:\/\/likemetkovic.hr\/#\/schema\/person\/0a8b4ebfdfe1ff01192dccda40c5da0c\",\"name\":\"K. J.\",\"url\":\"https:\/\/likemetkovic.hr\/portal\/author\/likemetkovic\/\"}]}<\/script>\n<!-- \/ Yoast SEO plugin. -->","yoast_head_json":{"title":"Pri\u010da o Hercegovcima koje je pruga \"dovela\" u Dolinu Neretve! - likemetkovic.hr","robots":{"index":"index","follow":"follow","max-snippet":"max-snippet:-1","max-image-preview":"max-image-preview:large","max-video-preview":"max-video-preview:-1"},"canonical":"https:\/\/likemetkovic.hr\/portal\/prica-o-hercegovcima-koje-je-pruga-dovela-u-dolinu-neretve\/","og_locale":"hr_HR","og_type":"article","og_title":"Pri\u010da o Hercegovcima koje je pruga \"dovela\" u Dolinu Neretve! - likemetkovic.hr","og_description":"Dolina Neretve obe\u0107ana je zemlja i za mnoge Hercegovce, a tome svjedo\u010di podatak da je jedan dio ljudi iz susjednih hercegova\u010dkih op\u0107ina \u010capljina, Neum, Stolac, Ravno, \u010citluk, Ljubu\u0161ki i Mostar izgradilo svoje \u017eivotno gnijezdo u mjestima od Metkovi\u0107a do Plo\u010da.\u00a0 Najvi\u0161e je Hercegovaca bilo vezano za \u017eeljezni\u010dku prugu Metkovi\u0107 \u2212 Plo\u010de. Doma\u0107e se stanovni\u0161tvo uglavnom [&hellip;]","og_url":"https:\/\/likemetkovic.hr\/portal\/prica-o-hercegovcima-koje-je-pruga-dovela-u-dolinu-neretve\/","og_site_name":"likemetkovic.hr","article_publisher":"https:\/\/www.facebook.com\/likemetkovic.hr\/","article_published_time":"2026-01-24T08:42:18+00:00","article_modified_time":"2026-01-24T08:44:36+00:00","og_image":[{"width":1200,"height":863,"url":"https:\/\/likemetkovic.hr\/portal\/wp-content\/uploads\/2026\/01\/pruga-komin-ivoveraja.jpg","type":"image\/jpeg"}],"author":"K. J.","twitter_card":"summary_large_image","twitter_misc":{"Napisao\/la":"K. J.","Procijenjeno vrijeme \u010ditanja":"7 minuta"},"schema":{"@context":"https:\/\/schema.org","@graph":[{"@type":"WebPage","@id":"https:\/\/likemetkovic.hr\/portal\/prica-o-hercegovcima-koje-je-pruga-dovela-u-dolinu-neretve\/","url":"https:\/\/likemetkovic.hr\/portal\/prica-o-hercegovcima-koje-je-pruga-dovela-u-dolinu-neretve\/","name":"Pri\u010da o Hercegovcima koje je pruga \"dovela\" u Dolinu Neretve! - likemetkovic.hr","isPartOf":{"@id":"https:\/\/likemetkovic.hr\/#website"},"primaryImageOfPage":{"@id":"https:\/\/likemetkovic.hr\/portal\/prica-o-hercegovcima-koje-je-pruga-dovela-u-dolinu-neretve\/#primaryimage"},"image":{"@id":"https:\/\/likemetkovic.hr\/portal\/prica-o-hercegovcima-koje-je-pruga-dovela-u-dolinu-neretve\/#primaryimage"},"thumbnailUrl":"https:\/\/likemetkovic.hr\/portal\/wp-content\/uploads\/2026\/01\/pruga-komin-ivoveraja.jpg","datePublished":"2026-01-24T08:42:18+00:00","dateModified":"2026-01-24T08:44:36+00:00","author":{"@id":"https:\/\/likemetkovic.hr\/#\/schema\/person\/0a8b4ebfdfe1ff01192dccda40c5da0c"},"breadcrumb":{"@id":"https:\/\/likemetkovic.hr\/portal\/prica-o-hercegovcima-koje-je-pruga-dovela-u-dolinu-neretve\/#breadcrumb"},"inLanguage":"hr","potentialAction":[{"@type":"ReadAction","target":["https:\/\/likemetkovic.hr\/portal\/prica-o-hercegovcima-koje-je-pruga-dovela-u-dolinu-neretve\/"]}]},{"@type":"ImageObject","inLanguage":"hr","@id":"https:\/\/likemetkovic.hr\/portal\/prica-o-hercegovcima-koje-je-pruga-dovela-u-dolinu-neretve\/#primaryimage","url":"https:\/\/likemetkovic.hr\/portal\/wp-content\/uploads\/2026\/01\/pruga-komin-ivoveraja.jpg","contentUrl":"https:\/\/likemetkovic.hr\/portal\/wp-content\/uploads\/2026\/01\/pruga-komin-ivoveraja.jpg","width":1200,"height":863},{"@type":"BreadcrumbList","@id":"https:\/\/likemetkovic.hr\/portal\/prica-o-hercegovcima-koje-je-pruga-dovela-u-dolinu-neretve\/#breadcrumb","itemListElement":[{"@type":"ListItem","position":1,"name":"Po\u010detna stranica","item":"https:\/\/likemetkovic.hr\/portal\/"},{"@type":"ListItem","position":2,"name":"Pri\u010da o Hercegovcima koje je pruga &#8220;dovela&#8221; u Dolinu Neretve!"}]},{"@type":"WebSite","@id":"https:\/\/likemetkovic.hr\/#website","url":"https:\/\/likemetkovic.hr\/","name":"likemetkovic.hr","description":"Misli pozitivno... \u010ditaj LIKE","potentialAction":[{"@type":"SearchAction","target":{"@type":"EntryPoint","urlTemplate":"https:\/\/likemetkovic.hr\/?s={search_term_string}"},"query-input":{"@type":"PropertyValueSpecification","valueRequired":true,"valueName":"search_term_string"}}],"inLanguage":"hr"},{"@type":"Person","@id":"https:\/\/likemetkovic.hr\/#\/schema\/person\/0a8b4ebfdfe1ff01192dccda40c5da0c","name":"K. J.","url":"https:\/\/likemetkovic.hr\/portal\/author\/likemetkovic\/"}]}},"_links":{"self":[{"href":"https:\/\/likemetkovic.hr\/portal\/wp-json\/wp\/v2\/posts\/171794","targetHints":{"allow":["GET"]}}],"collection":[{"href":"https:\/\/likemetkovic.hr\/portal\/wp-json\/wp\/v2\/posts"}],"about":[{"href":"https:\/\/likemetkovic.hr\/portal\/wp-json\/wp\/v2\/types\/post"}],"author":[{"embeddable":true,"href":"https:\/\/likemetkovic.hr\/portal\/wp-json\/wp\/v2\/users\/9"}],"replies":[{"embeddable":true,"href":"https:\/\/likemetkovic.hr\/portal\/wp-json\/wp\/v2\/comments?post=171794"}],"version-history":[{"count":3,"href":"https:\/\/likemetkovic.hr\/portal\/wp-json\/wp\/v2\/posts\/171794\/revisions"}],"predecessor-version":[{"id":171800,"href":"https:\/\/likemetkovic.hr\/portal\/wp-json\/wp\/v2\/posts\/171794\/revisions\/171800"}],"wp:featuredmedia":[{"embeddable":true,"href":"https:\/\/likemetkovic.hr\/portal\/wp-json\/wp\/v2\/media\/171795"}],"wp:attachment":[{"href":"https:\/\/likemetkovic.hr\/portal\/wp-json\/wp\/v2\/media?parent=171794"}],"wp:term":[{"taxonomy":"category","embeddable":true,"href":"https:\/\/likemetkovic.hr\/portal\/wp-json\/wp\/v2\/categories?post=171794"},{"taxonomy":"post_tag","embeddable":true,"href":"https:\/\/likemetkovic.hr\/portal\/wp-json\/wp\/v2\/tags?post=171794"}],"curies":[{"name":"wp","href":"https:\/\/api.w.org\/{rel}","templated":true}]}}