{"id":171808,"date":"2026-01-25T10:57:34","date_gmt":"2026-01-25T09:57:34","guid":{"rendered":"https:\/\/likemetkovic.hr\/portal\/?p=171808"},"modified":"2026-01-25T10:57:57","modified_gmt":"2026-01-25T09:57:57","slug":"teska-prometna-nesreca-na-kvavacu-2-smrtno-stradala-jedna-osoba","status":"publish","type":"post","link":"https:\/\/likemetkovic.hr\/portal\/teska-prometna-nesreca-na-kvavacu-2-smrtno-stradala-jedna-osoba\/","title":{"rendered":"Te\u0161ka prometna nesre\u0107a na Kvavacu 2, smrtno stradala jedna osoba"},"content":{"rendered":"<p>Jutros se dogodila te\u0161ka prometna nesre\u0107a u kojoj je smrtno sradala jedna osoba.<\/p>\n<p>&#8211; Policija je oko 9,30 sati zaprimila dojavu o vozilu koje pluta u koritu rijeke Neretve u Krvavcu. Na mjesto doga\u0111aja su odmah izi\u0161le sve \u017eurne slu\u017ebe odnosno policja, vatrogasci i HGSS. Vozilo je izvu\u010deno iz rijeke i u njemu je pronadeno tijelo 63-godisnjeg mu\u0161karca. U tijeku je policijski ocevid i utvr\u0111ivanje okolnosti pod kojima je vozilo sletjelo u rijeku Neretvu, izvijestili su iz policije.<\/p>\n<p><img decoding=\"async\" class=\"alignnone size-full wp-image-171809\" src=\"https:\/\/likemetkovic.hr\/portal\/wp-content\/uploads\/2026\/01\/proometna-krvavac2-25-01-2026.jpeg\" alt=\"\" width=\"800\" height=\"566\" srcset=\"https:\/\/likemetkovic.hr\/portal\/wp-content\/uploads\/2026\/01\/proometna-krvavac2-25-01-2026.jpeg 800w, https:\/\/likemetkovic.hr\/portal\/wp-content\/uploads\/2026\/01\/proometna-krvavac2-25-01-2026-768x543.jpeg 768w, https:\/\/likemetkovic.hr\/portal\/wp-content\/uploads\/2026\/01\/proometna-krvavac2-25-01-2026-594x420.jpeg 594w, https:\/\/likemetkovic.hr\/portal\/wp-content\/uploads\/2026\/01\/proometna-krvavac2-25-01-2026-150x106.jpeg 150w, https:\/\/likemetkovic.hr\/portal\/wp-content\/uploads\/2026\/01\/proometna-krvavac2-25-01-2026-300x212.jpeg 300w, https:\/\/likemetkovic.hr\/portal\/wp-content\/uploads\/2026\/01\/proometna-krvavac2-25-01-2026-696x492.jpeg 696w, https:\/\/likemetkovic.hr\/portal\/wp-content\/uploads\/2026\/01\/proometna-krvavac2-25-01-2026-100x70.jpeg 100w\" sizes=\"(max-width: 800px) 100vw, 800px\" \/><\/p>\n","protected":false},"excerpt":{"rendered":"<p>Jutros se dogodila te\u0161ka prometna nesre\u0107a u kojoj je smrtno sradala jedna osoba. &#8211; Policija je oko 9,30 sati zaprimila dojavu o vozilu koje pluta u koritu rijeke Neretve u Krvavcu. Na mjesto doga\u0111aja su odmah izi\u0161le sve \u017eurne slu\u017ebe odnosno policja, vatrogasci i HGSS. Vozilo je izvu\u010deno iz rijeke i u njemu je pronadeno [&hellip;]<\/p>\n","protected":false},"author":7,"featured_media":171809,"comment_status":"open","ping_status":"open","sticky":false,"template":"","format":"standard","meta":{"footnotes":""},"categories":[296,305],"tags":[568],"class_list":{"0":"post-171808","1":"post","2":"type-post","3":"status-publish","4":"format-standard","5":"has-post-thumbnail","7":"category-ab","8":"category-crna-kronika","9":"tag-prometna-nesreca"},"yoast_head":"<!-- This site is optimized with the Yoast SEO plugin v25.2 - https:\/\/yoast.com\/wordpress\/plugins\/seo\/ -->\n<title>Te\u0161ka prometna nesre\u0107a na Kvavacu 2, smrtno stradala jedna osoba - likemetkovic.hr<\/title>\n<meta name=\"robots\" content=\"index, follow, max-snippet:-1, max-image-preview:large, max-video-preview:-1\" \/>\n<link rel=\"canonical\" href=\"https:\/\/likemetkovic.hr\/portal\/teska-prometna-nesreca-na-kvavacu-2-smrtno-stradala-jedna-osoba\/\" \/>\n<meta property=\"og:locale\" content=\"hr_HR\" \/>\n<meta property=\"og:type\" content=\"article\" \/>\n<meta property=\"og:title\" content=\"Te\u0161ka prometna nesre\u0107a na Kvavacu 2, smrtno stradala jedna osoba - likemetkovic.hr\" \/>\n<meta property=\"og:description\" content=\"Jutros se dogodila te\u0161ka prometna nesre\u0107a u kojoj je smrtno sradala jedna osoba. &#8211; Policija je oko 9,30 sati zaprimila dojavu o vozilu koje pluta u koritu rijeke Neretve u Krvavcu. Na mjesto doga\u0111aja su odmah izi\u0161le sve \u017eurne slu\u017ebe odnosno policja, vatrogasci i HGSS. Vozilo je izvu\u010deno iz rijeke i u njemu je pronadeno [&hellip;]\" \/>\n<meta property=\"og:url\" content=\"https:\/\/likemetkovic.hr\/portal\/teska-prometna-nesreca-na-kvavacu-2-smrtno-stradala-jedna-osoba\/\" \/>\n<meta property=\"og:site_name\" content=\"likemetkovic.hr\" \/>\n<meta property=\"article:publisher\" content=\"https:\/\/www.facebook.com\/likemetkovic.hr\/\" \/>\n<meta property=\"article:published_time\" content=\"2026-01-25T09:57:34+00:00\" \/>\n<meta property=\"article:modified_time\" content=\"2026-01-25T09:57:57+00:00\" \/>\n<meta property=\"og:image\" content=\"https:\/\/likemetkovic.hr\/portal\/wp-content\/uploads\/2026\/01\/proometna-krvavac2-25-01-2026.jpeg\" \/>\n\t<meta property=\"og:image:width\" content=\"800\" \/>\n\t<meta property=\"og:image:height\" content=\"566\" \/>\n\t<meta property=\"og:image:type\" content=\"image\/jpeg\" \/>\n<meta name=\"author\" content=\"LIKEmetkovic.hr\" \/>\n<meta name=\"twitter:card\" content=\"summary_large_image\" \/>\n<meta name=\"twitter:label1\" content=\"Napisao\/la\" \/>\n\t<meta name=\"twitter:data1\" content=\"LIKEmetkovic.hr\" \/>\n\t<meta name=\"twitter:label2\" content=\"Procijenjeno vrijeme \u010ditanja\" \/>\n\t<meta name=\"twitter:data2\" content=\"1 minuta\" \/>\n<script type=\"application\/ld+json\" class=\"yoast-schema-graph\">{\"@context\":\"https:\/\/schema.org\",\"@graph\":[{\"@type\":\"WebPage\",\"@id\":\"https:\/\/likemetkovic.hr\/portal\/teska-prometna-nesreca-na-kvavacu-2-smrtno-stradala-jedna-osoba\/\",\"url\":\"https:\/\/likemetkovic.hr\/portal\/teska-prometna-nesreca-na-kvavacu-2-smrtno-stradala-jedna-osoba\/\",\"name\":\"Te\u0161ka prometna nesre\u0107a na Kvavacu 2, smrtno stradala jedna osoba - likemetkovic.hr\",\"isPartOf\":{\"@id\":\"https:\/\/likemetkovic.hr\/#website\"},\"primaryImageOfPage\":{\"@id\":\"https:\/\/likemetkovic.hr\/portal\/teska-prometna-nesreca-na-kvavacu-2-smrtno-stradala-jedna-osoba\/#primaryimage\"},\"image\":{\"@id\":\"https:\/\/likemetkovic.hr\/portal\/teska-prometna-nesreca-na-kvavacu-2-smrtno-stradala-jedna-osoba\/#primaryimage\"},\"thumbnailUrl\":\"https:\/\/likemetkovic.hr\/portal\/wp-content\/uploads\/2026\/01\/proometna-krvavac2-25-01-2026.jpeg\",\"datePublished\":\"2026-01-25T09:57:34+00:00\",\"dateModified\":\"2026-01-25T09:57:57+00:00\",\"author\":{\"@id\":\"https:\/\/likemetkovic.hr\/#\/schema\/person\/a42711f3385a0e2be6f7e0443bfb28f0\"},\"breadcrumb\":{\"@id\":\"https:\/\/likemetkovic.hr\/portal\/teska-prometna-nesreca-na-kvavacu-2-smrtno-stradala-jedna-osoba\/#breadcrumb\"},\"inLanguage\":\"hr\",\"potentialAction\":[{\"@type\":\"ReadAction\",\"target\":[\"https:\/\/likemetkovic.hr\/portal\/teska-prometna-nesreca-na-kvavacu-2-smrtno-stradala-jedna-osoba\/\"]}]},{\"@type\":\"ImageObject\",\"inLanguage\":\"hr\",\"@id\":\"https:\/\/likemetkovic.hr\/portal\/teska-prometna-nesreca-na-kvavacu-2-smrtno-stradala-jedna-osoba\/#primaryimage\",\"url\":\"https:\/\/likemetkovic.hr\/portal\/wp-content\/uploads\/2026\/01\/proometna-krvavac2-25-01-2026.jpeg\",\"contentUrl\":\"https:\/\/likemetkovic.hr\/portal\/wp-content\/uploads\/2026\/01\/proometna-krvavac2-25-01-2026.jpeg\",\"width\":800,\"height\":566},{\"@type\":\"BreadcrumbList\",\"@id\":\"https:\/\/likemetkovic.hr\/portal\/teska-prometna-nesreca-na-kvavacu-2-smrtno-stradala-jedna-osoba\/#breadcrumb\",\"itemListElement\":[{\"@type\":\"ListItem\",\"position\":1,\"name\":\"Po\u010detna stranica\",\"item\":\"https:\/\/likemetkovic.hr\/portal\/\"},{\"@type\":\"ListItem\",\"position\":2,\"name\":\"Te\u0161ka prometna nesre\u0107a na Kvavacu 2, smrtno stradala jedna osoba\"}]},{\"@type\":\"WebSite\",\"@id\":\"https:\/\/likemetkovic.hr\/#website\",\"url\":\"https:\/\/likemetkovic.hr\/\",\"name\":\"likemetkovic.hr\",\"description\":\"Misli pozitivno... \u010ditaj LIKE\",\"potentialAction\":[{\"@type\":\"SearchAction\",\"target\":{\"@type\":\"EntryPoint\",\"urlTemplate\":\"https:\/\/likemetkovic.hr\/?s={search_term_string}\"},\"query-input\":{\"@type\":\"PropertyValueSpecification\",\"valueRequired\":true,\"valueName\":\"search_term_string\"}}],\"inLanguage\":\"hr\"},{\"@type\":\"Person\",\"@id\":\"https:\/\/likemetkovic.hr\/#\/schema\/person\/a42711f3385a0e2be6f7e0443bfb28f0\",\"name\":\"LIKEmetkovic.hr\",\"sameAs\":[\"http:\/\/likemetkovic.hr\"],\"url\":\"https:\/\/likemetkovic.hr\/portal\/author\/likemetkovic-hr\/\"}]}<\/script>\n<!-- \/ Yoast SEO plugin. -->","yoast_head_json":{"title":"Te\u0161ka prometna nesre\u0107a na Kvavacu 2, smrtno stradala jedna osoba - likemetkovic.hr","robots":{"index":"index","follow":"follow","max-snippet":"max-snippet:-1","max-image-preview":"max-image-preview:large","max-video-preview":"max-video-preview:-1"},"canonical":"https:\/\/likemetkovic.hr\/portal\/teska-prometna-nesreca-na-kvavacu-2-smrtno-stradala-jedna-osoba\/","og_locale":"hr_HR","og_type":"article","og_title":"Te\u0161ka prometna nesre\u0107a na Kvavacu 2, smrtno stradala jedna osoba - likemetkovic.hr","og_description":"Jutros se dogodila te\u0161ka prometna nesre\u0107a u kojoj je smrtno sradala jedna osoba. &#8211; Policija je oko 9,30 sati zaprimila dojavu o vozilu koje pluta u koritu rijeke Neretve u Krvavcu. Na mjesto doga\u0111aja su odmah izi\u0161le sve \u017eurne slu\u017ebe odnosno policja, vatrogasci i HGSS. Vozilo je izvu\u010deno iz rijeke i u njemu je pronadeno [&hellip;]","og_url":"https:\/\/likemetkovic.hr\/portal\/teska-prometna-nesreca-na-kvavacu-2-smrtno-stradala-jedna-osoba\/","og_site_name":"likemetkovic.hr","article_publisher":"https:\/\/www.facebook.com\/likemetkovic.hr\/","article_published_time":"2026-01-25T09:57:34+00:00","article_modified_time":"2026-01-25T09:57:57+00:00","og_image":[{"width":800,"height":566,"url":"https:\/\/likemetkovic.hr\/portal\/wp-content\/uploads\/2026\/01\/proometna-krvavac2-25-01-2026.jpeg","type":"image\/jpeg"}],"author":"LIKEmetkovic.hr","twitter_card":"summary_large_image","twitter_misc":{"Napisao\/la":"LIKEmetkovic.hr","Procijenjeno vrijeme \u010ditanja":"1 minuta"},"schema":{"@context":"https:\/\/schema.org","@graph":[{"@type":"WebPage","@id":"https:\/\/likemetkovic.hr\/portal\/teska-prometna-nesreca-na-kvavacu-2-smrtno-stradala-jedna-osoba\/","url":"https:\/\/likemetkovic.hr\/portal\/teska-prometna-nesreca-na-kvavacu-2-smrtno-stradala-jedna-osoba\/","name":"Te\u0161ka prometna nesre\u0107a na Kvavacu 2, smrtno stradala jedna osoba - likemetkovic.hr","isPartOf":{"@id":"https:\/\/likemetkovic.hr\/#website"},"primaryImageOfPage":{"@id":"https:\/\/likemetkovic.hr\/portal\/teska-prometna-nesreca-na-kvavacu-2-smrtno-stradala-jedna-osoba\/#primaryimage"},"image":{"@id":"https:\/\/likemetkovic.hr\/portal\/teska-prometna-nesreca-na-kvavacu-2-smrtno-stradala-jedna-osoba\/#primaryimage"},"thumbnailUrl":"https:\/\/likemetkovic.hr\/portal\/wp-content\/uploads\/2026\/01\/proometna-krvavac2-25-01-2026.jpeg","datePublished":"2026-01-25T09:57:34+00:00","dateModified":"2026-01-25T09:57:57+00:00","author":{"@id":"https:\/\/likemetkovic.hr\/#\/schema\/person\/a42711f3385a0e2be6f7e0443bfb28f0"},"breadcrumb":{"@id":"https:\/\/likemetkovic.hr\/portal\/teska-prometna-nesreca-na-kvavacu-2-smrtno-stradala-jedna-osoba\/#breadcrumb"},"inLanguage":"hr","potentialAction":[{"@type":"ReadAction","target":["https:\/\/likemetkovic.hr\/portal\/teska-prometna-nesreca-na-kvavacu-2-smrtno-stradala-jedna-osoba\/"]}]},{"@type":"ImageObject","inLanguage":"hr","@id":"https:\/\/likemetkovic.hr\/portal\/teska-prometna-nesreca-na-kvavacu-2-smrtno-stradala-jedna-osoba\/#primaryimage","url":"https:\/\/likemetkovic.hr\/portal\/wp-content\/uploads\/2026\/01\/proometna-krvavac2-25-01-2026.jpeg","contentUrl":"https:\/\/likemetkovic.hr\/portal\/wp-content\/uploads\/2026\/01\/proometna-krvavac2-25-01-2026.jpeg","width":800,"height":566},{"@type":"BreadcrumbList","@id":"https:\/\/likemetkovic.hr\/portal\/teska-prometna-nesreca-na-kvavacu-2-smrtno-stradala-jedna-osoba\/#breadcrumb","itemListElement":[{"@type":"ListItem","position":1,"name":"Po\u010detna stranica","item":"https:\/\/likemetkovic.hr\/portal\/"},{"@type":"ListItem","position":2,"name":"Te\u0161ka prometna nesre\u0107a na Kvavacu 2, smrtno stradala jedna osoba"}]},{"@type":"WebSite","@id":"https:\/\/likemetkovic.hr\/#website","url":"https:\/\/likemetkovic.hr\/","name":"likemetkovic.hr","description":"Misli pozitivno... \u010ditaj LIKE","potentialAction":[{"@type":"SearchAction","target":{"@type":"EntryPoint","urlTemplate":"https:\/\/likemetkovic.hr\/?s={search_term_string}"},"query-input":{"@type":"PropertyValueSpecification","valueRequired":true,"valueName":"search_term_string"}}],"inLanguage":"hr"},{"@type":"Person","@id":"https:\/\/likemetkovic.hr\/#\/schema\/person\/a42711f3385a0e2be6f7e0443bfb28f0","name":"LIKEmetkovic.hr","sameAs":["http:\/\/likemetkovic.hr"],"url":"https:\/\/likemetkovic.hr\/portal\/author\/likemetkovic-hr\/"}]}},"_links":{"self":[{"href":"https:\/\/likemetkovic.hr\/portal\/wp-json\/wp\/v2\/posts\/171808","targetHints":{"allow":["GET"]}}],"collection":[{"href":"https:\/\/likemetkovic.hr\/portal\/wp-json\/wp\/v2\/posts"}],"about":[{"href":"https:\/\/likemetkovic.hr\/portal\/wp-json\/wp\/v2\/types\/post"}],"author":[{"embeddable":true,"href":"https:\/\/likemetkovic.hr\/portal\/wp-json\/wp\/v2\/users\/7"}],"replies":[{"embeddable":true,"href":"https:\/\/likemetkovic.hr\/portal\/wp-json\/wp\/v2\/comments?post=171808"}],"version-history":[{"count":4,"href":"https:\/\/likemetkovic.hr\/portal\/wp-json\/wp\/v2\/posts\/171808\/revisions"}],"predecessor-version":[{"id":171814,"href":"https:\/\/likemetkovic.hr\/portal\/wp-json\/wp\/v2\/posts\/171808\/revisions\/171814"}],"wp:featuredmedia":[{"embeddable":true,"href":"https:\/\/likemetkovic.hr\/portal\/wp-json\/wp\/v2\/media\/171809"}],"wp:attachment":[{"href":"https:\/\/likemetkovic.hr\/portal\/wp-json\/wp\/v2\/media?parent=171808"}],"wp:term":[{"taxonomy":"category","embeddable":true,"href":"https:\/\/likemetkovic.hr\/portal\/wp-json\/wp\/v2\/categories?post=171808"},{"taxonomy":"post_tag","embeddable":true,"href":"https:\/\/likemetkovic.hr\/portal\/wp-json\/wp\/v2\/tags?post=171808"}],"curies":[{"name":"wp","href":"https:\/\/api.w.org\/{rel}","templated":true}]}}