{"id":171847,"date":"2026-01-27T07:43:58","date_gmt":"2026-01-27T06:43:58","guid":{"rendered":"https:\/\/likemetkovic.hr\/portal\/?p=171847"},"modified":"2026-01-27T07:43:58","modified_gmt":"2026-01-27T06:43:58","slug":"objavljen-je-natjecaj-ploce-i-luka-zajedno-za-ljepsi-i-bolji-grad-kojim-se-podrzavaju-lokalni-projekti","status":"publish","type":"post","link":"https:\/\/likemetkovic.hr\/portal\/objavljen-je-natjecaj-ploce-i-luka-zajedno-za-ljepsi-i-bolji-grad-kojim-se-podrzavaju-lokalni-projekti\/","title":{"rendered":"Objavljen je natje\u010daj \u201ePlo\u010de i Luka ZAjedno \u2013 za ljep\u0161i i bolji grad\u201c kojim se podr\u017eavaju lokalni projekti"},"content":{"rendered":"<p>Ve\u0107 tre\u0107u godinu zaredom objavljen je donacijski natje\u010daj \u201ePlo\u010de i Luka ZAjedno\u00a0 &#8211; za ljep\u0161i i bolji grad\u201c, koji ima za cilj podr\u017eati razvoj hvalevrijednih projekata na \u0161irem podru\u010dju grada Plo\u010da. Upute za prijavu nalaze se na <a href=\"https:\/\/www.luka-ploce.hr\/\"><strong>web stranici Luke Plo\u010de<\/strong><\/a>, a rok za prijavu je 13. velja\u010de.<\/p>\n<p>Luka Plo\u010de d.d. neizostavan je dio razvoja i rasta grada Plo\u010da, a ovaj donacijski natje\u010daj predstavlja izvrsnu priliku da se donacijama i podr\u0161kom korisnim projektima doprinese stvaranju boljeg i kvalitetnijeg \u017eivota u Plo\u010dama.<\/p>\n<p>Predsjednik Uprave Hrvoje Livaja pozvao je sve zainteresirane na prijavu: \u201eDonacijski natje\u010daj vi\u0161e je od lijepe tradicije, on je postao sustavna podr\u0161ka lokalnoj zajednici koja nam je va\u017ena a koja ima svoje konkretne potrebe \u2013 bilo da je rije\u010d o kombiju za prijevoz osoba s invaliditetom ili pametnoj plo\u010di za u\u010denike, to su opipljive promjene koje zna\u010de. Veseli me \u0161to mo\u017eemo donijeti pozitivnu promjenu. Zato pozivam sve zainteresirane da se prijave i \u017eelim im puno sre\u0107e.\u201c<\/p>\n<p>Na natje\u010daj se mogu prijaviti organizacije civilnog dru\u0161tva, mjesni odbori, obrazovne ustanove, vjerske zajednice, udruge gra\u0111ana i sportski klubovi, a projekti trebaju biti u jednoj od tri kategorije \u2013 okoli\u0161 i odr\u017eivi razvoj, razvoj lokalne zajednice te sport i mladi. Rije\u010d je o projektima koji se ti\u010du svakodnevice grada i ljudi koji u njemu \u017eive, poput ure\u0111enja i opremanja \u0161kolskih, sportskih i dru\u0161tvenih prostora, nabave opreme i podr\u0161ka inicijativama udruga koje rade s ranjivijim skupinama, organizacije edukativnih, kulturnih i dru\u0161tvenih programa te sportskih aktivnosti za djecu i mlade. U prethodnim godinama donacijama su, me\u0111u ostalim, podr\u017eani programi za vrti\u0107ku djecu, opremanje ronila\u010dkog kluba, projekt posudionice medicinskih i ortopedskih pomagala, kulturna doga\u0111anja i festivali, kao i aktivnosti koje i starijima i mla\u0111ima omogu\u0107uju kvalitetnije i aktivnije provo\u0111enje slobodnog vremena.<\/p>\n<p>Luka Plo\u010de d.d. jedan je od najve\u0107ih gospodarskih subjekata u Dalmaciji, a trenutno zapo\u0161ljava 388 zaposlenika. Pro\u0161le godine obilje\u017eeno je 80 godina postojanja ove kompanije, \u0161to je \u010dini i jednom od najdugovje\u010dnijih tvrtki na jugu Hrvatske.<\/p>\n","protected":false},"excerpt":{"rendered":"<p>Ve\u0107 tre\u0107u godinu zaredom objavljen je donacijski natje\u010daj \u201ePlo\u010de i Luka ZAjedno\u00a0 &#8211; za ljep\u0161i i bolji grad\u201c, koji ima za cilj podr\u017eati razvoj hvalevrijednih projekata na \u0161irem podru\u010dju grada Plo\u010da. Upute za prijavu nalaze se na web stranici Luke Plo\u010de, a rok za prijavu je 13. velja\u010de. Luka Plo\u010de d.d. neizostavan je dio razvoja [&hellip;]<\/p>\n","protected":false},"author":9,"featured_media":171848,"comment_status":"open","ping_status":"open","sticky":false,"template":"","format":"standard","meta":{"footnotes":""},"categories":[296,11],"tags":[1312],"class_list":{"0":"post-171847","1":"post","2":"type-post","3":"status-publish","4":"format-standard","5":"has-post-thumbnail","7":"category-ab","8":"category-metkovic-dolina","9":"tag-luka-ploce"},"yoast_head":"<!-- This site is optimized with the Yoast SEO plugin v25.2 - https:\/\/yoast.com\/wordpress\/plugins\/seo\/ -->\n<title>Objavljen je natje\u010daj \u201ePlo\u010de i Luka ZAjedno \u2013 za ljep\u0161i i bolji grad\u201c kojim se podr\u017eavaju lokalni projekti - likemetkovic.hr<\/title>\n<meta name=\"robots\" content=\"index, follow, max-snippet:-1, max-image-preview:large, max-video-preview:-1\" \/>\n<link rel=\"canonical\" href=\"https:\/\/likemetkovic.hr\/portal\/objavljen-je-natjecaj-ploce-i-luka-zajedno-za-ljepsi-i-bolji-grad-kojim-se-podrzavaju-lokalni-projekti\/\" \/>\n<meta property=\"og:locale\" content=\"hr_HR\" \/>\n<meta property=\"og:type\" content=\"article\" \/>\n<meta property=\"og:title\" content=\"Objavljen je natje\u010daj \u201ePlo\u010de i Luka ZAjedno \u2013 za ljep\u0161i i bolji grad\u201c kojim se podr\u017eavaju lokalni projekti - likemetkovic.hr\" \/>\n<meta property=\"og:description\" content=\"Ve\u0107 tre\u0107u godinu zaredom objavljen je donacijski natje\u010daj \u201ePlo\u010de i Luka ZAjedno\u00a0 &#8211; za ljep\u0161i i bolji grad\u201c, koji ima za cilj podr\u017eati razvoj hvalevrijednih projekata na \u0161irem podru\u010dju grada Plo\u010da. Upute za prijavu nalaze se na web stranici Luke Plo\u010de, a rok za prijavu je 13. velja\u010de. Luka Plo\u010de d.d. neizostavan je dio razvoja [&hellip;]\" \/>\n<meta property=\"og:url\" content=\"https:\/\/likemetkovic.hr\/portal\/objavljen-je-natjecaj-ploce-i-luka-zajedno-za-ljepsi-i-bolji-grad-kojim-se-podrzavaju-lokalni-projekti\/\" \/>\n<meta property=\"og:site_name\" content=\"likemetkovic.hr\" \/>\n<meta property=\"article:publisher\" content=\"https:\/\/www.facebook.com\/likemetkovic.hr\/\" \/>\n<meta property=\"article:published_time\" content=\"2026-01-27T06:43:58+00:00\" \/>\n<meta property=\"og:image\" content=\"https:\/\/likemetkovic.hr\/portal\/wp-content\/uploads\/2026\/01\/luka-ploce.jpg\" \/>\n\t<meta property=\"og:image:width\" content=\"800\" \/>\n\t<meta property=\"og:image:height\" content=\"450\" \/>\n\t<meta property=\"og:image:type\" content=\"image\/jpeg\" \/>\n<meta name=\"author\" content=\"K. J.\" \/>\n<meta name=\"twitter:card\" content=\"summary_large_image\" \/>\n<meta name=\"twitter:label1\" content=\"Napisao\/la\" \/>\n\t<meta name=\"twitter:data1\" content=\"K. J.\" \/>\n\t<meta name=\"twitter:label2\" content=\"Procijenjeno vrijeme \u010ditanja\" \/>\n\t<meta name=\"twitter:data2\" content=\"2 minute\" \/>\n<script type=\"application\/ld+json\" class=\"yoast-schema-graph\">{\"@context\":\"https:\/\/schema.org\",\"@graph\":[{\"@type\":\"WebPage\",\"@id\":\"https:\/\/likemetkovic.hr\/portal\/objavljen-je-natjecaj-ploce-i-luka-zajedno-za-ljepsi-i-bolji-grad-kojim-se-podrzavaju-lokalni-projekti\/\",\"url\":\"https:\/\/likemetkovic.hr\/portal\/objavljen-je-natjecaj-ploce-i-luka-zajedno-za-ljepsi-i-bolji-grad-kojim-se-podrzavaju-lokalni-projekti\/\",\"name\":\"Objavljen je natje\u010daj \u201ePlo\u010de i Luka ZAjedno \u2013 za ljep\u0161i i bolji grad\u201c kojim se podr\u017eavaju lokalni projekti - likemetkovic.hr\",\"isPartOf\":{\"@id\":\"https:\/\/likemetkovic.hr\/#website\"},\"primaryImageOfPage\":{\"@id\":\"https:\/\/likemetkovic.hr\/portal\/objavljen-je-natjecaj-ploce-i-luka-zajedno-za-ljepsi-i-bolji-grad-kojim-se-podrzavaju-lokalni-projekti\/#primaryimage\"},\"image\":{\"@id\":\"https:\/\/likemetkovic.hr\/portal\/objavljen-je-natjecaj-ploce-i-luka-zajedno-za-ljepsi-i-bolji-grad-kojim-se-podrzavaju-lokalni-projekti\/#primaryimage\"},\"thumbnailUrl\":\"https:\/\/likemetkovic.hr\/portal\/wp-content\/uploads\/2026\/01\/luka-ploce.jpg\",\"datePublished\":\"2026-01-27T06:43:58+00:00\",\"author\":{\"@id\":\"https:\/\/likemetkovic.hr\/#\/schema\/person\/0a8b4ebfdfe1ff01192dccda40c5da0c\"},\"breadcrumb\":{\"@id\":\"https:\/\/likemetkovic.hr\/portal\/objavljen-je-natjecaj-ploce-i-luka-zajedno-za-ljepsi-i-bolji-grad-kojim-se-podrzavaju-lokalni-projekti\/#breadcrumb\"},\"inLanguage\":\"hr\",\"potentialAction\":[{\"@type\":\"ReadAction\",\"target\":[\"https:\/\/likemetkovic.hr\/portal\/objavljen-je-natjecaj-ploce-i-luka-zajedno-za-ljepsi-i-bolji-grad-kojim-se-podrzavaju-lokalni-projekti\/\"]}]},{\"@type\":\"ImageObject\",\"inLanguage\":\"hr\",\"@id\":\"https:\/\/likemetkovic.hr\/portal\/objavljen-je-natjecaj-ploce-i-luka-zajedno-za-ljepsi-i-bolji-grad-kojim-se-podrzavaju-lokalni-projekti\/#primaryimage\",\"url\":\"https:\/\/likemetkovic.hr\/portal\/wp-content\/uploads\/2026\/01\/luka-ploce.jpg\",\"contentUrl\":\"https:\/\/likemetkovic.hr\/portal\/wp-content\/uploads\/2026\/01\/luka-ploce.jpg\",\"width\":800,\"height\":450},{\"@type\":\"BreadcrumbList\",\"@id\":\"https:\/\/likemetkovic.hr\/portal\/objavljen-je-natjecaj-ploce-i-luka-zajedno-za-ljepsi-i-bolji-grad-kojim-se-podrzavaju-lokalni-projekti\/#breadcrumb\",\"itemListElement\":[{\"@type\":\"ListItem\",\"position\":1,\"name\":\"Po\u010detna stranica\",\"item\":\"https:\/\/likemetkovic.hr\/portal\/\"},{\"@type\":\"ListItem\",\"position\":2,\"name\":\"Objavljen je natje\u010daj \u201ePlo\u010de i Luka ZAjedno \u2013 za ljep\u0161i i bolji grad\u201c kojim se podr\u017eavaju lokalni projekti\"}]},{\"@type\":\"WebSite\",\"@id\":\"https:\/\/likemetkovic.hr\/#website\",\"url\":\"https:\/\/likemetkovic.hr\/\",\"name\":\"likemetkovic.hr\",\"description\":\"Misli pozitivno... \u010ditaj LIKE\",\"potentialAction\":[{\"@type\":\"SearchAction\",\"target\":{\"@type\":\"EntryPoint\",\"urlTemplate\":\"https:\/\/likemetkovic.hr\/?s={search_term_string}\"},\"query-input\":{\"@type\":\"PropertyValueSpecification\",\"valueRequired\":true,\"valueName\":\"search_term_string\"}}],\"inLanguage\":\"hr\"},{\"@type\":\"Person\",\"@id\":\"https:\/\/likemetkovic.hr\/#\/schema\/person\/0a8b4ebfdfe1ff01192dccda40c5da0c\",\"name\":\"K. J.\",\"url\":\"https:\/\/likemetkovic.hr\/portal\/author\/likemetkovic\/\"}]}<\/script>\n<!-- \/ Yoast SEO plugin. -->","yoast_head_json":{"title":"Objavljen je natje\u010daj \u201ePlo\u010de i Luka ZAjedno \u2013 za ljep\u0161i i bolji grad\u201c kojim se podr\u017eavaju lokalni projekti - likemetkovic.hr","robots":{"index":"index","follow":"follow","max-snippet":"max-snippet:-1","max-image-preview":"max-image-preview:large","max-video-preview":"max-video-preview:-1"},"canonical":"https:\/\/likemetkovic.hr\/portal\/objavljen-je-natjecaj-ploce-i-luka-zajedno-za-ljepsi-i-bolji-grad-kojim-se-podrzavaju-lokalni-projekti\/","og_locale":"hr_HR","og_type":"article","og_title":"Objavljen je natje\u010daj \u201ePlo\u010de i Luka ZAjedno \u2013 za ljep\u0161i i bolji grad\u201c kojim se podr\u017eavaju lokalni projekti - likemetkovic.hr","og_description":"Ve\u0107 tre\u0107u godinu zaredom objavljen je donacijski natje\u010daj \u201ePlo\u010de i Luka ZAjedno\u00a0 &#8211; za ljep\u0161i i bolji grad\u201c, koji ima za cilj podr\u017eati razvoj hvalevrijednih projekata na \u0161irem podru\u010dju grada Plo\u010da. Upute za prijavu nalaze se na web stranici Luke Plo\u010de, a rok za prijavu je 13. velja\u010de. Luka Plo\u010de d.d. neizostavan je dio razvoja [&hellip;]","og_url":"https:\/\/likemetkovic.hr\/portal\/objavljen-je-natjecaj-ploce-i-luka-zajedno-za-ljepsi-i-bolji-grad-kojim-se-podrzavaju-lokalni-projekti\/","og_site_name":"likemetkovic.hr","article_publisher":"https:\/\/www.facebook.com\/likemetkovic.hr\/","article_published_time":"2026-01-27T06:43:58+00:00","og_image":[{"width":800,"height":450,"url":"https:\/\/likemetkovic.hr\/portal\/wp-content\/uploads\/2026\/01\/luka-ploce.jpg","type":"image\/jpeg"}],"author":"K. J.","twitter_card":"summary_large_image","twitter_misc":{"Napisao\/la":"K. J.","Procijenjeno vrijeme \u010ditanja":"2 minute"},"schema":{"@context":"https:\/\/schema.org","@graph":[{"@type":"WebPage","@id":"https:\/\/likemetkovic.hr\/portal\/objavljen-je-natjecaj-ploce-i-luka-zajedno-za-ljepsi-i-bolji-grad-kojim-se-podrzavaju-lokalni-projekti\/","url":"https:\/\/likemetkovic.hr\/portal\/objavljen-je-natjecaj-ploce-i-luka-zajedno-za-ljepsi-i-bolji-grad-kojim-se-podrzavaju-lokalni-projekti\/","name":"Objavljen je natje\u010daj \u201ePlo\u010de i Luka ZAjedno \u2013 za ljep\u0161i i bolji grad\u201c kojim se podr\u017eavaju lokalni projekti - likemetkovic.hr","isPartOf":{"@id":"https:\/\/likemetkovic.hr\/#website"},"primaryImageOfPage":{"@id":"https:\/\/likemetkovic.hr\/portal\/objavljen-je-natjecaj-ploce-i-luka-zajedno-za-ljepsi-i-bolji-grad-kojim-se-podrzavaju-lokalni-projekti\/#primaryimage"},"image":{"@id":"https:\/\/likemetkovic.hr\/portal\/objavljen-je-natjecaj-ploce-i-luka-zajedno-za-ljepsi-i-bolji-grad-kojim-se-podrzavaju-lokalni-projekti\/#primaryimage"},"thumbnailUrl":"https:\/\/likemetkovic.hr\/portal\/wp-content\/uploads\/2026\/01\/luka-ploce.jpg","datePublished":"2026-01-27T06:43:58+00:00","author":{"@id":"https:\/\/likemetkovic.hr\/#\/schema\/person\/0a8b4ebfdfe1ff01192dccda40c5da0c"},"breadcrumb":{"@id":"https:\/\/likemetkovic.hr\/portal\/objavljen-je-natjecaj-ploce-i-luka-zajedno-za-ljepsi-i-bolji-grad-kojim-se-podrzavaju-lokalni-projekti\/#breadcrumb"},"inLanguage":"hr","potentialAction":[{"@type":"ReadAction","target":["https:\/\/likemetkovic.hr\/portal\/objavljen-je-natjecaj-ploce-i-luka-zajedno-za-ljepsi-i-bolji-grad-kojim-se-podrzavaju-lokalni-projekti\/"]}]},{"@type":"ImageObject","inLanguage":"hr","@id":"https:\/\/likemetkovic.hr\/portal\/objavljen-je-natjecaj-ploce-i-luka-zajedno-za-ljepsi-i-bolji-grad-kojim-se-podrzavaju-lokalni-projekti\/#primaryimage","url":"https:\/\/likemetkovic.hr\/portal\/wp-content\/uploads\/2026\/01\/luka-ploce.jpg","contentUrl":"https:\/\/likemetkovic.hr\/portal\/wp-content\/uploads\/2026\/01\/luka-ploce.jpg","width":800,"height":450},{"@type":"BreadcrumbList","@id":"https:\/\/likemetkovic.hr\/portal\/objavljen-je-natjecaj-ploce-i-luka-zajedno-za-ljepsi-i-bolji-grad-kojim-se-podrzavaju-lokalni-projekti\/#breadcrumb","itemListElement":[{"@type":"ListItem","position":1,"name":"Po\u010detna stranica","item":"https:\/\/likemetkovic.hr\/portal\/"},{"@type":"ListItem","position":2,"name":"Objavljen je natje\u010daj \u201ePlo\u010de i Luka ZAjedno \u2013 za ljep\u0161i i bolji grad\u201c kojim se podr\u017eavaju lokalni projekti"}]},{"@type":"WebSite","@id":"https:\/\/likemetkovic.hr\/#website","url":"https:\/\/likemetkovic.hr\/","name":"likemetkovic.hr","description":"Misli pozitivno... \u010ditaj LIKE","potentialAction":[{"@type":"SearchAction","target":{"@type":"EntryPoint","urlTemplate":"https:\/\/likemetkovic.hr\/?s={search_term_string}"},"query-input":{"@type":"PropertyValueSpecification","valueRequired":true,"valueName":"search_term_string"}}],"inLanguage":"hr"},{"@type":"Person","@id":"https:\/\/likemetkovic.hr\/#\/schema\/person\/0a8b4ebfdfe1ff01192dccda40c5da0c","name":"K. J.","url":"https:\/\/likemetkovic.hr\/portal\/author\/likemetkovic\/"}]}},"_links":{"self":[{"href":"https:\/\/likemetkovic.hr\/portal\/wp-json\/wp\/v2\/posts\/171847","targetHints":{"allow":["GET"]}}],"collection":[{"href":"https:\/\/likemetkovic.hr\/portal\/wp-json\/wp\/v2\/posts"}],"about":[{"href":"https:\/\/likemetkovic.hr\/portal\/wp-json\/wp\/v2\/types\/post"}],"author":[{"embeddable":true,"href":"https:\/\/likemetkovic.hr\/portal\/wp-json\/wp\/v2\/users\/9"}],"replies":[{"embeddable":true,"href":"https:\/\/likemetkovic.hr\/portal\/wp-json\/wp\/v2\/comments?post=171847"}],"version-history":[{"count":1,"href":"https:\/\/likemetkovic.hr\/portal\/wp-json\/wp\/v2\/posts\/171847\/revisions"}],"predecessor-version":[{"id":171849,"href":"https:\/\/likemetkovic.hr\/portal\/wp-json\/wp\/v2\/posts\/171847\/revisions\/171849"}],"wp:featuredmedia":[{"embeddable":true,"href":"https:\/\/likemetkovic.hr\/portal\/wp-json\/wp\/v2\/media\/171848"}],"wp:attachment":[{"href":"https:\/\/likemetkovic.hr\/portal\/wp-json\/wp\/v2\/media?parent=171847"}],"wp:term":[{"taxonomy":"category","embeddable":true,"href":"https:\/\/likemetkovic.hr\/portal\/wp-json\/wp\/v2\/categories?post=171847"},{"taxonomy":"post_tag","embeddable":true,"href":"https:\/\/likemetkovic.hr\/portal\/wp-json\/wp\/v2\/tags?post=171847"}],"curies":[{"name":"wp","href":"https:\/\/api.w.org\/{rel}","templated":true}]}}