{"id":171850,"date":"2026-01-27T09:38:08","date_gmt":"2026-01-27T08:38:08","guid":{"rendered":"https:\/\/likemetkovic.hr\/portal\/?p=171850"},"modified":"2026-01-27T10:04:51","modified_gmt":"2026-01-27T09:04:51","slug":"molitvena-zajednica-oca-ante-gabrica-sudjelovala-na-susretu-zajednica-saveza-u-zadru","status":"publish","type":"post","link":"https:\/\/likemetkovic.hr\/portal\/molitvena-zajednica-oca-ante-gabrica-sudjelovala-na-susretu-zajednica-saveza-u-zadru\/","title":{"rendered":"Molitvena zajednica oca Ante Gabri\u0107a sudjelovala na susretu \u201eZajednica saveza\u201c u Zadru"},"content":{"rendered":"<p data-start=\"92\" data-end=\"319\"><strong>Molitvena zajednica Sluge Bo\u017ejega oca Ante Gabri\u0107a<\/strong> boravila je protekloga vikenda, od 23. do 25. sije\u010dnja, u Zadru, gdje je sudjelovala na susretu i duhovnoj obnovi \u201eZajednica saveza\u201c, koja okuplja zajednice iz cijele Hrvatske.<\/p>\n<p data-start=\"321\" data-end=\"615\">Na susretu je sudjelovalo 56 \u010dlanova molitvene zajednice, a zajedno s \u010dlanovima njihovih obitelji \u2013 supru\u017enicima i djecom \u2013 ukupno se okupilo 135 sudionika. Program susreta bio je usmjeren na ja\u010danje zajedni\u0161tva, duhovni rast i produbljivanje vjere kroz molitvu, kateheze i zajedni\u010dko dru\u017eenje.<\/p>\n<p data-start=\"617\" data-end=\"980\"><img decoding=\"async\" class=\"alignnone size-full wp-image-171851\" src=\"https:\/\/likemetkovic.hr\/portal\/wp-content\/uploads\/2026\/01\/molitvena-zajednica-o-ante-gabric.jpg\" alt=\"\" width=\"800\" height=\"451\" srcset=\"https:\/\/likemetkovic.hr\/portal\/wp-content\/uploads\/2026\/01\/molitvena-zajednica-o-ante-gabric.jpg 800w, https:\/\/likemetkovic.hr\/portal\/wp-content\/uploads\/2026\/01\/molitvena-zajednica-o-ante-gabric-768x433.jpg 768w, https:\/\/likemetkovic.hr\/portal\/wp-content\/uploads\/2026\/01\/molitvena-zajednica-o-ante-gabric-745x420.jpg 745w, https:\/\/likemetkovic.hr\/portal\/wp-content\/uploads\/2026\/01\/molitvena-zajednica-o-ante-gabric-150x85.jpg 150w, https:\/\/likemetkovic.hr\/portal\/wp-content\/uploads\/2026\/01\/molitvena-zajednica-o-ante-gabric-300x169.jpg 300w, https:\/\/likemetkovic.hr\/portal\/wp-content\/uploads\/2026\/01\/molitvena-zajednica-o-ante-gabric-696x392.jpg 696w\" sizes=\"(max-width: 800px) 100vw, 800px\" \/><\/p>\n<p data-start=\"617\" data-end=\"980\">Sredi\u0161nja tema susreta bila je \u017eivot u zajednici, a glavni predava\u010d bio je<strong> Jean Barbara<\/strong>, utemeljitelj i voditelj katoli\u010dke karizmatske zajednice \u201eMa\u010d duha\u201c iz Libanona, domovine sv. \u0160arbela. Kroz svoja izlaganja govorio je o konkretnim izazovima i ljepoti zajedni\u010dkog kr\u0161\u0107anskog \u017eivota, svjedo\u010de\u0107i osobni odnos s Bogom nadahnut duhovno\u0161\u0107u i primjerom sv. \u0160arbela.<\/p>\n<p data-start=\"982\" data-end=\"1160\">Tijekom susreta vodstvo zajednice uru\u010dilo je dragom gostu simboli\u010dan dar \u2013 sliku Sluge Bo\u017ejega oca Ante Gabri\u0107a i sv. Majke Terezije, kao znak zahvalnosti i duhovnog zajedni\u0161tva.<\/p>\n<p data-start=\"982\" data-end=\"1160\"><img decoding=\"async\" class=\"alignnone size-medium wp-image-171852\" src=\"https:\/\/likemetkovic.hr\/portal\/wp-content\/uploads\/2026\/01\/molitvena-zajednica-o-ante-gabric-1.jpg\" alt=\"\" width=\"800\" height=\"430\" srcset=\"https:\/\/likemetkovic.hr\/portal\/wp-content\/uploads\/2026\/01\/molitvena-zajednica-o-ante-gabric-1.jpg 800w, https:\/\/likemetkovic.hr\/portal\/wp-content\/uploads\/2026\/01\/molitvena-zajednica-o-ante-gabric-1-768x413.jpg 768w, https:\/\/likemetkovic.hr\/portal\/wp-content\/uploads\/2026\/01\/molitvena-zajednica-o-ante-gabric-1-781x420.jpg 781w, https:\/\/likemetkovic.hr\/portal\/wp-content\/uploads\/2026\/01\/molitvena-zajednica-o-ante-gabric-1-150x81.jpg 150w, https:\/\/likemetkovic.hr\/portal\/wp-content\/uploads\/2026\/01\/molitvena-zajednica-o-ante-gabric-1-300x161.jpg 300w, https:\/\/likemetkovic.hr\/portal\/wp-content\/uploads\/2026\/01\/molitvena-zajednica-o-ante-gabric-1-696x374.jpg 696w\" sizes=\"(max-width: 800px) 100vw, 800px\" \/><\/p>\n<p data-start=\"1162\" data-end=\"1369\" data-is-last-node=\"\" data-is-only-node=\"\">Sudionici susreta izrazili su zahvalnost Gospodinu na danima ispunjenima molitvom, u\u010denjem, rastom i zajedni\u0161tvom, uz molitvu da plodovi ovoga vikenda budu vidljivi u \u017eivotu zajednice i svakog njezina \u010dlana.<\/p>\n","protected":false},"excerpt":{"rendered":"<p>Molitvena zajednica Sluge Bo\u017ejega oca Ante Gabri\u0107a boravila je protekloga vikenda, od 23. do 25. sije\u010dnja, u Zadru, gdje je sudjelovala na susretu i duhovnoj obnovi \u201eZajednica saveza\u201c, koja okuplja zajednice iz cijele Hrvatske. Na susretu je sudjelovalo 56 \u010dlanova molitvene zajednice, a zajedno s \u010dlanovima njihovih obitelji \u2013 supru\u017enicima i djecom \u2013 ukupno se [&hellip;]<\/p>\n","protected":false},"author":7,"featured_media":171851,"comment_status":"open","ping_status":"open","sticky":false,"template":"","format":"standard","meta":{"footnotes":""},"categories":[283,27],"tags":[13500],"class_list":{"0":"post-171850","1":"post","2":"type-post","3":"status-publish","4":"format-standard","5":"has-post-thumbnail","7":"category-a","8":"category-vjera-i-zivot","9":"tag-molitvena-zajednica"},"yoast_head":"<!-- This site is optimized with the Yoast SEO plugin v25.2 - https:\/\/yoast.com\/wordpress\/plugins\/seo\/ -->\n<title>Molitvena zajednica oca Ante Gabri\u0107a sudjelovala na susretu \u201eZajednica saveza\u201c u Zadru - likemetkovic.hr<\/title>\n<meta name=\"robots\" content=\"index, follow, max-snippet:-1, max-image-preview:large, max-video-preview:-1\" \/>\n<link rel=\"canonical\" href=\"https:\/\/likemetkovic.hr\/portal\/molitvena-zajednica-oca-ante-gabrica-sudjelovala-na-susretu-zajednica-saveza-u-zadru\/\" \/>\n<meta property=\"og:locale\" content=\"hr_HR\" \/>\n<meta property=\"og:type\" content=\"article\" \/>\n<meta property=\"og:title\" content=\"Molitvena zajednica oca Ante Gabri\u0107a sudjelovala na susretu \u201eZajednica saveza\u201c u Zadru - likemetkovic.hr\" \/>\n<meta property=\"og:description\" content=\"Molitvena zajednica Sluge Bo\u017ejega oca Ante Gabri\u0107a boravila je protekloga vikenda, od 23. do 25. sije\u010dnja, u Zadru, gdje je sudjelovala na susretu i duhovnoj obnovi \u201eZajednica saveza\u201c, koja okuplja zajednice iz cijele Hrvatske. Na susretu je sudjelovalo 56 \u010dlanova molitvene zajednice, a zajedno s \u010dlanovima njihovih obitelji \u2013 supru\u017enicima i djecom \u2013 ukupno se [&hellip;]\" \/>\n<meta property=\"og:url\" content=\"https:\/\/likemetkovic.hr\/portal\/molitvena-zajednica-oca-ante-gabrica-sudjelovala-na-susretu-zajednica-saveza-u-zadru\/\" \/>\n<meta property=\"og:site_name\" content=\"likemetkovic.hr\" \/>\n<meta property=\"article:publisher\" content=\"https:\/\/www.facebook.com\/likemetkovic.hr\/\" \/>\n<meta property=\"article:published_time\" content=\"2026-01-27T08:38:08+00:00\" \/>\n<meta property=\"article:modified_time\" content=\"2026-01-27T09:04:51+00:00\" \/>\n<meta property=\"og:image\" content=\"https:\/\/likemetkovic.hr\/portal\/wp-content\/uploads\/2026\/01\/molitvena-zajednica-o-ante-gabric.jpg\" \/>\n\t<meta property=\"og:image:width\" content=\"800\" \/>\n\t<meta property=\"og:image:height\" content=\"451\" \/>\n\t<meta property=\"og:image:type\" content=\"image\/jpeg\" \/>\n<meta name=\"author\" content=\"LIKEmetkovic.hr\" \/>\n<meta name=\"twitter:card\" content=\"summary_large_image\" \/>\n<meta name=\"twitter:label1\" content=\"Napisao\/la\" \/>\n\t<meta name=\"twitter:data1\" content=\"LIKEmetkovic.hr\" \/>\n\t<meta name=\"twitter:label2\" content=\"Procijenjeno vrijeme \u010ditanja\" \/>\n\t<meta name=\"twitter:data2\" content=\"2 minute\" \/>\n<script type=\"application\/ld+json\" class=\"yoast-schema-graph\">{\"@context\":\"https:\/\/schema.org\",\"@graph\":[{\"@type\":\"WebPage\",\"@id\":\"https:\/\/likemetkovic.hr\/portal\/molitvena-zajednica-oca-ante-gabrica-sudjelovala-na-susretu-zajednica-saveza-u-zadru\/\",\"url\":\"https:\/\/likemetkovic.hr\/portal\/molitvena-zajednica-oca-ante-gabrica-sudjelovala-na-susretu-zajednica-saveza-u-zadru\/\",\"name\":\"Molitvena zajednica oca Ante Gabri\u0107a sudjelovala na susretu \u201eZajednica saveza\u201c u Zadru - likemetkovic.hr\",\"isPartOf\":{\"@id\":\"https:\/\/likemetkovic.hr\/#website\"},\"primaryImageOfPage\":{\"@id\":\"https:\/\/likemetkovic.hr\/portal\/molitvena-zajednica-oca-ante-gabrica-sudjelovala-na-susretu-zajednica-saveza-u-zadru\/#primaryimage\"},\"image\":{\"@id\":\"https:\/\/likemetkovic.hr\/portal\/molitvena-zajednica-oca-ante-gabrica-sudjelovala-na-susretu-zajednica-saveza-u-zadru\/#primaryimage\"},\"thumbnailUrl\":\"https:\/\/likemetkovic.hr\/portal\/wp-content\/uploads\/2026\/01\/molitvena-zajednica-o-ante-gabric.jpg\",\"datePublished\":\"2026-01-27T08:38:08+00:00\",\"dateModified\":\"2026-01-27T09:04:51+00:00\",\"author\":{\"@id\":\"https:\/\/likemetkovic.hr\/#\/schema\/person\/a42711f3385a0e2be6f7e0443bfb28f0\"},\"breadcrumb\":{\"@id\":\"https:\/\/likemetkovic.hr\/portal\/molitvena-zajednica-oca-ante-gabrica-sudjelovala-na-susretu-zajednica-saveza-u-zadru\/#breadcrumb\"},\"inLanguage\":\"hr\",\"potentialAction\":[{\"@type\":\"ReadAction\",\"target\":[\"https:\/\/likemetkovic.hr\/portal\/molitvena-zajednica-oca-ante-gabrica-sudjelovala-na-susretu-zajednica-saveza-u-zadru\/\"]}]},{\"@type\":\"ImageObject\",\"inLanguage\":\"hr\",\"@id\":\"https:\/\/likemetkovic.hr\/portal\/molitvena-zajednica-oca-ante-gabrica-sudjelovala-na-susretu-zajednica-saveza-u-zadru\/#primaryimage\",\"url\":\"https:\/\/likemetkovic.hr\/portal\/wp-content\/uploads\/2026\/01\/molitvena-zajednica-o-ante-gabric.jpg\",\"contentUrl\":\"https:\/\/likemetkovic.hr\/portal\/wp-content\/uploads\/2026\/01\/molitvena-zajednica-o-ante-gabric.jpg\",\"width\":800,\"height\":451},{\"@type\":\"BreadcrumbList\",\"@id\":\"https:\/\/likemetkovic.hr\/portal\/molitvena-zajednica-oca-ante-gabrica-sudjelovala-na-susretu-zajednica-saveza-u-zadru\/#breadcrumb\",\"itemListElement\":[{\"@type\":\"ListItem\",\"position\":1,\"name\":\"Po\u010detna stranica\",\"item\":\"https:\/\/likemetkovic.hr\/portal\/\"},{\"@type\":\"ListItem\",\"position\":2,\"name\":\"Molitvena zajednica oca Ante Gabri\u0107a sudjelovala na susretu \u201eZajednica saveza\u201c u Zadru\"}]},{\"@type\":\"WebSite\",\"@id\":\"https:\/\/likemetkovic.hr\/#website\",\"url\":\"https:\/\/likemetkovic.hr\/\",\"name\":\"likemetkovic.hr\",\"description\":\"Misli pozitivno... \u010ditaj LIKE\",\"potentialAction\":[{\"@type\":\"SearchAction\",\"target\":{\"@type\":\"EntryPoint\",\"urlTemplate\":\"https:\/\/likemetkovic.hr\/?s={search_term_string}\"},\"query-input\":{\"@type\":\"PropertyValueSpecification\",\"valueRequired\":true,\"valueName\":\"search_term_string\"}}],\"inLanguage\":\"hr\"},{\"@type\":\"Person\",\"@id\":\"https:\/\/likemetkovic.hr\/#\/schema\/person\/a42711f3385a0e2be6f7e0443bfb28f0\",\"name\":\"LIKEmetkovic.hr\",\"sameAs\":[\"http:\/\/likemetkovic.hr\"],\"url\":\"https:\/\/likemetkovic.hr\/portal\/author\/likemetkovic-hr\/\"}]}<\/script>\n<!-- \/ Yoast SEO plugin. -->","yoast_head_json":{"title":"Molitvena zajednica oca Ante Gabri\u0107a sudjelovala na susretu \u201eZajednica saveza\u201c u Zadru - likemetkovic.hr","robots":{"index":"index","follow":"follow","max-snippet":"max-snippet:-1","max-image-preview":"max-image-preview:large","max-video-preview":"max-video-preview:-1"},"canonical":"https:\/\/likemetkovic.hr\/portal\/molitvena-zajednica-oca-ante-gabrica-sudjelovala-na-susretu-zajednica-saveza-u-zadru\/","og_locale":"hr_HR","og_type":"article","og_title":"Molitvena zajednica oca Ante Gabri\u0107a sudjelovala na susretu \u201eZajednica saveza\u201c u Zadru - likemetkovic.hr","og_description":"Molitvena zajednica Sluge Bo\u017ejega oca Ante Gabri\u0107a boravila je protekloga vikenda, od 23. do 25. sije\u010dnja, u Zadru, gdje je sudjelovala na susretu i duhovnoj obnovi \u201eZajednica saveza\u201c, koja okuplja zajednice iz cijele Hrvatske. Na susretu je sudjelovalo 56 \u010dlanova molitvene zajednice, a zajedno s \u010dlanovima njihovih obitelji \u2013 supru\u017enicima i djecom \u2013 ukupno se [&hellip;]","og_url":"https:\/\/likemetkovic.hr\/portal\/molitvena-zajednica-oca-ante-gabrica-sudjelovala-na-susretu-zajednica-saveza-u-zadru\/","og_site_name":"likemetkovic.hr","article_publisher":"https:\/\/www.facebook.com\/likemetkovic.hr\/","article_published_time":"2026-01-27T08:38:08+00:00","article_modified_time":"2026-01-27T09:04:51+00:00","og_image":[{"width":800,"height":451,"url":"https:\/\/likemetkovic.hr\/portal\/wp-content\/uploads\/2026\/01\/molitvena-zajednica-o-ante-gabric.jpg","type":"image\/jpeg"}],"author":"LIKEmetkovic.hr","twitter_card":"summary_large_image","twitter_misc":{"Napisao\/la":"LIKEmetkovic.hr","Procijenjeno vrijeme \u010ditanja":"2 minute"},"schema":{"@context":"https:\/\/schema.org","@graph":[{"@type":"WebPage","@id":"https:\/\/likemetkovic.hr\/portal\/molitvena-zajednica-oca-ante-gabrica-sudjelovala-na-susretu-zajednica-saveza-u-zadru\/","url":"https:\/\/likemetkovic.hr\/portal\/molitvena-zajednica-oca-ante-gabrica-sudjelovala-na-susretu-zajednica-saveza-u-zadru\/","name":"Molitvena zajednica oca Ante Gabri\u0107a sudjelovala na susretu \u201eZajednica saveza\u201c u Zadru - likemetkovic.hr","isPartOf":{"@id":"https:\/\/likemetkovic.hr\/#website"},"primaryImageOfPage":{"@id":"https:\/\/likemetkovic.hr\/portal\/molitvena-zajednica-oca-ante-gabrica-sudjelovala-na-susretu-zajednica-saveza-u-zadru\/#primaryimage"},"image":{"@id":"https:\/\/likemetkovic.hr\/portal\/molitvena-zajednica-oca-ante-gabrica-sudjelovala-na-susretu-zajednica-saveza-u-zadru\/#primaryimage"},"thumbnailUrl":"https:\/\/likemetkovic.hr\/portal\/wp-content\/uploads\/2026\/01\/molitvena-zajednica-o-ante-gabric.jpg","datePublished":"2026-01-27T08:38:08+00:00","dateModified":"2026-01-27T09:04:51+00:00","author":{"@id":"https:\/\/likemetkovic.hr\/#\/schema\/person\/a42711f3385a0e2be6f7e0443bfb28f0"},"breadcrumb":{"@id":"https:\/\/likemetkovic.hr\/portal\/molitvena-zajednica-oca-ante-gabrica-sudjelovala-na-susretu-zajednica-saveza-u-zadru\/#breadcrumb"},"inLanguage":"hr","potentialAction":[{"@type":"ReadAction","target":["https:\/\/likemetkovic.hr\/portal\/molitvena-zajednica-oca-ante-gabrica-sudjelovala-na-susretu-zajednica-saveza-u-zadru\/"]}]},{"@type":"ImageObject","inLanguage":"hr","@id":"https:\/\/likemetkovic.hr\/portal\/molitvena-zajednica-oca-ante-gabrica-sudjelovala-na-susretu-zajednica-saveza-u-zadru\/#primaryimage","url":"https:\/\/likemetkovic.hr\/portal\/wp-content\/uploads\/2026\/01\/molitvena-zajednica-o-ante-gabric.jpg","contentUrl":"https:\/\/likemetkovic.hr\/portal\/wp-content\/uploads\/2026\/01\/molitvena-zajednica-o-ante-gabric.jpg","width":800,"height":451},{"@type":"BreadcrumbList","@id":"https:\/\/likemetkovic.hr\/portal\/molitvena-zajednica-oca-ante-gabrica-sudjelovala-na-susretu-zajednica-saveza-u-zadru\/#breadcrumb","itemListElement":[{"@type":"ListItem","position":1,"name":"Po\u010detna stranica","item":"https:\/\/likemetkovic.hr\/portal\/"},{"@type":"ListItem","position":2,"name":"Molitvena zajednica oca Ante Gabri\u0107a sudjelovala na susretu \u201eZajednica saveza\u201c u Zadru"}]},{"@type":"WebSite","@id":"https:\/\/likemetkovic.hr\/#website","url":"https:\/\/likemetkovic.hr\/","name":"likemetkovic.hr","description":"Misli pozitivno... \u010ditaj LIKE","potentialAction":[{"@type":"SearchAction","target":{"@type":"EntryPoint","urlTemplate":"https:\/\/likemetkovic.hr\/?s={search_term_string}"},"query-input":{"@type":"PropertyValueSpecification","valueRequired":true,"valueName":"search_term_string"}}],"inLanguage":"hr"},{"@type":"Person","@id":"https:\/\/likemetkovic.hr\/#\/schema\/person\/a42711f3385a0e2be6f7e0443bfb28f0","name":"LIKEmetkovic.hr","sameAs":["http:\/\/likemetkovic.hr"],"url":"https:\/\/likemetkovic.hr\/portal\/author\/likemetkovic-hr\/"}]}},"_links":{"self":[{"href":"https:\/\/likemetkovic.hr\/portal\/wp-json\/wp\/v2\/posts\/171850","targetHints":{"allow":["GET"]}}],"collection":[{"href":"https:\/\/likemetkovic.hr\/portal\/wp-json\/wp\/v2\/posts"}],"about":[{"href":"https:\/\/likemetkovic.hr\/portal\/wp-json\/wp\/v2\/types\/post"}],"author":[{"embeddable":true,"href":"https:\/\/likemetkovic.hr\/portal\/wp-json\/wp\/v2\/users\/7"}],"replies":[{"embeddable":true,"href":"https:\/\/likemetkovic.hr\/portal\/wp-json\/wp\/v2\/comments?post=171850"}],"version-history":[{"count":1,"href":"https:\/\/likemetkovic.hr\/portal\/wp-json\/wp\/v2\/posts\/171850\/revisions"}],"predecessor-version":[{"id":171853,"href":"https:\/\/likemetkovic.hr\/portal\/wp-json\/wp\/v2\/posts\/171850\/revisions\/171853"}],"wp:featuredmedia":[{"embeddable":true,"href":"https:\/\/likemetkovic.hr\/portal\/wp-json\/wp\/v2\/media\/171851"}],"wp:attachment":[{"href":"https:\/\/likemetkovic.hr\/portal\/wp-json\/wp\/v2\/media?parent=171850"}],"wp:term":[{"taxonomy":"category","embeddable":true,"href":"https:\/\/likemetkovic.hr\/portal\/wp-json\/wp\/v2\/categories?post=171850"},{"taxonomy":"post_tag","embeddable":true,"href":"https:\/\/likemetkovic.hr\/portal\/wp-json\/wp\/v2\/tags?post=171850"}],"curies":[{"name":"wp","href":"https:\/\/api.w.org\/{rel}","templated":true}]}}