{"id":171854,"date":"2026-01-27T09:52:08","date_gmt":"2026-01-27T08:52:08","guid":{"rendered":"https:\/\/likemetkovic.hr\/portal\/?p=171854"},"modified":"2026-01-27T09:52:21","modified_gmt":"2026-01-27T08:52:21","slug":"nacelnik-stona-vedran-antunica-priznaje-nemamo-rjesenje-za-otpad-ploce-su-nas-odbile-a-otocac-jasno-porucio-da-vise-nece-biti-nas-deponij-cekamo-ministricu-vuckovic","status":"publish","type":"post","link":"https:\/\/likemetkovic.hr\/portal\/nacelnik-stona-vedran-antunica-priznaje-nemamo-rjesenje-za-otpad-ploce-su-nas-odbile-a-otocac-jasno-porucio-da-vise-nece-biti-nas-deponij-cekamo-ministricu-vuckovic\/","title":{"rendered":"Na\u010delnik Stona Vedran Antunica: \u2018Nemamo rje\u0161enje za otpad. Plo\u010de su nas odbile, a Oto\u010dac jasno poru\u010dio da vi\u0161e ne\u0107e biti na\u0161 deponij. \u010cekamo ministricu Vu\u010dkovi\u0107&#8230;\u2018"},"content":{"rendered":"<p>Po\u010delo je s anonimnom dojavom mje\u0161tanina zabrinutog zbog one\u010di\u0161\u0107enja okoli\u0161a, a zavr\u0161ilo kao nacionalna vijest. Op\u0107ini Ston zadnjeg dana sije\u010dnja istje\u010de rok za organizirano zbrinjavanje komunalnog otpada koji se gomila ne nekoliko desetaka lokacija. Alternativnog deponija nemaju. Prema nekim tvrdnjama, sustavno ga se pali i zatrpava zemljom kako bi se premostilo vrijeme do rje\u0161enja problema koje nije na vidiku:<\/p>\n<p>\u2013 Oto\u010dac je bio u pri\u010di, ali ni mi ni Orebi\u0107 nemamo niti smo ikad imali ugovor s njima, i\u0161lo se na nekakav dogovor u stilu \u2018ajde, dovezite nam, imate 500 ili tisu\u0107u tona, zbrinut \u0107emo\u2026\u2018 No sad vi\u0161e ne\u0107e mo\u0107i tako. Bili smo vi\u0161e puta u Ministarstvu i Fondu za za\u0161titu okoli\u0161a. Ministarstvo nam je trebalo rije\u0161iti Plo\u010de kao lokaciju za deponiranje, ne znam iz kojih razloga nisu uspjeli. Nama je sad otamo re\u010deno da od 1. velja\u010de otpad vi\u0161e ne mo\u017ee primati ni Oto\u010dac i tra\u017ei se nova adresa. Najbli\u017ee su nam Plo\u010de, no oni ne \u017eele ni \u010duti za \u2018na\u0161e\u2018 sme\u0107e. \u010cak i na najave Ministarstva da bi ih se moglo prisiliti, odgovorili su negativno. Kor\u010dula ima dvije lokacije, Dubrovnik ima Grabovicu, Metkovi\u0107 i Plo\u010de imaju odlagali\u0161ta a mi smo ostali bez ijednog \u2013 priznao je u razgovoru za\u00a0<a href=\"https:\/\/dubrovacki.slobodnadalmacija.hr\/dubrovnik\/zupanija\/peljesac\/nacelnik-stona-vedran-antunica-priznaje-nemamo-rjesenje-za-otpad-ploce-su-nas-odbile-a-otocac-jasno-porucio-da-vise-nece-biti-nas-deponij-cekamo-ministricu-vuckovic-1533578\">Dubrova\u010dki vjesnik<\/a>\u00a0stonski na\u010delnik Vedran Antunica, porsljenjih dana \u010desto prozivan zbog nerije\u0161enog problema zbrinjavanja sme\u0107a:<\/p>\n<p>\u2013 \u010cinjenica je da smo sa stonskog podru\u010dja prije otpad godinama odvozili u Neum, no uspostavom hrvatske neovisnosti, ta je praksa prestala. Znam da nekima \u010dudno zvu\u010di, ali nedavno je stvarno do\u0161lo do gre\u0161ke na na\u0161em kamionu za odvoz otpada, mi ga moramo pretovarati u Orebi\u0107u, od 6 do 8 kamiona, ovisno o kubika\u017ei jer dolazi u pre\u0161anom stanju i ako je snijeg ili zatvorena cesta, \u0161to se dogodilo, imate dilemu. \u0160to u\u010diniti sa sme\u0107em koje ne mo\u017ee\u0161 odvesti sa sedamdesetak na\u0161ih lokacija gdje je deponirano. Ostaviti otpad gdje jest, skupiti ga u kontejnere i o\u010dito ne bismo pogrije\u0161ili, pa \u0161to se dogodi?! A kako nijedan problem ne dolazi sam, pokvario nam se i taj kamion. Tra\u017eili smo suport i od \u017dupanije, nedavno su pelje\u0161ki na\u010delnici bili u Fondu za za\u0161titu okoli\u0161a. Pitao sam \u0161to \u0107emo s otpadom kad pro\u0111e sveti Vlaho. Gospodarenje otpadom postalo je neizdr\u017eiv teret, tu\u0111e sme\u0107e nitko ne \u017eeli \u2013 ka\u017ee rezignirano stonski na\u010delnik.<\/p>\n<p>Uoitan je i o ulozi voditelja tamo\u0161njeg DVD-a Kre\u0161imira Frankovi\u0107a, u zbrinjavanju otpada:<\/p>\n<p>\u2013\u00a0Kre\u0161imir Frankovi\u0107 preuzeo je dio odgovornosti, u momentu je jedan voza\u010d na\u0161e komunalne slu\u017ebe imao prometnu nesre\u0107u, a drugi po\u0161ao na bolovanje jer vi\u0161e nije mogao izdr\u017eati tempo odvoza u dvije smjene. Frankovi\u0107 je usko\u010dio, imao je odgovaraju\u0107u voza\u010dku kategoriju, ponudio se i odradio taj dio posla kao voza\u010d. \u0160to je kasnije bilo ne znam, ali nam je pomogao. S druge strane, uvijek imate pritiske ljudi, pitaju za\u0161to se ne prazne kontejneri, za\u0161to se gomila sme\u0107e. Tu ste izme\u0111u \u010deki\u0107a i nakovnja \u2013 isti\u010de na\u010delnik Antunica.<\/p>\n<p>Na upit je li s problemom upoznao stonsko Op\u0107insko vije\u0107e odgovara:<\/p>\n<p>\u2013 Nismo o tome razgovarao s vije\u0107nicima, ali mi smo mala sredina, sve se zna, pri\u010dao sam s direktoricom komunalnog i kolegama na\u010delnicima, poznata je situacija sa zbrinjavanjem otpada. Mogu re\u0107i da nikakvog planskog spaljivanja sme\u0107a nije bilo, ali ja ne mogu odgovarati za svaki po\u017ear, sad ih ima dosta u poljoprivredi, pa ne mo\u017ee Op\u0107ina biti kriva za sve. Sve mi to pomalo ide na \u017eivce, ali \u0161to \u0107emo, kad bih se sad povukao, bio bi to kukavi\u010dluk. \u010cekamo rje\u0161enje resora ministrice Marije Vu\u010dkovi\u0107 i dr\u017eavne tajnice Anje Bagari\u0107, bili smo mi na\u010delnici s Pelje\u0161ca i direktor komunalnog iz Orebi\u0107a kod Luke Balena i Aleksandre \u010cili\u0107 iz Fonda za okoli\u0161. Tako\u0111er i na\u010delnik i direktor komunalnog dru\u0161tva iz Oto\u010dca, ali nikakvo rje\u0161enje nije prona\u0111eno. Iz Oto\u010dca su nam rekli da mo\u017eemo dovoziti otpad do kraja sije\u010dnja i gotovo. Sad \u010dekamo poruku dr\u017eave da nam re\u010de gdje \u0107emo dalje odvoziti otpad, bio to Karlovac ili bilo gdje drugdje, odradit \u0107emo uz njihovu potporu. Budu\u0107i da mi nemamo odre\u0111enu lokaciju na na\u0161em prostoru, bilo bi u redu da nam dr\u017eava odredi gdje \u0107emo ubudu\u0107e odlagati i to je to. Mi smo sve u na\u0161oj mo\u0107i poku\u0161ali, a ostavljati sme\u0107e na lokacijama koje se prote\u017eu preko cijele Op\u0107ine Ston bila bi ugroza zdravlja ljudi i prirode \u2013 zaklju\u010dio je na\u010delnik Antunica.<\/p>\n<p>Pi\u0161e: Gabrijela Bijeli\u0107 \/ \u00a0<a href=\"https:\/\/dubrovacki.slobodnadalmacija.hr\/dubrovnik\/zupanija\/peljesac\/nacelnik-stona-vedran-antunica-priznaje-nemamo-rjesenje-za-otpad-ploce-su-nas-odbile-a-otocac-jasno-porucio-da-vise-nece-biti-nas-deponij-cekamo-ministricu-vuckovic-1533578\">Dubrova\u010dki vjesnik<\/a><br \/>\nFoto: DV<\/p>\n","protected":false},"excerpt":{"rendered":"<p>Po\u010delo je s anonimnom dojavom mje\u0161tanina zabrinutog zbog one\u010di\u0161\u0107enja okoli\u0161a, a zavr\u0161ilo kao nacionalna vijest. Op\u0107ini Ston zadnjeg dana sije\u010dnja istje\u010de rok za organizirano zbrinjavanje komunalnog otpada koji se gomila ne nekoliko desetaka lokacija. Alternativnog deponija nemaju. Prema nekim tvrdnjama, sustavno ga se pali i zatrpava zemljom kako bi se premostilo vrijeme do rje\u0161enja problema [&hellip;]<\/p>\n","protected":false},"author":7,"featured_media":171855,"comment_status":"open","ping_status":"open","sticky":false,"template":"","format":"standard","meta":{"footnotes":""},"categories":[296,300],"tags":[9866,2032,9867],"class_list":{"0":"post-171854","1":"post","2":"type-post","3":"status-publish","4":"format-standard","5":"has-post-thumbnail","7":"category-ab","8":"category-zupanija","9":"tag-opcina-ston","10":"tag-otpad","11":"tag-vedran-antunica"},"yoast_head":"<!-- This site is optimized with the Yoast SEO plugin v25.2 - https:\/\/yoast.com\/wordpress\/plugins\/seo\/ -->\n<title>Na\u010delnik Stona Vedran Antunica: \u2018Nemamo rje\u0161enje za otpad. Plo\u010de su nas odbile, a Oto\u010dac jasno poru\u010dio da vi\u0161e ne\u0107e biti na\u0161 deponij. \u010cekamo ministricu Vu\u010dkovi\u0107...\u2018 - likemetkovic.hr<\/title>\n<meta name=\"robots\" content=\"index, follow, max-snippet:-1, max-image-preview:large, max-video-preview:-1\" \/>\n<link rel=\"canonical\" href=\"https:\/\/likemetkovic.hr\/portal\/nacelnik-stona-vedran-antunica-priznaje-nemamo-rjesenje-za-otpad-ploce-su-nas-odbile-a-otocac-jasno-porucio-da-vise-nece-biti-nas-deponij-cekamo-ministricu-vuckovic\/\" \/>\n<meta property=\"og:locale\" content=\"hr_HR\" \/>\n<meta property=\"og:type\" content=\"article\" \/>\n<meta property=\"og:title\" content=\"Na\u010delnik Stona Vedran Antunica: \u2018Nemamo rje\u0161enje za otpad. Plo\u010de su nas odbile, a Oto\u010dac jasno poru\u010dio da vi\u0161e ne\u0107e biti na\u0161 deponij. \u010cekamo ministricu Vu\u010dkovi\u0107...\u2018 - likemetkovic.hr\" \/>\n<meta property=\"og:description\" content=\"Po\u010delo je s anonimnom dojavom mje\u0161tanina zabrinutog zbog one\u010di\u0161\u0107enja okoli\u0161a, a zavr\u0161ilo kao nacionalna vijest. Op\u0107ini Ston zadnjeg dana sije\u010dnja istje\u010de rok za organizirano zbrinjavanje komunalnog otpada koji se gomila ne nekoliko desetaka lokacija. Alternativnog deponija nemaju. Prema nekim tvrdnjama, sustavno ga se pali i zatrpava zemljom kako bi se premostilo vrijeme do rje\u0161enja problema [&hellip;]\" \/>\n<meta property=\"og:url\" content=\"https:\/\/likemetkovic.hr\/portal\/nacelnik-stona-vedran-antunica-priznaje-nemamo-rjesenje-za-otpad-ploce-su-nas-odbile-a-otocac-jasno-porucio-da-vise-nece-biti-nas-deponij-cekamo-ministricu-vuckovic\/\" \/>\n<meta property=\"og:site_name\" content=\"likemetkovic.hr\" \/>\n<meta property=\"article:publisher\" content=\"https:\/\/www.facebook.com\/likemetkovic.hr\/\" \/>\n<meta property=\"article:published_time\" content=\"2026-01-27T08:52:08+00:00\" \/>\n<meta property=\"article:modified_time\" content=\"2026-01-27T08:52:21+00:00\" \/>\n<meta property=\"og:image\" content=\"https:\/\/likemetkovic.hr\/portal\/wp-content\/uploads\/2026\/01\/smece-ston.jpg\" \/>\n\t<meta property=\"og:image:width\" content=\"800\" \/>\n\t<meta property=\"og:image:height\" content=\"600\" \/>\n\t<meta property=\"og:image:type\" content=\"image\/jpeg\" \/>\n<meta name=\"author\" content=\"LIKEmetkovic.hr\" \/>\n<meta name=\"twitter:card\" content=\"summary_large_image\" \/>\n<meta name=\"twitter:label1\" content=\"Napisao\/la\" \/>\n\t<meta name=\"twitter:data1\" content=\"LIKEmetkovic.hr\" \/>\n\t<meta name=\"twitter:label2\" content=\"Procijenjeno vrijeme \u010ditanja\" \/>\n\t<meta name=\"twitter:data2\" content=\"5 minuta\" \/>\n<script type=\"application\/ld+json\" class=\"yoast-schema-graph\">{\"@context\":\"https:\/\/schema.org\",\"@graph\":[{\"@type\":\"WebPage\",\"@id\":\"https:\/\/likemetkovic.hr\/portal\/nacelnik-stona-vedran-antunica-priznaje-nemamo-rjesenje-za-otpad-ploce-su-nas-odbile-a-otocac-jasno-porucio-da-vise-nece-biti-nas-deponij-cekamo-ministricu-vuckovic\/\",\"url\":\"https:\/\/likemetkovic.hr\/portal\/nacelnik-stona-vedran-antunica-priznaje-nemamo-rjesenje-za-otpad-ploce-su-nas-odbile-a-otocac-jasno-porucio-da-vise-nece-biti-nas-deponij-cekamo-ministricu-vuckovic\/\",\"name\":\"Na\u010delnik Stona Vedran Antunica: \u2018Nemamo rje\u0161enje za otpad. Plo\u010de su nas odbile, a Oto\u010dac jasno poru\u010dio da vi\u0161e ne\u0107e biti na\u0161 deponij. \u010cekamo ministricu Vu\u010dkovi\u0107...\u2018 - likemetkovic.hr\",\"isPartOf\":{\"@id\":\"https:\/\/likemetkovic.hr\/#website\"},\"primaryImageOfPage\":{\"@id\":\"https:\/\/likemetkovic.hr\/portal\/nacelnik-stona-vedran-antunica-priznaje-nemamo-rjesenje-za-otpad-ploce-su-nas-odbile-a-otocac-jasno-porucio-da-vise-nece-biti-nas-deponij-cekamo-ministricu-vuckovic\/#primaryimage\"},\"image\":{\"@id\":\"https:\/\/likemetkovic.hr\/portal\/nacelnik-stona-vedran-antunica-priznaje-nemamo-rjesenje-za-otpad-ploce-su-nas-odbile-a-otocac-jasno-porucio-da-vise-nece-biti-nas-deponij-cekamo-ministricu-vuckovic\/#primaryimage\"},\"thumbnailUrl\":\"https:\/\/likemetkovic.hr\/portal\/wp-content\/uploads\/2026\/01\/smece-ston.jpg\",\"datePublished\":\"2026-01-27T08:52:08+00:00\",\"dateModified\":\"2026-01-27T08:52:21+00:00\",\"author\":{\"@id\":\"https:\/\/likemetkovic.hr\/#\/schema\/person\/a42711f3385a0e2be6f7e0443bfb28f0\"},\"breadcrumb\":{\"@id\":\"https:\/\/likemetkovic.hr\/portal\/nacelnik-stona-vedran-antunica-priznaje-nemamo-rjesenje-za-otpad-ploce-su-nas-odbile-a-otocac-jasno-porucio-da-vise-nece-biti-nas-deponij-cekamo-ministricu-vuckovic\/#breadcrumb\"},\"inLanguage\":\"hr\",\"potentialAction\":[{\"@type\":\"ReadAction\",\"target\":[\"https:\/\/likemetkovic.hr\/portal\/nacelnik-stona-vedran-antunica-priznaje-nemamo-rjesenje-za-otpad-ploce-su-nas-odbile-a-otocac-jasno-porucio-da-vise-nece-biti-nas-deponij-cekamo-ministricu-vuckovic\/\"]}]},{\"@type\":\"ImageObject\",\"inLanguage\":\"hr\",\"@id\":\"https:\/\/likemetkovic.hr\/portal\/nacelnik-stona-vedran-antunica-priznaje-nemamo-rjesenje-za-otpad-ploce-su-nas-odbile-a-otocac-jasno-porucio-da-vise-nece-biti-nas-deponij-cekamo-ministricu-vuckovic\/#primaryimage\",\"url\":\"https:\/\/likemetkovic.hr\/portal\/wp-content\/uploads\/2026\/01\/smece-ston.jpg\",\"contentUrl\":\"https:\/\/likemetkovic.hr\/portal\/wp-content\/uploads\/2026\/01\/smece-ston.jpg\",\"width\":800,\"height\":600},{\"@type\":\"BreadcrumbList\",\"@id\":\"https:\/\/likemetkovic.hr\/portal\/nacelnik-stona-vedran-antunica-priznaje-nemamo-rjesenje-za-otpad-ploce-su-nas-odbile-a-otocac-jasno-porucio-da-vise-nece-biti-nas-deponij-cekamo-ministricu-vuckovic\/#breadcrumb\",\"itemListElement\":[{\"@type\":\"ListItem\",\"position\":1,\"name\":\"Po\u010detna stranica\",\"item\":\"https:\/\/likemetkovic.hr\/portal\/\"},{\"@type\":\"ListItem\",\"position\":2,\"name\":\"Na\u010delnik Stona Vedran Antunica: \u2018Nemamo rje\u0161enje za otpad. Plo\u010de su nas odbile, a Oto\u010dac jasno poru\u010dio da vi\u0161e ne\u0107e biti na\u0161 deponij. \u010cekamo ministricu Vu\u010dkovi\u0107&#8230;\u2018\"}]},{\"@type\":\"WebSite\",\"@id\":\"https:\/\/likemetkovic.hr\/#website\",\"url\":\"https:\/\/likemetkovic.hr\/\",\"name\":\"likemetkovic.hr\",\"description\":\"Misli pozitivno... \u010ditaj LIKE\",\"potentialAction\":[{\"@type\":\"SearchAction\",\"target\":{\"@type\":\"EntryPoint\",\"urlTemplate\":\"https:\/\/likemetkovic.hr\/?s={search_term_string}\"},\"query-input\":{\"@type\":\"PropertyValueSpecification\",\"valueRequired\":true,\"valueName\":\"search_term_string\"}}],\"inLanguage\":\"hr\"},{\"@type\":\"Person\",\"@id\":\"https:\/\/likemetkovic.hr\/#\/schema\/person\/a42711f3385a0e2be6f7e0443bfb28f0\",\"name\":\"LIKEmetkovic.hr\",\"sameAs\":[\"http:\/\/likemetkovic.hr\"],\"url\":\"https:\/\/likemetkovic.hr\/portal\/author\/likemetkovic-hr\/\"}]}<\/script>\n<!-- \/ Yoast SEO plugin. -->","yoast_head_json":{"title":"Na\u010delnik Stona Vedran Antunica: \u2018Nemamo rje\u0161enje za otpad. Plo\u010de su nas odbile, a Oto\u010dac jasno poru\u010dio da vi\u0161e ne\u0107e biti na\u0161 deponij. \u010cekamo ministricu Vu\u010dkovi\u0107...\u2018 - likemetkovic.hr","robots":{"index":"index","follow":"follow","max-snippet":"max-snippet:-1","max-image-preview":"max-image-preview:large","max-video-preview":"max-video-preview:-1"},"canonical":"https:\/\/likemetkovic.hr\/portal\/nacelnik-stona-vedran-antunica-priznaje-nemamo-rjesenje-za-otpad-ploce-su-nas-odbile-a-otocac-jasno-porucio-da-vise-nece-biti-nas-deponij-cekamo-ministricu-vuckovic\/","og_locale":"hr_HR","og_type":"article","og_title":"Na\u010delnik Stona Vedran Antunica: \u2018Nemamo rje\u0161enje za otpad. Plo\u010de su nas odbile, a Oto\u010dac jasno poru\u010dio da vi\u0161e ne\u0107e biti na\u0161 deponij. \u010cekamo ministricu Vu\u010dkovi\u0107...\u2018 - likemetkovic.hr","og_description":"Po\u010delo je s anonimnom dojavom mje\u0161tanina zabrinutog zbog one\u010di\u0161\u0107enja okoli\u0161a, a zavr\u0161ilo kao nacionalna vijest. Op\u0107ini Ston zadnjeg dana sije\u010dnja istje\u010de rok za organizirano zbrinjavanje komunalnog otpada koji se gomila ne nekoliko desetaka lokacija. Alternativnog deponija nemaju. Prema nekim tvrdnjama, sustavno ga se pali i zatrpava zemljom kako bi se premostilo vrijeme do rje\u0161enja problema [&hellip;]","og_url":"https:\/\/likemetkovic.hr\/portal\/nacelnik-stona-vedran-antunica-priznaje-nemamo-rjesenje-za-otpad-ploce-su-nas-odbile-a-otocac-jasno-porucio-da-vise-nece-biti-nas-deponij-cekamo-ministricu-vuckovic\/","og_site_name":"likemetkovic.hr","article_publisher":"https:\/\/www.facebook.com\/likemetkovic.hr\/","article_published_time":"2026-01-27T08:52:08+00:00","article_modified_time":"2026-01-27T08:52:21+00:00","og_image":[{"width":800,"height":600,"url":"https:\/\/likemetkovic.hr\/portal\/wp-content\/uploads\/2026\/01\/smece-ston.jpg","type":"image\/jpeg"}],"author":"LIKEmetkovic.hr","twitter_card":"summary_large_image","twitter_misc":{"Napisao\/la":"LIKEmetkovic.hr","Procijenjeno vrijeme \u010ditanja":"5 minuta"},"schema":{"@context":"https:\/\/schema.org","@graph":[{"@type":"WebPage","@id":"https:\/\/likemetkovic.hr\/portal\/nacelnik-stona-vedran-antunica-priznaje-nemamo-rjesenje-za-otpad-ploce-su-nas-odbile-a-otocac-jasno-porucio-da-vise-nece-biti-nas-deponij-cekamo-ministricu-vuckovic\/","url":"https:\/\/likemetkovic.hr\/portal\/nacelnik-stona-vedran-antunica-priznaje-nemamo-rjesenje-za-otpad-ploce-su-nas-odbile-a-otocac-jasno-porucio-da-vise-nece-biti-nas-deponij-cekamo-ministricu-vuckovic\/","name":"Na\u010delnik Stona Vedran Antunica: \u2018Nemamo rje\u0161enje za otpad. Plo\u010de su nas odbile, a Oto\u010dac jasno poru\u010dio da vi\u0161e ne\u0107e biti na\u0161 deponij. \u010cekamo ministricu Vu\u010dkovi\u0107...\u2018 - likemetkovic.hr","isPartOf":{"@id":"https:\/\/likemetkovic.hr\/#website"},"primaryImageOfPage":{"@id":"https:\/\/likemetkovic.hr\/portal\/nacelnik-stona-vedran-antunica-priznaje-nemamo-rjesenje-za-otpad-ploce-su-nas-odbile-a-otocac-jasno-porucio-da-vise-nece-biti-nas-deponij-cekamo-ministricu-vuckovic\/#primaryimage"},"image":{"@id":"https:\/\/likemetkovic.hr\/portal\/nacelnik-stona-vedran-antunica-priznaje-nemamo-rjesenje-za-otpad-ploce-su-nas-odbile-a-otocac-jasno-porucio-da-vise-nece-biti-nas-deponij-cekamo-ministricu-vuckovic\/#primaryimage"},"thumbnailUrl":"https:\/\/likemetkovic.hr\/portal\/wp-content\/uploads\/2026\/01\/smece-ston.jpg","datePublished":"2026-01-27T08:52:08+00:00","dateModified":"2026-01-27T08:52:21+00:00","author":{"@id":"https:\/\/likemetkovic.hr\/#\/schema\/person\/a42711f3385a0e2be6f7e0443bfb28f0"},"breadcrumb":{"@id":"https:\/\/likemetkovic.hr\/portal\/nacelnik-stona-vedran-antunica-priznaje-nemamo-rjesenje-za-otpad-ploce-su-nas-odbile-a-otocac-jasno-porucio-da-vise-nece-biti-nas-deponij-cekamo-ministricu-vuckovic\/#breadcrumb"},"inLanguage":"hr","potentialAction":[{"@type":"ReadAction","target":["https:\/\/likemetkovic.hr\/portal\/nacelnik-stona-vedran-antunica-priznaje-nemamo-rjesenje-za-otpad-ploce-su-nas-odbile-a-otocac-jasno-porucio-da-vise-nece-biti-nas-deponij-cekamo-ministricu-vuckovic\/"]}]},{"@type":"ImageObject","inLanguage":"hr","@id":"https:\/\/likemetkovic.hr\/portal\/nacelnik-stona-vedran-antunica-priznaje-nemamo-rjesenje-za-otpad-ploce-su-nas-odbile-a-otocac-jasno-porucio-da-vise-nece-biti-nas-deponij-cekamo-ministricu-vuckovic\/#primaryimage","url":"https:\/\/likemetkovic.hr\/portal\/wp-content\/uploads\/2026\/01\/smece-ston.jpg","contentUrl":"https:\/\/likemetkovic.hr\/portal\/wp-content\/uploads\/2026\/01\/smece-ston.jpg","width":800,"height":600},{"@type":"BreadcrumbList","@id":"https:\/\/likemetkovic.hr\/portal\/nacelnik-stona-vedran-antunica-priznaje-nemamo-rjesenje-za-otpad-ploce-su-nas-odbile-a-otocac-jasno-porucio-da-vise-nece-biti-nas-deponij-cekamo-ministricu-vuckovic\/#breadcrumb","itemListElement":[{"@type":"ListItem","position":1,"name":"Po\u010detna stranica","item":"https:\/\/likemetkovic.hr\/portal\/"},{"@type":"ListItem","position":2,"name":"Na\u010delnik Stona Vedran Antunica: \u2018Nemamo rje\u0161enje za otpad. Plo\u010de su nas odbile, a Oto\u010dac jasno poru\u010dio da vi\u0161e ne\u0107e biti na\u0161 deponij. \u010cekamo ministricu Vu\u010dkovi\u0107&#8230;\u2018"}]},{"@type":"WebSite","@id":"https:\/\/likemetkovic.hr\/#website","url":"https:\/\/likemetkovic.hr\/","name":"likemetkovic.hr","description":"Misli pozitivno... \u010ditaj LIKE","potentialAction":[{"@type":"SearchAction","target":{"@type":"EntryPoint","urlTemplate":"https:\/\/likemetkovic.hr\/?s={search_term_string}"},"query-input":{"@type":"PropertyValueSpecification","valueRequired":true,"valueName":"search_term_string"}}],"inLanguage":"hr"},{"@type":"Person","@id":"https:\/\/likemetkovic.hr\/#\/schema\/person\/a42711f3385a0e2be6f7e0443bfb28f0","name":"LIKEmetkovic.hr","sameAs":["http:\/\/likemetkovic.hr"],"url":"https:\/\/likemetkovic.hr\/portal\/author\/likemetkovic-hr\/"}]}},"_links":{"self":[{"href":"https:\/\/likemetkovic.hr\/portal\/wp-json\/wp\/v2\/posts\/171854","targetHints":{"allow":["GET"]}}],"collection":[{"href":"https:\/\/likemetkovic.hr\/portal\/wp-json\/wp\/v2\/posts"}],"about":[{"href":"https:\/\/likemetkovic.hr\/portal\/wp-json\/wp\/v2\/types\/post"}],"author":[{"embeddable":true,"href":"https:\/\/likemetkovic.hr\/portal\/wp-json\/wp\/v2\/users\/7"}],"replies":[{"embeddable":true,"href":"https:\/\/likemetkovic.hr\/portal\/wp-json\/wp\/v2\/comments?post=171854"}],"version-history":[{"count":2,"href":"https:\/\/likemetkovic.hr\/portal\/wp-json\/wp\/v2\/posts\/171854\/revisions"}],"predecessor-version":[{"id":171857,"href":"https:\/\/likemetkovic.hr\/portal\/wp-json\/wp\/v2\/posts\/171854\/revisions\/171857"}],"wp:featuredmedia":[{"embeddable":true,"href":"https:\/\/likemetkovic.hr\/portal\/wp-json\/wp\/v2\/media\/171855"}],"wp:attachment":[{"href":"https:\/\/likemetkovic.hr\/portal\/wp-json\/wp\/v2\/media?parent=171854"}],"wp:term":[{"taxonomy":"category","embeddable":true,"href":"https:\/\/likemetkovic.hr\/portal\/wp-json\/wp\/v2\/categories?post=171854"},{"taxonomy":"post_tag","embeddable":true,"href":"https:\/\/likemetkovic.hr\/portal\/wp-json\/wp\/v2\/tags?post=171854"}],"curies":[{"name":"wp","href":"https:\/\/api.w.org\/{rel}","templated":true}]}}