{"id":171875,"date":"2026-01-28T11:53:50","date_gmt":"2026-01-28T10:53:50","guid":{"rendered":"https:\/\/likemetkovic.hr\/portal\/?p=171875"},"modified":"2026-01-28T11:54:08","modified_gmt":"2026-01-28T10:54:08","slug":"tuga-u-vrgorcu-i-vojnicima-smrtno-stradao-mladic-u-ceskoj-pokrenut-apel-za-pomoc-obitelji","status":"publish","type":"post","link":"https:\/\/likemetkovic.hr\/portal\/tuga-u-vrgorcu-i-vojnicima-smrtno-stradao-mladic-u-ceskoj-pokrenut-apel-za-pomoc-obitelji\/","title":{"rendered":"Tuga u Vrgorcu i Vojni\u0107ima: smrtno stradao mladi\u0107 u \u010ce\u0161koj, pokrenut apel za pomo\u0107 obitelji"},"content":{"rendered":"<p>Prije nekoliko dana u \u010ce\u0161koj je, pod jo\u0161 uvijek neutvr\u0111enim okolnostima, smrtno stradao mladi\u0107 iz Vrgorca. O tragediji koja je potresla Vrgorac, ali i ljubu\u0161ko mjesto Vojni\u0107i, iz kojeg je preminuli Bebek porijeklom, zasad nema slu\u017ebenih informacija iz Policijske uprave splitsko-dalmatinske, kao ni iz veleposlanstava Republike Hrvatske i Bosne i Hercegovine u \u010ce\u0161koj, objavio je <a href=\"https:\/\/boljiljubuski.com\/2026\/01\/26\/tuga-u-vrgorcu-i-vojnicima-smrtno-stradao-mladic-u-ceskoj-pokrenut-apel-za-pomoc-obitelji\/\" target=\"_blank\" rel=\"noopener\">Boljiljubuski.com<\/a>.<\/p>\n<p><a href=\"https:\/\/www.facebook.com\/vrgorske.novine?locale=hr_HR\" target=\"_blank\" rel=\"noopener\">Vrgorske novine<\/a> objavile su obavijest o pokrenutoj humanitarnoj akciji s ciljem pomo\u0107i obitelji u ovim te\u0161kim trenucima, kako bi se pokrili nepredvi\u0111eni tro\u0161kovi nastali nakon tragedije.<\/p>\n<p>\u201eS velikom tugom obavje\u0161tavamo da je sin na\u0161e sugra\u0111anke Tatjane Bebek tragi\u010dno preminuo u \u010ce\u0161koj. U ovim iznimno te\u0161kim trenucima \u017eelimo pokazati solidarnost i ljudskost te pomo\u0107i obitelji u pokrivanju nepredvi\u0111enih tro\u0161kova koji su se pojavili. Svatko tko \u017eeli i mo\u017ee pomo\u0107i, mo\u017ee to u\u010diniti prema svojim mogu\u0107nostima. Hvala svima na podr\u0161ci i suosje\u0107anju.\u201c<\/p>\n<p>Svi koji \u017eele pomo\u0107i obitelji Bebek to mogu u\u010diniti uplatom na sljede\u0107i ra\u010dun:<\/p>\n<p><strong>IBAN:<\/strong>\u00a0HR06 2407 0003 2059 6314 4<br data-start=\"1188\" data-end=\"1191\" \/><strong>Primatelj:<\/strong>\u00a0Tatjana Bebek<br data-start=\"1219\" data-end=\"1222\" \/><strong>Banka:<\/strong>\u00a0OTP banka d.d.<\/p>\n<p><strong>Za inozemne uplate:<\/strong><br data-start=\"1274\" data-end=\"1277\" \/><strong>BIC:<\/strong>\u00a0OTPVHR2X<\/p>\n","protected":false},"excerpt":{"rendered":"<p>Prije nekoliko dana u \u010ce\u0161koj je, pod jo\u0161 uvijek neutvr\u0111enim okolnostima, smrtno stradao mladi\u0107 iz Vrgorca. O tragediji koja je potresla Vrgorac, ali i ljubu\u0161ko mjesto Vojni\u0107i, iz kojeg je preminuli Bebek porijeklom, zasad nema slu\u017ebenih informacija iz Policijske uprave splitsko-dalmatinske, kao ni iz veleposlanstava Republike Hrvatske i Bosne i Hercegovine u \u010ce\u0161koj, objavio je [&hellip;]<\/p>\n","protected":false},"author":7,"featured_media":152280,"comment_status":"open","ping_status":"open","sticky":false,"template":"","format":"standard","meta":{"footnotes":""},"categories":[296,11],"tags":[1304],"class_list":{"0":"post-171875","1":"post","2":"type-post","3":"status-publish","4":"format-standard","5":"has-post-thumbnail","7":"category-ab","8":"category-metkovic-dolina","9":"tag-vrgorac"},"yoast_head":"<!-- This site is optimized with the Yoast SEO plugin v25.2 - https:\/\/yoast.com\/wordpress\/plugins\/seo\/ -->\n<title>Tuga u Vrgorcu i Vojni\u0107ima: smrtno stradao mladi\u0107 u \u010ce\u0161koj, pokrenut apel za pomo\u0107 obitelji - likemetkovic.hr<\/title>\n<meta name=\"robots\" content=\"index, follow, max-snippet:-1, max-image-preview:large, max-video-preview:-1\" \/>\n<link rel=\"canonical\" href=\"https:\/\/likemetkovic.hr\/portal\/tuga-u-vrgorcu-i-vojnicima-smrtno-stradao-mladic-u-ceskoj-pokrenut-apel-za-pomoc-obitelji\/\" \/>\n<meta property=\"og:locale\" content=\"hr_HR\" \/>\n<meta property=\"og:type\" content=\"article\" \/>\n<meta property=\"og:title\" content=\"Tuga u Vrgorcu i Vojni\u0107ima: smrtno stradao mladi\u0107 u \u010ce\u0161koj, pokrenut apel za pomo\u0107 obitelji - likemetkovic.hr\" \/>\n<meta property=\"og:description\" content=\"Prije nekoliko dana u \u010ce\u0161koj je, pod jo\u0161 uvijek neutvr\u0111enim okolnostima, smrtno stradao mladi\u0107 iz Vrgorca. O tragediji koja je potresla Vrgorac, ali i ljubu\u0161ko mjesto Vojni\u0107i, iz kojeg je preminuli Bebek porijeklom, zasad nema slu\u017ebenih informacija iz Policijske uprave splitsko-dalmatinske, kao ni iz veleposlanstava Republike Hrvatske i Bosne i Hercegovine u \u010ce\u0161koj, objavio je [&hellip;]\" \/>\n<meta property=\"og:url\" content=\"https:\/\/likemetkovic.hr\/portal\/tuga-u-vrgorcu-i-vojnicima-smrtno-stradao-mladic-u-ceskoj-pokrenut-apel-za-pomoc-obitelji\/\" \/>\n<meta property=\"og:site_name\" content=\"likemetkovic.hr\" \/>\n<meta property=\"article:publisher\" content=\"https:\/\/www.facebook.com\/likemetkovic.hr\/\" \/>\n<meta property=\"article:published_time\" content=\"2026-01-28T10:53:50+00:00\" \/>\n<meta property=\"article:modified_time\" content=\"2026-01-28T10:54:08+00:00\" \/>\n<meta property=\"og:image\" content=\"https:\/\/likemetkovic.hr\/portal\/wp-content\/uploads\/2024\/02\/vrgorac-3.jpg\" \/>\n\t<meta property=\"og:image:width\" content=\"800\" \/>\n\t<meta property=\"og:image:height\" content=\"533\" \/>\n\t<meta property=\"og:image:type\" content=\"image\/jpeg\" \/>\n<meta name=\"author\" content=\"LIKEmetkovic.hr\" \/>\n<meta name=\"twitter:card\" content=\"summary_large_image\" \/>\n<meta name=\"twitter:label1\" content=\"Napisao\/la\" \/>\n\t<meta name=\"twitter:data1\" content=\"LIKEmetkovic.hr\" \/>\n\t<meta name=\"twitter:label2\" content=\"Procijenjeno vrijeme \u010ditanja\" \/>\n\t<meta name=\"twitter:data2\" content=\"2 minute\" \/>\n<script type=\"application\/ld+json\" class=\"yoast-schema-graph\">{\"@context\":\"https:\/\/schema.org\",\"@graph\":[{\"@type\":\"WebPage\",\"@id\":\"https:\/\/likemetkovic.hr\/portal\/tuga-u-vrgorcu-i-vojnicima-smrtno-stradao-mladic-u-ceskoj-pokrenut-apel-za-pomoc-obitelji\/\",\"url\":\"https:\/\/likemetkovic.hr\/portal\/tuga-u-vrgorcu-i-vojnicima-smrtno-stradao-mladic-u-ceskoj-pokrenut-apel-za-pomoc-obitelji\/\",\"name\":\"Tuga u Vrgorcu i Vojni\u0107ima: smrtno stradao mladi\u0107 u \u010ce\u0161koj, pokrenut apel za pomo\u0107 obitelji - likemetkovic.hr\",\"isPartOf\":{\"@id\":\"https:\/\/likemetkovic.hr\/#website\"},\"primaryImageOfPage\":{\"@id\":\"https:\/\/likemetkovic.hr\/portal\/tuga-u-vrgorcu-i-vojnicima-smrtno-stradao-mladic-u-ceskoj-pokrenut-apel-za-pomoc-obitelji\/#primaryimage\"},\"image\":{\"@id\":\"https:\/\/likemetkovic.hr\/portal\/tuga-u-vrgorcu-i-vojnicima-smrtno-stradao-mladic-u-ceskoj-pokrenut-apel-za-pomoc-obitelji\/#primaryimage\"},\"thumbnailUrl\":\"https:\/\/likemetkovic.hr\/portal\/wp-content\/uploads\/2024\/02\/vrgorac-3.jpg\",\"datePublished\":\"2026-01-28T10:53:50+00:00\",\"dateModified\":\"2026-01-28T10:54:08+00:00\",\"author\":{\"@id\":\"https:\/\/likemetkovic.hr\/#\/schema\/person\/a42711f3385a0e2be6f7e0443bfb28f0\"},\"breadcrumb\":{\"@id\":\"https:\/\/likemetkovic.hr\/portal\/tuga-u-vrgorcu-i-vojnicima-smrtno-stradao-mladic-u-ceskoj-pokrenut-apel-za-pomoc-obitelji\/#breadcrumb\"},\"inLanguage\":\"hr\",\"potentialAction\":[{\"@type\":\"ReadAction\",\"target\":[\"https:\/\/likemetkovic.hr\/portal\/tuga-u-vrgorcu-i-vojnicima-smrtno-stradao-mladic-u-ceskoj-pokrenut-apel-za-pomoc-obitelji\/\"]}]},{\"@type\":\"ImageObject\",\"inLanguage\":\"hr\",\"@id\":\"https:\/\/likemetkovic.hr\/portal\/tuga-u-vrgorcu-i-vojnicima-smrtno-stradao-mladic-u-ceskoj-pokrenut-apel-za-pomoc-obitelji\/#primaryimage\",\"url\":\"https:\/\/likemetkovic.hr\/portal\/wp-content\/uploads\/2024\/02\/vrgorac-3.jpg\",\"contentUrl\":\"https:\/\/likemetkovic.hr\/portal\/wp-content\/uploads\/2024\/02\/vrgorac-3.jpg\",\"width\":800,\"height\":533},{\"@type\":\"BreadcrumbList\",\"@id\":\"https:\/\/likemetkovic.hr\/portal\/tuga-u-vrgorcu-i-vojnicima-smrtno-stradao-mladic-u-ceskoj-pokrenut-apel-za-pomoc-obitelji\/#breadcrumb\",\"itemListElement\":[{\"@type\":\"ListItem\",\"position\":1,\"name\":\"Po\u010detna stranica\",\"item\":\"https:\/\/likemetkovic.hr\/portal\/\"},{\"@type\":\"ListItem\",\"position\":2,\"name\":\"Tuga u Vrgorcu i Vojni\u0107ima: smrtno stradao mladi\u0107 u \u010ce\u0161koj, pokrenut apel za pomo\u0107 obitelji\"}]},{\"@type\":\"WebSite\",\"@id\":\"https:\/\/likemetkovic.hr\/#website\",\"url\":\"https:\/\/likemetkovic.hr\/\",\"name\":\"likemetkovic.hr\",\"description\":\"Misli pozitivno... \u010ditaj LIKE\",\"potentialAction\":[{\"@type\":\"SearchAction\",\"target\":{\"@type\":\"EntryPoint\",\"urlTemplate\":\"https:\/\/likemetkovic.hr\/?s={search_term_string}\"},\"query-input\":{\"@type\":\"PropertyValueSpecification\",\"valueRequired\":true,\"valueName\":\"search_term_string\"}}],\"inLanguage\":\"hr\"},{\"@type\":\"Person\",\"@id\":\"https:\/\/likemetkovic.hr\/#\/schema\/person\/a42711f3385a0e2be6f7e0443bfb28f0\",\"name\":\"LIKEmetkovic.hr\",\"sameAs\":[\"http:\/\/likemetkovic.hr\"],\"url\":\"https:\/\/likemetkovic.hr\/portal\/author\/likemetkovic-hr\/\"}]}<\/script>\n<!-- \/ Yoast SEO plugin. -->","yoast_head_json":{"title":"Tuga u Vrgorcu i Vojni\u0107ima: smrtno stradao mladi\u0107 u \u010ce\u0161koj, pokrenut apel za pomo\u0107 obitelji - likemetkovic.hr","robots":{"index":"index","follow":"follow","max-snippet":"max-snippet:-1","max-image-preview":"max-image-preview:large","max-video-preview":"max-video-preview:-1"},"canonical":"https:\/\/likemetkovic.hr\/portal\/tuga-u-vrgorcu-i-vojnicima-smrtno-stradao-mladic-u-ceskoj-pokrenut-apel-za-pomoc-obitelji\/","og_locale":"hr_HR","og_type":"article","og_title":"Tuga u Vrgorcu i Vojni\u0107ima: smrtno stradao mladi\u0107 u \u010ce\u0161koj, pokrenut apel za pomo\u0107 obitelji - likemetkovic.hr","og_description":"Prije nekoliko dana u \u010ce\u0161koj je, pod jo\u0161 uvijek neutvr\u0111enim okolnostima, smrtno stradao mladi\u0107 iz Vrgorca. O tragediji koja je potresla Vrgorac, ali i ljubu\u0161ko mjesto Vojni\u0107i, iz kojeg je preminuli Bebek porijeklom, zasad nema slu\u017ebenih informacija iz Policijske uprave splitsko-dalmatinske, kao ni iz veleposlanstava Republike Hrvatske i Bosne i Hercegovine u \u010ce\u0161koj, objavio je [&hellip;]","og_url":"https:\/\/likemetkovic.hr\/portal\/tuga-u-vrgorcu-i-vojnicima-smrtno-stradao-mladic-u-ceskoj-pokrenut-apel-za-pomoc-obitelji\/","og_site_name":"likemetkovic.hr","article_publisher":"https:\/\/www.facebook.com\/likemetkovic.hr\/","article_published_time":"2026-01-28T10:53:50+00:00","article_modified_time":"2026-01-28T10:54:08+00:00","og_image":[{"width":800,"height":533,"url":"https:\/\/likemetkovic.hr\/portal\/wp-content\/uploads\/2024\/02\/vrgorac-3.jpg","type":"image\/jpeg"}],"author":"LIKEmetkovic.hr","twitter_card":"summary_large_image","twitter_misc":{"Napisao\/la":"LIKEmetkovic.hr","Procijenjeno vrijeme \u010ditanja":"2 minute"},"schema":{"@context":"https:\/\/schema.org","@graph":[{"@type":"WebPage","@id":"https:\/\/likemetkovic.hr\/portal\/tuga-u-vrgorcu-i-vojnicima-smrtno-stradao-mladic-u-ceskoj-pokrenut-apel-za-pomoc-obitelji\/","url":"https:\/\/likemetkovic.hr\/portal\/tuga-u-vrgorcu-i-vojnicima-smrtno-stradao-mladic-u-ceskoj-pokrenut-apel-za-pomoc-obitelji\/","name":"Tuga u Vrgorcu i Vojni\u0107ima: smrtno stradao mladi\u0107 u \u010ce\u0161koj, pokrenut apel za pomo\u0107 obitelji - likemetkovic.hr","isPartOf":{"@id":"https:\/\/likemetkovic.hr\/#website"},"primaryImageOfPage":{"@id":"https:\/\/likemetkovic.hr\/portal\/tuga-u-vrgorcu-i-vojnicima-smrtno-stradao-mladic-u-ceskoj-pokrenut-apel-za-pomoc-obitelji\/#primaryimage"},"image":{"@id":"https:\/\/likemetkovic.hr\/portal\/tuga-u-vrgorcu-i-vojnicima-smrtno-stradao-mladic-u-ceskoj-pokrenut-apel-za-pomoc-obitelji\/#primaryimage"},"thumbnailUrl":"https:\/\/likemetkovic.hr\/portal\/wp-content\/uploads\/2024\/02\/vrgorac-3.jpg","datePublished":"2026-01-28T10:53:50+00:00","dateModified":"2026-01-28T10:54:08+00:00","author":{"@id":"https:\/\/likemetkovic.hr\/#\/schema\/person\/a42711f3385a0e2be6f7e0443bfb28f0"},"breadcrumb":{"@id":"https:\/\/likemetkovic.hr\/portal\/tuga-u-vrgorcu-i-vojnicima-smrtno-stradao-mladic-u-ceskoj-pokrenut-apel-za-pomoc-obitelji\/#breadcrumb"},"inLanguage":"hr","potentialAction":[{"@type":"ReadAction","target":["https:\/\/likemetkovic.hr\/portal\/tuga-u-vrgorcu-i-vojnicima-smrtno-stradao-mladic-u-ceskoj-pokrenut-apel-za-pomoc-obitelji\/"]}]},{"@type":"ImageObject","inLanguage":"hr","@id":"https:\/\/likemetkovic.hr\/portal\/tuga-u-vrgorcu-i-vojnicima-smrtno-stradao-mladic-u-ceskoj-pokrenut-apel-za-pomoc-obitelji\/#primaryimage","url":"https:\/\/likemetkovic.hr\/portal\/wp-content\/uploads\/2024\/02\/vrgorac-3.jpg","contentUrl":"https:\/\/likemetkovic.hr\/portal\/wp-content\/uploads\/2024\/02\/vrgorac-3.jpg","width":800,"height":533},{"@type":"BreadcrumbList","@id":"https:\/\/likemetkovic.hr\/portal\/tuga-u-vrgorcu-i-vojnicima-smrtno-stradao-mladic-u-ceskoj-pokrenut-apel-za-pomoc-obitelji\/#breadcrumb","itemListElement":[{"@type":"ListItem","position":1,"name":"Po\u010detna stranica","item":"https:\/\/likemetkovic.hr\/portal\/"},{"@type":"ListItem","position":2,"name":"Tuga u Vrgorcu i Vojni\u0107ima: smrtno stradao mladi\u0107 u \u010ce\u0161koj, pokrenut apel za pomo\u0107 obitelji"}]},{"@type":"WebSite","@id":"https:\/\/likemetkovic.hr\/#website","url":"https:\/\/likemetkovic.hr\/","name":"likemetkovic.hr","description":"Misli pozitivno... \u010ditaj LIKE","potentialAction":[{"@type":"SearchAction","target":{"@type":"EntryPoint","urlTemplate":"https:\/\/likemetkovic.hr\/?s={search_term_string}"},"query-input":{"@type":"PropertyValueSpecification","valueRequired":true,"valueName":"search_term_string"}}],"inLanguage":"hr"},{"@type":"Person","@id":"https:\/\/likemetkovic.hr\/#\/schema\/person\/a42711f3385a0e2be6f7e0443bfb28f0","name":"LIKEmetkovic.hr","sameAs":["http:\/\/likemetkovic.hr"],"url":"https:\/\/likemetkovic.hr\/portal\/author\/likemetkovic-hr\/"}]}},"_links":{"self":[{"href":"https:\/\/likemetkovic.hr\/portal\/wp-json\/wp\/v2\/posts\/171875","targetHints":{"allow":["GET"]}}],"collection":[{"href":"https:\/\/likemetkovic.hr\/portal\/wp-json\/wp\/v2\/posts"}],"about":[{"href":"https:\/\/likemetkovic.hr\/portal\/wp-json\/wp\/v2\/types\/post"}],"author":[{"embeddable":true,"href":"https:\/\/likemetkovic.hr\/portal\/wp-json\/wp\/v2\/users\/7"}],"replies":[{"embeddable":true,"href":"https:\/\/likemetkovic.hr\/portal\/wp-json\/wp\/v2\/comments?post=171875"}],"version-history":[{"count":2,"href":"https:\/\/likemetkovic.hr\/portal\/wp-json\/wp\/v2\/posts\/171875\/revisions"}],"predecessor-version":[{"id":171877,"href":"https:\/\/likemetkovic.hr\/portal\/wp-json\/wp\/v2\/posts\/171875\/revisions\/171877"}],"wp:featuredmedia":[{"embeddable":true,"href":"https:\/\/likemetkovic.hr\/portal\/wp-json\/wp\/v2\/media\/152280"}],"wp:attachment":[{"href":"https:\/\/likemetkovic.hr\/portal\/wp-json\/wp\/v2\/media?parent=171875"}],"wp:term":[{"taxonomy":"category","embeddable":true,"href":"https:\/\/likemetkovic.hr\/portal\/wp-json\/wp\/v2\/categories?post=171875"},{"taxonomy":"post_tag","embeddable":true,"href":"https:\/\/likemetkovic.hr\/portal\/wp-json\/wp\/v2\/tags?post=171875"}],"curies":[{"name":"wp","href":"https:\/\/api.w.org\/{rel}","templated":true}]}}