{"id":171888,"date":"2026-01-29T11:31:04","date_gmt":"2026-01-29T10:31:04","guid":{"rendered":"https:\/\/likemetkovic.hr\/portal\/?p=171888"},"modified":"2026-01-29T11:31:04","modified_gmt":"2026-01-29T10:31:04","slug":"najava-noc-muzeja-2026-u-prirodoslovnom-muzeju-metkovic","status":"publish","type":"post","link":"https:\/\/likemetkovic.hr\/portal\/najava-noc-muzeja-2026-u-prirodoslovnom-muzeju-metkovic\/","title":{"rendered":"NAJAVA! &#8220;No\u0107 muzeja 2026.&#8221; u Prirodoslovnom muzeju Metkovi\u0107"},"content":{"rendered":"<p style=\"font-weight: 400;\">Prirodoslovni muzej Metkovi\u0107\u00a0 i ove se godine pridru\u017euje nacionalnoj manifestaciji <strong><em>No\u0107 muzeja<\/em><\/strong>, koja \u0107e se odr\u017eati <strong>u petak, 30. sije\u010dnja 2026. godine,<\/strong>\u00a0<strong>od 16 do 22 sata<\/strong>. Ulaz u muzej tijekom cijelog trajanja programa bit \u0107e slobodan za sve posjetitelje<strong>.<\/strong><\/p>\n<p style=\"font-weight: 400;\">Uz stalni postav, mogu se pogledati izlo\u017ebe<strong>\u00a0 <em>Anima naturae<\/em>\u00a0 Nikole Vu\u010dkovi\u0107a<\/strong> i <strong><em>O ljudima i \u201etravama\u201c<\/em><\/strong>, a tu je i\u00a0ogledni vrt ljekovitog, za\u010dinskog i ukrasnog bilja\u00a0u zatvorenom, koji \u0107e poslu\u017eiti kao inspiracija; vrt uvijek mo\u017eete imati ma koliko prostor bio malen.<\/p>\n<p style=\"font-weight: 400;\">Ove vas godine pitamo:\u00a0Jeste li spremni krenuti u potragu za biljkama u svom dvori\u0161tu koje bi mogle ubla\u017eiti va\u0161e bolove, nesanicu, pobolj\u0161ati ukus va\u0161e hrane, dati vam prekrasan miris?<\/p>\n<p style=\"font-weight: 400;\">U Hrvatskoj raste oko 5500 razli\u010ditih biljaka, \u0161to je s obzirom na malu povr\u0161inu na\u0161e zemlje veliko bogatstvo. Sve biljne vrste koje rastu na podru\u010dju dr\u017eave \u010dine njezinu floru.<\/p>\n<p style=\"font-weight: 400;\">Odakle toliko bogatstvo na\u0161e flore? Hrvatska je kao izrazito ju\u017enoeuropska zemlja smje\u0161tena upravo na raskri\u017eju kontinentalne i sredozemne klime te isto\u010dno mediteranske i zapadno mediteranske flore. Tako\u0111er, ovi su krajevi u razdoblju ledenog doba bili ve\u0107inom po\u0161te\u0111eni od leda i snijega pa je tu pre\u017eivio i dio prastare flore (tzv. relikti). Kombinacija vrlo raznolikog reljefa \u2013 visoki planinski masivi, kr\u0161ka polja, doline rijeke i vrlo razvedena obala s brojnim otocima \u2013 utjecali su na nastajanje velikog broja svojstava, me\u0111u kojima je gotovo 10 posto endemi\u010dnih. Hrvatska je zbog toga jedna od najbogatijih europskih zemalja biljnog svijeta!<\/p>\n","protected":false},"excerpt":{"rendered":"<p>Prirodoslovni muzej Metkovi\u0107\u00a0 i ove se godine pridru\u017euje nacionalnoj manifestaciji No\u0107 muzeja, koja \u0107e se odr\u017eati u petak, 30. sije\u010dnja 2026. godine,\u00a0od 16 do 22 sata. Ulaz u muzej tijekom cijelog trajanja programa bit \u0107e slobodan za sve posjetitelje. Uz stalni postav, mogu se pogledati izlo\u017ebe\u00a0 Anima naturae\u00a0 Nikole Vu\u010dkovi\u0107a i O ljudima i \u201etravama\u201c, [&hellip;]<\/p>\n","protected":false},"author":7,"featured_media":171889,"comment_status":"open","ping_status":"open","sticky":false,"template":"","format":"standard","meta":{"footnotes":""},"categories":[296,1028],"tags":[2233,554],"class_list":{"0":"post-171888","1":"post","2":"type-post","3":"status-publish","4":"format-standard","5":"has-post-thumbnail","7":"category-ab","8":"category-kultura-2","9":"tag-noc-muzeja","10":"tag-prirodoslovni-muzej-metkovic"},"yoast_head":"<!-- This site is optimized with the Yoast SEO plugin v25.2 - https:\/\/yoast.com\/wordpress\/plugins\/seo\/ -->\n<title>NAJAVA! &quot;No\u0107 muzeja 2026.&quot; u Prirodoslovnom muzeju Metkovi\u0107 - likemetkovic.hr<\/title>\n<meta name=\"robots\" content=\"index, follow, max-snippet:-1, max-image-preview:large, max-video-preview:-1\" \/>\n<link rel=\"canonical\" href=\"https:\/\/likemetkovic.hr\/portal\/najava-noc-muzeja-2026-u-prirodoslovnom-muzeju-metkovic\/\" \/>\n<meta property=\"og:locale\" content=\"hr_HR\" \/>\n<meta property=\"og:type\" content=\"article\" \/>\n<meta property=\"og:title\" content=\"NAJAVA! &quot;No\u0107 muzeja 2026.&quot; u Prirodoslovnom muzeju Metkovi\u0107 - likemetkovic.hr\" \/>\n<meta property=\"og:description\" content=\"Prirodoslovni muzej Metkovi\u0107\u00a0 i ove se godine pridru\u017euje nacionalnoj manifestaciji No\u0107 muzeja, koja \u0107e se odr\u017eati u petak, 30. sije\u010dnja 2026. godine,\u00a0od 16 do 22 sata. Ulaz u muzej tijekom cijelog trajanja programa bit \u0107e slobodan za sve posjetitelje. Uz stalni postav, mogu se pogledati izlo\u017ebe\u00a0 Anima naturae\u00a0 Nikole Vu\u010dkovi\u0107a i O ljudima i \u201etravama\u201c, [&hellip;]\" \/>\n<meta property=\"og:url\" content=\"https:\/\/likemetkovic.hr\/portal\/najava-noc-muzeja-2026-u-prirodoslovnom-muzeju-metkovic\/\" \/>\n<meta property=\"og:site_name\" content=\"likemetkovic.hr\" \/>\n<meta property=\"article:publisher\" content=\"https:\/\/www.facebook.com\/likemetkovic.hr\/\" \/>\n<meta property=\"article:published_time\" content=\"2026-01-29T10:31:04+00:00\" \/>\n<meta property=\"og:image\" content=\"https:\/\/likemetkovic.hr\/portal\/wp-content\/uploads\/2026\/01\/noc-muzeja-prirodoslovni.jpg\" \/>\n\t<meta property=\"og:image:width\" content=\"800\" \/>\n\t<meta property=\"og:image:height\" content=\"542\" \/>\n\t<meta property=\"og:image:type\" content=\"image\/jpeg\" \/>\n<meta name=\"author\" content=\"LIKEmetkovic.hr\" \/>\n<meta name=\"twitter:card\" content=\"summary_large_image\" \/>\n<meta name=\"twitter:label1\" content=\"Napisao\/la\" \/>\n\t<meta name=\"twitter:data1\" content=\"LIKEmetkovic.hr\" \/>\n\t<meta name=\"twitter:label2\" content=\"Procijenjeno vrijeme \u010ditanja\" \/>\n\t<meta name=\"twitter:data2\" content=\"2 minute\" \/>\n<script type=\"application\/ld+json\" class=\"yoast-schema-graph\">{\"@context\":\"https:\/\/schema.org\",\"@graph\":[{\"@type\":\"WebPage\",\"@id\":\"https:\/\/likemetkovic.hr\/portal\/najava-noc-muzeja-2026-u-prirodoslovnom-muzeju-metkovic\/\",\"url\":\"https:\/\/likemetkovic.hr\/portal\/najava-noc-muzeja-2026-u-prirodoslovnom-muzeju-metkovic\/\",\"name\":\"NAJAVA! \\\"No\u0107 muzeja 2026.\\\" u Prirodoslovnom muzeju Metkovi\u0107 - likemetkovic.hr\",\"isPartOf\":{\"@id\":\"https:\/\/likemetkovic.hr\/#website\"},\"primaryImageOfPage\":{\"@id\":\"https:\/\/likemetkovic.hr\/portal\/najava-noc-muzeja-2026-u-prirodoslovnom-muzeju-metkovic\/#primaryimage\"},\"image\":{\"@id\":\"https:\/\/likemetkovic.hr\/portal\/najava-noc-muzeja-2026-u-prirodoslovnom-muzeju-metkovic\/#primaryimage\"},\"thumbnailUrl\":\"https:\/\/likemetkovic.hr\/portal\/wp-content\/uploads\/2026\/01\/noc-muzeja-prirodoslovni.jpg\",\"datePublished\":\"2026-01-29T10:31:04+00:00\",\"author\":{\"@id\":\"https:\/\/likemetkovic.hr\/#\/schema\/person\/a42711f3385a0e2be6f7e0443bfb28f0\"},\"breadcrumb\":{\"@id\":\"https:\/\/likemetkovic.hr\/portal\/najava-noc-muzeja-2026-u-prirodoslovnom-muzeju-metkovic\/#breadcrumb\"},\"inLanguage\":\"hr\",\"potentialAction\":[{\"@type\":\"ReadAction\",\"target\":[\"https:\/\/likemetkovic.hr\/portal\/najava-noc-muzeja-2026-u-prirodoslovnom-muzeju-metkovic\/\"]}]},{\"@type\":\"ImageObject\",\"inLanguage\":\"hr\",\"@id\":\"https:\/\/likemetkovic.hr\/portal\/najava-noc-muzeja-2026-u-prirodoslovnom-muzeju-metkovic\/#primaryimage\",\"url\":\"https:\/\/likemetkovic.hr\/portal\/wp-content\/uploads\/2026\/01\/noc-muzeja-prirodoslovni.jpg\",\"contentUrl\":\"https:\/\/likemetkovic.hr\/portal\/wp-content\/uploads\/2026\/01\/noc-muzeja-prirodoslovni.jpg\",\"width\":800,\"height\":542},{\"@type\":\"BreadcrumbList\",\"@id\":\"https:\/\/likemetkovic.hr\/portal\/najava-noc-muzeja-2026-u-prirodoslovnom-muzeju-metkovic\/#breadcrumb\",\"itemListElement\":[{\"@type\":\"ListItem\",\"position\":1,\"name\":\"Po\u010detna stranica\",\"item\":\"https:\/\/likemetkovic.hr\/portal\/\"},{\"@type\":\"ListItem\",\"position\":2,\"name\":\"NAJAVA! &#8220;No\u0107 muzeja 2026.&#8221; u Prirodoslovnom muzeju Metkovi\u0107\"}]},{\"@type\":\"WebSite\",\"@id\":\"https:\/\/likemetkovic.hr\/#website\",\"url\":\"https:\/\/likemetkovic.hr\/\",\"name\":\"likemetkovic.hr\",\"description\":\"Misli pozitivno... \u010ditaj LIKE\",\"potentialAction\":[{\"@type\":\"SearchAction\",\"target\":{\"@type\":\"EntryPoint\",\"urlTemplate\":\"https:\/\/likemetkovic.hr\/?s={search_term_string}\"},\"query-input\":{\"@type\":\"PropertyValueSpecification\",\"valueRequired\":true,\"valueName\":\"search_term_string\"}}],\"inLanguage\":\"hr\"},{\"@type\":\"Person\",\"@id\":\"https:\/\/likemetkovic.hr\/#\/schema\/person\/a42711f3385a0e2be6f7e0443bfb28f0\",\"name\":\"LIKEmetkovic.hr\",\"sameAs\":[\"http:\/\/likemetkovic.hr\"],\"url\":\"https:\/\/likemetkovic.hr\/portal\/author\/likemetkovic-hr\/\"}]}<\/script>\n<!-- \/ Yoast SEO plugin. -->","yoast_head_json":{"title":"NAJAVA! \"No\u0107 muzeja 2026.\" u Prirodoslovnom muzeju Metkovi\u0107 - likemetkovic.hr","robots":{"index":"index","follow":"follow","max-snippet":"max-snippet:-1","max-image-preview":"max-image-preview:large","max-video-preview":"max-video-preview:-1"},"canonical":"https:\/\/likemetkovic.hr\/portal\/najava-noc-muzeja-2026-u-prirodoslovnom-muzeju-metkovic\/","og_locale":"hr_HR","og_type":"article","og_title":"NAJAVA! \"No\u0107 muzeja 2026.\" u Prirodoslovnom muzeju Metkovi\u0107 - likemetkovic.hr","og_description":"Prirodoslovni muzej Metkovi\u0107\u00a0 i ove se godine pridru\u017euje nacionalnoj manifestaciji No\u0107 muzeja, koja \u0107e se odr\u017eati u petak, 30. sije\u010dnja 2026. godine,\u00a0od 16 do 22 sata. Ulaz u muzej tijekom cijelog trajanja programa bit \u0107e slobodan za sve posjetitelje. Uz stalni postav, mogu se pogledati izlo\u017ebe\u00a0 Anima naturae\u00a0 Nikole Vu\u010dkovi\u0107a i O ljudima i \u201etravama\u201c, [&hellip;]","og_url":"https:\/\/likemetkovic.hr\/portal\/najava-noc-muzeja-2026-u-prirodoslovnom-muzeju-metkovic\/","og_site_name":"likemetkovic.hr","article_publisher":"https:\/\/www.facebook.com\/likemetkovic.hr\/","article_published_time":"2026-01-29T10:31:04+00:00","og_image":[{"width":800,"height":542,"url":"https:\/\/likemetkovic.hr\/portal\/wp-content\/uploads\/2026\/01\/noc-muzeja-prirodoslovni.jpg","type":"image\/jpeg"}],"author":"LIKEmetkovic.hr","twitter_card":"summary_large_image","twitter_misc":{"Napisao\/la":"LIKEmetkovic.hr","Procijenjeno vrijeme \u010ditanja":"2 minute"},"schema":{"@context":"https:\/\/schema.org","@graph":[{"@type":"WebPage","@id":"https:\/\/likemetkovic.hr\/portal\/najava-noc-muzeja-2026-u-prirodoslovnom-muzeju-metkovic\/","url":"https:\/\/likemetkovic.hr\/portal\/najava-noc-muzeja-2026-u-prirodoslovnom-muzeju-metkovic\/","name":"NAJAVA! \"No\u0107 muzeja 2026.\" u Prirodoslovnom muzeju Metkovi\u0107 - likemetkovic.hr","isPartOf":{"@id":"https:\/\/likemetkovic.hr\/#website"},"primaryImageOfPage":{"@id":"https:\/\/likemetkovic.hr\/portal\/najava-noc-muzeja-2026-u-prirodoslovnom-muzeju-metkovic\/#primaryimage"},"image":{"@id":"https:\/\/likemetkovic.hr\/portal\/najava-noc-muzeja-2026-u-prirodoslovnom-muzeju-metkovic\/#primaryimage"},"thumbnailUrl":"https:\/\/likemetkovic.hr\/portal\/wp-content\/uploads\/2026\/01\/noc-muzeja-prirodoslovni.jpg","datePublished":"2026-01-29T10:31:04+00:00","author":{"@id":"https:\/\/likemetkovic.hr\/#\/schema\/person\/a42711f3385a0e2be6f7e0443bfb28f0"},"breadcrumb":{"@id":"https:\/\/likemetkovic.hr\/portal\/najava-noc-muzeja-2026-u-prirodoslovnom-muzeju-metkovic\/#breadcrumb"},"inLanguage":"hr","potentialAction":[{"@type":"ReadAction","target":["https:\/\/likemetkovic.hr\/portal\/najava-noc-muzeja-2026-u-prirodoslovnom-muzeju-metkovic\/"]}]},{"@type":"ImageObject","inLanguage":"hr","@id":"https:\/\/likemetkovic.hr\/portal\/najava-noc-muzeja-2026-u-prirodoslovnom-muzeju-metkovic\/#primaryimage","url":"https:\/\/likemetkovic.hr\/portal\/wp-content\/uploads\/2026\/01\/noc-muzeja-prirodoslovni.jpg","contentUrl":"https:\/\/likemetkovic.hr\/portal\/wp-content\/uploads\/2026\/01\/noc-muzeja-prirodoslovni.jpg","width":800,"height":542},{"@type":"BreadcrumbList","@id":"https:\/\/likemetkovic.hr\/portal\/najava-noc-muzeja-2026-u-prirodoslovnom-muzeju-metkovic\/#breadcrumb","itemListElement":[{"@type":"ListItem","position":1,"name":"Po\u010detna stranica","item":"https:\/\/likemetkovic.hr\/portal\/"},{"@type":"ListItem","position":2,"name":"NAJAVA! &#8220;No\u0107 muzeja 2026.&#8221; u Prirodoslovnom muzeju Metkovi\u0107"}]},{"@type":"WebSite","@id":"https:\/\/likemetkovic.hr\/#website","url":"https:\/\/likemetkovic.hr\/","name":"likemetkovic.hr","description":"Misli pozitivno... \u010ditaj LIKE","potentialAction":[{"@type":"SearchAction","target":{"@type":"EntryPoint","urlTemplate":"https:\/\/likemetkovic.hr\/?s={search_term_string}"},"query-input":{"@type":"PropertyValueSpecification","valueRequired":true,"valueName":"search_term_string"}}],"inLanguage":"hr"},{"@type":"Person","@id":"https:\/\/likemetkovic.hr\/#\/schema\/person\/a42711f3385a0e2be6f7e0443bfb28f0","name":"LIKEmetkovic.hr","sameAs":["http:\/\/likemetkovic.hr"],"url":"https:\/\/likemetkovic.hr\/portal\/author\/likemetkovic-hr\/"}]}},"_links":{"self":[{"href":"https:\/\/likemetkovic.hr\/portal\/wp-json\/wp\/v2\/posts\/171888","targetHints":{"allow":["GET"]}}],"collection":[{"href":"https:\/\/likemetkovic.hr\/portal\/wp-json\/wp\/v2\/posts"}],"about":[{"href":"https:\/\/likemetkovic.hr\/portal\/wp-json\/wp\/v2\/types\/post"}],"author":[{"embeddable":true,"href":"https:\/\/likemetkovic.hr\/portal\/wp-json\/wp\/v2\/users\/7"}],"replies":[{"embeddable":true,"href":"https:\/\/likemetkovic.hr\/portal\/wp-json\/wp\/v2\/comments?post=171888"}],"version-history":[{"count":1,"href":"https:\/\/likemetkovic.hr\/portal\/wp-json\/wp\/v2\/posts\/171888\/revisions"}],"predecessor-version":[{"id":171890,"href":"https:\/\/likemetkovic.hr\/portal\/wp-json\/wp\/v2\/posts\/171888\/revisions\/171890"}],"wp:featuredmedia":[{"embeddable":true,"href":"https:\/\/likemetkovic.hr\/portal\/wp-json\/wp\/v2\/media\/171889"}],"wp:attachment":[{"href":"https:\/\/likemetkovic.hr\/portal\/wp-json\/wp\/v2\/media?parent=171888"}],"wp:term":[{"taxonomy":"category","embeddable":true,"href":"https:\/\/likemetkovic.hr\/portal\/wp-json\/wp\/v2\/categories?post=171888"},{"taxonomy":"post_tag","embeddable":true,"href":"https:\/\/likemetkovic.hr\/portal\/wp-json\/wp\/v2\/tags?post=171888"}],"curies":[{"name":"wp","href":"https:\/\/api.w.org\/{rel}","templated":true}]}}