{"id":171891,"date":"2026-01-29T15:05:30","date_gmt":"2026-01-29T14:05:30","guid":{"rendered":"https:\/\/likemetkovic.hr\/portal\/?p=171891"},"modified":"2026-01-29T15:09:21","modified_gmt":"2026-01-29T14:09:21","slug":"vozaci-kamiona-odlucni-prosvjedi-na-granicama-nastavljaju-se-do-ispunjenja-zahtjeva","status":"publish","type":"post","link":"https:\/\/likemetkovic.hr\/portal\/vozaci-kamiona-odlucni-prosvjedi-na-granicama-nastavljaju-se-do-ispunjenja-zahtjeva\/","title":{"rendered":"Voza\u010di kamiona odlu\u010dni! Prosvjedi na granicama nastavljaju se do ispunjenja zahtjeva"},"content":{"rendered":"<p class=\"text-[18px] lg:text-[16px] font-[400] leading-normal firstLetter \"><span dir=\"auto\">Prosvjedi prijevoznika, \u010dlanovi Konzorcija Logistika BiH, odr\u017eavaju se i \u010detvrti dan na grani\u010dnim prijelazima s dr\u017eavama \u010dlanicama Europske unije i trajat \u0107e do ispunjenja zahtjeva, priop\u0107eno je iz Konzorcija Logistika BiH, pi\u0161e <a href=\"https:\/\/bljesak.info\/gospodarstvo\/flash\/vozaci-odlucni-prosvjedi-na-granicama-nastavljaju-se-do-ispunjenja-zahtjeva\/548677\" target=\"_blank\" rel=\"noopener\">Bljesak.info<\/a>.<\/span><\/p>\n<p class=\"text-[18px] lg:text-[16px] font-[400] leading-normal false \"><span dir=\"auto\">Iz Konzorcija Logistika BiH napominju kako su povod i primarni razlog prosvjeda problema voza\u010da pri ulasku i radu u dr\u017eavama EU: &#8220;Vlasti tih dr\u017eava svakodnevno zaustavljaju na\u0161e voza\u010de, provjeravaju podatke o duljini boravka u EU te one koji su, obavljaju\u0107i svoj posao u europskim dr\u017eavama, boravili dulje od 90 dana u razdoblju od \u0161est mjeseci, privode i deportiraju.&#8221;<\/span><\/p>\n<p class=\"text-[18px] lg:text-[16px] font-[400] leading-normal false \"><span dir=\"auto\">Kao i voza\u010di iz Srbije, Crne Gore i Sjeverne Makedonije zahtijevaju rje\u0161avanje problema boravka i rada na\u0161ih voza\u010da u dr\u017eavama EU i izmjenu va\u017ee\u0107eg pravila 90\/180 dana.<\/span><\/p>\n<p class=\"text-[18px] lg:text-[16px] font-[400] leading-normal false \"><span dir=\"auto\">Podsje\u0107aju kako se to pravilo jednako primjenjuje na na\u0161e radnike koji u dr\u017eavu EU ulaze isklju\u010divo kako bi obavljali svoj posao, prevozili robu ui iz Bosne i Hercegovine, kao i na osobe koje borave u turisti\u010dkom posjetu nekoj od dr\u017eava EU.<\/span><\/p>\n<p class=\"text-[18px] lg:text-[16px] font-[400] leading-normal false \"><span dir=\"auto\">\u201cNa ovaj problem vlastima u Bosni i Hercegovini ukazujemo du\u017ee vrijeme te od svih nadle\u017enih institucija na\u0161e dr\u017eave o\u010dekujemo da, svaka u svom podru\u010dju, poduzme hitne korake kako bi s predstavnicima EU i dr\u017eava \u010dlanica EU dogovorile model kojim \u0107e na\u0161im voza\u010dima biti omogu\u0107en nesmetan rad.<\/span><\/p>\n<p class=\"text-[18px] lg:text-[16px] font-[400] leading-normal false \"><span dir=\"auto\">Apeliramo na hitno rje\u0161avanje ovog problema jer, kako je poznato, stroga primjena Entry\/Exit sustava (EES) po\u010dinje u travnju ove godine, \u0161to zna\u010di da \u0107e svaki voza\u010d koji je prema\u0161io 90 dana boravka u EU biti vra\u0107en s granice, \u0161to bi moglo dovesti do potpunog kolapsa prijevoza robe.&#8221; navode iz Konzorcija.<\/span><\/p>\n<p class=\"text-[18px] lg:text-[16px] font-[400] leading-normal false \"><span dir=\"auto\">Dodaju kako je ovo prioritetni zahtjev, a vlasti podsje\u0107aju i na ranije obe\u0107ane, ali neispunjene zahtjeve: &#8220;povrat dijela tro\u0161arine na gorivo, hitno sklapanje sporazuma s dr\u017eavama EU o povratu PDV-a, popust na cestarinu u iznosu od 50 posto za kori\u0161tenje autocesta u cijeloj Bosni i Hercegovini te smanjenje nepotrebnog zadr\u017eavanja kamiona na grani\u010dnim prijelazima i carinskim terminalima.&#8221;<\/span><\/p>\n<p class=\"text-[18px] lg:text-[16px] font-[400] leading-normal false \"><span dir=\"auto\">Iz Konzorcija ka\u017eu kako je rije\u010d o zahtjevima \u010dije je rje\u0161avanje u isklju\u010divoj nadle\u017enosti doma\u0107ih vlasti, od kojih su u rujnu 2025. godine dobili obe\u0107anja kako \u0107e biti ispunjeni. Ni\u0161ta od obe\u0107anog nije realizirano, a od ponedjeljka, 26. sije\u010dnja 2026. godine, kada su zapo\u010deli novi prosvjedi, nitko od predstavnika vlasti nije ih kontaktirao niti pozvao na razgovore, pi\u0161e <a href=\"https:\/\/bljesak.info\/gospodarstvo\/flash\/vozaci-odlucni-prosvjedi-na-granicama-nastavljaju-se-do-ispunjenja-zahtjeva\/548677\" target=\"_blank\" rel=\"noopener\">Bljesak.info<\/a>.<\/span><\/p>\n<p>&#8220;To je ne\u0161to \u0161to je MUP ve\u0107 upozoravao i tra\u017eio da se na voza\u010de kamiona primijene izuze\u0107a koja vrijede na podru\u010dju \u0161engena za pilote i vlakovo\u0111e. Me\u0111utim, na svim tim radnim sastancima koji su odr\u017eani prije uvo\u0111enja sustava<strong>\u00a0Entry\/Exit<\/strong>\u00a0ostali smo prili\u010dno usamljeni me\u0111u europskim strukturama&#8221;, kazao je\u00a0<a href=\"https:\/\/www.tportal.hr\/tag\/davor-bozinovic\" target=\"_blank\" rel=\"noopener\"><strong>Bo\u017einovi\u0107<\/strong><\/a>.<\/p>\n<h4 class=\"mt-[5px] leading-[1.1111] text-27\/40 lg:text-[40px] lg:mt-[8px] lg:leading-[1.15] js_articleTitle\" data-title=\"Bo\u017einovi\u0107 se oglasio o blokadi kamiond\u017eija: 'Ranije smo upozoravali...'\">Bo\u017einovi\u0107 se oglasio o blokadi voza\u010da kamiona: &#8216;Ranije smo upozoravali&#8230;&#8217;<\/h4>\n<div id=\"bb-iawr-tportal_hr_instream-1606228803795617\" class=\"bb_iawr\">\n<div class=\"bb-layer bb-context-layer\">Ministar je rekao da je u lipnju pro\u0161le godine pisao <strong>Europskoj komisiji<\/strong>\u00a0ukazuju\u0107i na taj potencijalni problem, predvi\u0111aju\u0107i pritom &#8220;da bi moglo do\u0107i do ovoga \u010demu ovih dana svjedo\u010dimo&#8221;.<\/div>\n<\/div>\n<p>Govore\u0107i o problemu na grani\u010dnim prijelazima, Bo\u017einovi\u0107 je kazao da su voza\u010di dosad imali pravo koristiti 90 dana unutar 180 dana, no to je, prema njegovim rije\u010dima, bilo nemogu\u0107e provjeravati zbog toga \u0161to bi onda grani\u010dni slu\u017ebenik trebao uzeti kalkulator i brojati po putovnici broj dana provedenih u Europskoj uniji.<\/p>\n<p>&#8220;S novim sustavom sve je automatizirano i sve se odmah vidi. Poznato mi je da se kontaktiraju europske institucije, ne samo iz Hrvatske. Mi \u0107emo zagovarati da se na\u0111e neko rje\u0161enje jer ovakva situacija zasigurno nije dobra&#8221;, dodao je Bo\u017einovi\u0107.<\/p>\n","protected":false},"excerpt":{"rendered":"<p>Prosvjedi prijevoznika, \u010dlanovi Konzorcija Logistika BiH, odr\u017eavaju se i \u010detvrti dan na grani\u010dnim prijelazima s dr\u017eavama \u010dlanicama Europske unije i trajat \u0107e do ispunjenja zahtjeva, priop\u0107eno je iz Konzorcija Logistika BiH, pi\u0161e Bljesak.info. Iz Konzorcija Logistika BiH napominju kako su povod i primarni razlog prosvjeda problema voza\u010da pri ulasku i radu u dr\u017eavama EU: &#8220;Vlasti [&hellip;]<\/p>\n","protected":false},"author":7,"featured_media":154658,"comment_status":"open","ping_status":"open","sticky":false,"template":"","format":"standard","meta":{"footnotes":""},"categories":[296,1027],"tags":[5564,1288,13503],"class_list":{"0":"post-171891","1":"post","2":"type-post","3":"status-publish","4":"format-standard","5":"has-post-thumbnail","7":"category-ab","8":"category-hrvatska","9":"tag-blokada","10":"tag-granica","11":"tag-kamioni"},"yoast_head":"<!-- This site is optimized with the Yoast SEO plugin v25.2 - https:\/\/yoast.com\/wordpress\/plugins\/seo\/ -->\n<title>Voza\u010di kamiona odlu\u010dni! Prosvjedi na granicama nastavljaju se do ispunjenja zahtjeva - likemetkovic.hr<\/title>\n<meta name=\"robots\" content=\"index, follow, max-snippet:-1, max-image-preview:large, max-video-preview:-1\" \/>\n<link rel=\"canonical\" href=\"https:\/\/likemetkovic.hr\/portal\/vozaci-kamiona-odlucni-prosvjedi-na-granicama-nastavljaju-se-do-ispunjenja-zahtjeva\/\" \/>\n<meta property=\"og:locale\" content=\"hr_HR\" \/>\n<meta property=\"og:type\" content=\"article\" \/>\n<meta property=\"og:title\" content=\"Voza\u010di kamiona odlu\u010dni! Prosvjedi na granicama nastavljaju se do ispunjenja zahtjeva - likemetkovic.hr\" \/>\n<meta property=\"og:description\" content=\"Prosvjedi prijevoznika, \u010dlanovi Konzorcija Logistika BiH, odr\u017eavaju se i \u010detvrti dan na grani\u010dnim prijelazima s dr\u017eavama \u010dlanicama Europske unije i trajat \u0107e do ispunjenja zahtjeva, priop\u0107eno je iz Konzorcija Logistika BiH, pi\u0161e Bljesak.info. Iz Konzorcija Logistika BiH napominju kako su povod i primarni razlog prosvjeda problema voza\u010da pri ulasku i radu u dr\u017eavama EU: &#8220;Vlasti [&hellip;]\" \/>\n<meta property=\"og:url\" content=\"https:\/\/likemetkovic.hr\/portal\/vozaci-kamiona-odlucni-prosvjedi-na-granicama-nastavljaju-se-do-ispunjenja-zahtjeva\/\" \/>\n<meta property=\"og:site_name\" content=\"likemetkovic.hr\" \/>\n<meta property=\"article:publisher\" content=\"https:\/\/www.facebook.com\/likemetkovic.hr\/\" \/>\n<meta property=\"article:published_time\" content=\"2026-01-29T14:05:30+00:00\" \/>\n<meta property=\"article:modified_time\" content=\"2026-01-29T14:09:21+00:00\" \/>\n<meta property=\"og:image\" content=\"https:\/\/likemetkovic.hr\/portal\/wp-content\/uploads\/2024\/05\/gp-nova-sela-bijaca-003.jpg\" \/>\n\t<meta property=\"og:image:width\" content=\"800\" \/>\n\t<meta property=\"og:image:height\" content=\"534\" \/>\n\t<meta property=\"og:image:type\" content=\"image\/jpeg\" \/>\n<meta name=\"author\" content=\"LIKEmetkovic.hr\" \/>\n<meta name=\"twitter:card\" content=\"summary_large_image\" \/>\n<meta name=\"twitter:label1\" content=\"Napisao\/la\" \/>\n\t<meta name=\"twitter:data1\" content=\"LIKEmetkovic.hr\" \/>\n\t<meta name=\"twitter:label2\" content=\"Procijenjeno vrijeme \u010ditanja\" \/>\n\t<meta name=\"twitter:data2\" content=\"4 minute\" \/>\n<script type=\"application\/ld+json\" class=\"yoast-schema-graph\">{\"@context\":\"https:\/\/schema.org\",\"@graph\":[{\"@type\":\"WebPage\",\"@id\":\"https:\/\/likemetkovic.hr\/portal\/vozaci-kamiona-odlucni-prosvjedi-na-granicama-nastavljaju-se-do-ispunjenja-zahtjeva\/\",\"url\":\"https:\/\/likemetkovic.hr\/portal\/vozaci-kamiona-odlucni-prosvjedi-na-granicama-nastavljaju-se-do-ispunjenja-zahtjeva\/\",\"name\":\"Voza\u010di kamiona odlu\u010dni! Prosvjedi na granicama nastavljaju se do ispunjenja zahtjeva - likemetkovic.hr\",\"isPartOf\":{\"@id\":\"https:\/\/likemetkovic.hr\/#website\"},\"primaryImageOfPage\":{\"@id\":\"https:\/\/likemetkovic.hr\/portal\/vozaci-kamiona-odlucni-prosvjedi-na-granicama-nastavljaju-se-do-ispunjenja-zahtjeva\/#primaryimage\"},\"image\":{\"@id\":\"https:\/\/likemetkovic.hr\/portal\/vozaci-kamiona-odlucni-prosvjedi-na-granicama-nastavljaju-se-do-ispunjenja-zahtjeva\/#primaryimage\"},\"thumbnailUrl\":\"https:\/\/likemetkovic.hr\/portal\/wp-content\/uploads\/2024\/05\/gp-nova-sela-bijaca-003.jpg\",\"datePublished\":\"2026-01-29T14:05:30+00:00\",\"dateModified\":\"2026-01-29T14:09:21+00:00\",\"author\":{\"@id\":\"https:\/\/likemetkovic.hr\/#\/schema\/person\/a42711f3385a0e2be6f7e0443bfb28f0\"},\"breadcrumb\":{\"@id\":\"https:\/\/likemetkovic.hr\/portal\/vozaci-kamiona-odlucni-prosvjedi-na-granicama-nastavljaju-se-do-ispunjenja-zahtjeva\/#breadcrumb\"},\"inLanguage\":\"hr\",\"potentialAction\":[{\"@type\":\"ReadAction\",\"target\":[\"https:\/\/likemetkovic.hr\/portal\/vozaci-kamiona-odlucni-prosvjedi-na-granicama-nastavljaju-se-do-ispunjenja-zahtjeva\/\"]}]},{\"@type\":\"ImageObject\",\"inLanguage\":\"hr\",\"@id\":\"https:\/\/likemetkovic.hr\/portal\/vozaci-kamiona-odlucni-prosvjedi-na-granicama-nastavljaju-se-do-ispunjenja-zahtjeva\/#primaryimage\",\"url\":\"https:\/\/likemetkovic.hr\/portal\/wp-content\/uploads\/2024\/05\/gp-nova-sela-bijaca-003.jpg\",\"contentUrl\":\"https:\/\/likemetkovic.hr\/portal\/wp-content\/uploads\/2024\/05\/gp-nova-sela-bijaca-003.jpg\",\"width\":800,\"height\":534},{\"@type\":\"BreadcrumbList\",\"@id\":\"https:\/\/likemetkovic.hr\/portal\/vozaci-kamiona-odlucni-prosvjedi-na-granicama-nastavljaju-se-do-ispunjenja-zahtjeva\/#breadcrumb\",\"itemListElement\":[{\"@type\":\"ListItem\",\"position\":1,\"name\":\"Po\u010detna stranica\",\"item\":\"https:\/\/likemetkovic.hr\/portal\/\"},{\"@type\":\"ListItem\",\"position\":2,\"name\":\"Voza\u010di kamiona odlu\u010dni! Prosvjedi na granicama nastavljaju se do ispunjenja zahtjeva\"}]},{\"@type\":\"WebSite\",\"@id\":\"https:\/\/likemetkovic.hr\/#website\",\"url\":\"https:\/\/likemetkovic.hr\/\",\"name\":\"likemetkovic.hr\",\"description\":\"Misli pozitivno... \u010ditaj LIKE\",\"potentialAction\":[{\"@type\":\"SearchAction\",\"target\":{\"@type\":\"EntryPoint\",\"urlTemplate\":\"https:\/\/likemetkovic.hr\/?s={search_term_string}\"},\"query-input\":{\"@type\":\"PropertyValueSpecification\",\"valueRequired\":true,\"valueName\":\"search_term_string\"}}],\"inLanguage\":\"hr\"},{\"@type\":\"Person\",\"@id\":\"https:\/\/likemetkovic.hr\/#\/schema\/person\/a42711f3385a0e2be6f7e0443bfb28f0\",\"name\":\"LIKEmetkovic.hr\",\"sameAs\":[\"http:\/\/likemetkovic.hr\"],\"url\":\"https:\/\/likemetkovic.hr\/portal\/author\/likemetkovic-hr\/\"}]}<\/script>\n<!-- \/ Yoast SEO plugin. -->","yoast_head_json":{"title":"Voza\u010di kamiona odlu\u010dni! Prosvjedi na granicama nastavljaju se do ispunjenja zahtjeva - likemetkovic.hr","robots":{"index":"index","follow":"follow","max-snippet":"max-snippet:-1","max-image-preview":"max-image-preview:large","max-video-preview":"max-video-preview:-1"},"canonical":"https:\/\/likemetkovic.hr\/portal\/vozaci-kamiona-odlucni-prosvjedi-na-granicama-nastavljaju-se-do-ispunjenja-zahtjeva\/","og_locale":"hr_HR","og_type":"article","og_title":"Voza\u010di kamiona odlu\u010dni! Prosvjedi na granicama nastavljaju se do ispunjenja zahtjeva - likemetkovic.hr","og_description":"Prosvjedi prijevoznika, \u010dlanovi Konzorcija Logistika BiH, odr\u017eavaju se i \u010detvrti dan na grani\u010dnim prijelazima s dr\u017eavama \u010dlanicama Europske unije i trajat \u0107e do ispunjenja zahtjeva, priop\u0107eno je iz Konzorcija Logistika BiH, pi\u0161e Bljesak.info. Iz Konzorcija Logistika BiH napominju kako su povod i primarni razlog prosvjeda problema voza\u010da pri ulasku i radu u dr\u017eavama EU: &#8220;Vlasti [&hellip;]","og_url":"https:\/\/likemetkovic.hr\/portal\/vozaci-kamiona-odlucni-prosvjedi-na-granicama-nastavljaju-se-do-ispunjenja-zahtjeva\/","og_site_name":"likemetkovic.hr","article_publisher":"https:\/\/www.facebook.com\/likemetkovic.hr\/","article_published_time":"2026-01-29T14:05:30+00:00","article_modified_time":"2026-01-29T14:09:21+00:00","og_image":[{"width":800,"height":534,"url":"https:\/\/likemetkovic.hr\/portal\/wp-content\/uploads\/2024\/05\/gp-nova-sela-bijaca-003.jpg","type":"image\/jpeg"}],"author":"LIKEmetkovic.hr","twitter_card":"summary_large_image","twitter_misc":{"Napisao\/la":"LIKEmetkovic.hr","Procijenjeno vrijeme \u010ditanja":"4 minute"},"schema":{"@context":"https:\/\/schema.org","@graph":[{"@type":"WebPage","@id":"https:\/\/likemetkovic.hr\/portal\/vozaci-kamiona-odlucni-prosvjedi-na-granicama-nastavljaju-se-do-ispunjenja-zahtjeva\/","url":"https:\/\/likemetkovic.hr\/portal\/vozaci-kamiona-odlucni-prosvjedi-na-granicama-nastavljaju-se-do-ispunjenja-zahtjeva\/","name":"Voza\u010di kamiona odlu\u010dni! Prosvjedi na granicama nastavljaju se do ispunjenja zahtjeva - likemetkovic.hr","isPartOf":{"@id":"https:\/\/likemetkovic.hr\/#website"},"primaryImageOfPage":{"@id":"https:\/\/likemetkovic.hr\/portal\/vozaci-kamiona-odlucni-prosvjedi-na-granicama-nastavljaju-se-do-ispunjenja-zahtjeva\/#primaryimage"},"image":{"@id":"https:\/\/likemetkovic.hr\/portal\/vozaci-kamiona-odlucni-prosvjedi-na-granicama-nastavljaju-se-do-ispunjenja-zahtjeva\/#primaryimage"},"thumbnailUrl":"https:\/\/likemetkovic.hr\/portal\/wp-content\/uploads\/2024\/05\/gp-nova-sela-bijaca-003.jpg","datePublished":"2026-01-29T14:05:30+00:00","dateModified":"2026-01-29T14:09:21+00:00","author":{"@id":"https:\/\/likemetkovic.hr\/#\/schema\/person\/a42711f3385a0e2be6f7e0443bfb28f0"},"breadcrumb":{"@id":"https:\/\/likemetkovic.hr\/portal\/vozaci-kamiona-odlucni-prosvjedi-na-granicama-nastavljaju-se-do-ispunjenja-zahtjeva\/#breadcrumb"},"inLanguage":"hr","potentialAction":[{"@type":"ReadAction","target":["https:\/\/likemetkovic.hr\/portal\/vozaci-kamiona-odlucni-prosvjedi-na-granicama-nastavljaju-se-do-ispunjenja-zahtjeva\/"]}]},{"@type":"ImageObject","inLanguage":"hr","@id":"https:\/\/likemetkovic.hr\/portal\/vozaci-kamiona-odlucni-prosvjedi-na-granicama-nastavljaju-se-do-ispunjenja-zahtjeva\/#primaryimage","url":"https:\/\/likemetkovic.hr\/portal\/wp-content\/uploads\/2024\/05\/gp-nova-sela-bijaca-003.jpg","contentUrl":"https:\/\/likemetkovic.hr\/portal\/wp-content\/uploads\/2024\/05\/gp-nova-sela-bijaca-003.jpg","width":800,"height":534},{"@type":"BreadcrumbList","@id":"https:\/\/likemetkovic.hr\/portal\/vozaci-kamiona-odlucni-prosvjedi-na-granicama-nastavljaju-se-do-ispunjenja-zahtjeva\/#breadcrumb","itemListElement":[{"@type":"ListItem","position":1,"name":"Po\u010detna stranica","item":"https:\/\/likemetkovic.hr\/portal\/"},{"@type":"ListItem","position":2,"name":"Voza\u010di kamiona odlu\u010dni! Prosvjedi na granicama nastavljaju se do ispunjenja zahtjeva"}]},{"@type":"WebSite","@id":"https:\/\/likemetkovic.hr\/#website","url":"https:\/\/likemetkovic.hr\/","name":"likemetkovic.hr","description":"Misli pozitivno... \u010ditaj LIKE","potentialAction":[{"@type":"SearchAction","target":{"@type":"EntryPoint","urlTemplate":"https:\/\/likemetkovic.hr\/?s={search_term_string}"},"query-input":{"@type":"PropertyValueSpecification","valueRequired":true,"valueName":"search_term_string"}}],"inLanguage":"hr"},{"@type":"Person","@id":"https:\/\/likemetkovic.hr\/#\/schema\/person\/a42711f3385a0e2be6f7e0443bfb28f0","name":"LIKEmetkovic.hr","sameAs":["http:\/\/likemetkovic.hr"],"url":"https:\/\/likemetkovic.hr\/portal\/author\/likemetkovic-hr\/"}]}},"_links":{"self":[{"href":"https:\/\/likemetkovic.hr\/portal\/wp-json\/wp\/v2\/posts\/171891","targetHints":{"allow":["GET"]}}],"collection":[{"href":"https:\/\/likemetkovic.hr\/portal\/wp-json\/wp\/v2\/posts"}],"about":[{"href":"https:\/\/likemetkovic.hr\/portal\/wp-json\/wp\/v2\/types\/post"}],"author":[{"embeddable":true,"href":"https:\/\/likemetkovic.hr\/portal\/wp-json\/wp\/v2\/users\/7"}],"replies":[{"embeddable":true,"href":"https:\/\/likemetkovic.hr\/portal\/wp-json\/wp\/v2\/comments?post=171891"}],"version-history":[{"count":3,"href":"https:\/\/likemetkovic.hr\/portal\/wp-json\/wp\/v2\/posts\/171891\/revisions"}],"predecessor-version":[{"id":171894,"href":"https:\/\/likemetkovic.hr\/portal\/wp-json\/wp\/v2\/posts\/171891\/revisions\/171894"}],"wp:featuredmedia":[{"embeddable":true,"href":"https:\/\/likemetkovic.hr\/portal\/wp-json\/wp\/v2\/media\/154658"}],"wp:attachment":[{"href":"https:\/\/likemetkovic.hr\/portal\/wp-json\/wp\/v2\/media?parent=171891"}],"wp:term":[{"taxonomy":"category","embeddable":true,"href":"https:\/\/likemetkovic.hr\/portal\/wp-json\/wp\/v2\/categories?post=171891"},{"taxonomy":"post_tag","embeddable":true,"href":"https:\/\/likemetkovic.hr\/portal\/wp-json\/wp\/v2\/tags?post=171891"}],"curies":[{"name":"wp","href":"https:\/\/api.w.org\/{rel}","templated":true}]}}