{"id":172722,"date":"2026-03-07T18:29:44","date_gmt":"2026-03-07T17:29:44","guid":{"rendered":"https:\/\/likemetkovic.hr\/portal\/?p=172722"},"modified":"2026-03-08T08:10:00","modified_gmt":"2026-03-08T07:10:00","slug":"odrzana-treca-javna-molitva-gospine-krunice-na-trgu-kralja-tomislava","status":"publish","type":"post","link":"https:\/\/likemetkovic.hr\/portal\/odrzana-treca-javna-molitva-gospine-krunice-na-trgu-kralja-tomislava\/","title":{"rendered":"Odr\u017eana tre\u0107a javna molitva Gospine krunice na Trgu kralja Tomislava"},"content":{"rendered":"<p data-start=\"84\" data-end=\"212\">Danas, u prvu subotu u mjesecu o\u017eujku 2026. godine na Trgu kralja Tomislava u Metkovi\u0107u odr\u017eana je tre\u0107a javna molitva Gospine krunice.<\/p>\n<p data-start=\"214\" data-end=\"416\">Program je zapo\u010deo u 8 sati svetom misom u crkvi sv. Ilije koju je predvodio \u017eupnik fra Denis \u0160imunovi\u0107. Nakon misnog slavlja gotovo svi okupljeni vjernici uputili su se u procesiji prema gradskom trgu.<\/p>\n<p data-start=\"214\" data-end=\"416\"><img decoding=\"async\" class=\"alignnone size-full wp-image-172723\" src=\"https:\/\/likemetkovic.hr\/portal\/wp-content\/uploads\/2026\/03\/krunica-na-trgu-7-3-2026.jpeg\" alt=\"\" width=\"800\" height=\"430\" srcset=\"https:\/\/likemetkovic.hr\/portal\/wp-content\/uploads\/2026\/03\/krunica-na-trgu-7-3-2026.jpeg 800w, https:\/\/likemetkovic.hr\/portal\/wp-content\/uploads\/2026\/03\/krunica-na-trgu-7-3-2026-768x413.jpeg 768w, https:\/\/likemetkovic.hr\/portal\/wp-content\/uploads\/2026\/03\/krunica-na-trgu-7-3-2026-781x420.jpeg 781w, https:\/\/likemetkovic.hr\/portal\/wp-content\/uploads\/2026\/03\/krunica-na-trgu-7-3-2026-150x81.jpeg 150w, https:\/\/likemetkovic.hr\/portal\/wp-content\/uploads\/2026\/03\/krunica-na-trgu-7-3-2026-300x161.jpeg 300w, https:\/\/likemetkovic.hr\/portal\/wp-content\/uploads\/2026\/03\/krunica-na-trgu-7-3-2026-696x374.jpeg 696w\" sizes=\"(max-width: 800px) 100vw, 800px\" \/><\/p>\n<p data-start=\"418\" data-end=\"551\">Na Trgu kralja Tomislava u 9 sati zapo\u010dela je javna pobo\u017enost molitve Gospine krunice, objavila je \u017dupa sv. Ilije proroka \u2013 Metkovi\u0107.<\/p>\n<p data-start=\"553\" data-end=\"806\" data-is-last-node=\"\" data-is-only-node=\"\">Ova inicijativa na svome drugom okupljanju i molitvi na trgu u Metkovi\u0107u okupila je vi\u0161e od 50 mu\u0161karaca, dok su sa strane sudjelovale i \u017eene te djeca. Okupljeni su zajedni\u010dkom molitvom javno posvjedo\u010dili svoju vjeru i pobo\u017enost Bla\u017eenoj Djevici Mariji.<\/p>\n<p data-start=\"553\" data-end=\"806\" data-is-last-node=\"\" data-is-only-node=\"\"><img decoding=\"async\" class=\"alignnone size-full wp-image-172730\" src=\"https:\/\/likemetkovic.hr\/portal\/wp-content\/uploads\/2026\/03\/krunica-na-trgu-7-3-26.jpeg\" alt=\"\" width=\"800\" height=\"481\" srcset=\"https:\/\/likemetkovic.hr\/portal\/wp-content\/uploads\/2026\/03\/krunica-na-trgu-7-3-26.jpeg 800w, https:\/\/likemetkovic.hr\/portal\/wp-content\/uploads\/2026\/03\/krunica-na-trgu-7-3-26-768x462.jpeg 768w, https:\/\/likemetkovic.hr\/portal\/wp-content\/uploads\/2026\/03\/krunica-na-trgu-7-3-26-699x420.jpeg 699w, https:\/\/likemetkovic.hr\/portal\/wp-content\/uploads\/2026\/03\/krunica-na-trgu-7-3-26-150x90.jpeg 150w, https:\/\/likemetkovic.hr\/portal\/wp-content\/uploads\/2026\/03\/krunica-na-trgu-7-3-26-300x180.jpeg 300w, https:\/\/likemetkovic.hr\/portal\/wp-content\/uploads\/2026\/03\/krunica-na-trgu-7-3-26-696x418.jpeg 696w\" sizes=\"(max-width: 800px) 100vw, 800px\" \/><\/p>\n","protected":false},"excerpt":{"rendered":"<p>Danas, u prvu subotu u mjesecu o\u017eujku 2026. godine na Trgu kralja Tomislava u Metkovi\u0107u odr\u017eana je tre\u0107a javna molitva Gospine krunice. Program je zapo\u010deo u 8 sati svetom misom u crkvi sv. Ilije koju je predvodio \u017eupnik fra Denis \u0160imunovi\u0107. Nakon misnog slavlja gotovo svi okupljeni vjernici uputili su se u procesiji prema gradskom [&hellip;]<\/p>\n","protected":false},"author":9,"featured_media":172723,"comment_status":"open","ping_status":"open","sticky":false,"template":"","format":"standard","meta":{"footnotes":""},"categories":[283,27],"tags":[7190],"class_list":{"0":"post-172722","1":"post","2":"type-post","3":"status-publish","4":"format-standard","5":"has-post-thumbnail","7":"category-a","8":"category-vjera-i-zivot","9":"tag-krunica"},"yoast_head":"<!-- This site is optimized with the Yoast SEO plugin v25.2 - https:\/\/yoast.com\/wordpress\/plugins\/seo\/ -->\n<title>Odr\u017eana tre\u0107a javna molitva Gospine krunice na Trgu kralja Tomislava - likemetkovic.hr<\/title>\n<meta name=\"robots\" content=\"index, follow, max-snippet:-1, max-image-preview:large, max-video-preview:-1\" \/>\n<link rel=\"canonical\" href=\"https:\/\/likemetkovic.hr\/portal\/odrzana-treca-javna-molitva-gospine-krunice-na-trgu-kralja-tomislava\/\" \/>\n<meta property=\"og:locale\" content=\"hr_HR\" \/>\n<meta property=\"og:type\" content=\"article\" \/>\n<meta property=\"og:title\" content=\"Odr\u017eana tre\u0107a javna molitva Gospine krunice na Trgu kralja Tomislava - likemetkovic.hr\" \/>\n<meta property=\"og:description\" content=\"Danas, u prvu subotu u mjesecu o\u017eujku 2026. godine na Trgu kralja Tomislava u Metkovi\u0107u odr\u017eana je tre\u0107a javna molitva Gospine krunice. Program je zapo\u010deo u 8 sati svetom misom u crkvi sv. Ilije koju je predvodio \u017eupnik fra Denis \u0160imunovi\u0107. Nakon misnog slavlja gotovo svi okupljeni vjernici uputili su se u procesiji prema gradskom [&hellip;]\" \/>\n<meta property=\"og:url\" content=\"https:\/\/likemetkovic.hr\/portal\/odrzana-treca-javna-molitva-gospine-krunice-na-trgu-kralja-tomislava\/\" \/>\n<meta property=\"og:site_name\" content=\"likemetkovic.hr\" \/>\n<meta property=\"article:publisher\" content=\"https:\/\/www.facebook.com\/likemetkovic.hr\/\" \/>\n<meta property=\"article:published_time\" content=\"2026-03-07T17:29:44+00:00\" \/>\n<meta property=\"article:modified_time\" content=\"2026-03-08T07:10:00+00:00\" \/>\n<meta property=\"og:image\" content=\"https:\/\/likemetkovic.hr\/portal\/wp-content\/uploads\/2026\/03\/krunica-na-trgu-7-3-2026.jpeg\" \/>\n\t<meta property=\"og:image:width\" content=\"800\" \/>\n\t<meta property=\"og:image:height\" content=\"430\" \/>\n\t<meta property=\"og:image:type\" content=\"image\/jpeg\" \/>\n<meta name=\"author\" content=\"K. J.\" \/>\n<meta name=\"twitter:card\" content=\"summary_large_image\" \/>\n<meta name=\"twitter:label1\" content=\"Napisao\/la\" \/>\n\t<meta name=\"twitter:data1\" content=\"K. J.\" \/>\n\t<meta name=\"twitter:label2\" content=\"Procijenjeno vrijeme \u010ditanja\" \/>\n\t<meta name=\"twitter:data2\" content=\"2 minute\" \/>\n<script type=\"application\/ld+json\" class=\"yoast-schema-graph\">{\"@context\":\"https:\/\/schema.org\",\"@graph\":[{\"@type\":\"WebPage\",\"@id\":\"https:\/\/likemetkovic.hr\/portal\/odrzana-treca-javna-molitva-gospine-krunice-na-trgu-kralja-tomislava\/\",\"url\":\"https:\/\/likemetkovic.hr\/portal\/odrzana-treca-javna-molitva-gospine-krunice-na-trgu-kralja-tomislava\/\",\"name\":\"Odr\u017eana tre\u0107a javna molitva Gospine krunice na Trgu kralja Tomislava - likemetkovic.hr\",\"isPartOf\":{\"@id\":\"https:\/\/likemetkovic.hr\/#website\"},\"primaryImageOfPage\":{\"@id\":\"https:\/\/likemetkovic.hr\/portal\/odrzana-treca-javna-molitva-gospine-krunice-na-trgu-kralja-tomislava\/#primaryimage\"},\"image\":{\"@id\":\"https:\/\/likemetkovic.hr\/portal\/odrzana-treca-javna-molitva-gospine-krunice-na-trgu-kralja-tomislava\/#primaryimage\"},\"thumbnailUrl\":\"https:\/\/likemetkovic.hr\/portal\/wp-content\/uploads\/2026\/03\/krunica-na-trgu-7-3-2026.jpeg\",\"datePublished\":\"2026-03-07T17:29:44+00:00\",\"dateModified\":\"2026-03-08T07:10:00+00:00\",\"author\":{\"@id\":\"https:\/\/likemetkovic.hr\/#\/schema\/person\/0a8b4ebfdfe1ff01192dccda40c5da0c\"},\"breadcrumb\":{\"@id\":\"https:\/\/likemetkovic.hr\/portal\/odrzana-treca-javna-molitva-gospine-krunice-na-trgu-kralja-tomislava\/#breadcrumb\"},\"inLanguage\":\"hr\",\"potentialAction\":[{\"@type\":\"ReadAction\",\"target\":[\"https:\/\/likemetkovic.hr\/portal\/odrzana-treca-javna-molitva-gospine-krunice-na-trgu-kralja-tomislava\/\"]}]},{\"@type\":\"ImageObject\",\"inLanguage\":\"hr\",\"@id\":\"https:\/\/likemetkovic.hr\/portal\/odrzana-treca-javna-molitva-gospine-krunice-na-trgu-kralja-tomislava\/#primaryimage\",\"url\":\"https:\/\/likemetkovic.hr\/portal\/wp-content\/uploads\/2026\/03\/krunica-na-trgu-7-3-2026.jpeg\",\"contentUrl\":\"https:\/\/likemetkovic.hr\/portal\/wp-content\/uploads\/2026\/03\/krunica-na-trgu-7-3-2026.jpeg\",\"width\":800,\"height\":430},{\"@type\":\"BreadcrumbList\",\"@id\":\"https:\/\/likemetkovic.hr\/portal\/odrzana-treca-javna-molitva-gospine-krunice-na-trgu-kralja-tomislava\/#breadcrumb\",\"itemListElement\":[{\"@type\":\"ListItem\",\"position\":1,\"name\":\"Po\u010detna stranica\",\"item\":\"https:\/\/likemetkovic.hr\/portal\/\"},{\"@type\":\"ListItem\",\"position\":2,\"name\":\"Odr\u017eana tre\u0107a javna molitva Gospine krunice na Trgu kralja Tomislava\"}]},{\"@type\":\"WebSite\",\"@id\":\"https:\/\/likemetkovic.hr\/#website\",\"url\":\"https:\/\/likemetkovic.hr\/\",\"name\":\"likemetkovic.hr\",\"description\":\"Misli pozitivno... \u010ditaj LIKE\",\"potentialAction\":[{\"@type\":\"SearchAction\",\"target\":{\"@type\":\"EntryPoint\",\"urlTemplate\":\"https:\/\/likemetkovic.hr\/?s={search_term_string}\"},\"query-input\":{\"@type\":\"PropertyValueSpecification\",\"valueRequired\":true,\"valueName\":\"search_term_string\"}}],\"inLanguage\":\"hr\"},{\"@type\":\"Person\",\"@id\":\"https:\/\/likemetkovic.hr\/#\/schema\/person\/0a8b4ebfdfe1ff01192dccda40c5da0c\",\"name\":\"K. J.\",\"url\":\"https:\/\/likemetkovic.hr\/portal\/author\/likemetkovic\/\"}]}<\/script>\n<!-- \/ Yoast SEO plugin. -->","yoast_head_json":{"title":"Odr\u017eana tre\u0107a javna molitva Gospine krunice na Trgu kralja Tomislava - likemetkovic.hr","robots":{"index":"index","follow":"follow","max-snippet":"max-snippet:-1","max-image-preview":"max-image-preview:large","max-video-preview":"max-video-preview:-1"},"canonical":"https:\/\/likemetkovic.hr\/portal\/odrzana-treca-javna-molitva-gospine-krunice-na-trgu-kralja-tomislava\/","og_locale":"hr_HR","og_type":"article","og_title":"Odr\u017eana tre\u0107a javna molitva Gospine krunice na Trgu kralja Tomislava - likemetkovic.hr","og_description":"Danas, u prvu subotu u mjesecu o\u017eujku 2026. godine na Trgu kralja Tomislava u Metkovi\u0107u odr\u017eana je tre\u0107a javna molitva Gospine krunice. Program je zapo\u010deo u 8 sati svetom misom u crkvi sv. Ilije koju je predvodio \u017eupnik fra Denis \u0160imunovi\u0107. Nakon misnog slavlja gotovo svi okupljeni vjernici uputili su se u procesiji prema gradskom [&hellip;]","og_url":"https:\/\/likemetkovic.hr\/portal\/odrzana-treca-javna-molitva-gospine-krunice-na-trgu-kralja-tomislava\/","og_site_name":"likemetkovic.hr","article_publisher":"https:\/\/www.facebook.com\/likemetkovic.hr\/","article_published_time":"2026-03-07T17:29:44+00:00","article_modified_time":"2026-03-08T07:10:00+00:00","og_image":[{"width":800,"height":430,"url":"https:\/\/likemetkovic.hr\/portal\/wp-content\/uploads\/2026\/03\/krunica-na-trgu-7-3-2026.jpeg","type":"image\/jpeg"}],"author":"K. J.","twitter_card":"summary_large_image","twitter_misc":{"Napisao\/la":"K. J.","Procijenjeno vrijeme \u010ditanja":"2 minute"},"schema":{"@context":"https:\/\/schema.org","@graph":[{"@type":"WebPage","@id":"https:\/\/likemetkovic.hr\/portal\/odrzana-treca-javna-molitva-gospine-krunice-na-trgu-kralja-tomislava\/","url":"https:\/\/likemetkovic.hr\/portal\/odrzana-treca-javna-molitva-gospine-krunice-na-trgu-kralja-tomislava\/","name":"Odr\u017eana tre\u0107a javna molitva Gospine krunice na Trgu kralja Tomislava - likemetkovic.hr","isPartOf":{"@id":"https:\/\/likemetkovic.hr\/#website"},"primaryImageOfPage":{"@id":"https:\/\/likemetkovic.hr\/portal\/odrzana-treca-javna-molitva-gospine-krunice-na-trgu-kralja-tomislava\/#primaryimage"},"image":{"@id":"https:\/\/likemetkovic.hr\/portal\/odrzana-treca-javna-molitva-gospine-krunice-na-trgu-kralja-tomislava\/#primaryimage"},"thumbnailUrl":"https:\/\/likemetkovic.hr\/portal\/wp-content\/uploads\/2026\/03\/krunica-na-trgu-7-3-2026.jpeg","datePublished":"2026-03-07T17:29:44+00:00","dateModified":"2026-03-08T07:10:00+00:00","author":{"@id":"https:\/\/likemetkovic.hr\/#\/schema\/person\/0a8b4ebfdfe1ff01192dccda40c5da0c"},"breadcrumb":{"@id":"https:\/\/likemetkovic.hr\/portal\/odrzana-treca-javna-molitva-gospine-krunice-na-trgu-kralja-tomislava\/#breadcrumb"},"inLanguage":"hr","potentialAction":[{"@type":"ReadAction","target":["https:\/\/likemetkovic.hr\/portal\/odrzana-treca-javna-molitva-gospine-krunice-na-trgu-kralja-tomislava\/"]}]},{"@type":"ImageObject","inLanguage":"hr","@id":"https:\/\/likemetkovic.hr\/portal\/odrzana-treca-javna-molitva-gospine-krunice-na-trgu-kralja-tomislava\/#primaryimage","url":"https:\/\/likemetkovic.hr\/portal\/wp-content\/uploads\/2026\/03\/krunica-na-trgu-7-3-2026.jpeg","contentUrl":"https:\/\/likemetkovic.hr\/portal\/wp-content\/uploads\/2026\/03\/krunica-na-trgu-7-3-2026.jpeg","width":800,"height":430},{"@type":"BreadcrumbList","@id":"https:\/\/likemetkovic.hr\/portal\/odrzana-treca-javna-molitva-gospine-krunice-na-trgu-kralja-tomislava\/#breadcrumb","itemListElement":[{"@type":"ListItem","position":1,"name":"Po\u010detna stranica","item":"https:\/\/likemetkovic.hr\/portal\/"},{"@type":"ListItem","position":2,"name":"Odr\u017eana tre\u0107a javna molitva Gospine krunice na Trgu kralja Tomislava"}]},{"@type":"WebSite","@id":"https:\/\/likemetkovic.hr\/#website","url":"https:\/\/likemetkovic.hr\/","name":"likemetkovic.hr","description":"Misli pozitivno... \u010ditaj LIKE","potentialAction":[{"@type":"SearchAction","target":{"@type":"EntryPoint","urlTemplate":"https:\/\/likemetkovic.hr\/?s={search_term_string}"},"query-input":{"@type":"PropertyValueSpecification","valueRequired":true,"valueName":"search_term_string"}}],"inLanguage":"hr"},{"@type":"Person","@id":"https:\/\/likemetkovic.hr\/#\/schema\/person\/0a8b4ebfdfe1ff01192dccda40c5da0c","name":"K. J.","url":"https:\/\/likemetkovic.hr\/portal\/author\/likemetkovic\/"}]}},"_links":{"self":[{"href":"https:\/\/likemetkovic.hr\/portal\/wp-json\/wp\/v2\/posts\/172722","targetHints":{"allow":["GET"]}}],"collection":[{"href":"https:\/\/likemetkovic.hr\/portal\/wp-json\/wp\/v2\/posts"}],"about":[{"href":"https:\/\/likemetkovic.hr\/portal\/wp-json\/wp\/v2\/types\/post"}],"author":[{"embeddable":true,"href":"https:\/\/likemetkovic.hr\/portal\/wp-json\/wp\/v2\/users\/9"}],"replies":[{"embeddable":true,"href":"https:\/\/likemetkovic.hr\/portal\/wp-json\/wp\/v2\/comments?post=172722"}],"version-history":[{"count":3,"href":"https:\/\/likemetkovic.hr\/portal\/wp-json\/wp\/v2\/posts\/172722\/revisions"}],"predecessor-version":[{"id":172731,"href":"https:\/\/likemetkovic.hr\/portal\/wp-json\/wp\/v2\/posts\/172722\/revisions\/172731"}],"wp:featuredmedia":[{"embeddable":true,"href":"https:\/\/likemetkovic.hr\/portal\/wp-json\/wp\/v2\/media\/172723"}],"wp:attachment":[{"href":"https:\/\/likemetkovic.hr\/portal\/wp-json\/wp\/v2\/media?parent=172722"}],"wp:term":[{"taxonomy":"category","embeddable":true,"href":"https:\/\/likemetkovic.hr\/portal\/wp-json\/wp\/v2\/categories?post=172722"},{"taxonomy":"post_tag","embeddable":true,"href":"https:\/\/likemetkovic.hr\/portal\/wp-json\/wp\/v2\/tags?post=172722"}],"curies":[{"name":"wp","href":"https:\/\/api.w.org\/{rel}","templated":true}]}}