{"id":172753,"date":"2026-03-09T11:26:20","date_gmt":"2026-03-09T10:26:20","guid":{"rendered":"https:\/\/likemetkovic.hr\/portal\/?p=172753"},"modified":"2026-03-09T11:26:20","modified_gmt":"2026-03-09T10:26:20","slug":"vk-neretvanski-gusar-otvorio-sezonu-s-dvije-srebrne-medalje-na-regati-u-splitu","status":"publish","type":"post","link":"https:\/\/likemetkovic.hr\/portal\/vk-neretvanski-gusar-otvorio-sezonu-s-dvije-srebrne-medalje-na-regati-u-splitu\/","title":{"rendered":"VK Neretvanski gusar otvorio sezonu s dvije srebrne medalje na regati u Splitu"},"content":{"rendered":"<p data-start=\"0\" data-end=\"180\">Dvije srebrne medalje unato\u010d ote\u017eanim uvjetima pripreme \u2014 vesla\u010di <strong data-start=\"66\" data-end=\"90\">VK Neretvanski gusar<\/strong> pokazali su karakter i potvrdili kvalitetu kluba na prvoj dalmatinskoj kup-regati sezone.<\/p>\n<p data-start=\"253\" data-end=\"295\"><strong data-start=\"253\" data-end=\"295\">Rezultati posada VK Neretvanski gusar:<\/strong><\/p>\n<p data-start=\"297\" data-end=\"441\">Ivan Obradovi\u0107 \u2014 Kadet B, samac \u2014 2. mjesto<br data-start=\"340\" data-end=\"343\" \/>Matej Dru\u017eijani\u0107 \u2014 Mla\u0111i junior, samac \u2014 2. mjesto<br data-start=\"393\" data-end=\"396\" \/>Marko Dujmovi\u0107 \u2014 Kadet A, samac \u2014 6. mjesto<\/p>\n<p data-start=\"443\" data-end=\"466\"><strong data-start=\"443\" data-end=\"466\">Izazovi uo\u010di regate<\/strong><\/p>\n<p data-start=\"468\" data-end=\"729\">VK Neretvanski gusar u Split je stigao s manjim brojem posada nego ina\u010de. Razlog su bile okolnosti izvan kontrole kluba. Dugotrajne ki\u0161e uzrokovale su visok vodostaj Neretve, \u0161to je vesla\u010dima onemogu\u0107ilo redovite treninge i uveslavanje u danima pred natjecanje.<\/p>\n<p data-start=\"731\" data-end=\"892\">Upravo zato ostvareni rezultati imaju dodatnu vrijednost. Unato\u010d minimalnim pripremama, mladi vesla\u010di pokazali su natjecateljski duh i dostojno predstavili klub.<\/p>\n<p data-start=\"894\" data-end=\"935\"><strong data-start=\"894\" data-end=\"935\">Roko Miji\u0107 u hrvatskoj reprezentaciji<\/strong><\/p>\n<p data-start=\"937\" data-end=\"1163\">Dok su se klupski kolege natjecali u Spinutu, Roko Miji\u0107 boravio je u Skradinu na pripremama hrvatske vesla\u010dke reprezentacije, \u0161to predstavlja jo\u0161 jedno zna\u010dajno priznanje za rad i razvoj mladih vesla\u010da u VK Neretvanski gusar.<\/p>\n<p data-start=\"1165\" data-end=\"1256\" data-is-last-node=\"\" data-is-only-node=\"\"><img decoding=\"async\" class=\"alignnone size-full wp-image-172754\" src=\"https:\/\/likemetkovic.hr\/portal\/wp-content\/uploads\/2026\/03\/vk-neretvanski-gusar-spinut.jpg\" alt=\"\" width=\"800\" height=\"430\" srcset=\"https:\/\/likemetkovic.hr\/portal\/wp-content\/uploads\/2026\/03\/vk-neretvanski-gusar-spinut.jpg 800w, https:\/\/likemetkovic.hr\/portal\/wp-content\/uploads\/2026\/03\/vk-neretvanski-gusar-spinut-768x413.jpg 768w, https:\/\/likemetkovic.hr\/portal\/wp-content\/uploads\/2026\/03\/vk-neretvanski-gusar-spinut-781x420.jpg 781w, https:\/\/likemetkovic.hr\/portal\/wp-content\/uploads\/2026\/03\/vk-neretvanski-gusar-spinut-150x81.jpg 150w, https:\/\/likemetkovic.hr\/portal\/wp-content\/uploads\/2026\/03\/vk-neretvanski-gusar-spinut-300x161.jpg 300w, https:\/\/likemetkovic.hr\/portal\/wp-content\/uploads\/2026\/03\/vk-neretvanski-gusar-spinut-696x374.jpg 696w\" sizes=\"(max-width: 800px) 100vw, 800px\" \/><\/p>\n","protected":false},"excerpt":{"rendered":"<p>Dvije srebrne medalje unato\u010d ote\u017eanim uvjetima pripreme \u2014 vesla\u010di VK Neretvanski gusar pokazali su karakter i potvrdili kvalitetu kluba na prvoj dalmatinskoj kup-regati sezone. Rezultati posada VK Neretvanski gusar: Ivan Obradovi\u0107 \u2014 Kadet B, samac \u2014 2. mjestoMatej Dru\u017eijani\u0107 \u2014 Mla\u0111i junior, samac \u2014 2. mjestoMarko Dujmovi\u0107 \u2014 Kadet A, samac \u2014 6. mjesto Izazovi [&hellip;]<\/p>\n","protected":false},"author":7,"featured_media":172754,"comment_status":"open","ping_status":"open","sticky":false,"template":"","format":"standard","meta":{"footnotes":""},"categories":[296,35],"tags":[502],"class_list":{"0":"post-172753","1":"post","2":"type-post","3":"status-publish","4":"format-standard","5":"has-post-thumbnail","7":"category-ab","8":"category-veslanje","9":"tag-vk-neretvanski-gusar"},"yoast_head":"<!-- This site is optimized with the Yoast SEO plugin v25.2 - https:\/\/yoast.com\/wordpress\/plugins\/seo\/ -->\n<title>VK Neretvanski gusar otvorio sezonu s dvije srebrne medalje na regati u Splitu - likemetkovic.hr<\/title>\n<meta name=\"robots\" content=\"index, follow, max-snippet:-1, max-image-preview:large, max-video-preview:-1\" \/>\n<link rel=\"canonical\" href=\"https:\/\/likemetkovic.hr\/portal\/vk-neretvanski-gusar-otvorio-sezonu-s-dvije-srebrne-medalje-na-regati-u-splitu\/\" \/>\n<meta property=\"og:locale\" content=\"hr_HR\" \/>\n<meta property=\"og:type\" content=\"article\" \/>\n<meta property=\"og:title\" content=\"VK Neretvanski gusar otvorio sezonu s dvije srebrne medalje na regati u Splitu - likemetkovic.hr\" \/>\n<meta property=\"og:description\" content=\"Dvije srebrne medalje unato\u010d ote\u017eanim uvjetima pripreme \u2014 vesla\u010di VK Neretvanski gusar pokazali su karakter i potvrdili kvalitetu kluba na prvoj dalmatinskoj kup-regati sezone. Rezultati posada VK Neretvanski gusar: Ivan Obradovi\u0107 \u2014 Kadet B, samac \u2014 2. mjestoMatej Dru\u017eijani\u0107 \u2014 Mla\u0111i junior, samac \u2014 2. mjestoMarko Dujmovi\u0107 \u2014 Kadet A, samac \u2014 6. mjesto Izazovi [&hellip;]\" \/>\n<meta property=\"og:url\" content=\"https:\/\/likemetkovic.hr\/portal\/vk-neretvanski-gusar-otvorio-sezonu-s-dvije-srebrne-medalje-na-regati-u-splitu\/\" \/>\n<meta property=\"og:site_name\" content=\"likemetkovic.hr\" \/>\n<meta property=\"article:publisher\" content=\"https:\/\/www.facebook.com\/likemetkovic.hr\/\" \/>\n<meta property=\"article:published_time\" content=\"2026-03-09T10:26:20+00:00\" \/>\n<meta property=\"og:image\" content=\"https:\/\/likemetkovic.hr\/portal\/wp-content\/uploads\/2026\/03\/vk-neretvanski-gusar-spinut.jpg\" \/>\n\t<meta property=\"og:image:width\" content=\"800\" \/>\n\t<meta property=\"og:image:height\" content=\"430\" \/>\n\t<meta property=\"og:image:type\" content=\"image\/jpeg\" \/>\n<meta name=\"author\" content=\"LIKEmetkovic.hr\" \/>\n<meta name=\"twitter:card\" content=\"summary_large_image\" \/>\n<meta name=\"twitter:label1\" content=\"Napisao\/la\" \/>\n\t<meta name=\"twitter:data1\" content=\"LIKEmetkovic.hr\" \/>\n\t<meta name=\"twitter:label2\" content=\"Procijenjeno vrijeme \u010ditanja\" \/>\n\t<meta name=\"twitter:data2\" content=\"2 minute\" \/>\n<script type=\"application\/ld+json\" class=\"yoast-schema-graph\">{\"@context\":\"https:\/\/schema.org\",\"@graph\":[{\"@type\":\"WebPage\",\"@id\":\"https:\/\/likemetkovic.hr\/portal\/vk-neretvanski-gusar-otvorio-sezonu-s-dvije-srebrne-medalje-na-regati-u-splitu\/\",\"url\":\"https:\/\/likemetkovic.hr\/portal\/vk-neretvanski-gusar-otvorio-sezonu-s-dvije-srebrne-medalje-na-regati-u-splitu\/\",\"name\":\"VK Neretvanski gusar otvorio sezonu s dvije srebrne medalje na regati u Splitu - likemetkovic.hr\",\"isPartOf\":{\"@id\":\"https:\/\/likemetkovic.hr\/#website\"},\"primaryImageOfPage\":{\"@id\":\"https:\/\/likemetkovic.hr\/portal\/vk-neretvanski-gusar-otvorio-sezonu-s-dvije-srebrne-medalje-na-regati-u-splitu\/#primaryimage\"},\"image\":{\"@id\":\"https:\/\/likemetkovic.hr\/portal\/vk-neretvanski-gusar-otvorio-sezonu-s-dvije-srebrne-medalje-na-regati-u-splitu\/#primaryimage\"},\"thumbnailUrl\":\"https:\/\/likemetkovic.hr\/portal\/wp-content\/uploads\/2026\/03\/vk-neretvanski-gusar-spinut.jpg\",\"datePublished\":\"2026-03-09T10:26:20+00:00\",\"author\":{\"@id\":\"https:\/\/likemetkovic.hr\/#\/schema\/person\/a42711f3385a0e2be6f7e0443bfb28f0\"},\"breadcrumb\":{\"@id\":\"https:\/\/likemetkovic.hr\/portal\/vk-neretvanski-gusar-otvorio-sezonu-s-dvije-srebrne-medalje-na-regati-u-splitu\/#breadcrumb\"},\"inLanguage\":\"hr\",\"potentialAction\":[{\"@type\":\"ReadAction\",\"target\":[\"https:\/\/likemetkovic.hr\/portal\/vk-neretvanski-gusar-otvorio-sezonu-s-dvije-srebrne-medalje-na-regati-u-splitu\/\"]}]},{\"@type\":\"ImageObject\",\"inLanguage\":\"hr\",\"@id\":\"https:\/\/likemetkovic.hr\/portal\/vk-neretvanski-gusar-otvorio-sezonu-s-dvije-srebrne-medalje-na-regati-u-splitu\/#primaryimage\",\"url\":\"https:\/\/likemetkovic.hr\/portal\/wp-content\/uploads\/2026\/03\/vk-neretvanski-gusar-spinut.jpg\",\"contentUrl\":\"https:\/\/likemetkovic.hr\/portal\/wp-content\/uploads\/2026\/03\/vk-neretvanski-gusar-spinut.jpg\",\"width\":800,\"height\":430},{\"@type\":\"BreadcrumbList\",\"@id\":\"https:\/\/likemetkovic.hr\/portal\/vk-neretvanski-gusar-otvorio-sezonu-s-dvije-srebrne-medalje-na-regati-u-splitu\/#breadcrumb\",\"itemListElement\":[{\"@type\":\"ListItem\",\"position\":1,\"name\":\"Po\u010detna stranica\",\"item\":\"https:\/\/likemetkovic.hr\/portal\/\"},{\"@type\":\"ListItem\",\"position\":2,\"name\":\"VK Neretvanski gusar otvorio sezonu s dvije srebrne medalje na regati u Splitu\"}]},{\"@type\":\"WebSite\",\"@id\":\"https:\/\/likemetkovic.hr\/#website\",\"url\":\"https:\/\/likemetkovic.hr\/\",\"name\":\"likemetkovic.hr\",\"description\":\"Misli pozitivno... \u010ditaj LIKE\",\"potentialAction\":[{\"@type\":\"SearchAction\",\"target\":{\"@type\":\"EntryPoint\",\"urlTemplate\":\"https:\/\/likemetkovic.hr\/?s={search_term_string}\"},\"query-input\":{\"@type\":\"PropertyValueSpecification\",\"valueRequired\":true,\"valueName\":\"search_term_string\"}}],\"inLanguage\":\"hr\"},{\"@type\":\"Person\",\"@id\":\"https:\/\/likemetkovic.hr\/#\/schema\/person\/a42711f3385a0e2be6f7e0443bfb28f0\",\"name\":\"LIKEmetkovic.hr\",\"sameAs\":[\"http:\/\/likemetkovic.hr\"],\"url\":\"https:\/\/likemetkovic.hr\/portal\/author\/likemetkovic-hr\/\"}]}<\/script>\n<!-- \/ Yoast SEO plugin. -->","yoast_head_json":{"title":"VK Neretvanski gusar otvorio sezonu s dvije srebrne medalje na regati u Splitu - likemetkovic.hr","robots":{"index":"index","follow":"follow","max-snippet":"max-snippet:-1","max-image-preview":"max-image-preview:large","max-video-preview":"max-video-preview:-1"},"canonical":"https:\/\/likemetkovic.hr\/portal\/vk-neretvanski-gusar-otvorio-sezonu-s-dvije-srebrne-medalje-na-regati-u-splitu\/","og_locale":"hr_HR","og_type":"article","og_title":"VK Neretvanski gusar otvorio sezonu s dvije srebrne medalje na regati u Splitu - likemetkovic.hr","og_description":"Dvije srebrne medalje unato\u010d ote\u017eanim uvjetima pripreme \u2014 vesla\u010di VK Neretvanski gusar pokazali su karakter i potvrdili kvalitetu kluba na prvoj dalmatinskoj kup-regati sezone. Rezultati posada VK Neretvanski gusar: Ivan Obradovi\u0107 \u2014 Kadet B, samac \u2014 2. mjestoMatej Dru\u017eijani\u0107 \u2014 Mla\u0111i junior, samac \u2014 2. mjestoMarko Dujmovi\u0107 \u2014 Kadet A, samac \u2014 6. mjesto Izazovi [&hellip;]","og_url":"https:\/\/likemetkovic.hr\/portal\/vk-neretvanski-gusar-otvorio-sezonu-s-dvije-srebrne-medalje-na-regati-u-splitu\/","og_site_name":"likemetkovic.hr","article_publisher":"https:\/\/www.facebook.com\/likemetkovic.hr\/","article_published_time":"2026-03-09T10:26:20+00:00","og_image":[{"width":800,"height":430,"url":"https:\/\/likemetkovic.hr\/portal\/wp-content\/uploads\/2026\/03\/vk-neretvanski-gusar-spinut.jpg","type":"image\/jpeg"}],"author":"LIKEmetkovic.hr","twitter_card":"summary_large_image","twitter_misc":{"Napisao\/la":"LIKEmetkovic.hr","Procijenjeno vrijeme \u010ditanja":"2 minute"},"schema":{"@context":"https:\/\/schema.org","@graph":[{"@type":"WebPage","@id":"https:\/\/likemetkovic.hr\/portal\/vk-neretvanski-gusar-otvorio-sezonu-s-dvije-srebrne-medalje-na-regati-u-splitu\/","url":"https:\/\/likemetkovic.hr\/portal\/vk-neretvanski-gusar-otvorio-sezonu-s-dvije-srebrne-medalje-na-regati-u-splitu\/","name":"VK Neretvanski gusar otvorio sezonu s dvije srebrne medalje na regati u Splitu - likemetkovic.hr","isPartOf":{"@id":"https:\/\/likemetkovic.hr\/#website"},"primaryImageOfPage":{"@id":"https:\/\/likemetkovic.hr\/portal\/vk-neretvanski-gusar-otvorio-sezonu-s-dvije-srebrne-medalje-na-regati-u-splitu\/#primaryimage"},"image":{"@id":"https:\/\/likemetkovic.hr\/portal\/vk-neretvanski-gusar-otvorio-sezonu-s-dvije-srebrne-medalje-na-regati-u-splitu\/#primaryimage"},"thumbnailUrl":"https:\/\/likemetkovic.hr\/portal\/wp-content\/uploads\/2026\/03\/vk-neretvanski-gusar-spinut.jpg","datePublished":"2026-03-09T10:26:20+00:00","author":{"@id":"https:\/\/likemetkovic.hr\/#\/schema\/person\/a42711f3385a0e2be6f7e0443bfb28f0"},"breadcrumb":{"@id":"https:\/\/likemetkovic.hr\/portal\/vk-neretvanski-gusar-otvorio-sezonu-s-dvije-srebrne-medalje-na-regati-u-splitu\/#breadcrumb"},"inLanguage":"hr","potentialAction":[{"@type":"ReadAction","target":["https:\/\/likemetkovic.hr\/portal\/vk-neretvanski-gusar-otvorio-sezonu-s-dvije-srebrne-medalje-na-regati-u-splitu\/"]}]},{"@type":"ImageObject","inLanguage":"hr","@id":"https:\/\/likemetkovic.hr\/portal\/vk-neretvanski-gusar-otvorio-sezonu-s-dvije-srebrne-medalje-na-regati-u-splitu\/#primaryimage","url":"https:\/\/likemetkovic.hr\/portal\/wp-content\/uploads\/2026\/03\/vk-neretvanski-gusar-spinut.jpg","contentUrl":"https:\/\/likemetkovic.hr\/portal\/wp-content\/uploads\/2026\/03\/vk-neretvanski-gusar-spinut.jpg","width":800,"height":430},{"@type":"BreadcrumbList","@id":"https:\/\/likemetkovic.hr\/portal\/vk-neretvanski-gusar-otvorio-sezonu-s-dvije-srebrne-medalje-na-regati-u-splitu\/#breadcrumb","itemListElement":[{"@type":"ListItem","position":1,"name":"Po\u010detna stranica","item":"https:\/\/likemetkovic.hr\/portal\/"},{"@type":"ListItem","position":2,"name":"VK Neretvanski gusar otvorio sezonu s dvije srebrne medalje na regati u Splitu"}]},{"@type":"WebSite","@id":"https:\/\/likemetkovic.hr\/#website","url":"https:\/\/likemetkovic.hr\/","name":"likemetkovic.hr","description":"Misli pozitivno... \u010ditaj LIKE","potentialAction":[{"@type":"SearchAction","target":{"@type":"EntryPoint","urlTemplate":"https:\/\/likemetkovic.hr\/?s={search_term_string}"},"query-input":{"@type":"PropertyValueSpecification","valueRequired":true,"valueName":"search_term_string"}}],"inLanguage":"hr"},{"@type":"Person","@id":"https:\/\/likemetkovic.hr\/#\/schema\/person\/a42711f3385a0e2be6f7e0443bfb28f0","name":"LIKEmetkovic.hr","sameAs":["http:\/\/likemetkovic.hr"],"url":"https:\/\/likemetkovic.hr\/portal\/author\/likemetkovic-hr\/"}]}},"_links":{"self":[{"href":"https:\/\/likemetkovic.hr\/portal\/wp-json\/wp\/v2\/posts\/172753","targetHints":{"allow":["GET"]}}],"collection":[{"href":"https:\/\/likemetkovic.hr\/portal\/wp-json\/wp\/v2\/posts"}],"about":[{"href":"https:\/\/likemetkovic.hr\/portal\/wp-json\/wp\/v2\/types\/post"}],"author":[{"embeddable":true,"href":"https:\/\/likemetkovic.hr\/portal\/wp-json\/wp\/v2\/users\/7"}],"replies":[{"embeddable":true,"href":"https:\/\/likemetkovic.hr\/portal\/wp-json\/wp\/v2\/comments?post=172753"}],"version-history":[{"count":1,"href":"https:\/\/likemetkovic.hr\/portal\/wp-json\/wp\/v2\/posts\/172753\/revisions"}],"predecessor-version":[{"id":172755,"href":"https:\/\/likemetkovic.hr\/portal\/wp-json\/wp\/v2\/posts\/172753\/revisions\/172755"}],"wp:featuredmedia":[{"embeddable":true,"href":"https:\/\/likemetkovic.hr\/portal\/wp-json\/wp\/v2\/media\/172754"}],"wp:attachment":[{"href":"https:\/\/likemetkovic.hr\/portal\/wp-json\/wp\/v2\/media?parent=172753"}],"wp:term":[{"taxonomy":"category","embeddable":true,"href":"https:\/\/likemetkovic.hr\/portal\/wp-json\/wp\/v2\/categories?post=172753"},{"taxonomy":"post_tag","embeddable":true,"href":"https:\/\/likemetkovic.hr\/portal\/wp-json\/wp\/v2\/tags?post=172753"}],"curies":[{"name":"wp","href":"https:\/\/api.w.org\/{rel}","templated":true}]}}