{"id":172831,"date":"2026-03-13T08:38:03","date_gmt":"2026-03-13T07:38:03","guid":{"rendered":"https:\/\/likemetkovic.hr\/portal\/?p=172831"},"modified":"2026-03-13T08:38:03","modified_gmt":"2026-03-13T07:38:03","slug":"udruga-zivot-metkovic-obiljezava-dan-narcisa-zajedno-u-borbi-protiv-karcinoma-dojke","status":"publish","type":"post","link":"https:\/\/likemetkovic.hr\/portal\/udruga-zivot-metkovic-obiljezava-dan-narcisa-zajedno-u-borbi-protiv-karcinoma-dojke\/","title":{"rendered":"Udruga \u017divot Metkovi\u0107 obilje\u017eava Dan narcisa \u2013 zajedno u borbi protiv karcinoma dojke"},"content":{"rendered":"<p data-start=\"91\" data-end=\"348\">Udruga \u017divot Metkovi\u0107, koja okuplja oboljele od malignih bolesti, u subotu, 14. o\u017eujka 2026. godine obilje\u017eit \u0107e <strong data-start=\"204\" data-end=\"219\">Dan narcisa<\/strong>, javnozdravstvenu akciju posve\u0107enu borbi protiv karcinoma dojke i podizanju svijesti o va\u017enosti prevencije i redovitih pregleda.<\/p>\n<p data-start=\"350\" data-end=\"531\">Akcija \u0107e se odr\u017eati od <strong data-start=\"374\" data-end=\"403\">9 do 12 sati ispred Po\u0161te u Metkovi\u0107u<\/strong>, gdje \u0107e \u010dlanice Udruge razgovarati s gra\u0111anima i podsjetiti na va\u017enost brige o zdravlju i pravovremenih preventivnih pregleda.<\/p>\n<p data-start=\"533\" data-end=\"819\">Narcis, krhki proljetni cvijet, simbol je nade i novog po\u010detka. On hrabro \u201ctjera\u201d zimu i najavljuje bu\u0111enje prirode i dolazak prolje\u0107a \u2013 ba\u0161 kao i \u017eene koje se suo\u010davaju s ovom bole\u0161\u0107u. Unato\u010d neizvjesnosti i izazovima, one hrabro kora\u010daju naprijed, pokazuju\u0107i snagu, odlu\u010dnost i vjeru.<\/p>\n<p data-start=\"821\" data-end=\"1095\">Cilj ove akcije, kao i tijekom proteklih deset godina djelovanja Udruge, jest potaknuti gra\u0111ane, osobito \u017eene, na redovite preventivne preglede, brigu o vlastitom zdravlju i pravodobno reagiranje, jer rano otkrivanje bolesti zna\u010dajno pove\u0107ava mogu\u0107nosti uspje\u0161nog lije\u010denja.<\/p>\n<p data-start=\"1097\" data-end=\"1269\" data-is-last-node=\"\" data-is-only-node=\"\">Iz Udruge pozivaju sve gra\u0111ane da im se pridru\u017ee i svojim dolaskom podr\u017ee ovu va\u017enu akciju te zajedno po\u0161alju poruku solidarnosti i podr\u0161ke svima koji se bore s bole\u0161\u0107u.<\/p>\n","protected":false},"excerpt":{"rendered":"<p>Udruga \u017divot Metkovi\u0107, koja okuplja oboljele od malignih bolesti, u subotu, 14. o\u017eujka 2026. godine obilje\u017eit \u0107e Dan narcisa, javnozdravstvenu akciju posve\u0107enu borbi protiv karcinoma dojke i podizanju svijesti o va\u017enosti prevencije i redovitih pregleda. Akcija \u0107e se odr\u017eati od 9 do 12 sati ispred Po\u0161te u Metkovi\u0107u, gdje \u0107e \u010dlanice Udruge razgovarati s gra\u0111anima [&hellip;]<\/p>\n","protected":false},"author":7,"featured_media":141528,"comment_status":"open","ping_status":"open","sticky":false,"template":"","format":"standard","meta":{"footnotes":""},"categories":[283,11],"tags":[13586,342],"class_list":{"0":"post-172831","1":"post","2":"type-post","3":"status-publish","4":"format-standard","5":"has-post-thumbnail","7":"category-a","8":"category-metkovic-dolina","9":"tag-dann-narcisa","10":"tag-udruga-zivot"},"yoast_head":"<!-- This site is optimized with the Yoast SEO plugin v25.2 - https:\/\/yoast.com\/wordpress\/plugins\/seo\/ -->\n<title>Udruga \u017divot Metkovi\u0107 obilje\u017eava Dan narcisa \u2013 zajedno u borbi protiv karcinoma dojke - likemetkovic.hr<\/title>\n<meta name=\"robots\" content=\"index, follow, max-snippet:-1, max-image-preview:large, max-video-preview:-1\" \/>\n<link rel=\"canonical\" href=\"https:\/\/likemetkovic.hr\/portal\/udruga-zivot-metkovic-obiljezava-dan-narcisa-zajedno-u-borbi-protiv-karcinoma-dojke\/\" \/>\n<meta property=\"og:locale\" content=\"hr_HR\" \/>\n<meta property=\"og:type\" content=\"article\" \/>\n<meta property=\"og:title\" content=\"Udruga \u017divot Metkovi\u0107 obilje\u017eava Dan narcisa \u2013 zajedno u borbi protiv karcinoma dojke - likemetkovic.hr\" \/>\n<meta property=\"og:description\" content=\"Udruga \u017divot Metkovi\u0107, koja okuplja oboljele od malignih bolesti, u subotu, 14. o\u017eujka 2026. godine obilje\u017eit \u0107e Dan narcisa, javnozdravstvenu akciju posve\u0107enu borbi protiv karcinoma dojke i podizanju svijesti o va\u017enosti prevencije i redovitih pregleda. Akcija \u0107e se odr\u017eati od 9 do 12 sati ispred Po\u0161te u Metkovi\u0107u, gdje \u0107e \u010dlanice Udruge razgovarati s gra\u0111anima [&hellip;]\" \/>\n<meta property=\"og:url\" content=\"https:\/\/likemetkovic.hr\/portal\/udruga-zivot-metkovic-obiljezava-dan-narcisa-zajedno-u-borbi-protiv-karcinoma-dojke\/\" \/>\n<meta property=\"og:site_name\" content=\"likemetkovic.hr\" \/>\n<meta property=\"article:publisher\" content=\"https:\/\/www.facebook.com\/likemetkovic.hr\/\" \/>\n<meta property=\"article:published_time\" content=\"2026-03-13T07:38:03+00:00\" \/>\n<meta property=\"og:image\" content=\"https:\/\/likemetkovic.hr\/portal\/wp-content\/uploads\/2023\/03\/dan-narcisa-udruga-zivot250323_1.jpg\" \/>\n\t<meta property=\"og:image:width\" content=\"800\" \/>\n\t<meta property=\"og:image:height\" content=\"533\" \/>\n\t<meta property=\"og:image:type\" content=\"image\/jpeg\" \/>\n<meta name=\"author\" content=\"LIKEmetkovic.hr\" \/>\n<meta name=\"twitter:card\" content=\"summary_large_image\" \/>\n<meta name=\"twitter:label1\" content=\"Napisao\/la\" \/>\n\t<meta name=\"twitter:data1\" content=\"LIKEmetkovic.hr\" \/>\n\t<meta name=\"twitter:label2\" content=\"Procijenjeno vrijeme \u010ditanja\" \/>\n\t<meta name=\"twitter:data2\" content=\"2 minute\" \/>\n<script type=\"application\/ld+json\" class=\"yoast-schema-graph\">{\"@context\":\"https:\/\/schema.org\",\"@graph\":[{\"@type\":\"WebPage\",\"@id\":\"https:\/\/likemetkovic.hr\/portal\/udruga-zivot-metkovic-obiljezava-dan-narcisa-zajedno-u-borbi-protiv-karcinoma-dojke\/\",\"url\":\"https:\/\/likemetkovic.hr\/portal\/udruga-zivot-metkovic-obiljezava-dan-narcisa-zajedno-u-borbi-protiv-karcinoma-dojke\/\",\"name\":\"Udruga \u017divot Metkovi\u0107 obilje\u017eava Dan narcisa \u2013 zajedno u borbi protiv karcinoma dojke - likemetkovic.hr\",\"isPartOf\":{\"@id\":\"https:\/\/likemetkovic.hr\/#website\"},\"primaryImageOfPage\":{\"@id\":\"https:\/\/likemetkovic.hr\/portal\/udruga-zivot-metkovic-obiljezava-dan-narcisa-zajedno-u-borbi-protiv-karcinoma-dojke\/#primaryimage\"},\"image\":{\"@id\":\"https:\/\/likemetkovic.hr\/portal\/udruga-zivot-metkovic-obiljezava-dan-narcisa-zajedno-u-borbi-protiv-karcinoma-dojke\/#primaryimage\"},\"thumbnailUrl\":\"https:\/\/likemetkovic.hr\/portal\/wp-content\/uploads\/2023\/03\/dan-narcisa-udruga-zivot250323_1.jpg\",\"datePublished\":\"2026-03-13T07:38:03+00:00\",\"author\":{\"@id\":\"https:\/\/likemetkovic.hr\/#\/schema\/person\/a42711f3385a0e2be6f7e0443bfb28f0\"},\"breadcrumb\":{\"@id\":\"https:\/\/likemetkovic.hr\/portal\/udruga-zivot-metkovic-obiljezava-dan-narcisa-zajedno-u-borbi-protiv-karcinoma-dojke\/#breadcrumb\"},\"inLanguage\":\"hr\",\"potentialAction\":[{\"@type\":\"ReadAction\",\"target\":[\"https:\/\/likemetkovic.hr\/portal\/udruga-zivot-metkovic-obiljezava-dan-narcisa-zajedno-u-borbi-protiv-karcinoma-dojke\/\"]}]},{\"@type\":\"ImageObject\",\"inLanguage\":\"hr\",\"@id\":\"https:\/\/likemetkovic.hr\/portal\/udruga-zivot-metkovic-obiljezava-dan-narcisa-zajedno-u-borbi-protiv-karcinoma-dojke\/#primaryimage\",\"url\":\"https:\/\/likemetkovic.hr\/portal\/wp-content\/uploads\/2023\/03\/dan-narcisa-udruga-zivot250323_1.jpg\",\"contentUrl\":\"https:\/\/likemetkovic.hr\/portal\/wp-content\/uploads\/2023\/03\/dan-narcisa-udruga-zivot250323_1.jpg\",\"width\":800,\"height\":533},{\"@type\":\"BreadcrumbList\",\"@id\":\"https:\/\/likemetkovic.hr\/portal\/udruga-zivot-metkovic-obiljezava-dan-narcisa-zajedno-u-borbi-protiv-karcinoma-dojke\/#breadcrumb\",\"itemListElement\":[{\"@type\":\"ListItem\",\"position\":1,\"name\":\"Po\u010detna stranica\",\"item\":\"https:\/\/likemetkovic.hr\/portal\/\"},{\"@type\":\"ListItem\",\"position\":2,\"name\":\"Udruga \u017divot Metkovi\u0107 obilje\u017eava Dan narcisa \u2013 zajedno u borbi protiv karcinoma dojke\"}]},{\"@type\":\"WebSite\",\"@id\":\"https:\/\/likemetkovic.hr\/#website\",\"url\":\"https:\/\/likemetkovic.hr\/\",\"name\":\"likemetkovic.hr\",\"description\":\"Misli pozitivno... \u010ditaj LIKE\",\"potentialAction\":[{\"@type\":\"SearchAction\",\"target\":{\"@type\":\"EntryPoint\",\"urlTemplate\":\"https:\/\/likemetkovic.hr\/?s={search_term_string}\"},\"query-input\":{\"@type\":\"PropertyValueSpecification\",\"valueRequired\":true,\"valueName\":\"search_term_string\"}}],\"inLanguage\":\"hr\"},{\"@type\":\"Person\",\"@id\":\"https:\/\/likemetkovic.hr\/#\/schema\/person\/a42711f3385a0e2be6f7e0443bfb28f0\",\"name\":\"LIKEmetkovic.hr\",\"sameAs\":[\"http:\/\/likemetkovic.hr\"],\"url\":\"https:\/\/likemetkovic.hr\/portal\/author\/likemetkovic-hr\/\"}]}<\/script>\n<!-- \/ Yoast SEO plugin. -->","yoast_head_json":{"title":"Udruga \u017divot Metkovi\u0107 obilje\u017eava Dan narcisa \u2013 zajedno u borbi protiv karcinoma dojke - likemetkovic.hr","robots":{"index":"index","follow":"follow","max-snippet":"max-snippet:-1","max-image-preview":"max-image-preview:large","max-video-preview":"max-video-preview:-1"},"canonical":"https:\/\/likemetkovic.hr\/portal\/udruga-zivot-metkovic-obiljezava-dan-narcisa-zajedno-u-borbi-protiv-karcinoma-dojke\/","og_locale":"hr_HR","og_type":"article","og_title":"Udruga \u017divot Metkovi\u0107 obilje\u017eava Dan narcisa \u2013 zajedno u borbi protiv karcinoma dojke - likemetkovic.hr","og_description":"Udruga \u017divot Metkovi\u0107, koja okuplja oboljele od malignih bolesti, u subotu, 14. o\u017eujka 2026. godine obilje\u017eit \u0107e Dan narcisa, javnozdravstvenu akciju posve\u0107enu borbi protiv karcinoma dojke i podizanju svijesti o va\u017enosti prevencije i redovitih pregleda. Akcija \u0107e se odr\u017eati od 9 do 12 sati ispred Po\u0161te u Metkovi\u0107u, gdje \u0107e \u010dlanice Udruge razgovarati s gra\u0111anima [&hellip;]","og_url":"https:\/\/likemetkovic.hr\/portal\/udruga-zivot-metkovic-obiljezava-dan-narcisa-zajedno-u-borbi-protiv-karcinoma-dojke\/","og_site_name":"likemetkovic.hr","article_publisher":"https:\/\/www.facebook.com\/likemetkovic.hr\/","article_published_time":"2026-03-13T07:38:03+00:00","og_image":[{"width":800,"height":533,"url":"https:\/\/likemetkovic.hr\/portal\/wp-content\/uploads\/2023\/03\/dan-narcisa-udruga-zivot250323_1.jpg","type":"image\/jpeg"}],"author":"LIKEmetkovic.hr","twitter_card":"summary_large_image","twitter_misc":{"Napisao\/la":"LIKEmetkovic.hr","Procijenjeno vrijeme \u010ditanja":"2 minute"},"schema":{"@context":"https:\/\/schema.org","@graph":[{"@type":"WebPage","@id":"https:\/\/likemetkovic.hr\/portal\/udruga-zivot-metkovic-obiljezava-dan-narcisa-zajedno-u-borbi-protiv-karcinoma-dojke\/","url":"https:\/\/likemetkovic.hr\/portal\/udruga-zivot-metkovic-obiljezava-dan-narcisa-zajedno-u-borbi-protiv-karcinoma-dojke\/","name":"Udruga \u017divot Metkovi\u0107 obilje\u017eava Dan narcisa \u2013 zajedno u borbi protiv karcinoma dojke - likemetkovic.hr","isPartOf":{"@id":"https:\/\/likemetkovic.hr\/#website"},"primaryImageOfPage":{"@id":"https:\/\/likemetkovic.hr\/portal\/udruga-zivot-metkovic-obiljezava-dan-narcisa-zajedno-u-borbi-protiv-karcinoma-dojke\/#primaryimage"},"image":{"@id":"https:\/\/likemetkovic.hr\/portal\/udruga-zivot-metkovic-obiljezava-dan-narcisa-zajedno-u-borbi-protiv-karcinoma-dojke\/#primaryimage"},"thumbnailUrl":"https:\/\/likemetkovic.hr\/portal\/wp-content\/uploads\/2023\/03\/dan-narcisa-udruga-zivot250323_1.jpg","datePublished":"2026-03-13T07:38:03+00:00","author":{"@id":"https:\/\/likemetkovic.hr\/#\/schema\/person\/a42711f3385a0e2be6f7e0443bfb28f0"},"breadcrumb":{"@id":"https:\/\/likemetkovic.hr\/portal\/udruga-zivot-metkovic-obiljezava-dan-narcisa-zajedno-u-borbi-protiv-karcinoma-dojke\/#breadcrumb"},"inLanguage":"hr","potentialAction":[{"@type":"ReadAction","target":["https:\/\/likemetkovic.hr\/portal\/udruga-zivot-metkovic-obiljezava-dan-narcisa-zajedno-u-borbi-protiv-karcinoma-dojke\/"]}]},{"@type":"ImageObject","inLanguage":"hr","@id":"https:\/\/likemetkovic.hr\/portal\/udruga-zivot-metkovic-obiljezava-dan-narcisa-zajedno-u-borbi-protiv-karcinoma-dojke\/#primaryimage","url":"https:\/\/likemetkovic.hr\/portal\/wp-content\/uploads\/2023\/03\/dan-narcisa-udruga-zivot250323_1.jpg","contentUrl":"https:\/\/likemetkovic.hr\/portal\/wp-content\/uploads\/2023\/03\/dan-narcisa-udruga-zivot250323_1.jpg","width":800,"height":533},{"@type":"BreadcrumbList","@id":"https:\/\/likemetkovic.hr\/portal\/udruga-zivot-metkovic-obiljezava-dan-narcisa-zajedno-u-borbi-protiv-karcinoma-dojke\/#breadcrumb","itemListElement":[{"@type":"ListItem","position":1,"name":"Po\u010detna stranica","item":"https:\/\/likemetkovic.hr\/portal\/"},{"@type":"ListItem","position":2,"name":"Udruga \u017divot Metkovi\u0107 obilje\u017eava Dan narcisa \u2013 zajedno u borbi protiv karcinoma dojke"}]},{"@type":"WebSite","@id":"https:\/\/likemetkovic.hr\/#website","url":"https:\/\/likemetkovic.hr\/","name":"likemetkovic.hr","description":"Misli pozitivno... \u010ditaj LIKE","potentialAction":[{"@type":"SearchAction","target":{"@type":"EntryPoint","urlTemplate":"https:\/\/likemetkovic.hr\/?s={search_term_string}"},"query-input":{"@type":"PropertyValueSpecification","valueRequired":true,"valueName":"search_term_string"}}],"inLanguage":"hr"},{"@type":"Person","@id":"https:\/\/likemetkovic.hr\/#\/schema\/person\/a42711f3385a0e2be6f7e0443bfb28f0","name":"LIKEmetkovic.hr","sameAs":["http:\/\/likemetkovic.hr"],"url":"https:\/\/likemetkovic.hr\/portal\/author\/likemetkovic-hr\/"}]}},"_links":{"self":[{"href":"https:\/\/likemetkovic.hr\/portal\/wp-json\/wp\/v2\/posts\/172831","targetHints":{"allow":["GET"]}}],"collection":[{"href":"https:\/\/likemetkovic.hr\/portal\/wp-json\/wp\/v2\/posts"}],"about":[{"href":"https:\/\/likemetkovic.hr\/portal\/wp-json\/wp\/v2\/types\/post"}],"author":[{"embeddable":true,"href":"https:\/\/likemetkovic.hr\/portal\/wp-json\/wp\/v2\/users\/7"}],"replies":[{"embeddable":true,"href":"https:\/\/likemetkovic.hr\/portal\/wp-json\/wp\/v2\/comments?post=172831"}],"version-history":[{"count":1,"href":"https:\/\/likemetkovic.hr\/portal\/wp-json\/wp\/v2\/posts\/172831\/revisions"}],"predecessor-version":[{"id":172832,"href":"https:\/\/likemetkovic.hr\/portal\/wp-json\/wp\/v2\/posts\/172831\/revisions\/172832"}],"wp:featuredmedia":[{"embeddable":true,"href":"https:\/\/likemetkovic.hr\/portal\/wp-json\/wp\/v2\/media\/141528"}],"wp:attachment":[{"href":"https:\/\/likemetkovic.hr\/portal\/wp-json\/wp\/v2\/media?parent=172831"}],"wp:term":[{"taxonomy":"category","embeddable":true,"href":"https:\/\/likemetkovic.hr\/portal\/wp-json\/wp\/v2\/categories?post=172831"},{"taxonomy":"post_tag","embeddable":true,"href":"https:\/\/likemetkovic.hr\/portal\/wp-json\/wp\/v2\/tags?post=172831"}],"curies":[{"name":"wp","href":"https:\/\/api.w.org\/{rel}","templated":true}]}}