{"id":172843,"date":"2026-03-13T14:04:07","date_gmt":"2026-03-13T13:04:07","guid":{"rendered":"https:\/\/likemetkovic.hr\/portal\/?p=172843"},"modified":"2026-03-13T14:04:07","modified_gmt":"2026-03-13T13:04:07","slug":"sedmogodisnji-marko-iz-imotskog-ostao-bez-nogu-ruke-obolio-je-od-menigokokne-sepse-jedva-su-mu-spasili-zivot","status":"publish","type":"post","link":"https:\/\/likemetkovic.hr\/portal\/sedmogodisnji-marko-iz-imotskog-ostao-bez-nogu-ruke-obolio-je-od-menigokokne-sepse-jedva-su-mu-spasili-zivot\/","title":{"rendered":"Sedmogodi\u0161nji Marko iz Imotskog ostao bez nogu, ruke\u2026 Obolio je od menigokokne sepse, jedva su mu spasili \u017eivot!"},"content":{"rendered":"<p>Sedmogodi\u0161nji Marko vodi najte\u017eu bitku svog \u017eivota. Nakon \u0161to mu je dijagnosticirana meningokokna sepsa, te\u0161ka infekcija ostavila je trajne posljedice koje su zauvijek promijenile njegovo djetinjstvo, pi\u0161e imotski<a href=\"https:\/\/nu.net.hr\/marko-iz-prolosca-treba-nasu-pomoc-sedmogodisnjak-ostao-bez-nogu-ruke-i-prstiju-pred-njim-je-dug-i-neizvjestan-oporavak\/\"><strong>\u00a0Radio NU<\/strong><\/a>.<\/p>\n<p>Nakon po\u010detnog lije\u010denja u Splitu, 27. studenoga 2025. godine preba\u010den je u Dje\u010dju bolnicu u Zagrebu. Zbog te\u0161kih komplikacija lije\u010dnici su, kako bi mu spasili \u017eivot, morali amputirati obje noge. Na jednoj ruci amputirani su mu prsti, dok je na drugoj amputirana cijela \u0161aka, prenosi\u00a0<a href=\"https:\/\/slobodnadalmacija.hr\/split-i-zupanija\/zagora\/sedmogodisnji-marko-iz-imotskog-ostao-bez-nogu-ruke-obolio-je-od-menigokokne-sepse-jedva-su-mu-spasili-zivot-1542097\" target=\"_blank\" rel=\"noopener\">Slobodna Dalmacija.<\/a><\/p>\n<p>Pred Markom je dug i te\u017eak put oporavka. Kako bi mogao nastaviti \u017eivot \u0161to samostalnije, bit \u0107e mu potrebne proteze za ruke i noge te dugotrajna rehabilitacija.<\/p>\n<p>Obitelj je otvorila poseban ra\u010dun na Markovo ime kako bi svi koji \u017eele pomo\u0107i mogli donirati sredstva za njegovo lije\u010denje i oporavak.<\/p>\n<p>Svaka donacija predstavlja korak bli\u017ee Markovu oporavku i prilici da ponovno \u017eivi djetinjstvo kakvo zaslu\u017euje svako dijete. Osigurajmo mu najbolje proteze!<\/p>\n<p><strong>Podaci za uplatu:<\/strong><\/p>\n<p>Primatelj: Marko Cvitanovi\u0107<br \/>\nBanka: OTP banka<br \/>\nIBAN: HR8124070003239826143<\/p>\n<p><strong>Opis pla\u0107anja:<br \/>\n<\/strong>\u201cPoklon Marku za ortopedska pomagala\u201d<br \/>\nili \u201cPoklon za Markovo lije\u010denje\u201d ili<br \/>\n\u201cPoklon za Markovu rehabilitaciju\u201d<\/p>\n<h4>Meningokokna sepsa<\/h4>\n<p>Meningokokna sepsa jedna je od najte\u017eih i najbr\u017ee napreduju\u0107ih infektivnih bolesti dana\u0161njice, a razvija se kada opasna bakterija Neiserria meningitidis u\u0111e u krvotok i pokrene burnu, nekontroliranu upalnu reakciju cijelog organizma. Iako je rije\u010d o relativno rijetkoj bolesti, ona se mo\u017ee razviti i do smrtnog ishoda u svega nekoliko sati, \u010dak i kod prethodno potpuno zdrave djece, adolescenata ili odraslih. A ako vam spase \u017eivot, mo\u017ee do\u0107i do amputacija, kao \u0161to je slu\u010daj kod Marka.<\/p>\n","protected":false},"excerpt":{"rendered":"<p>Sedmogodi\u0161nji Marko vodi najte\u017eu bitku svog \u017eivota. Nakon \u0161to mu je dijagnosticirana meningokokna sepsa, te\u0161ka infekcija ostavila je trajne posljedice koje su zauvijek promijenile njegovo djetinjstvo, pi\u0161e imotski\u00a0Radio NU. Nakon po\u010detnog lije\u010denja u Splitu, 27. studenoga 2025. godine preba\u010den je u Dje\u010dju bolnicu u Zagrebu. Zbog te\u0161kih komplikacija lije\u010dnici su, kako bi mu spasili \u017eivot, [&hellip;]<\/p>\n","protected":false},"author":9,"featured_media":172844,"comment_status":"open","ping_status":"open","sticky":false,"template":"","format":"standard","meta":{"footnotes":""},"categories":[296,1027],"tags":[711,13588,13589],"class_list":{"0":"post-172843","1":"post","2":"type-post","3":"status-publish","4":"format-standard","5":"has-post-thumbnail","7":"category-ab","8":"category-hrvatska","9":"tag-humanitarna-akcija","10":"tag-marko-cvitanovic","11":"tag-meningokokna-sepsa"},"yoast_head":"<!-- This site is optimized with the Yoast SEO plugin v25.2 - https:\/\/yoast.com\/wordpress\/plugins\/seo\/ -->\n<title>Sedmogodi\u0161nji Marko iz Imotskog ostao bez nogu, ruke\u2026 Obolio je od menigokokne sepse, jedva su mu spasili \u017eivot! - likemetkovic.hr<\/title>\n<meta name=\"robots\" content=\"index, follow, max-snippet:-1, max-image-preview:large, max-video-preview:-1\" \/>\n<link rel=\"canonical\" href=\"https:\/\/likemetkovic.hr\/portal\/sedmogodisnji-marko-iz-imotskog-ostao-bez-nogu-ruke-obolio-je-od-menigokokne-sepse-jedva-su-mu-spasili-zivot\/\" \/>\n<meta property=\"og:locale\" content=\"hr_HR\" \/>\n<meta property=\"og:type\" content=\"article\" \/>\n<meta property=\"og:title\" content=\"Sedmogodi\u0161nji Marko iz Imotskog ostao bez nogu, ruke\u2026 Obolio je od menigokokne sepse, jedva su mu spasili \u017eivot! - likemetkovic.hr\" \/>\n<meta property=\"og:description\" content=\"Sedmogodi\u0161nji Marko vodi najte\u017eu bitku svog \u017eivota. Nakon \u0161to mu je dijagnosticirana meningokokna sepsa, te\u0161ka infekcija ostavila je trajne posljedice koje su zauvijek promijenile njegovo djetinjstvo, pi\u0161e imotski\u00a0Radio NU. Nakon po\u010detnog lije\u010denja u Splitu, 27. studenoga 2025. godine preba\u010den je u Dje\u010dju bolnicu u Zagrebu. Zbog te\u0161kih komplikacija lije\u010dnici su, kako bi mu spasili \u017eivot, [&hellip;]\" \/>\n<meta property=\"og:url\" content=\"https:\/\/likemetkovic.hr\/portal\/sedmogodisnji-marko-iz-imotskog-ostao-bez-nogu-ruke-obolio-je-od-menigokokne-sepse-jedva-su-mu-spasili-zivot\/\" \/>\n<meta property=\"og:site_name\" content=\"likemetkovic.hr\" \/>\n<meta property=\"article:publisher\" content=\"https:\/\/www.facebook.com\/likemetkovic.hr\/\" \/>\n<meta property=\"article:published_time\" content=\"2026-03-13T13:04:07+00:00\" \/>\n<meta property=\"og:image\" content=\"https:\/\/likemetkovic.hr\/portal\/wp-content\/uploads\/2026\/03\/marko-djecak.jpg\" \/>\n\t<meta property=\"og:image:width\" content=\"1000\" \/>\n\t<meta property=\"og:image:height\" content=\"512\" \/>\n\t<meta property=\"og:image:type\" content=\"image\/jpeg\" \/>\n<meta name=\"author\" content=\"K. J.\" \/>\n<meta name=\"twitter:card\" content=\"summary_large_image\" \/>\n<meta name=\"twitter:label1\" content=\"Napisao\/la\" \/>\n\t<meta name=\"twitter:data1\" content=\"K. J.\" \/>\n\t<meta name=\"twitter:label2\" content=\"Procijenjeno vrijeme \u010ditanja\" \/>\n\t<meta name=\"twitter:data2\" content=\"2 minute\" \/>\n<script type=\"application\/ld+json\" class=\"yoast-schema-graph\">{\"@context\":\"https:\/\/schema.org\",\"@graph\":[{\"@type\":\"WebPage\",\"@id\":\"https:\/\/likemetkovic.hr\/portal\/sedmogodisnji-marko-iz-imotskog-ostao-bez-nogu-ruke-obolio-je-od-menigokokne-sepse-jedva-su-mu-spasili-zivot\/\",\"url\":\"https:\/\/likemetkovic.hr\/portal\/sedmogodisnji-marko-iz-imotskog-ostao-bez-nogu-ruke-obolio-je-od-menigokokne-sepse-jedva-su-mu-spasili-zivot\/\",\"name\":\"Sedmogodi\u0161nji Marko iz Imotskog ostao bez nogu, ruke\u2026 Obolio je od menigokokne sepse, jedva su mu spasili \u017eivot! - likemetkovic.hr\",\"isPartOf\":{\"@id\":\"https:\/\/likemetkovic.hr\/#website\"},\"primaryImageOfPage\":{\"@id\":\"https:\/\/likemetkovic.hr\/portal\/sedmogodisnji-marko-iz-imotskog-ostao-bez-nogu-ruke-obolio-je-od-menigokokne-sepse-jedva-su-mu-spasili-zivot\/#primaryimage\"},\"image\":{\"@id\":\"https:\/\/likemetkovic.hr\/portal\/sedmogodisnji-marko-iz-imotskog-ostao-bez-nogu-ruke-obolio-je-od-menigokokne-sepse-jedva-su-mu-spasili-zivot\/#primaryimage\"},\"thumbnailUrl\":\"https:\/\/likemetkovic.hr\/portal\/wp-content\/uploads\/2026\/03\/marko-djecak.jpg\",\"datePublished\":\"2026-03-13T13:04:07+00:00\",\"author\":{\"@id\":\"https:\/\/likemetkovic.hr\/#\/schema\/person\/0a8b4ebfdfe1ff01192dccda40c5da0c\"},\"breadcrumb\":{\"@id\":\"https:\/\/likemetkovic.hr\/portal\/sedmogodisnji-marko-iz-imotskog-ostao-bez-nogu-ruke-obolio-je-od-menigokokne-sepse-jedva-su-mu-spasili-zivot\/#breadcrumb\"},\"inLanguage\":\"hr\",\"potentialAction\":[{\"@type\":\"ReadAction\",\"target\":[\"https:\/\/likemetkovic.hr\/portal\/sedmogodisnji-marko-iz-imotskog-ostao-bez-nogu-ruke-obolio-je-od-menigokokne-sepse-jedva-su-mu-spasili-zivot\/\"]}]},{\"@type\":\"ImageObject\",\"inLanguage\":\"hr\",\"@id\":\"https:\/\/likemetkovic.hr\/portal\/sedmogodisnji-marko-iz-imotskog-ostao-bez-nogu-ruke-obolio-je-od-menigokokne-sepse-jedva-su-mu-spasili-zivot\/#primaryimage\",\"url\":\"https:\/\/likemetkovic.hr\/portal\/wp-content\/uploads\/2026\/03\/marko-djecak.jpg\",\"contentUrl\":\"https:\/\/likemetkovic.hr\/portal\/wp-content\/uploads\/2026\/03\/marko-djecak.jpg\",\"width\":1000,\"height\":512},{\"@type\":\"BreadcrumbList\",\"@id\":\"https:\/\/likemetkovic.hr\/portal\/sedmogodisnji-marko-iz-imotskog-ostao-bez-nogu-ruke-obolio-je-od-menigokokne-sepse-jedva-su-mu-spasili-zivot\/#breadcrumb\",\"itemListElement\":[{\"@type\":\"ListItem\",\"position\":1,\"name\":\"Po\u010detna stranica\",\"item\":\"https:\/\/likemetkovic.hr\/portal\/\"},{\"@type\":\"ListItem\",\"position\":2,\"name\":\"Sedmogodi\u0161nji Marko iz Imotskog ostao bez nogu, ruke\u2026 Obolio je od menigokokne sepse, jedva su mu spasili \u017eivot!\"}]},{\"@type\":\"WebSite\",\"@id\":\"https:\/\/likemetkovic.hr\/#website\",\"url\":\"https:\/\/likemetkovic.hr\/\",\"name\":\"likemetkovic.hr\",\"description\":\"Misli pozitivno... \u010ditaj LIKE\",\"potentialAction\":[{\"@type\":\"SearchAction\",\"target\":{\"@type\":\"EntryPoint\",\"urlTemplate\":\"https:\/\/likemetkovic.hr\/?s={search_term_string}\"},\"query-input\":{\"@type\":\"PropertyValueSpecification\",\"valueRequired\":true,\"valueName\":\"search_term_string\"}}],\"inLanguage\":\"hr\"},{\"@type\":\"Person\",\"@id\":\"https:\/\/likemetkovic.hr\/#\/schema\/person\/0a8b4ebfdfe1ff01192dccda40c5da0c\",\"name\":\"K. J.\",\"url\":\"https:\/\/likemetkovic.hr\/portal\/author\/likemetkovic\/\"}]}<\/script>\n<!-- \/ Yoast SEO plugin. -->","yoast_head_json":{"title":"Sedmogodi\u0161nji Marko iz Imotskog ostao bez nogu, ruke\u2026 Obolio je od menigokokne sepse, jedva su mu spasili \u017eivot! - likemetkovic.hr","robots":{"index":"index","follow":"follow","max-snippet":"max-snippet:-1","max-image-preview":"max-image-preview:large","max-video-preview":"max-video-preview:-1"},"canonical":"https:\/\/likemetkovic.hr\/portal\/sedmogodisnji-marko-iz-imotskog-ostao-bez-nogu-ruke-obolio-je-od-menigokokne-sepse-jedva-su-mu-spasili-zivot\/","og_locale":"hr_HR","og_type":"article","og_title":"Sedmogodi\u0161nji Marko iz Imotskog ostao bez nogu, ruke\u2026 Obolio je od menigokokne sepse, jedva su mu spasili \u017eivot! - likemetkovic.hr","og_description":"Sedmogodi\u0161nji Marko vodi najte\u017eu bitku svog \u017eivota. Nakon \u0161to mu je dijagnosticirana meningokokna sepsa, te\u0161ka infekcija ostavila je trajne posljedice koje su zauvijek promijenile njegovo djetinjstvo, pi\u0161e imotski\u00a0Radio NU. Nakon po\u010detnog lije\u010denja u Splitu, 27. studenoga 2025. godine preba\u010den je u Dje\u010dju bolnicu u Zagrebu. Zbog te\u0161kih komplikacija lije\u010dnici su, kako bi mu spasili \u017eivot, [&hellip;]","og_url":"https:\/\/likemetkovic.hr\/portal\/sedmogodisnji-marko-iz-imotskog-ostao-bez-nogu-ruke-obolio-je-od-menigokokne-sepse-jedva-su-mu-spasili-zivot\/","og_site_name":"likemetkovic.hr","article_publisher":"https:\/\/www.facebook.com\/likemetkovic.hr\/","article_published_time":"2026-03-13T13:04:07+00:00","og_image":[{"width":1000,"height":512,"url":"https:\/\/likemetkovic.hr\/portal\/wp-content\/uploads\/2026\/03\/marko-djecak.jpg","type":"image\/jpeg"}],"author":"K. J.","twitter_card":"summary_large_image","twitter_misc":{"Napisao\/la":"K. J.","Procijenjeno vrijeme \u010ditanja":"2 minute"},"schema":{"@context":"https:\/\/schema.org","@graph":[{"@type":"WebPage","@id":"https:\/\/likemetkovic.hr\/portal\/sedmogodisnji-marko-iz-imotskog-ostao-bez-nogu-ruke-obolio-je-od-menigokokne-sepse-jedva-su-mu-spasili-zivot\/","url":"https:\/\/likemetkovic.hr\/portal\/sedmogodisnji-marko-iz-imotskog-ostao-bez-nogu-ruke-obolio-je-od-menigokokne-sepse-jedva-su-mu-spasili-zivot\/","name":"Sedmogodi\u0161nji Marko iz Imotskog ostao bez nogu, ruke\u2026 Obolio je od menigokokne sepse, jedva su mu spasili \u017eivot! - likemetkovic.hr","isPartOf":{"@id":"https:\/\/likemetkovic.hr\/#website"},"primaryImageOfPage":{"@id":"https:\/\/likemetkovic.hr\/portal\/sedmogodisnji-marko-iz-imotskog-ostao-bez-nogu-ruke-obolio-je-od-menigokokne-sepse-jedva-su-mu-spasili-zivot\/#primaryimage"},"image":{"@id":"https:\/\/likemetkovic.hr\/portal\/sedmogodisnji-marko-iz-imotskog-ostao-bez-nogu-ruke-obolio-je-od-menigokokne-sepse-jedva-su-mu-spasili-zivot\/#primaryimage"},"thumbnailUrl":"https:\/\/likemetkovic.hr\/portal\/wp-content\/uploads\/2026\/03\/marko-djecak.jpg","datePublished":"2026-03-13T13:04:07+00:00","author":{"@id":"https:\/\/likemetkovic.hr\/#\/schema\/person\/0a8b4ebfdfe1ff01192dccda40c5da0c"},"breadcrumb":{"@id":"https:\/\/likemetkovic.hr\/portal\/sedmogodisnji-marko-iz-imotskog-ostao-bez-nogu-ruke-obolio-je-od-menigokokne-sepse-jedva-su-mu-spasili-zivot\/#breadcrumb"},"inLanguage":"hr","potentialAction":[{"@type":"ReadAction","target":["https:\/\/likemetkovic.hr\/portal\/sedmogodisnji-marko-iz-imotskog-ostao-bez-nogu-ruke-obolio-je-od-menigokokne-sepse-jedva-su-mu-spasili-zivot\/"]}]},{"@type":"ImageObject","inLanguage":"hr","@id":"https:\/\/likemetkovic.hr\/portal\/sedmogodisnji-marko-iz-imotskog-ostao-bez-nogu-ruke-obolio-je-od-menigokokne-sepse-jedva-su-mu-spasili-zivot\/#primaryimage","url":"https:\/\/likemetkovic.hr\/portal\/wp-content\/uploads\/2026\/03\/marko-djecak.jpg","contentUrl":"https:\/\/likemetkovic.hr\/portal\/wp-content\/uploads\/2026\/03\/marko-djecak.jpg","width":1000,"height":512},{"@type":"BreadcrumbList","@id":"https:\/\/likemetkovic.hr\/portal\/sedmogodisnji-marko-iz-imotskog-ostao-bez-nogu-ruke-obolio-je-od-menigokokne-sepse-jedva-su-mu-spasili-zivot\/#breadcrumb","itemListElement":[{"@type":"ListItem","position":1,"name":"Po\u010detna stranica","item":"https:\/\/likemetkovic.hr\/portal\/"},{"@type":"ListItem","position":2,"name":"Sedmogodi\u0161nji Marko iz Imotskog ostao bez nogu, ruke\u2026 Obolio je od menigokokne sepse, jedva su mu spasili \u017eivot!"}]},{"@type":"WebSite","@id":"https:\/\/likemetkovic.hr\/#website","url":"https:\/\/likemetkovic.hr\/","name":"likemetkovic.hr","description":"Misli pozitivno... \u010ditaj LIKE","potentialAction":[{"@type":"SearchAction","target":{"@type":"EntryPoint","urlTemplate":"https:\/\/likemetkovic.hr\/?s={search_term_string}"},"query-input":{"@type":"PropertyValueSpecification","valueRequired":true,"valueName":"search_term_string"}}],"inLanguage":"hr"},{"@type":"Person","@id":"https:\/\/likemetkovic.hr\/#\/schema\/person\/0a8b4ebfdfe1ff01192dccda40c5da0c","name":"K. J.","url":"https:\/\/likemetkovic.hr\/portal\/author\/likemetkovic\/"}]}},"_links":{"self":[{"href":"https:\/\/likemetkovic.hr\/portal\/wp-json\/wp\/v2\/posts\/172843","targetHints":{"allow":["GET"]}}],"collection":[{"href":"https:\/\/likemetkovic.hr\/portal\/wp-json\/wp\/v2\/posts"}],"about":[{"href":"https:\/\/likemetkovic.hr\/portal\/wp-json\/wp\/v2\/types\/post"}],"author":[{"embeddable":true,"href":"https:\/\/likemetkovic.hr\/portal\/wp-json\/wp\/v2\/users\/9"}],"replies":[{"embeddable":true,"href":"https:\/\/likemetkovic.hr\/portal\/wp-json\/wp\/v2\/comments?post=172843"}],"version-history":[{"count":1,"href":"https:\/\/likemetkovic.hr\/portal\/wp-json\/wp\/v2\/posts\/172843\/revisions"}],"predecessor-version":[{"id":172845,"href":"https:\/\/likemetkovic.hr\/portal\/wp-json\/wp\/v2\/posts\/172843\/revisions\/172845"}],"wp:featuredmedia":[{"embeddable":true,"href":"https:\/\/likemetkovic.hr\/portal\/wp-json\/wp\/v2\/media\/172844"}],"wp:attachment":[{"href":"https:\/\/likemetkovic.hr\/portal\/wp-json\/wp\/v2\/media?parent=172843"}],"wp:term":[{"taxonomy":"category","embeddable":true,"href":"https:\/\/likemetkovic.hr\/portal\/wp-json\/wp\/v2\/categories?post=172843"},{"taxonomy":"post_tag","embeddable":true,"href":"https:\/\/likemetkovic.hr\/portal\/wp-json\/wp\/v2\/tags?post=172843"}],"curies":[{"name":"wp","href":"https:\/\/api.w.org\/{rel}","templated":true}]}}