{"id":172915,"date":"2026-03-16T08:43:26","date_gmt":"2026-03-16T07:43:26","guid":{"rendered":"https:\/\/likemetkovic.hr\/portal\/?p=172915"},"modified":"2026-03-16T08:43:55","modified_gmt":"2026-03-16T07:43:55","slug":"marko-zubac-osvojio-prvu-nagradu-na-medunarodnom-natjecanju-mladih-glazbenika-sonus","status":"publish","type":"post","link":"https:\/\/likemetkovic.hr\/portal\/marko-zubac-osvojio-prvu-nagradu-na-medunarodnom-natjecanju-mladih-glazbenika-sonus\/","title":{"rendered":"Marko Zubac osvojio prvu nagradu na Me\u0111unarodnom natjecanju mladih glazbenika &#8220;Sonus&#8221;"},"content":{"rendered":"<p data-start=\"42\" data-end=\"321\">U\u010denik Osnovne glazbene \u0161kole Metkovi\u0107, <strong data-start=\"82\" data-end=\"97\">Marko Zubac<\/strong>, ostvario je izniman uspjeh na Me\u0111unarodnom natjecanju mladih glazbenika <em><strong data-start=\"171\" data-end=\"180\">Sonus<\/strong><\/em>, koje je odr\u017eano u Kri\u017eevcima. Predstaviv\u0161i svoju \u0161kolu i grad u najboljem svjetlu, Marko je osvojio <strong data-start=\"282\" data-end=\"320\">1. nagradu u 1. kategoriji klavira<\/strong>.<\/p>\n<p data-start=\"323\" data-end=\"539\">Marko je u\u010denik iz klase profesorice <strong data-start=\"360\" data-end=\"374\">Maje Maji\u0107<\/strong>, \u010dije je stru\u010dno vodstvo i predan rad pridonio ovom zna\u010dajnom rezultatu. Ovaj uspjeh predstavlja veliko priznanje za Marka i ponos za njegovu \u0161kolu.<\/p>\n<p data-start=\"541\" data-end=\"732\">Iz OG\u0160 Metkovi\u0107 uputili su iskrene \u010destitke Marku i njegovoj profesorici na ovom vrijednom postignu\u0107u, uz \u017eelje za mnogo daljnjih uspjeha, novih nagrada i glazbene inspiracije u budu\u0107em radu.<\/p>\n<p><img decoding=\"async\" class=\"alignnone size-full wp-image-172916\" src=\"https:\/\/likemetkovic.hr\/portal\/wp-content\/uploads\/2026\/03\/ogd-metkovic-zubac.jpg\" alt=\"\" width=\"800\" height=\"565\" srcset=\"https:\/\/likemetkovic.hr\/portal\/wp-content\/uploads\/2026\/03\/ogd-metkovic-zubac.jpg 800w, https:\/\/likemetkovic.hr\/portal\/wp-content\/uploads\/2026\/03\/ogd-metkovic-zubac-768x542.jpg 768w, https:\/\/likemetkovic.hr\/portal\/wp-content\/uploads\/2026\/03\/ogd-metkovic-zubac-595x420.jpg 595w, https:\/\/likemetkovic.hr\/portal\/wp-content\/uploads\/2026\/03\/ogd-metkovic-zubac-150x106.jpg 150w, https:\/\/likemetkovic.hr\/portal\/wp-content\/uploads\/2026\/03\/ogd-metkovic-zubac-300x212.jpg 300w, https:\/\/likemetkovic.hr\/portal\/wp-content\/uploads\/2026\/03\/ogd-metkovic-zubac-696x492.jpg 696w, https:\/\/likemetkovic.hr\/portal\/wp-content\/uploads\/2026\/03\/ogd-metkovic-zubac-100x70.jpg 100w\" sizes=\"(max-width: 800px) 100vw, 800px\" \/><\/p>\n","protected":false},"excerpt":{"rendered":"<p>U\u010denik Osnovne glazbene \u0161kole Metkovi\u0107, Marko Zubac, ostvario je izniman uspjeh na Me\u0111unarodnom natjecanju mladih glazbenika Sonus, koje je odr\u017eano u Kri\u017eevcima. Predstaviv\u0161i svoju \u0161kolu i grad u najboljem svjetlu, Marko je osvojio 1. nagradu u 1. kategoriji klavira. Marko je u\u010denik iz klase profesorice Maje Maji\u0107, \u010dije je stru\u010dno vodstvo i predan rad pridonio [&hellip;]<\/p>\n","protected":false},"author":7,"featured_media":172916,"comment_status":"open","ping_status":"open","sticky":false,"template":"","format":"standard","meta":{"footnotes":""},"categories":[296,166],"tags":[13598,4612],"class_list":{"0":"post-172915","1":"post","2":"type-post","3":"status-publish","4":"format-standard","5":"has-post-thumbnail","7":"category-ab","8":"category-skolstvo","9":"tag-marko-zubac","10":"tag-ogs-metkovic"},"yoast_head":"<!-- This site is optimized with the Yoast SEO plugin v25.2 - https:\/\/yoast.com\/wordpress\/plugins\/seo\/ -->\n<title>Marko Zubac osvojio prvu nagradu na Me\u0111unarodnom natjecanju mladih glazbenika &quot;Sonus&quot; - likemetkovic.hr<\/title>\n<meta name=\"robots\" content=\"index, follow, max-snippet:-1, max-image-preview:large, max-video-preview:-1\" \/>\n<link rel=\"canonical\" href=\"https:\/\/likemetkovic.hr\/portal\/marko-zubac-osvojio-prvu-nagradu-na-medunarodnom-natjecanju-mladih-glazbenika-sonus\/\" \/>\n<meta property=\"og:locale\" content=\"hr_HR\" \/>\n<meta property=\"og:type\" content=\"article\" \/>\n<meta property=\"og:title\" content=\"Marko Zubac osvojio prvu nagradu na Me\u0111unarodnom natjecanju mladih glazbenika &quot;Sonus&quot; - likemetkovic.hr\" \/>\n<meta property=\"og:description\" content=\"U\u010denik Osnovne glazbene \u0161kole Metkovi\u0107, Marko Zubac, ostvario je izniman uspjeh na Me\u0111unarodnom natjecanju mladih glazbenika Sonus, koje je odr\u017eano u Kri\u017eevcima. Predstaviv\u0161i svoju \u0161kolu i grad u najboljem svjetlu, Marko je osvojio 1. nagradu u 1. kategoriji klavira. Marko je u\u010denik iz klase profesorice Maje Maji\u0107, \u010dije je stru\u010dno vodstvo i predan rad pridonio [&hellip;]\" \/>\n<meta property=\"og:url\" content=\"https:\/\/likemetkovic.hr\/portal\/marko-zubac-osvojio-prvu-nagradu-na-medunarodnom-natjecanju-mladih-glazbenika-sonus\/\" \/>\n<meta property=\"og:site_name\" content=\"likemetkovic.hr\" \/>\n<meta property=\"article:publisher\" content=\"https:\/\/www.facebook.com\/likemetkovic.hr\/\" \/>\n<meta property=\"article:published_time\" content=\"2026-03-16T07:43:26+00:00\" \/>\n<meta property=\"article:modified_time\" content=\"2026-03-16T07:43:55+00:00\" \/>\n<meta property=\"og:image\" content=\"https:\/\/likemetkovic.hr\/portal\/wp-content\/uploads\/2026\/03\/ogd-metkovic-zubac.jpg\" \/>\n\t<meta property=\"og:image:width\" content=\"800\" \/>\n\t<meta property=\"og:image:height\" content=\"565\" \/>\n\t<meta property=\"og:image:type\" content=\"image\/jpeg\" \/>\n<meta name=\"author\" content=\"LIKEmetkovic.hr\" \/>\n<meta name=\"twitter:card\" content=\"summary_large_image\" \/>\n<meta name=\"twitter:label1\" content=\"Napisao\/la\" \/>\n\t<meta name=\"twitter:data1\" content=\"LIKEmetkovic.hr\" \/>\n\t<meta name=\"twitter:label2\" content=\"Procijenjeno vrijeme \u010ditanja\" \/>\n\t<meta name=\"twitter:data2\" content=\"1 minuta\" \/>\n<script type=\"application\/ld+json\" class=\"yoast-schema-graph\">{\"@context\":\"https:\/\/schema.org\",\"@graph\":[{\"@type\":\"WebPage\",\"@id\":\"https:\/\/likemetkovic.hr\/portal\/marko-zubac-osvojio-prvu-nagradu-na-medunarodnom-natjecanju-mladih-glazbenika-sonus\/\",\"url\":\"https:\/\/likemetkovic.hr\/portal\/marko-zubac-osvojio-prvu-nagradu-na-medunarodnom-natjecanju-mladih-glazbenika-sonus\/\",\"name\":\"Marko Zubac osvojio prvu nagradu na Me\u0111unarodnom natjecanju mladih glazbenika \\\"Sonus\\\" - likemetkovic.hr\",\"isPartOf\":{\"@id\":\"https:\/\/likemetkovic.hr\/#website\"},\"primaryImageOfPage\":{\"@id\":\"https:\/\/likemetkovic.hr\/portal\/marko-zubac-osvojio-prvu-nagradu-na-medunarodnom-natjecanju-mladih-glazbenika-sonus\/#primaryimage\"},\"image\":{\"@id\":\"https:\/\/likemetkovic.hr\/portal\/marko-zubac-osvojio-prvu-nagradu-na-medunarodnom-natjecanju-mladih-glazbenika-sonus\/#primaryimage\"},\"thumbnailUrl\":\"https:\/\/likemetkovic.hr\/portal\/wp-content\/uploads\/2026\/03\/ogd-metkovic-zubac.jpg\",\"datePublished\":\"2026-03-16T07:43:26+00:00\",\"dateModified\":\"2026-03-16T07:43:55+00:00\",\"author\":{\"@id\":\"https:\/\/likemetkovic.hr\/#\/schema\/person\/a42711f3385a0e2be6f7e0443bfb28f0\"},\"breadcrumb\":{\"@id\":\"https:\/\/likemetkovic.hr\/portal\/marko-zubac-osvojio-prvu-nagradu-na-medunarodnom-natjecanju-mladih-glazbenika-sonus\/#breadcrumb\"},\"inLanguage\":\"hr\",\"potentialAction\":[{\"@type\":\"ReadAction\",\"target\":[\"https:\/\/likemetkovic.hr\/portal\/marko-zubac-osvojio-prvu-nagradu-na-medunarodnom-natjecanju-mladih-glazbenika-sonus\/\"]}]},{\"@type\":\"ImageObject\",\"inLanguage\":\"hr\",\"@id\":\"https:\/\/likemetkovic.hr\/portal\/marko-zubac-osvojio-prvu-nagradu-na-medunarodnom-natjecanju-mladih-glazbenika-sonus\/#primaryimage\",\"url\":\"https:\/\/likemetkovic.hr\/portal\/wp-content\/uploads\/2026\/03\/ogd-metkovic-zubac.jpg\",\"contentUrl\":\"https:\/\/likemetkovic.hr\/portal\/wp-content\/uploads\/2026\/03\/ogd-metkovic-zubac.jpg\",\"width\":800,\"height\":565},{\"@type\":\"BreadcrumbList\",\"@id\":\"https:\/\/likemetkovic.hr\/portal\/marko-zubac-osvojio-prvu-nagradu-na-medunarodnom-natjecanju-mladih-glazbenika-sonus\/#breadcrumb\",\"itemListElement\":[{\"@type\":\"ListItem\",\"position\":1,\"name\":\"Po\u010detna stranica\",\"item\":\"https:\/\/likemetkovic.hr\/portal\/\"},{\"@type\":\"ListItem\",\"position\":2,\"name\":\"Marko Zubac osvojio prvu nagradu na Me\u0111unarodnom natjecanju mladih glazbenika &#8220;Sonus&#8221;\"}]},{\"@type\":\"WebSite\",\"@id\":\"https:\/\/likemetkovic.hr\/#website\",\"url\":\"https:\/\/likemetkovic.hr\/\",\"name\":\"likemetkovic.hr\",\"description\":\"Misli pozitivno... \u010ditaj LIKE\",\"potentialAction\":[{\"@type\":\"SearchAction\",\"target\":{\"@type\":\"EntryPoint\",\"urlTemplate\":\"https:\/\/likemetkovic.hr\/?s={search_term_string}\"},\"query-input\":{\"@type\":\"PropertyValueSpecification\",\"valueRequired\":true,\"valueName\":\"search_term_string\"}}],\"inLanguage\":\"hr\"},{\"@type\":\"Person\",\"@id\":\"https:\/\/likemetkovic.hr\/#\/schema\/person\/a42711f3385a0e2be6f7e0443bfb28f0\",\"name\":\"LIKEmetkovic.hr\",\"sameAs\":[\"http:\/\/likemetkovic.hr\"],\"url\":\"https:\/\/likemetkovic.hr\/portal\/author\/likemetkovic-hr\/\"}]}<\/script>\n<!-- \/ Yoast SEO plugin. -->","yoast_head_json":{"title":"Marko Zubac osvojio prvu nagradu na Me\u0111unarodnom natjecanju mladih glazbenika \"Sonus\" - likemetkovic.hr","robots":{"index":"index","follow":"follow","max-snippet":"max-snippet:-1","max-image-preview":"max-image-preview:large","max-video-preview":"max-video-preview:-1"},"canonical":"https:\/\/likemetkovic.hr\/portal\/marko-zubac-osvojio-prvu-nagradu-na-medunarodnom-natjecanju-mladih-glazbenika-sonus\/","og_locale":"hr_HR","og_type":"article","og_title":"Marko Zubac osvojio prvu nagradu na Me\u0111unarodnom natjecanju mladih glazbenika \"Sonus\" - likemetkovic.hr","og_description":"U\u010denik Osnovne glazbene \u0161kole Metkovi\u0107, Marko Zubac, ostvario je izniman uspjeh na Me\u0111unarodnom natjecanju mladih glazbenika Sonus, koje je odr\u017eano u Kri\u017eevcima. Predstaviv\u0161i svoju \u0161kolu i grad u najboljem svjetlu, Marko je osvojio 1. nagradu u 1. kategoriji klavira. Marko je u\u010denik iz klase profesorice Maje Maji\u0107, \u010dije je stru\u010dno vodstvo i predan rad pridonio [&hellip;]","og_url":"https:\/\/likemetkovic.hr\/portal\/marko-zubac-osvojio-prvu-nagradu-na-medunarodnom-natjecanju-mladih-glazbenika-sonus\/","og_site_name":"likemetkovic.hr","article_publisher":"https:\/\/www.facebook.com\/likemetkovic.hr\/","article_published_time":"2026-03-16T07:43:26+00:00","article_modified_time":"2026-03-16T07:43:55+00:00","og_image":[{"width":800,"height":565,"url":"https:\/\/likemetkovic.hr\/portal\/wp-content\/uploads\/2026\/03\/ogd-metkovic-zubac.jpg","type":"image\/jpeg"}],"author":"LIKEmetkovic.hr","twitter_card":"summary_large_image","twitter_misc":{"Napisao\/la":"LIKEmetkovic.hr","Procijenjeno vrijeme \u010ditanja":"1 minuta"},"schema":{"@context":"https:\/\/schema.org","@graph":[{"@type":"WebPage","@id":"https:\/\/likemetkovic.hr\/portal\/marko-zubac-osvojio-prvu-nagradu-na-medunarodnom-natjecanju-mladih-glazbenika-sonus\/","url":"https:\/\/likemetkovic.hr\/portal\/marko-zubac-osvojio-prvu-nagradu-na-medunarodnom-natjecanju-mladih-glazbenika-sonus\/","name":"Marko Zubac osvojio prvu nagradu na Me\u0111unarodnom natjecanju mladih glazbenika \"Sonus\" - likemetkovic.hr","isPartOf":{"@id":"https:\/\/likemetkovic.hr\/#website"},"primaryImageOfPage":{"@id":"https:\/\/likemetkovic.hr\/portal\/marko-zubac-osvojio-prvu-nagradu-na-medunarodnom-natjecanju-mladih-glazbenika-sonus\/#primaryimage"},"image":{"@id":"https:\/\/likemetkovic.hr\/portal\/marko-zubac-osvojio-prvu-nagradu-na-medunarodnom-natjecanju-mladih-glazbenika-sonus\/#primaryimage"},"thumbnailUrl":"https:\/\/likemetkovic.hr\/portal\/wp-content\/uploads\/2026\/03\/ogd-metkovic-zubac.jpg","datePublished":"2026-03-16T07:43:26+00:00","dateModified":"2026-03-16T07:43:55+00:00","author":{"@id":"https:\/\/likemetkovic.hr\/#\/schema\/person\/a42711f3385a0e2be6f7e0443bfb28f0"},"breadcrumb":{"@id":"https:\/\/likemetkovic.hr\/portal\/marko-zubac-osvojio-prvu-nagradu-na-medunarodnom-natjecanju-mladih-glazbenika-sonus\/#breadcrumb"},"inLanguage":"hr","potentialAction":[{"@type":"ReadAction","target":["https:\/\/likemetkovic.hr\/portal\/marko-zubac-osvojio-prvu-nagradu-na-medunarodnom-natjecanju-mladih-glazbenika-sonus\/"]}]},{"@type":"ImageObject","inLanguage":"hr","@id":"https:\/\/likemetkovic.hr\/portal\/marko-zubac-osvojio-prvu-nagradu-na-medunarodnom-natjecanju-mladih-glazbenika-sonus\/#primaryimage","url":"https:\/\/likemetkovic.hr\/portal\/wp-content\/uploads\/2026\/03\/ogd-metkovic-zubac.jpg","contentUrl":"https:\/\/likemetkovic.hr\/portal\/wp-content\/uploads\/2026\/03\/ogd-metkovic-zubac.jpg","width":800,"height":565},{"@type":"BreadcrumbList","@id":"https:\/\/likemetkovic.hr\/portal\/marko-zubac-osvojio-prvu-nagradu-na-medunarodnom-natjecanju-mladih-glazbenika-sonus\/#breadcrumb","itemListElement":[{"@type":"ListItem","position":1,"name":"Po\u010detna stranica","item":"https:\/\/likemetkovic.hr\/portal\/"},{"@type":"ListItem","position":2,"name":"Marko Zubac osvojio prvu nagradu na Me\u0111unarodnom natjecanju mladih glazbenika &#8220;Sonus&#8221;"}]},{"@type":"WebSite","@id":"https:\/\/likemetkovic.hr\/#website","url":"https:\/\/likemetkovic.hr\/","name":"likemetkovic.hr","description":"Misli pozitivno... \u010ditaj LIKE","potentialAction":[{"@type":"SearchAction","target":{"@type":"EntryPoint","urlTemplate":"https:\/\/likemetkovic.hr\/?s={search_term_string}"},"query-input":{"@type":"PropertyValueSpecification","valueRequired":true,"valueName":"search_term_string"}}],"inLanguage":"hr"},{"@type":"Person","@id":"https:\/\/likemetkovic.hr\/#\/schema\/person\/a42711f3385a0e2be6f7e0443bfb28f0","name":"LIKEmetkovic.hr","sameAs":["http:\/\/likemetkovic.hr"],"url":"https:\/\/likemetkovic.hr\/portal\/author\/likemetkovic-hr\/"}]}},"_links":{"self":[{"href":"https:\/\/likemetkovic.hr\/portal\/wp-json\/wp\/v2\/posts\/172915","targetHints":{"allow":["GET"]}}],"collection":[{"href":"https:\/\/likemetkovic.hr\/portal\/wp-json\/wp\/v2\/posts"}],"about":[{"href":"https:\/\/likemetkovic.hr\/portal\/wp-json\/wp\/v2\/types\/post"}],"author":[{"embeddable":true,"href":"https:\/\/likemetkovic.hr\/portal\/wp-json\/wp\/v2\/users\/7"}],"replies":[{"embeddable":true,"href":"https:\/\/likemetkovic.hr\/portal\/wp-json\/wp\/v2\/comments?post=172915"}],"version-history":[{"count":2,"href":"https:\/\/likemetkovic.hr\/portal\/wp-json\/wp\/v2\/posts\/172915\/revisions"}],"predecessor-version":[{"id":172918,"href":"https:\/\/likemetkovic.hr\/portal\/wp-json\/wp\/v2\/posts\/172915\/revisions\/172918"}],"wp:featuredmedia":[{"embeddable":true,"href":"https:\/\/likemetkovic.hr\/portal\/wp-json\/wp\/v2\/media\/172916"}],"wp:attachment":[{"href":"https:\/\/likemetkovic.hr\/portal\/wp-json\/wp\/v2\/media?parent=172915"}],"wp:term":[{"taxonomy":"category","embeddable":true,"href":"https:\/\/likemetkovic.hr\/portal\/wp-json\/wp\/v2\/categories?post=172915"},{"taxonomy":"post_tag","embeddable":true,"href":"https:\/\/likemetkovic.hr\/portal\/wp-json\/wp\/v2\/tags?post=172915"}],"curies":[{"name":"wp","href":"https:\/\/api.w.org\/{rel}","templated":true}]}}