{"id":172919,"date":"2026-03-16T09:00:51","date_gmt":"2026-03-16T08:00:51","guid":{"rendered":"https:\/\/likemetkovic.hr\/portal\/?p=172919"},"modified":"2026-03-16T09:00:51","modified_gmt":"2026-03-16T08:00:51","slug":"gimnazijalci-jerko-matusko-i-ante-turk-pozvani-na-drzavno-natjecanje-iz-matematike-u-a-kategoriji","status":"publish","type":"post","link":"https:\/\/likemetkovic.hr\/portal\/gimnazijalci-jerko-matusko-i-ante-turk-pozvani-na-drzavno-natjecanje-iz-matematike-u-a-kategoriji\/","title":{"rendered":"Gimnazijalci Jerko Matu\u0161ko i Ante Turk pozvani na dr\u017eavno natjecanje iz matematike u A kategoriji"},"content":{"rendered":"<p data-start=\"112\" data-end=\"416\">U\u010denici <strong data-start=\"120\" data-end=\"142\">Gimnazije Metkovi\u0107<\/strong> <strong data-start=\"143\" data-end=\"167\">Jerko Matu\u0161ko (1. c)<\/strong> i <strong data-start=\"170\" data-end=\"190\">Ante Turk (4. c)<\/strong> ostvarili su izniman uspjeh plasirav\u0161i se na <strong data-start=\"236\" data-end=\"287\">dr\u017eavno natjecanje iz matematike u A kategoriji<\/strong>, najzahtjevnijoj kategoriji ovog presti\u017enog natjecanja. Time su postali <strong data-start=\"360\" data-end=\"398\">jedini predstavnici svoje \u017eupanije<\/strong> u toj kategoriji.<\/p>\n<p data-start=\"418\" data-end=\"541\">Jerko Matu\u0161ko natjecao se uz mentorstvo <strong data-start=\"458\" data-end=\"490\">profesorice Ljubice Jerkovi\u0107<\/strong>, dok je mentor Anti Turku <strong data-start=\"517\" data-end=\"540\">profesor Ante Zovko<\/strong>.<\/p>\n<p data-start=\"543\" data-end=\"713\">Dr\u017eavno natjecanje odr\u017eat \u0107e se <strong data-start=\"575\" data-end=\"624\">od 27. do 29. travnja 2026. godine u Vodicama<\/strong>, gdje \u0107e se na\u0161i u\u010denici natjecati s najboljim mladim matemati\u010darima iz cijele Hrvatske.<\/p>\n<p data-start=\"715\" data-end=\"841\" data-is-last-node=\"\" data-is-only-node=\"\">\u010cestitamo Jerku i Anti te njihovim mentorima na ovom velikom uspjehu i \u017eelimo im <strong data-start=\"796\" data-end=\"836\">puno uspjeha na dr\u017eavnom natjecanju!<\/strong><\/p>\n","protected":false},"excerpt":{"rendered":"<p>U\u010denici Gimnazije Metkovi\u0107 Jerko Matu\u0161ko (1. c) i Ante Turk (4. c) ostvarili su izniman uspjeh plasirav\u0161i se na dr\u017eavno natjecanje iz matematike u A kategoriji, najzahtjevnijoj kategoriji ovog presti\u017enog natjecanja. Time su postali jedini predstavnici svoje \u017eupanije u toj kategoriji. Jerko Matu\u0161ko natjecao se uz mentorstvo profesorice Ljubice Jerkovi\u0107, dok je mentor Anti Turku [&hellip;]<\/p>\n","protected":false},"author":7,"featured_media":172920,"comment_status":"open","ping_status":"open","sticky":false,"template":"","format":"standard","meta":{"footnotes":""},"categories":[296,166],"tags":[332,329],"class_list":{"0":"post-172919","1":"post","2":"type-post","3":"status-publish","4":"format-standard","5":"has-post-thumbnail","7":"category-ab","8":"category-skolstvo","9":"tag-gimnazija-metkovic","10":"tag-matematika"},"yoast_head":"<!-- This site is optimized with the Yoast SEO plugin v25.2 - https:\/\/yoast.com\/wordpress\/plugins\/seo\/ -->\n<title>Gimnazijalci Jerko Matu\u0161ko i Ante Turk pozvani na dr\u017eavno natjecanje iz matematike u A kategoriji - likemetkovic.hr<\/title>\n<meta name=\"robots\" content=\"index, follow, max-snippet:-1, max-image-preview:large, max-video-preview:-1\" \/>\n<link rel=\"canonical\" href=\"https:\/\/likemetkovic.hr\/portal\/gimnazijalci-jerko-matusko-i-ante-turk-pozvani-na-drzavno-natjecanje-iz-matematike-u-a-kategoriji\/\" \/>\n<meta property=\"og:locale\" content=\"hr_HR\" \/>\n<meta property=\"og:type\" content=\"article\" \/>\n<meta property=\"og:title\" content=\"Gimnazijalci Jerko Matu\u0161ko i Ante Turk pozvani na dr\u017eavno natjecanje iz matematike u A kategoriji - likemetkovic.hr\" \/>\n<meta property=\"og:description\" content=\"U\u010denici Gimnazije Metkovi\u0107 Jerko Matu\u0161ko (1. c) i Ante Turk (4. c) ostvarili su izniman uspjeh plasirav\u0161i se na dr\u017eavno natjecanje iz matematike u A kategoriji, najzahtjevnijoj kategoriji ovog presti\u017enog natjecanja. Time su postali jedini predstavnici svoje \u017eupanije u toj kategoriji. Jerko Matu\u0161ko natjecao se uz mentorstvo profesorice Ljubice Jerkovi\u0107, dok je mentor Anti Turku [&hellip;]\" \/>\n<meta property=\"og:url\" content=\"https:\/\/likemetkovic.hr\/portal\/gimnazijalci-jerko-matusko-i-ante-turk-pozvani-na-drzavno-natjecanje-iz-matematike-u-a-kategoriji\/\" \/>\n<meta property=\"og:site_name\" content=\"likemetkovic.hr\" \/>\n<meta property=\"article:publisher\" content=\"https:\/\/www.facebook.com\/likemetkovic.hr\/\" \/>\n<meta property=\"article:published_time\" content=\"2026-03-16T08:00:51+00:00\" \/>\n<meta property=\"og:image\" content=\"https:\/\/likemetkovic.hr\/portal\/wp-content\/uploads\/2026\/03\/gimnazija-matematika1.jpg\" \/>\n\t<meta property=\"og:image:width\" content=\"800\" \/>\n\t<meta property=\"og:image:height\" content=\"498\" \/>\n\t<meta property=\"og:image:type\" content=\"image\/jpeg\" \/>\n<meta name=\"author\" content=\"LIKEmetkovic.hr\" \/>\n<meta name=\"twitter:card\" content=\"summary_large_image\" \/>\n<meta name=\"twitter:label1\" content=\"Napisao\/la\" \/>\n\t<meta name=\"twitter:data1\" content=\"LIKEmetkovic.hr\" \/>\n\t<meta name=\"twitter:label2\" content=\"Procijenjeno vrijeme \u010ditanja\" \/>\n\t<meta name=\"twitter:data2\" content=\"1 minuta\" \/>\n<script type=\"application\/ld+json\" class=\"yoast-schema-graph\">{\"@context\":\"https:\/\/schema.org\",\"@graph\":[{\"@type\":\"WebPage\",\"@id\":\"https:\/\/likemetkovic.hr\/portal\/gimnazijalci-jerko-matusko-i-ante-turk-pozvani-na-drzavno-natjecanje-iz-matematike-u-a-kategoriji\/\",\"url\":\"https:\/\/likemetkovic.hr\/portal\/gimnazijalci-jerko-matusko-i-ante-turk-pozvani-na-drzavno-natjecanje-iz-matematike-u-a-kategoriji\/\",\"name\":\"Gimnazijalci Jerko Matu\u0161ko i Ante Turk pozvani na dr\u017eavno natjecanje iz matematike u A kategoriji - likemetkovic.hr\",\"isPartOf\":{\"@id\":\"https:\/\/likemetkovic.hr\/#website\"},\"primaryImageOfPage\":{\"@id\":\"https:\/\/likemetkovic.hr\/portal\/gimnazijalci-jerko-matusko-i-ante-turk-pozvani-na-drzavno-natjecanje-iz-matematike-u-a-kategoriji\/#primaryimage\"},\"image\":{\"@id\":\"https:\/\/likemetkovic.hr\/portal\/gimnazijalci-jerko-matusko-i-ante-turk-pozvani-na-drzavno-natjecanje-iz-matematike-u-a-kategoriji\/#primaryimage\"},\"thumbnailUrl\":\"https:\/\/likemetkovic.hr\/portal\/wp-content\/uploads\/2026\/03\/gimnazija-matematika1.jpg\",\"datePublished\":\"2026-03-16T08:00:51+00:00\",\"author\":{\"@id\":\"https:\/\/likemetkovic.hr\/#\/schema\/person\/a42711f3385a0e2be6f7e0443bfb28f0\"},\"breadcrumb\":{\"@id\":\"https:\/\/likemetkovic.hr\/portal\/gimnazijalci-jerko-matusko-i-ante-turk-pozvani-na-drzavno-natjecanje-iz-matematike-u-a-kategoriji\/#breadcrumb\"},\"inLanguage\":\"hr\",\"potentialAction\":[{\"@type\":\"ReadAction\",\"target\":[\"https:\/\/likemetkovic.hr\/portal\/gimnazijalci-jerko-matusko-i-ante-turk-pozvani-na-drzavno-natjecanje-iz-matematike-u-a-kategoriji\/\"]}]},{\"@type\":\"ImageObject\",\"inLanguage\":\"hr\",\"@id\":\"https:\/\/likemetkovic.hr\/portal\/gimnazijalci-jerko-matusko-i-ante-turk-pozvani-na-drzavno-natjecanje-iz-matematike-u-a-kategoriji\/#primaryimage\",\"url\":\"https:\/\/likemetkovic.hr\/portal\/wp-content\/uploads\/2026\/03\/gimnazija-matematika1.jpg\",\"contentUrl\":\"https:\/\/likemetkovic.hr\/portal\/wp-content\/uploads\/2026\/03\/gimnazija-matematika1.jpg\",\"width\":800,\"height\":498},{\"@type\":\"BreadcrumbList\",\"@id\":\"https:\/\/likemetkovic.hr\/portal\/gimnazijalci-jerko-matusko-i-ante-turk-pozvani-na-drzavno-natjecanje-iz-matematike-u-a-kategoriji\/#breadcrumb\",\"itemListElement\":[{\"@type\":\"ListItem\",\"position\":1,\"name\":\"Po\u010detna stranica\",\"item\":\"https:\/\/likemetkovic.hr\/portal\/\"},{\"@type\":\"ListItem\",\"position\":2,\"name\":\"Gimnazijalci Jerko Matu\u0161ko i Ante Turk pozvani na dr\u017eavno natjecanje iz matematike u A kategoriji\"}]},{\"@type\":\"WebSite\",\"@id\":\"https:\/\/likemetkovic.hr\/#website\",\"url\":\"https:\/\/likemetkovic.hr\/\",\"name\":\"likemetkovic.hr\",\"description\":\"Misli pozitivno... \u010ditaj LIKE\",\"potentialAction\":[{\"@type\":\"SearchAction\",\"target\":{\"@type\":\"EntryPoint\",\"urlTemplate\":\"https:\/\/likemetkovic.hr\/?s={search_term_string}\"},\"query-input\":{\"@type\":\"PropertyValueSpecification\",\"valueRequired\":true,\"valueName\":\"search_term_string\"}}],\"inLanguage\":\"hr\"},{\"@type\":\"Person\",\"@id\":\"https:\/\/likemetkovic.hr\/#\/schema\/person\/a42711f3385a0e2be6f7e0443bfb28f0\",\"name\":\"LIKEmetkovic.hr\",\"sameAs\":[\"http:\/\/likemetkovic.hr\"],\"url\":\"https:\/\/likemetkovic.hr\/portal\/author\/likemetkovic-hr\/\"}]}<\/script>\n<!-- \/ Yoast SEO plugin. -->","yoast_head_json":{"title":"Gimnazijalci Jerko Matu\u0161ko i Ante Turk pozvani na dr\u017eavno natjecanje iz matematike u A kategoriji - likemetkovic.hr","robots":{"index":"index","follow":"follow","max-snippet":"max-snippet:-1","max-image-preview":"max-image-preview:large","max-video-preview":"max-video-preview:-1"},"canonical":"https:\/\/likemetkovic.hr\/portal\/gimnazijalci-jerko-matusko-i-ante-turk-pozvani-na-drzavno-natjecanje-iz-matematike-u-a-kategoriji\/","og_locale":"hr_HR","og_type":"article","og_title":"Gimnazijalci Jerko Matu\u0161ko i Ante Turk pozvani na dr\u017eavno natjecanje iz matematike u A kategoriji - likemetkovic.hr","og_description":"U\u010denici Gimnazije Metkovi\u0107 Jerko Matu\u0161ko (1. c) i Ante Turk (4. c) ostvarili su izniman uspjeh plasirav\u0161i se na dr\u017eavno natjecanje iz matematike u A kategoriji, najzahtjevnijoj kategoriji ovog presti\u017enog natjecanja. Time su postali jedini predstavnici svoje \u017eupanije u toj kategoriji. Jerko Matu\u0161ko natjecao se uz mentorstvo profesorice Ljubice Jerkovi\u0107, dok je mentor Anti Turku [&hellip;]","og_url":"https:\/\/likemetkovic.hr\/portal\/gimnazijalci-jerko-matusko-i-ante-turk-pozvani-na-drzavno-natjecanje-iz-matematike-u-a-kategoriji\/","og_site_name":"likemetkovic.hr","article_publisher":"https:\/\/www.facebook.com\/likemetkovic.hr\/","article_published_time":"2026-03-16T08:00:51+00:00","og_image":[{"width":800,"height":498,"url":"https:\/\/likemetkovic.hr\/portal\/wp-content\/uploads\/2026\/03\/gimnazija-matematika1.jpg","type":"image\/jpeg"}],"author":"LIKEmetkovic.hr","twitter_card":"summary_large_image","twitter_misc":{"Napisao\/la":"LIKEmetkovic.hr","Procijenjeno vrijeme \u010ditanja":"1 minuta"},"schema":{"@context":"https:\/\/schema.org","@graph":[{"@type":"WebPage","@id":"https:\/\/likemetkovic.hr\/portal\/gimnazijalci-jerko-matusko-i-ante-turk-pozvani-na-drzavno-natjecanje-iz-matematike-u-a-kategoriji\/","url":"https:\/\/likemetkovic.hr\/portal\/gimnazijalci-jerko-matusko-i-ante-turk-pozvani-na-drzavno-natjecanje-iz-matematike-u-a-kategoriji\/","name":"Gimnazijalci Jerko Matu\u0161ko i Ante Turk pozvani na dr\u017eavno natjecanje iz matematike u A kategoriji - likemetkovic.hr","isPartOf":{"@id":"https:\/\/likemetkovic.hr\/#website"},"primaryImageOfPage":{"@id":"https:\/\/likemetkovic.hr\/portal\/gimnazijalci-jerko-matusko-i-ante-turk-pozvani-na-drzavno-natjecanje-iz-matematike-u-a-kategoriji\/#primaryimage"},"image":{"@id":"https:\/\/likemetkovic.hr\/portal\/gimnazijalci-jerko-matusko-i-ante-turk-pozvani-na-drzavno-natjecanje-iz-matematike-u-a-kategoriji\/#primaryimage"},"thumbnailUrl":"https:\/\/likemetkovic.hr\/portal\/wp-content\/uploads\/2026\/03\/gimnazija-matematika1.jpg","datePublished":"2026-03-16T08:00:51+00:00","author":{"@id":"https:\/\/likemetkovic.hr\/#\/schema\/person\/a42711f3385a0e2be6f7e0443bfb28f0"},"breadcrumb":{"@id":"https:\/\/likemetkovic.hr\/portal\/gimnazijalci-jerko-matusko-i-ante-turk-pozvani-na-drzavno-natjecanje-iz-matematike-u-a-kategoriji\/#breadcrumb"},"inLanguage":"hr","potentialAction":[{"@type":"ReadAction","target":["https:\/\/likemetkovic.hr\/portal\/gimnazijalci-jerko-matusko-i-ante-turk-pozvani-na-drzavno-natjecanje-iz-matematike-u-a-kategoriji\/"]}]},{"@type":"ImageObject","inLanguage":"hr","@id":"https:\/\/likemetkovic.hr\/portal\/gimnazijalci-jerko-matusko-i-ante-turk-pozvani-na-drzavno-natjecanje-iz-matematike-u-a-kategoriji\/#primaryimage","url":"https:\/\/likemetkovic.hr\/portal\/wp-content\/uploads\/2026\/03\/gimnazija-matematika1.jpg","contentUrl":"https:\/\/likemetkovic.hr\/portal\/wp-content\/uploads\/2026\/03\/gimnazija-matematika1.jpg","width":800,"height":498},{"@type":"BreadcrumbList","@id":"https:\/\/likemetkovic.hr\/portal\/gimnazijalci-jerko-matusko-i-ante-turk-pozvani-na-drzavno-natjecanje-iz-matematike-u-a-kategoriji\/#breadcrumb","itemListElement":[{"@type":"ListItem","position":1,"name":"Po\u010detna stranica","item":"https:\/\/likemetkovic.hr\/portal\/"},{"@type":"ListItem","position":2,"name":"Gimnazijalci Jerko Matu\u0161ko i Ante Turk pozvani na dr\u017eavno natjecanje iz matematike u A kategoriji"}]},{"@type":"WebSite","@id":"https:\/\/likemetkovic.hr\/#website","url":"https:\/\/likemetkovic.hr\/","name":"likemetkovic.hr","description":"Misli pozitivno... \u010ditaj LIKE","potentialAction":[{"@type":"SearchAction","target":{"@type":"EntryPoint","urlTemplate":"https:\/\/likemetkovic.hr\/?s={search_term_string}"},"query-input":{"@type":"PropertyValueSpecification","valueRequired":true,"valueName":"search_term_string"}}],"inLanguage":"hr"},{"@type":"Person","@id":"https:\/\/likemetkovic.hr\/#\/schema\/person\/a42711f3385a0e2be6f7e0443bfb28f0","name":"LIKEmetkovic.hr","sameAs":["http:\/\/likemetkovic.hr"],"url":"https:\/\/likemetkovic.hr\/portal\/author\/likemetkovic-hr\/"}]}},"_links":{"self":[{"href":"https:\/\/likemetkovic.hr\/portal\/wp-json\/wp\/v2\/posts\/172919","targetHints":{"allow":["GET"]}}],"collection":[{"href":"https:\/\/likemetkovic.hr\/portal\/wp-json\/wp\/v2\/posts"}],"about":[{"href":"https:\/\/likemetkovic.hr\/portal\/wp-json\/wp\/v2\/types\/post"}],"author":[{"embeddable":true,"href":"https:\/\/likemetkovic.hr\/portal\/wp-json\/wp\/v2\/users\/7"}],"replies":[{"embeddable":true,"href":"https:\/\/likemetkovic.hr\/portal\/wp-json\/wp\/v2\/comments?post=172919"}],"version-history":[{"count":1,"href":"https:\/\/likemetkovic.hr\/portal\/wp-json\/wp\/v2\/posts\/172919\/revisions"}],"predecessor-version":[{"id":172921,"href":"https:\/\/likemetkovic.hr\/portal\/wp-json\/wp\/v2\/posts\/172919\/revisions\/172921"}],"wp:featuredmedia":[{"embeddable":true,"href":"https:\/\/likemetkovic.hr\/portal\/wp-json\/wp\/v2\/media\/172920"}],"wp:attachment":[{"href":"https:\/\/likemetkovic.hr\/portal\/wp-json\/wp\/v2\/media?parent=172919"}],"wp:term":[{"taxonomy":"category","embeddable":true,"href":"https:\/\/likemetkovic.hr\/portal\/wp-json\/wp\/v2\/categories?post=172919"},{"taxonomy":"post_tag","embeddable":true,"href":"https:\/\/likemetkovic.hr\/portal\/wp-json\/wp\/v2\/tags?post=172919"}],"curies":[{"name":"wp","href":"https:\/\/api.w.org\/{rel}","templated":true}]}}