{"id":172931,"date":"2026-03-16T22:01:02","date_gmt":"2026-03-16T21:01:02","guid":{"rendered":"https:\/\/likemetkovic.hr\/portal\/?p=172931"},"modified":"2026-03-17T09:54:12","modified_gmt":"2026-03-17T08:54:12","slug":"dolazak-gospina-kipa-u-crkvu-sv-ilije-u-metkovicu-16-ozujka-1879-godine","status":"publish","type":"post","link":"https:\/\/likemetkovic.hr\/portal\/dolazak-gospina-kipa-u-crkvu-sv-ilije-u-metkovicu-16-ozujka-1879-godine\/","title":{"rendered":"Dolazak Gospina kipa u crkvu sv. Ilije u Metkovi\u0107u 16. o\u017eujka 1879. godine"},"content":{"rendered":"<p>Jo\u0161 u prosincu 1876. godine stanovnici Metkovi\u0107a, kako bi osigurali bo\u017eansko pokroviteljstvo za svoje potrebe, jednoglasno su odlu\u010dili podi\u0107i oltar u \u010dast Djevice Marije, nazvan Gospa od Zdravlja.<\/p>\n<p>Ni\u0161ta manje velikodu\u0161ni nego pobo\u017eni kako pi\u0161e onodobni tisak, doprinijeli su ovom prekrasnom pothvatu, tako brzo da je do kraja 1878. oltar ve\u0107 bio dovr\u0161en, objavila je <a href=\"https:\/\/www.svilija-metkovic.com\/2026\/03\/16\/dolazak-gospina-kipa-u-crkvu-sv-ilije-u-metkovicu-16-ozujka-1879-godine\/\" target=\"_blank\" rel=\"noopener\">\u017dupa sv. Ilije proroka &#8211; Metkovi\u0107<\/a>.<\/p>\n<p>Uskoro je naru\u010den i kip Djevice Marije iz tvornice u Klagenfurtu, te su ve\u0107 16. o\u017eujka 1879. godine stanovnici Metkovi\u0107a mogli posjedovati ovaj graciozan i cijenjeni predmet, tako majstorski izra\u0111en da se bez pretjerivanja mo\u017ee re\u0107i da je to jedan od najljep\u0161ih i najnje\u017enijih skulptura Gospe u Splitskoj biskupiji. Sve ove epitete navodi dopisnik u svome \u010dlanku te dalje navodi: \u201cOvaj veliki dan, kada smo podno ove svete slike mogli \u010dastiti Veliku Majku Bo\u017eju, pod imenom Gospa od Zdravlja, srcima ispunjenim ljubavlju, zasigurno \u0107e ostati u vje\u010dnom sje\u0107anju, budu\u0107i da Neretva ne pamti sli\u010dnu sve\u010danost\u201c.<\/p>\n<figure id=\"attachment_172935\" aria-describedby=\"caption-attachment-172935\" style=\"width: 800px\" class=\"wp-caption alignnone\"><img decoding=\"async\" class=\"wp-image-172935\" src=\"https:\/\/likemetkovic.hr\/portal\/wp-content\/uploads\/2026\/03\/metkovic-karta-1860.jpg\" alt=\"\" width=\"800\" height=\"392\" srcset=\"https:\/\/likemetkovic.hr\/portal\/wp-content\/uploads\/2026\/03\/metkovic-karta-1860.jpg 800w, https:\/\/likemetkovic.hr\/portal\/wp-content\/uploads\/2026\/03\/metkovic-karta-1860-768x376.jpg 768w, https:\/\/likemetkovic.hr\/portal\/wp-content\/uploads\/2026\/03\/metkovic-karta-1860-150x74.jpg 150w, https:\/\/likemetkovic.hr\/portal\/wp-content\/uploads\/2026\/03\/metkovic-karta-1860-300x147.jpg 300w, https:\/\/likemetkovic.hr\/portal\/wp-content\/uploads\/2026\/03\/metkovic-karta-1860-696x341.jpg 696w, https:\/\/likemetkovic.hr\/portal\/wp-content\/uploads\/2026\/03\/metkovic-karta-1860-324x160.jpg 324w, https:\/\/likemetkovic.hr\/portal\/wp-content\/uploads\/2026\/03\/metkovic-karta-1860-533x261.jpg 533w\" sizes=\"(max-width: 800px) 100vw, 800px\" \/><figcaption id=\"caption-attachment-172935\" class=\"wp-caption-text\">Metkovi\u0107 oko 1860-ih godina. Na sredini karte, dole, vide se ulice Mobine i Klada te luka Podstru\u017eje.<\/figcaption><\/figure>\n<p>To\u010dno u 14 sati zapo\u010dela je procesija, u kojoj je sudjelovalo preko 2.000 ljudi (Metkovi\u0107 je tada imao oko 1.000 stanovnika te su u procesiji o\u010dito bili i stanovnici susjednih \u017eupa). Krenula je od \u017eupne crkve prema Podstru\u017eju, kilometar od Metkovi\u0107a (Metkovi\u0107 je tada bio do Platana), kako bi tamo preuzeli kip i zatim ga postavili na oltar. Procesiju se predvodili <em>Rondari<\/em> u svojoj sve\u010danoj narodnoj odje\u0107i, nose\u0107i op\u0107insku zastavu, zatim su slijedili \u0161kolarci sa svojim u\u010diteljima, potom dugi red Bra\u0107e Presvetog Sakramenta te gomila \u0161tovatelja odnosno \u017eupljana. Ovdje se postavlja pitanje jesu li <em>Rondari<\/em> u stvari Metkovske \u017eudije, jer se ovaj naziv za \u017eudije zadr\u017eao do dana\u0161njih dana u nedalekom Vrgorcu. Samo spominjanje narodne odje\u0107e upu\u0107uje upravo na to. <em>Rondari<\/em> (\u017eudije) u Vrgorcu kao svoju odje\u0107u ne koriste odje\u0107u rimskih vojnika nego narodnu no\u0161nju koja je zbog blizine vrlo sli\u010dna na\u0161oj neretvanskoj narodnoj no\u0161nji.<\/p>\n<p>Posebno je interesantan i podatak da je u procesiji sudjelovala i satnija Weber pukovnije (pod imenom <em>Primorska pukovnija Weber<\/em> (Joseph baron von Weber) br. 22. koja je sudjelovala s pet bojni u zaposjedanju Bosne i Hercegovine 1878. godine. U to vrijeme sjedi\u0161te joj je u Dubrovniku i o\u010dito je jedna bojna bila smje\u0161tena u Metkovi\u0107u. Glazba Jela\u010di\u0107 pukovnije je tako\u0111er sudjelovala u procesiji sviraju\u0107i vesele kora\u010dnice.<\/p>\n<p>Slijedilo je sve\u0107enstvo, a iza njih slavni pukovnik Luxardo, politi\u010dki povjerenik dr. Pezzi, op\u0107inska uprava, sudske i dr\u017eavne vlasti. Bojnik sa svim du\u017enosnicima Weber bataljuna koji su smje\u0161teni u Metkovi\u0107u, kao i mnoge druge tvrtke i pojedinci, svi u sve\u010danoj odori i\u0161li su na kraju procesije.<\/p>\n<p><img decoding=\"async\" class=\"size-medium wp-image-172933 alignleft\" src=\"https:\/\/likemetkovic.hr\/portal\/wp-content\/uploads\/2026\/03\/la-dalmatia.jpg\" alt=\"\" width=\"295\" height=\"800\" srcset=\"https:\/\/likemetkovic.hr\/portal\/wp-content\/uploads\/2026\/03\/la-dalmatia.jpg 295w, https:\/\/likemetkovic.hr\/portal\/wp-content\/uploads\/2026\/03\/la-dalmatia-155x420.jpg 155w, https:\/\/likemetkovic.hr\/portal\/wp-content\/uploads\/2026\/03\/la-dalmatia-150x407.jpg 150w\" sizes=\"(max-width: 295px) 100vw, 295px\" \/>Pukovnik Urban Edler von Luxardo bio je vrlo cijenjen \u010dasnik u vojsci. Poticao je iz ugledne dalmatinske patricijske obitelji. Diplomirao je na Pomorskoj akademiji u Rijeci kao kolega iz razreda Tegetthofa i Sternecka s kojima je ostao dobar prijatelj do kraja \u017eivota. Ve\u0107 umirovljen, ipak se dobrovoljno prijavio za aktivnu slu\u017ebu tijekom priprema za okupaciju Bosne i Hercegovine. Imenovan je zapovjednikom u Metkovi\u0107u gdje je pokazao neobi\u010dnu predanost i organizacijske sposobnosti. Za nas je posebno interesantan njegov kolosalni posao oko obnove drvenog mosta u Metkovi\u0107u kako novinar u jednom drugom \u010dlanku nagla\u0161ava na \u010dvr\u0161\u0107im temeljima. Naime svake godine bi nabujala Neretva nanosila veliku \u0161tetu prethodnom drvenom mostu.<\/p>\n<p>Stigav\u0161i do mjesta gdje se nalazio kip, procesija se nakratko zaustavila, sve dok Pre\u010dasni dekan, otac Rafael Bori\u0107, nije pozdravio lik Premilosrdne Djevice Marije tradicionalnim pjesmama, koje su prisutni potom s odu\u0161evljenjem ponavljali. Nakon zavr\u0161etka ove svete ceremonije, svirao je glazbeni sastav Jela\u010di\u0107 pukovnije. Zvukovi limenih instrumenata mije\u0161ali su se s paljbom petardi, ma\u010dkula i kubura pri \u010demu su skoro svi mu\u0161karci bili naoru\u017eani kuburama.<\/p>\n<p>U svom tekstu dopisnik <em>Katoli\u010dke Dalmacije<\/em> navodi: \u201eO koliko je suza, emocija navrlo mnogima na o\u010di dok su promatrali kako sna\u017eno u na\u0161im srcima gore religiozni osje\u0107aji, ljubav i odanost prema Gospi. Jedinoj zahvaljuju\u0107i kojoj, kako je rekao poznati autor, mo\u017eemo te\u017eiti postizanju svih milosti u sada\u0161njem \u017eivotu i osiguranju Raja u budu\u0107em \u017eivotu.\u201c<\/p>\n<p>Rasko\u0161 ove nezaboravne sve\u010danosti dodano je poja\u010dana samom mirnom atmosferom i vedrim i spokojnim nebom, tako da se sve ve\u0107a sre\u0107a i veselje moglo \u010ditati na licima sudionika procesije, koji su izme\u0111u pauza ponavljali sljede\u0107i stih na slavenskom (hrvatskom) jeziku:<\/p>\n<p><em>Ah, ti koja sjedi\u0161 na nebu<br \/>\n<\/em><em>kao Kraljica djevica,<br \/>\n<\/em><em>ah, ti se blagonaklono<br \/>\n<\/em><em>smije\u0161i\u0161 molitvama na\u0161ih srca.<\/em><\/p>\n<figure id=\"attachment_172936\" aria-describedby=\"caption-attachment-172936\" style=\"width: 534px\" class=\"wp-caption alignnone\"><img decoding=\"async\" class=\"wp-image-172936\" src=\"https:\/\/likemetkovic.hr\/portal\/wp-content\/uploads\/2026\/03\/metkovic-procesija-gospa.jpg\" alt=\"\" width=\"534\" height=\"800\" srcset=\"https:\/\/likemetkovic.hr\/portal\/wp-content\/uploads\/2026\/03\/metkovic-procesija-gospa.jpg 534w, https:\/\/likemetkovic.hr\/portal\/wp-content\/uploads\/2026\/03\/metkovic-procesija-gospa-280x420.jpg 280w, https:\/\/likemetkovic.hr\/portal\/wp-content\/uploads\/2026\/03\/metkovic-procesija-gospa-150x225.jpg 150w, https:\/\/likemetkovic.hr\/portal\/wp-content\/uploads\/2026\/03\/metkovic-procesija-gospa-300x449.jpg 300w\" sizes=\"(max-width: 534px) 100vw, 534px\" \/><figcaption id=\"caption-attachment-172936\" class=\"wp-caption-text\">Procesija s Gospinim kipom ulicama grada Metkovi\u0107a prije Drugog svjetskog rata.<\/figcaption><\/figure>\n<p style=\"text-align: left;\">U me\u0111uvremenu kip su preuzela i nosila \u010detiri mladi\u0107a odjevena u crno, a procesija se vratila istim putem, idu\u0107i prema mjestu njihovo pjevanje crkvenjaka, zvuk instumenata, zvonjava zvona i pucnjevi petardi i kubura odjekivali su Predolcem i Sv. Ivanom.<\/p>\n<p>Gdje god biste pogledali, vidjeli ste ukrasne velove, zastave i fe\u0161tone. Brodovi su bili ukra\u0161eni fe\u0161tonima (ukrasi u obliku vijenca, obi\u010dno napravljen od cvije\u0107a, li\u0161\u0107a i vrpci koje vise u luku izme\u0111u dvije to\u010dke). Ne\u0161to oko pet sati procesija se vratila u crkvu. Trajala je dobra tri sata.<\/p>\n<p>U nastavku dopisnik Katoli\u010dke Dalmacije pi\u0161e: \u201eNemogu\u0107e mi je opisati vjerski prizor\u201c. Dogodilo se to kada je kip stigao u crkvu. U tren oka, iako je ogromna, bila je puna vjernika, a stotine ljudi moralo je stajati vani. Me\u0111u tim mno\u0161tvom, mogle su se vidjeti suosje\u0107ajne majke kako podi\u017eu svoju djecu da gledaju sveti lik koja predstavlja na\u0161u zajedni\u010dku Majku, najdra\u017eu i najnje\u017eniju, dok su druge, dr\u017ee\u0107i upaljenu svije\u0107u u rukama, s velikom pa\u017enjom slu\u0161ale kratak, ali rje\u010dit govor, koji je tom prilikom odr\u017eao pobo\u017eni i revni \u017eupnik, otac Bori\u0107, koji je istovremeno potaknuo milostinju u \u010dast Bla\u017eene Djevice Marije, koja se popela na stotine fiorina. Tako je zavr\u0161ila ova nezaboravna slu\u017eba.<\/p>\n<figure id=\"attachment_172934\" aria-describedby=\"caption-attachment-172934\" style=\"width: 800px\" class=\"wp-caption alignnone\"><img decoding=\"async\" class=\"wp-image-172934\" src=\"https:\/\/likemetkovic.hr\/portal\/wp-content\/uploads\/2026\/03\/metkovci-vrgorac.jpg\" alt=\"\" width=\"800\" height=\"533\" srcset=\"https:\/\/likemetkovic.hr\/portal\/wp-content\/uploads\/2026\/03\/metkovci-vrgorac.jpg 800w, https:\/\/likemetkovic.hr\/portal\/wp-content\/uploads\/2026\/03\/metkovci-vrgorac-768x512.jpg 768w, https:\/\/likemetkovic.hr\/portal\/wp-content\/uploads\/2026\/03\/metkovci-vrgorac-630x420.jpg 630w, https:\/\/likemetkovic.hr\/portal\/wp-content\/uploads\/2026\/03\/metkovci-vrgorac-150x100.jpg 150w, https:\/\/likemetkovic.hr\/portal\/wp-content\/uploads\/2026\/03\/metkovci-vrgorac-300x200.jpg 300w, https:\/\/likemetkovic.hr\/portal\/wp-content\/uploads\/2026\/03\/metkovci-vrgorac-696x464.jpg 696w\" sizes=\"(max-width: 800px) 100vw, 800px\" \/><figcaption id=\"caption-attachment-172934\" class=\"wp-caption-text\">Metkovski Rondari u procesiji s kipom Gospe 1879. godine vjerojatno su izgledali sli\u010dno Rondarima sa slike nastale u Vrgorcu izme\u0111u dva svjetska rata.<\/figcaption><\/figure>\n<p>U potpisu \u010dlanka stoji samo D-e. Mislim da \u0107emo te\u0161ko ikada saznati o kome se radi. Mislim da je novinar do\u0161ao u Metkovi\u0107 povodom ovog doga\u0111aja. Me\u0111utim opis doga\u0111aja kojeg sam ja skoro doslovno prenio uz male intervencije i poja\u0161njenja \u00a0teksta, dao nam je jako puno novih nepoznatih informacija koje do sada nismo znali. Posebno je interesantno ako se to poka\u017ee to\u010dnim podatak da su i Metkovci tada svoje \u017eudije nazivali <em>Rondari<\/em> koji naziv se do sada zadr\u017eao samo u Vrgorcu od svih skupina \u017eudija na na\u0161im prostorima. Ina\u010de\u00a0 sam pojam dolazi od talijanske rije\u010di \u201eronda\u201c, koja u prijevodu ozna\u010dava stra\u017eu, ophodnju ili patrolu, odnosno skupinu koja ne\u0161to \u010duva. Mogu\u0107e je da novinar pi\u0161u\u0107i tekst na talijanskom jeziku koristi rije\u010d za \u010duvare Isusova groba kao zamjenicu za na\u0161 izraz \u017eudije.<\/p>\n<p><img decoding=\"async\" class=\"size-full wp-image-172932 aligncenter\" src=\"https:\/\/likemetkovic.hr\/portal\/wp-content\/uploads\/2026\/03\/gospin-kup-metkovic.jpg\" alt=\"\" width=\"601\" height=\"800\" srcset=\"https:\/\/likemetkovic.hr\/portal\/wp-content\/uploads\/2026\/03\/gospin-kup-metkovic.jpg 601w, https:\/\/likemetkovic.hr\/portal\/wp-content\/uploads\/2026\/03\/gospin-kup-metkovic-316x420.jpg 316w, https:\/\/likemetkovic.hr\/portal\/wp-content\/uploads\/2026\/03\/gospin-kup-metkovic-150x200.jpg 150w, https:\/\/likemetkovic.hr\/portal\/wp-content\/uploads\/2026\/03\/gospin-kup-metkovic-300x399.jpg 300w\" sizes=\"(max-width: 601px) 100vw, 601px\" \/><\/p>\n<p>U tekstu se spominje da je kip kupljen i da je namjera \u017eupljana bila Gospa od Zdravlja pa bi bilo interesantno vidjeti do kada se i da li se u Metkovi\u0107u slavila 21. studenog. Vjerujem da u \u017eupnim knjigama postoji neki zapis koji bi rije\u0161io ovu dilemu. Stari Metkovci su kip Gospe u procesijama ukra\u0161avali krunom i pla\u0161tem. Kruna se i dalje \u010duva u \u017dupi.<\/p>\n<p>Tako\u0111er je i prisustvo Weber pukovnije kao i glazbe Jela\u010di\u0107 pukovnije jako va\u017eno i interesantno za nas Metkovce. Naime do sada se u vi\u0161e navrata spominjalo kako je dolazak Dubrova\u010dke glazbe na otvaranje \u017eeljezni\u010dke pruge Metkovi\u0107-Mostar 13. lipnja 1885. godine inicirao osnivanje na\u0161e Glazbe. Ispalo je da su tada Metkovci prvi put \u010duli zvuke nekog puha\u010dkog orkestra te im se to tako dopalo da su i oni odlu\u010dili osnovati svoju glazbu. Vidimo da je ve\u0107 \u0161est godina ranije u Metkovi\u0107u svirao puha\u010dki orkestar Jela\u010di\u0107 pukovnije, a vjerujem da bi se mogao prona\u0107i i jo\u0161 neki stariji zapis.<\/p>\n<p>Posebno se moram zahvaliti povjesni\u010daru iz Zagreba Igoru Miji Ostoji\u0107u bez \u010dijeg neumornog istra\u017eiva\u010dkog rada ne bi bilo ovog otkri\u0107a u \u010dlanku <em>La Dalmazia Cattolica <\/em>&#8211; Katoli\u010dka Dalmacija od 28. o\u017eujka 1879. godine, koja je izlazila u Zadru, a koji sam vam imam priliku ovdje predstaviti.<\/p>\n<p><strong>Pi\u0161e: Mario Talaji\u0107 \/<a href=\"https:\/\/www.svilija-metkovic.com\/2026\/03\/16\/dolazak-gospina-kipa-u-crkvu-sv-ilije-u-metkovicu-16-ozujka-1879-godine\/\" target=\"_blank\" rel=\"noopener\"> \u017dupa sv. Ilije proroka &#8211; Metkovi\u0107<\/a><\/strong><\/p>\n","protected":false},"excerpt":{"rendered":"<p>Jo\u0161 u prosincu 1876. godine stanovnici Metkovi\u0107a, kako bi osigurali bo\u017eansko pokroviteljstvo za svoje potrebe, jednoglasno su odlu\u010dili podi\u0107i oltar u \u010dast Djevice Marije, nazvan Gospa od Zdravlja. Ni\u0161ta manje velikodu\u0161ni nego pobo\u017eni kako pi\u0161e onodobni tisak, doprinijeli su ovom prekrasnom pothvatu, tako brzo da je do kraja 1878. oltar ve\u0107 bio dovr\u0161en, objavila je [&hellip;]<\/p>\n","protected":false},"author":9,"featured_media":172937,"comment_status":"open","ping_status":"open","sticky":false,"template":"","format":"standard","meta":{"footnotes":""},"categories":[283,71,27],"tags":[8510,2850],"class_list":{"0":"post-172931","1":"post","2":"type-post","3":"status-publish","4":"format-standard","5":"has-post-thumbnail","7":"category-a","8":"category-svega-po-malo","9":"category-vjera-i-zivot","10":"tag-gospin-kip","11":"tag-zupa-sv-ilije-metkovic"},"yoast_head":"<!-- This site is optimized with the Yoast SEO plugin v25.2 - https:\/\/yoast.com\/wordpress\/plugins\/seo\/ -->\n<title>Dolazak Gospina kipa u crkvu sv. Ilije u Metkovi\u0107u 16. o\u017eujka 1879. godine - likemetkovic.hr<\/title>\n<meta name=\"robots\" content=\"index, follow, max-snippet:-1, max-image-preview:large, max-video-preview:-1\" \/>\n<link rel=\"canonical\" href=\"https:\/\/likemetkovic.hr\/portal\/dolazak-gospina-kipa-u-crkvu-sv-ilije-u-metkovicu-16-ozujka-1879-godine\/\" \/>\n<meta property=\"og:locale\" content=\"hr_HR\" \/>\n<meta property=\"og:type\" content=\"article\" \/>\n<meta property=\"og:title\" content=\"Dolazak Gospina kipa u crkvu sv. Ilije u Metkovi\u0107u 16. o\u017eujka 1879. godine - likemetkovic.hr\" \/>\n<meta property=\"og:description\" content=\"Jo\u0161 u prosincu 1876. godine stanovnici Metkovi\u0107a, kako bi osigurali bo\u017eansko pokroviteljstvo za svoje potrebe, jednoglasno su odlu\u010dili podi\u0107i oltar u \u010dast Djevice Marije, nazvan Gospa od Zdravlja. Ni\u0161ta manje velikodu\u0161ni nego pobo\u017eni kako pi\u0161e onodobni tisak, doprinijeli su ovom prekrasnom pothvatu, tako brzo da je do kraja 1878. oltar ve\u0107 bio dovr\u0161en, objavila je [&hellip;]\" \/>\n<meta property=\"og:url\" content=\"https:\/\/likemetkovic.hr\/portal\/dolazak-gospina-kipa-u-crkvu-sv-ilije-u-metkovicu-16-ozujka-1879-godine\/\" \/>\n<meta property=\"og:site_name\" content=\"likemetkovic.hr\" \/>\n<meta property=\"article:publisher\" content=\"https:\/\/www.facebook.com\/likemetkovic.hr\/\" \/>\n<meta property=\"article:published_time\" content=\"2026-03-16T21:01:02+00:00\" \/>\n<meta property=\"article:modified_time\" content=\"2026-03-17T08:54:12+00:00\" \/>\n<meta property=\"og:image\" content=\"https:\/\/likemetkovic.hr\/portal\/wp-content\/uploads\/2026\/03\/gospin-kip-naslovna.jpg\" \/>\n\t<meta property=\"og:image:width\" content=\"800\" \/>\n\t<meta property=\"og:image:height\" content=\"521\" \/>\n\t<meta property=\"og:image:type\" content=\"image\/jpeg\" \/>\n<meta name=\"author\" content=\"K. J.\" \/>\n<meta name=\"twitter:card\" content=\"summary_large_image\" \/>\n<meta name=\"twitter:label1\" content=\"Napisao\/la\" \/>\n\t<meta name=\"twitter:data1\" content=\"K. J.\" \/>\n\t<meta name=\"twitter:label2\" content=\"Procijenjeno vrijeme \u010ditanja\" \/>\n\t<meta name=\"twitter:data2\" content=\"9 minuta\" \/>\n<script type=\"application\/ld+json\" class=\"yoast-schema-graph\">{\"@context\":\"https:\/\/schema.org\",\"@graph\":[{\"@type\":\"WebPage\",\"@id\":\"https:\/\/likemetkovic.hr\/portal\/dolazak-gospina-kipa-u-crkvu-sv-ilije-u-metkovicu-16-ozujka-1879-godine\/\",\"url\":\"https:\/\/likemetkovic.hr\/portal\/dolazak-gospina-kipa-u-crkvu-sv-ilije-u-metkovicu-16-ozujka-1879-godine\/\",\"name\":\"Dolazak Gospina kipa u crkvu sv. Ilije u Metkovi\u0107u 16. o\u017eujka 1879. godine - likemetkovic.hr\",\"isPartOf\":{\"@id\":\"https:\/\/likemetkovic.hr\/#website\"},\"primaryImageOfPage\":{\"@id\":\"https:\/\/likemetkovic.hr\/portal\/dolazak-gospina-kipa-u-crkvu-sv-ilije-u-metkovicu-16-ozujka-1879-godine\/#primaryimage\"},\"image\":{\"@id\":\"https:\/\/likemetkovic.hr\/portal\/dolazak-gospina-kipa-u-crkvu-sv-ilije-u-metkovicu-16-ozujka-1879-godine\/#primaryimage\"},\"thumbnailUrl\":\"https:\/\/likemetkovic.hr\/portal\/wp-content\/uploads\/2026\/03\/gospin-kip-naslovna.jpg\",\"datePublished\":\"2026-03-16T21:01:02+00:00\",\"dateModified\":\"2026-03-17T08:54:12+00:00\",\"author\":{\"@id\":\"https:\/\/likemetkovic.hr\/#\/schema\/person\/0a8b4ebfdfe1ff01192dccda40c5da0c\"},\"breadcrumb\":{\"@id\":\"https:\/\/likemetkovic.hr\/portal\/dolazak-gospina-kipa-u-crkvu-sv-ilije-u-metkovicu-16-ozujka-1879-godine\/#breadcrumb\"},\"inLanguage\":\"hr\",\"potentialAction\":[{\"@type\":\"ReadAction\",\"target\":[\"https:\/\/likemetkovic.hr\/portal\/dolazak-gospina-kipa-u-crkvu-sv-ilije-u-metkovicu-16-ozujka-1879-godine\/\"]}]},{\"@type\":\"ImageObject\",\"inLanguage\":\"hr\",\"@id\":\"https:\/\/likemetkovic.hr\/portal\/dolazak-gospina-kipa-u-crkvu-sv-ilije-u-metkovicu-16-ozujka-1879-godine\/#primaryimage\",\"url\":\"https:\/\/likemetkovic.hr\/portal\/wp-content\/uploads\/2026\/03\/gospin-kip-naslovna.jpg\",\"contentUrl\":\"https:\/\/likemetkovic.hr\/portal\/wp-content\/uploads\/2026\/03\/gospin-kip-naslovna.jpg\",\"width\":800,\"height\":521},{\"@type\":\"BreadcrumbList\",\"@id\":\"https:\/\/likemetkovic.hr\/portal\/dolazak-gospina-kipa-u-crkvu-sv-ilije-u-metkovicu-16-ozujka-1879-godine\/#breadcrumb\",\"itemListElement\":[{\"@type\":\"ListItem\",\"position\":1,\"name\":\"Po\u010detna stranica\",\"item\":\"https:\/\/likemetkovic.hr\/portal\/\"},{\"@type\":\"ListItem\",\"position\":2,\"name\":\"Dolazak Gospina kipa u crkvu sv. Ilije u Metkovi\u0107u 16. o\u017eujka 1879. godine\"}]},{\"@type\":\"WebSite\",\"@id\":\"https:\/\/likemetkovic.hr\/#website\",\"url\":\"https:\/\/likemetkovic.hr\/\",\"name\":\"likemetkovic.hr\",\"description\":\"Misli pozitivno... \u010ditaj LIKE\",\"potentialAction\":[{\"@type\":\"SearchAction\",\"target\":{\"@type\":\"EntryPoint\",\"urlTemplate\":\"https:\/\/likemetkovic.hr\/?s={search_term_string}\"},\"query-input\":{\"@type\":\"PropertyValueSpecification\",\"valueRequired\":true,\"valueName\":\"search_term_string\"}}],\"inLanguage\":\"hr\"},{\"@type\":\"Person\",\"@id\":\"https:\/\/likemetkovic.hr\/#\/schema\/person\/0a8b4ebfdfe1ff01192dccda40c5da0c\",\"name\":\"K. J.\",\"url\":\"https:\/\/likemetkovic.hr\/portal\/author\/likemetkovic\/\"}]}<\/script>\n<!-- \/ Yoast SEO plugin. -->","yoast_head_json":{"title":"Dolazak Gospina kipa u crkvu sv. Ilije u Metkovi\u0107u 16. o\u017eujka 1879. godine - likemetkovic.hr","robots":{"index":"index","follow":"follow","max-snippet":"max-snippet:-1","max-image-preview":"max-image-preview:large","max-video-preview":"max-video-preview:-1"},"canonical":"https:\/\/likemetkovic.hr\/portal\/dolazak-gospina-kipa-u-crkvu-sv-ilije-u-metkovicu-16-ozujka-1879-godine\/","og_locale":"hr_HR","og_type":"article","og_title":"Dolazak Gospina kipa u crkvu sv. Ilije u Metkovi\u0107u 16. o\u017eujka 1879. godine - likemetkovic.hr","og_description":"Jo\u0161 u prosincu 1876. godine stanovnici Metkovi\u0107a, kako bi osigurali bo\u017eansko pokroviteljstvo za svoje potrebe, jednoglasno su odlu\u010dili podi\u0107i oltar u \u010dast Djevice Marije, nazvan Gospa od Zdravlja. Ni\u0161ta manje velikodu\u0161ni nego pobo\u017eni kako pi\u0161e onodobni tisak, doprinijeli su ovom prekrasnom pothvatu, tako brzo da je do kraja 1878. oltar ve\u0107 bio dovr\u0161en, objavila je [&hellip;]","og_url":"https:\/\/likemetkovic.hr\/portal\/dolazak-gospina-kipa-u-crkvu-sv-ilije-u-metkovicu-16-ozujka-1879-godine\/","og_site_name":"likemetkovic.hr","article_publisher":"https:\/\/www.facebook.com\/likemetkovic.hr\/","article_published_time":"2026-03-16T21:01:02+00:00","article_modified_time":"2026-03-17T08:54:12+00:00","og_image":[{"width":800,"height":521,"url":"https:\/\/likemetkovic.hr\/portal\/wp-content\/uploads\/2026\/03\/gospin-kip-naslovna.jpg","type":"image\/jpeg"}],"author":"K. J.","twitter_card":"summary_large_image","twitter_misc":{"Napisao\/la":"K. J.","Procijenjeno vrijeme \u010ditanja":"9 minuta"},"schema":{"@context":"https:\/\/schema.org","@graph":[{"@type":"WebPage","@id":"https:\/\/likemetkovic.hr\/portal\/dolazak-gospina-kipa-u-crkvu-sv-ilije-u-metkovicu-16-ozujka-1879-godine\/","url":"https:\/\/likemetkovic.hr\/portal\/dolazak-gospina-kipa-u-crkvu-sv-ilije-u-metkovicu-16-ozujka-1879-godine\/","name":"Dolazak Gospina kipa u crkvu sv. Ilije u Metkovi\u0107u 16. o\u017eujka 1879. godine - likemetkovic.hr","isPartOf":{"@id":"https:\/\/likemetkovic.hr\/#website"},"primaryImageOfPage":{"@id":"https:\/\/likemetkovic.hr\/portal\/dolazak-gospina-kipa-u-crkvu-sv-ilije-u-metkovicu-16-ozujka-1879-godine\/#primaryimage"},"image":{"@id":"https:\/\/likemetkovic.hr\/portal\/dolazak-gospina-kipa-u-crkvu-sv-ilije-u-metkovicu-16-ozujka-1879-godine\/#primaryimage"},"thumbnailUrl":"https:\/\/likemetkovic.hr\/portal\/wp-content\/uploads\/2026\/03\/gospin-kip-naslovna.jpg","datePublished":"2026-03-16T21:01:02+00:00","dateModified":"2026-03-17T08:54:12+00:00","author":{"@id":"https:\/\/likemetkovic.hr\/#\/schema\/person\/0a8b4ebfdfe1ff01192dccda40c5da0c"},"breadcrumb":{"@id":"https:\/\/likemetkovic.hr\/portal\/dolazak-gospina-kipa-u-crkvu-sv-ilije-u-metkovicu-16-ozujka-1879-godine\/#breadcrumb"},"inLanguage":"hr","potentialAction":[{"@type":"ReadAction","target":["https:\/\/likemetkovic.hr\/portal\/dolazak-gospina-kipa-u-crkvu-sv-ilije-u-metkovicu-16-ozujka-1879-godine\/"]}]},{"@type":"ImageObject","inLanguage":"hr","@id":"https:\/\/likemetkovic.hr\/portal\/dolazak-gospina-kipa-u-crkvu-sv-ilije-u-metkovicu-16-ozujka-1879-godine\/#primaryimage","url":"https:\/\/likemetkovic.hr\/portal\/wp-content\/uploads\/2026\/03\/gospin-kip-naslovna.jpg","contentUrl":"https:\/\/likemetkovic.hr\/portal\/wp-content\/uploads\/2026\/03\/gospin-kip-naslovna.jpg","width":800,"height":521},{"@type":"BreadcrumbList","@id":"https:\/\/likemetkovic.hr\/portal\/dolazak-gospina-kipa-u-crkvu-sv-ilije-u-metkovicu-16-ozujka-1879-godine\/#breadcrumb","itemListElement":[{"@type":"ListItem","position":1,"name":"Po\u010detna stranica","item":"https:\/\/likemetkovic.hr\/portal\/"},{"@type":"ListItem","position":2,"name":"Dolazak Gospina kipa u crkvu sv. Ilije u Metkovi\u0107u 16. o\u017eujka 1879. godine"}]},{"@type":"WebSite","@id":"https:\/\/likemetkovic.hr\/#website","url":"https:\/\/likemetkovic.hr\/","name":"likemetkovic.hr","description":"Misli pozitivno... \u010ditaj LIKE","potentialAction":[{"@type":"SearchAction","target":{"@type":"EntryPoint","urlTemplate":"https:\/\/likemetkovic.hr\/?s={search_term_string}"},"query-input":{"@type":"PropertyValueSpecification","valueRequired":true,"valueName":"search_term_string"}}],"inLanguage":"hr"},{"@type":"Person","@id":"https:\/\/likemetkovic.hr\/#\/schema\/person\/0a8b4ebfdfe1ff01192dccda40c5da0c","name":"K. J.","url":"https:\/\/likemetkovic.hr\/portal\/author\/likemetkovic\/"}]}},"_links":{"self":[{"href":"https:\/\/likemetkovic.hr\/portal\/wp-json\/wp\/v2\/posts\/172931","targetHints":{"allow":["GET"]}}],"collection":[{"href":"https:\/\/likemetkovic.hr\/portal\/wp-json\/wp\/v2\/posts"}],"about":[{"href":"https:\/\/likemetkovic.hr\/portal\/wp-json\/wp\/v2\/types\/post"}],"author":[{"embeddable":true,"href":"https:\/\/likemetkovic.hr\/portal\/wp-json\/wp\/v2\/users\/9"}],"replies":[{"embeddable":true,"href":"https:\/\/likemetkovic.hr\/portal\/wp-json\/wp\/v2\/comments?post=172931"}],"version-history":[{"count":1,"href":"https:\/\/likemetkovic.hr\/portal\/wp-json\/wp\/v2\/posts\/172931\/revisions"}],"predecessor-version":[{"id":172938,"href":"https:\/\/likemetkovic.hr\/portal\/wp-json\/wp\/v2\/posts\/172931\/revisions\/172938"}],"wp:featuredmedia":[{"embeddable":true,"href":"https:\/\/likemetkovic.hr\/portal\/wp-json\/wp\/v2\/media\/172937"}],"wp:attachment":[{"href":"https:\/\/likemetkovic.hr\/portal\/wp-json\/wp\/v2\/media?parent=172931"}],"wp:term":[{"taxonomy":"category","embeddable":true,"href":"https:\/\/likemetkovic.hr\/portal\/wp-json\/wp\/v2\/categories?post=172931"},{"taxonomy":"post_tag","embeddable":true,"href":"https:\/\/likemetkovic.hr\/portal\/wp-json\/wp\/v2\/tags?post=172931"}],"curies":[{"name":"wp","href":"https:\/\/api.w.org\/{rel}","templated":true}]}}