{"id":172951,"date":"2026-03-17T16:27:22","date_gmt":"2026-03-17T15:27:22","guid":{"rendered":"https:\/\/likemetkovic.hr\/portal\/?p=172951"},"modified":"2026-03-17T16:27:22","modified_gmt":"2026-03-17T15:27:22","slug":"ljetopis-popa-dukljanina-vracen-u-hrvatski-historiografski-kanon","status":"publish","type":"post","link":"https:\/\/likemetkovic.hr\/portal\/ljetopis-popa-dukljanina-vracen-u-hrvatski-historiografski-kanon\/","title":{"rendered":"Ljetopis popa Dukljanina vra\u0107en u hrvatski historiografski kanon"},"content":{"rendered":"<p>Obilje\u017eavanje 1100. obljetnice Hrvatskoga Kraljevstva u sredi\u0161te je zanimanja hrvatskih znanstvenika (ponajprije povjesni\u010dara, povjesni\u010dara umjetnosti, ali i filologa i mnogih drugih), pa i u historiografski i knji\u017eevni kanon vratila razli\u010dite artefakte, dokumente i vrela. Povratak je u kanon do\u017eivio tako i\u00a0<i>Ljetopis popa Dukljanina<\/i>, prema kojemu se hrvatska historiografija, poglavito u razdoblju 1945. \u2013 1990., ma\u0107ehinski odnosila. Razlozi su za taj \u010dudan odnos ponajmanje bili stru\u010dni, a znatno vi\u0161e ideolo\u0161ki jer se obilno spominjanje hrvatskoga imena u vrelu nastalome izvan granica tada\u0161nje SR Hrvatske, neovisno o tome \u0161to je uza sve nejasne i neprovjerljive navode te neto\u010dna rodoslovlja, \u0161to nitko ne spori, nezaobilazno za rasvjetljavanje nastanka srednjovjekovne hrvatske dr\u017eave, moglo tuma\u010diti kao poku\u0161aj nametanja nacionalnoga pitanja koje u Lijepoj nam Biv\u0161oj nije bilo nimalo po\u0107udno.<\/p>\n<p>O\u00a0<i>Ljetopisu<\/i>\u00a0su u katalogu izlo\u017ebe\u00a0<i>U po\u010detku bija\u0161e Kraljevstvo<\/i>\u00a0(ur. Tomislav Galovi\u0107, Dino Milinovi\u0107 i Trpimir Vedri\u0161, Galerija Klovi\u0107evi dvori, Zagreb, 2025.) ponajprije pisali Mirjana Matijevi\u0107 Sokol i Vladimir Sokol.<\/p>\n<p>Oni su u tekstu\u00a0<i>Kralj Tomislav (910. \u2013 928.)<\/i>\u00a0u\u00a0<i>Katalogu<\/i>\u00a0(str. 586\u2013599) napomenuli kako se o kralju Tomislavu u\u00a0<i>Ljetopisu<\/i>\u00a0pi\u0161e kao o pobjedniku nad ugarskom vojskom (<i>Za vladanja Tomislavovljeva pokrene vojsku ugarski kralj zvani Atila da ga \/Tomislava\/ savlada<\/i>) te kako je Ivan Kukuljevi\u0107 Sakcinski u latinskoj svezi\u00a0<i>in planitie Dalmae<\/i>\u00a0prepoznao opis sabora na Duvanjskome polju, tijekom kojega je po jednoj od nedokazanih predaja okrunjen kralj Tomislav premda u tekstu stoji da je rije\u010d o kralju Svetopeleku.<\/p>\n<p>Mirjana Matijevi\u0107 Sokol u opisu samoga djela (str. 596\u2013597) navodi kako ga je po mi\u0161ljenju ve\u0107ine povjesni\u010dara u XII. stolje\u0107u napisao nepoznati barski sve\u0107enik s namjerom da obrani prava Dukljansko-barske nadbiskupije kao metropolije u odnosu na Dubrova\u010dku nadbiskupiju, da je u\u0161\u010duvan u dvama rukopisnim primjercima na latinskome jeziku iz sredine XVII. stolje\u0107a, od kojih se jedan \u010duva u Vatikanu, a drugi u Beogradu, te da je u ranoj hrvatskoj historiografiji vi\u0161e spisa povezanih s\u00a0<i>Ljetopisom<\/i>, me\u0111u kojima je i\u00a0<i>Hrvatska kronika<\/i>, u kojoj je zapisana i legenda o ubojstvu kralja Zvonimira, koju je otac hrvatske knji\u017eevnosti Marko Maruli\u0107 preveo na latinski. Kao temeljni sadr\u017eaj\u00a0<i>Ljetopisa<\/i>\u00a0Mirjana Matijevi\u0107 Sokol navodi katalog gotsko-slavenskih vladara od V. do kraja XII. stolje\u0107a. Na stranicama koje je ispisao nepoznati barski sve\u0107enik, me\u0111u ostalim, stoji kako je kralj Kre\u0161imir zauzeo \u010ditavu Bosnu, donosi se i legenda o osnutku Dubrovnika i povijest Duklje, a spominje se i rje\u0161enje pitanja uporabe latinskoga i slavenskoga jezika na crkvenim saborima te naredba okrunjenoga kralja \u201eda se posvete nadbiskupi, jedan u Saloni, a drugi u Diokleji\u201c, iz \u010dega je razvidno da su piscu\u00a0<i>Ljetopisa<\/i>\u00a0bili poznati zaklju\u010dci splitskih crkvenih sabora iz 925. i 928. Uostalom, nepoznati je barski sve\u0107enik gotovo pa suvremenik sudbonosnih povijesnih zbivanja, pa je tim i \u010dudnije (ili nije jer ipak je bila rije\u010d o ideolo\u0161kome pitanju) da se njegovo djelo tako olako odbacuje. S pravom stoga na temelju svega iznesenoga Mirjana Matijevi\u0107 Sokol zaklju\u010duje kako \u201ekriti\u010dka analiza pojedinih dijelova (<i>Ljetopisa popa Dukljanina<\/i>, op. D. V.) i uspore\u0111ivanje s drugim zapisima pokazuju da postoje vrijedni podatci koji su upotrebljivi u historiografskoj interpretaciji\u201c.<\/p>\n<p>Povratku se\u00a0<i>Ljetopisa popa Dukljanina<\/i>\u00a0u hrvatski historiografski kanon najvi\u0161e mogu veseliti Hrvati u Crnoj Gori, \u010dije se ime, jezik i identitet svakodnevno nije\u010du, jer je to djelo nastalo na njihovu tlu, i to u gradu Baru za koji je nedavno preminula hrvatska povjesni\u010darka Lovorka \u010corali\u0107 u knjizi\u00a0<i>Barani u Mlecima<\/i>\u00a0onomad ustvrdila kako ga se neprestano isklju\u010divalo iz hrvatskoga etni\u010dkog korpusa, \u0161to je bilo posljedicom mleta\u010dke teritorijalne razdiobe prema kojoj je pripao pokrajini Mleta\u010dkoj Albaniji, a Barani su se po automatizmu svrstavali me\u0111u Albance. Kao \u0161to je Lovorka \u010corali\u0107 svojom knjigom koju je 2006. izdalo Hrvatsko gra\u0111ansko dru\u0161tvo Crne Gore ispravila tu pogre\u0161ku hrvatske i zapadnoeuropske historiografije, tekstovima se u katalogu ove izlo\u017ebe\u00a0<i>Ljetopis popa Dukljanina<\/i>\u00a0vra\u0107a u kanon u koji su ga prije tko zna koliko stolje\u0107a smjestili prvi hrvatski povjesni\u010dari poput Mavra Orbinija i Ivana Lu\u010di\u0107a Luciusa te otac hrvatske knji\u017eevnosti Marko Maruli\u0107. Napokon je razba\u0161tinjena hrvatska ba\u0161tina ponovno uba\u0161tinjena!<\/p>\n","protected":false},"excerpt":{"rendered":"<p>Obilje\u017eavanje 1100. obljetnice Hrvatskoga Kraljevstva u sredi\u0161te je zanimanja hrvatskih znanstvenika (ponajprije povjesni\u010dara, povjesni\u010dara umjetnosti, ali i filologa i mnogih drugih), pa i u historiografski i knji\u017eevni kanon vratila razli\u010dite artefakte, dokumente i vrela. Povratak je u kanon do\u017eivio tako i\u00a0Ljetopis popa Dukljanina, prema kojemu se hrvatska historiografija, poglavito u razdoblju 1945. \u2013 1990., ma\u0107ehinski [&hellip;]<\/p>\n","protected":false},"author":9,"featured_media":151927,"comment_status":"open","ping_status":"open","sticky":false,"template":"","format":"standard","meta":{"footnotes":""},"categories":[296,5],"tags":[479,13601],"class_list":{"0":"post-172951","1":"post","2":"type-post","3":"status-publish","4":"format-standard","5":"has-post-thumbnail","7":"category-ab","8":"category-kolumne","9":"tag-domagoj-vidovic","10":"tag-ljetopis-popa-dukljanina"},"yoast_head":"<!-- This site is optimized with the Yoast SEO plugin v25.2 - https:\/\/yoast.com\/wordpress\/plugins\/seo\/ -->\n<title>Ljetopis popa Dukljanina vra\u0107en u hrvatski historiografski kanon - likemetkovic.hr<\/title>\n<meta name=\"robots\" content=\"index, follow, max-snippet:-1, max-image-preview:large, max-video-preview:-1\" \/>\n<link rel=\"canonical\" href=\"https:\/\/likemetkovic.hr\/portal\/ljetopis-popa-dukljanina-vracen-u-hrvatski-historiografski-kanon\/\" \/>\n<meta property=\"og:locale\" content=\"hr_HR\" \/>\n<meta property=\"og:type\" content=\"article\" \/>\n<meta property=\"og:title\" content=\"Ljetopis popa Dukljanina vra\u0107en u hrvatski historiografski kanon - likemetkovic.hr\" \/>\n<meta property=\"og:description\" content=\"Obilje\u017eavanje 1100. obljetnice Hrvatskoga Kraljevstva u sredi\u0161te je zanimanja hrvatskih znanstvenika (ponajprije povjesni\u010dara, povjesni\u010dara umjetnosti, ali i filologa i mnogih drugih), pa i u historiografski i knji\u017eevni kanon vratila razli\u010dite artefakte, dokumente i vrela. Povratak je u kanon do\u017eivio tako i\u00a0Ljetopis popa Dukljanina, prema kojemu se hrvatska historiografija, poglavito u razdoblju 1945. \u2013 1990., ma\u0107ehinski [&hellip;]\" \/>\n<meta property=\"og:url\" content=\"https:\/\/likemetkovic.hr\/portal\/ljetopis-popa-dukljanina-vracen-u-hrvatski-historiografski-kanon\/\" \/>\n<meta property=\"og:site_name\" content=\"likemetkovic.hr\" \/>\n<meta property=\"article:publisher\" content=\"https:\/\/www.facebook.com\/likemetkovic.hr\/\" \/>\n<meta property=\"article:published_time\" content=\"2026-03-17T15:27:22+00:00\" \/>\n<meta property=\"og:image\" content=\"https:\/\/likemetkovic.hr\/portal\/wp-content\/uploads\/2024\/02\/domagoj-vidovic_zbornik.jpg\" \/>\n\t<meta property=\"og:image:width\" content=\"800\" \/>\n\t<meta property=\"og:image:height\" content=\"533\" \/>\n\t<meta property=\"og:image:type\" content=\"image\/jpeg\" \/>\n<meta name=\"author\" content=\"K. J.\" \/>\n<meta name=\"twitter:card\" content=\"summary_large_image\" \/>\n<meta name=\"twitter:label1\" content=\"Napisao\/la\" \/>\n\t<meta name=\"twitter:data1\" content=\"K. J.\" \/>\n\t<meta name=\"twitter:label2\" content=\"Procijenjeno vrijeme \u010ditanja\" \/>\n\t<meta name=\"twitter:data2\" content=\"4 minute\" \/>\n<script type=\"application\/ld+json\" class=\"yoast-schema-graph\">{\"@context\":\"https:\/\/schema.org\",\"@graph\":[{\"@type\":\"WebPage\",\"@id\":\"https:\/\/likemetkovic.hr\/portal\/ljetopis-popa-dukljanina-vracen-u-hrvatski-historiografski-kanon\/\",\"url\":\"https:\/\/likemetkovic.hr\/portal\/ljetopis-popa-dukljanina-vracen-u-hrvatski-historiografski-kanon\/\",\"name\":\"Ljetopis popa Dukljanina vra\u0107en u hrvatski historiografski kanon - likemetkovic.hr\",\"isPartOf\":{\"@id\":\"https:\/\/likemetkovic.hr\/#website\"},\"primaryImageOfPage\":{\"@id\":\"https:\/\/likemetkovic.hr\/portal\/ljetopis-popa-dukljanina-vracen-u-hrvatski-historiografski-kanon\/#primaryimage\"},\"image\":{\"@id\":\"https:\/\/likemetkovic.hr\/portal\/ljetopis-popa-dukljanina-vracen-u-hrvatski-historiografski-kanon\/#primaryimage\"},\"thumbnailUrl\":\"https:\/\/likemetkovic.hr\/portal\/wp-content\/uploads\/2024\/02\/domagoj-vidovic_zbornik.jpg\",\"datePublished\":\"2026-03-17T15:27:22+00:00\",\"author\":{\"@id\":\"https:\/\/likemetkovic.hr\/#\/schema\/person\/0a8b4ebfdfe1ff01192dccda40c5da0c\"},\"breadcrumb\":{\"@id\":\"https:\/\/likemetkovic.hr\/portal\/ljetopis-popa-dukljanina-vracen-u-hrvatski-historiografski-kanon\/#breadcrumb\"},\"inLanguage\":\"hr\",\"potentialAction\":[{\"@type\":\"ReadAction\",\"target\":[\"https:\/\/likemetkovic.hr\/portal\/ljetopis-popa-dukljanina-vracen-u-hrvatski-historiografski-kanon\/\"]}]},{\"@type\":\"ImageObject\",\"inLanguage\":\"hr\",\"@id\":\"https:\/\/likemetkovic.hr\/portal\/ljetopis-popa-dukljanina-vracen-u-hrvatski-historiografski-kanon\/#primaryimage\",\"url\":\"https:\/\/likemetkovic.hr\/portal\/wp-content\/uploads\/2024\/02\/domagoj-vidovic_zbornik.jpg\",\"contentUrl\":\"https:\/\/likemetkovic.hr\/portal\/wp-content\/uploads\/2024\/02\/domagoj-vidovic_zbornik.jpg\",\"width\":800,\"height\":533},{\"@type\":\"BreadcrumbList\",\"@id\":\"https:\/\/likemetkovic.hr\/portal\/ljetopis-popa-dukljanina-vracen-u-hrvatski-historiografski-kanon\/#breadcrumb\",\"itemListElement\":[{\"@type\":\"ListItem\",\"position\":1,\"name\":\"Po\u010detna stranica\",\"item\":\"https:\/\/likemetkovic.hr\/portal\/\"},{\"@type\":\"ListItem\",\"position\":2,\"name\":\"Ljetopis popa Dukljanina vra\u0107en u hrvatski historiografski kanon\"}]},{\"@type\":\"WebSite\",\"@id\":\"https:\/\/likemetkovic.hr\/#website\",\"url\":\"https:\/\/likemetkovic.hr\/\",\"name\":\"likemetkovic.hr\",\"description\":\"Misli pozitivno... \u010ditaj LIKE\",\"potentialAction\":[{\"@type\":\"SearchAction\",\"target\":{\"@type\":\"EntryPoint\",\"urlTemplate\":\"https:\/\/likemetkovic.hr\/?s={search_term_string}\"},\"query-input\":{\"@type\":\"PropertyValueSpecification\",\"valueRequired\":true,\"valueName\":\"search_term_string\"}}],\"inLanguage\":\"hr\"},{\"@type\":\"Person\",\"@id\":\"https:\/\/likemetkovic.hr\/#\/schema\/person\/0a8b4ebfdfe1ff01192dccda40c5da0c\",\"name\":\"K. J.\",\"url\":\"https:\/\/likemetkovic.hr\/portal\/author\/likemetkovic\/\"}]}<\/script>\n<!-- \/ Yoast SEO plugin. -->","yoast_head_json":{"title":"Ljetopis popa Dukljanina vra\u0107en u hrvatski historiografski kanon - likemetkovic.hr","robots":{"index":"index","follow":"follow","max-snippet":"max-snippet:-1","max-image-preview":"max-image-preview:large","max-video-preview":"max-video-preview:-1"},"canonical":"https:\/\/likemetkovic.hr\/portal\/ljetopis-popa-dukljanina-vracen-u-hrvatski-historiografski-kanon\/","og_locale":"hr_HR","og_type":"article","og_title":"Ljetopis popa Dukljanina vra\u0107en u hrvatski historiografski kanon - likemetkovic.hr","og_description":"Obilje\u017eavanje 1100. obljetnice Hrvatskoga Kraljevstva u sredi\u0161te je zanimanja hrvatskih znanstvenika (ponajprije povjesni\u010dara, povjesni\u010dara umjetnosti, ali i filologa i mnogih drugih), pa i u historiografski i knji\u017eevni kanon vratila razli\u010dite artefakte, dokumente i vrela. Povratak je u kanon do\u017eivio tako i\u00a0Ljetopis popa Dukljanina, prema kojemu se hrvatska historiografija, poglavito u razdoblju 1945. \u2013 1990., ma\u0107ehinski [&hellip;]","og_url":"https:\/\/likemetkovic.hr\/portal\/ljetopis-popa-dukljanina-vracen-u-hrvatski-historiografski-kanon\/","og_site_name":"likemetkovic.hr","article_publisher":"https:\/\/www.facebook.com\/likemetkovic.hr\/","article_published_time":"2026-03-17T15:27:22+00:00","og_image":[{"width":800,"height":533,"url":"https:\/\/likemetkovic.hr\/portal\/wp-content\/uploads\/2024\/02\/domagoj-vidovic_zbornik.jpg","type":"image\/jpeg"}],"author":"K. J.","twitter_card":"summary_large_image","twitter_misc":{"Napisao\/la":"K. J.","Procijenjeno vrijeme \u010ditanja":"4 minute"},"schema":{"@context":"https:\/\/schema.org","@graph":[{"@type":"WebPage","@id":"https:\/\/likemetkovic.hr\/portal\/ljetopis-popa-dukljanina-vracen-u-hrvatski-historiografski-kanon\/","url":"https:\/\/likemetkovic.hr\/portal\/ljetopis-popa-dukljanina-vracen-u-hrvatski-historiografski-kanon\/","name":"Ljetopis popa Dukljanina vra\u0107en u hrvatski historiografski kanon - likemetkovic.hr","isPartOf":{"@id":"https:\/\/likemetkovic.hr\/#website"},"primaryImageOfPage":{"@id":"https:\/\/likemetkovic.hr\/portal\/ljetopis-popa-dukljanina-vracen-u-hrvatski-historiografski-kanon\/#primaryimage"},"image":{"@id":"https:\/\/likemetkovic.hr\/portal\/ljetopis-popa-dukljanina-vracen-u-hrvatski-historiografski-kanon\/#primaryimage"},"thumbnailUrl":"https:\/\/likemetkovic.hr\/portal\/wp-content\/uploads\/2024\/02\/domagoj-vidovic_zbornik.jpg","datePublished":"2026-03-17T15:27:22+00:00","author":{"@id":"https:\/\/likemetkovic.hr\/#\/schema\/person\/0a8b4ebfdfe1ff01192dccda40c5da0c"},"breadcrumb":{"@id":"https:\/\/likemetkovic.hr\/portal\/ljetopis-popa-dukljanina-vracen-u-hrvatski-historiografski-kanon\/#breadcrumb"},"inLanguage":"hr","potentialAction":[{"@type":"ReadAction","target":["https:\/\/likemetkovic.hr\/portal\/ljetopis-popa-dukljanina-vracen-u-hrvatski-historiografski-kanon\/"]}]},{"@type":"ImageObject","inLanguage":"hr","@id":"https:\/\/likemetkovic.hr\/portal\/ljetopis-popa-dukljanina-vracen-u-hrvatski-historiografski-kanon\/#primaryimage","url":"https:\/\/likemetkovic.hr\/portal\/wp-content\/uploads\/2024\/02\/domagoj-vidovic_zbornik.jpg","contentUrl":"https:\/\/likemetkovic.hr\/portal\/wp-content\/uploads\/2024\/02\/domagoj-vidovic_zbornik.jpg","width":800,"height":533},{"@type":"BreadcrumbList","@id":"https:\/\/likemetkovic.hr\/portal\/ljetopis-popa-dukljanina-vracen-u-hrvatski-historiografski-kanon\/#breadcrumb","itemListElement":[{"@type":"ListItem","position":1,"name":"Po\u010detna stranica","item":"https:\/\/likemetkovic.hr\/portal\/"},{"@type":"ListItem","position":2,"name":"Ljetopis popa Dukljanina vra\u0107en u hrvatski historiografski kanon"}]},{"@type":"WebSite","@id":"https:\/\/likemetkovic.hr\/#website","url":"https:\/\/likemetkovic.hr\/","name":"likemetkovic.hr","description":"Misli pozitivno... \u010ditaj LIKE","potentialAction":[{"@type":"SearchAction","target":{"@type":"EntryPoint","urlTemplate":"https:\/\/likemetkovic.hr\/?s={search_term_string}"},"query-input":{"@type":"PropertyValueSpecification","valueRequired":true,"valueName":"search_term_string"}}],"inLanguage":"hr"},{"@type":"Person","@id":"https:\/\/likemetkovic.hr\/#\/schema\/person\/0a8b4ebfdfe1ff01192dccda40c5da0c","name":"K. J.","url":"https:\/\/likemetkovic.hr\/portal\/author\/likemetkovic\/"}]}},"_links":{"self":[{"href":"https:\/\/likemetkovic.hr\/portal\/wp-json\/wp\/v2\/posts\/172951","targetHints":{"allow":["GET"]}}],"collection":[{"href":"https:\/\/likemetkovic.hr\/portal\/wp-json\/wp\/v2\/posts"}],"about":[{"href":"https:\/\/likemetkovic.hr\/portal\/wp-json\/wp\/v2\/types\/post"}],"author":[{"embeddable":true,"href":"https:\/\/likemetkovic.hr\/portal\/wp-json\/wp\/v2\/users\/9"}],"replies":[{"embeddable":true,"href":"https:\/\/likemetkovic.hr\/portal\/wp-json\/wp\/v2\/comments?post=172951"}],"version-history":[{"count":1,"href":"https:\/\/likemetkovic.hr\/portal\/wp-json\/wp\/v2\/posts\/172951\/revisions"}],"predecessor-version":[{"id":172952,"href":"https:\/\/likemetkovic.hr\/portal\/wp-json\/wp\/v2\/posts\/172951\/revisions\/172952"}],"wp:featuredmedia":[{"embeddable":true,"href":"https:\/\/likemetkovic.hr\/portal\/wp-json\/wp\/v2\/media\/151927"}],"wp:attachment":[{"href":"https:\/\/likemetkovic.hr\/portal\/wp-json\/wp\/v2\/media?parent=172951"}],"wp:term":[{"taxonomy":"category","embeddable":true,"href":"https:\/\/likemetkovic.hr\/portal\/wp-json\/wp\/v2\/categories?post=172951"},{"taxonomy":"post_tag","embeddable":true,"href":"https:\/\/likemetkovic.hr\/portal\/wp-json\/wp\/v2\/tags?post=172951"}],"curies":[{"name":"wp","href":"https:\/\/api.w.org\/{rel}","templated":true}]}}