{"id":172964,"date":"2026-03-18T13:51:16","date_gmt":"2026-03-18T12:51:16","guid":{"rendered":"https:\/\/likemetkovic.hr\/portal\/?p=172964"},"modified":"2026-03-18T14:19:18","modified_gmt":"2026-03-18T13:19:18","slug":"grmojaplanira-li-se-prostor-u-interesu-gradana-ili-prema-interesima-pojedinaca","status":"publish","type":"post","link":"https:\/\/likemetkovic.hr\/portal\/grmojaplanira-li-se-prostor-u-interesu-gradana-ili-prema-interesima-pojedinaca\/","title":{"rendered":"Grmoja: Planira li se prostor u interesu gra\u0111ana ili prema interesima pojedinaca?"},"content":{"rendered":"<div class=\"p-0 w-full mb-8 xl:mb-12 font-semibold xl:w-85 text-lg articleText\">\n<p>Predsjednik Mosta Nikola Grmoja izjavio je u srijedu da je gradsko vije\u0107e Metkovi\u0107a izmjenama prostornog plana prenamijenilo zemlji\u0161te obitelji brata gradona\u010delnika Dalibora Milana (HDZ) u gra\u0111evinsko, te zbog tog i jo\u0161 nekih drugih slu\u010dajeva najavio podno\u0161enje kaznenih prijava.<\/p>\n<\/div>\n<div class=\"p-0 mb-12 w-full xl:w-85 text-lg articleText\">\n<p><strong>Grmoja\u00a0<\/strong>je istaknuo da je rije\u010d o zemlji\u0161tu povr\u0161ine oko 2.154 metra \u010detvorna koje je iz zone sportsko-rekreacijske zone prenamijenjeno u gra\u0111evinsko, uz potencijalno zna\u010dajno pove\u0107anje njegove tr\u017ei\u0161ne vrijednosti. Ustvrdio je da su radovi na toj lokaciji zapo\u010deli i prije formalnog dono\u0161enja odluke na gradskom vije\u0107u, prenosi <a href=\"https:\/\/vijesti.hrt.hr\/hrvatska\/grmoja-parcela-obitelji-brata-gradonacelnika-metkovica-postala-gradevinsko-zemljiste-12625553#dmid=db9a8b12-fc04-4f8b-896d-6edc97f74712\" target=\"_blank\" rel=\"noopener\"><strong>HRT<\/strong><\/a>.<\/p>\n<p>&#8211; Ovo nije izoliran slu\u010daj, ve\u0107 obrazac postupanja koji ozbiljno naru\u0161ava povjerenje gra\u0111ana. Zbog sumnje na pogodovanje, USKOK mora reagirati, poru\u010dio je Grmoja i najavio podno\u0161enje kaznenih prijava.<\/p>\n<h4>Grmoja: Planira li se prostor u interesu gra\u0111ana ili prema interesima pojedinaca?<\/h4>\n<p>Kazao je da kako postoje i druge sporne odluke, uklju\u010duju\u0107i prenamjene zemlji\u0161ta koje idu u korist ve\u0107 izgra\u0111enih objekata bez odgovaraju\u0107ih uvjeta, kao i na planiranje prometne infrastrukture koja nije predvi\u0111ena va\u017ee\u0107im planskim dokumentima, ali je u funkciji pojedina\u010dnih investitorskih projekata.<\/p>\n<p>&#8211; Postavlja se klju\u010dno pitanje &#8211; planira li se prostor u interesu gra\u0111ana ili prema interesima pojedinaca? Ako investitori i povezane osobe odre\u0111uju gdje \u0107e se graditi i kakva \u0107e se infrastruktura naknadno prilago\u0111avati, onda to nije planski razvoj nego ozbiljan poreme\u0107aj sustava, rekao je Grmoja.<\/p>\n<p>Prozvani gradona\u010delnik Metkovi\u0107a<strong>\u00a0Dalibor Milan<\/strong>\u00a0odgovorio je Grmoji kako je u petim izmjenama i dopunama Prostornog plana Grada Metkovi\u0107a bilo desetak prijedloga za dio Metkovi\u0107a koji se zove Bo\u010dina, a datiraju jo\u0161 iz 2021. godine.<\/p>\n<p>&#8211; Prijedloge smo dali izra\u0111iva\u010du plana koji je utvrdio da je sve zakonito, odnosno da se ta zemlji\u0161ta mogu izmijeniti u gra\u0111evinska. Uistinu imamo problem na spomenutoj parceli, ali zato \u0161to je gradnja nekretnine po\u010dela prije dono\u0161enja prostornog plana. Po dana\u0161njem saznanju obavijestio sam na\u0161e komunalne redare i Dr\u017eavni inspektorat i oni \u0107e postupiti po zakonu. Ako treba ru\u0161iti, ru\u0161it \u0107e se, rekao je Milan, dodav\u0161i da vlasnik zemlji\u0161ta nije u obiteljskoj vezi s njim.<\/p>\n<p>&#8211; Supruga mog brata je sestra investitora i on meni ne do\u0111e ni\u0161ta. Jedino je problem \u0161to je nelegalno radio i sve smo to prijavili, objasnio je Milan i dodao da je prostornim planom investitoru omogu\u0107ena izgradnja prometnice u punom profilu i s cjelovitom infrastrukturom, koju \u0107e potom dati u vlasni\u0161tvo Grada Metkovi\u0107a.<\/p>\n<p>&#8211; To je uobi\u010dajena praksa. Metkovi\u0107 dobiva cestu koju gradi investitor. A nismo ga oslobodili ni komunalnog doprinosa, jer ta cesta nije u koridoru, izjavio je metkovski gradona\u010delnik, prenosi <a href=\"https:\/\/vijesti.hrt.hr\/hrvatska\/grmoja-parcela-obitelji-brata-gradonacelnika-metkovica-postala-gradevinsko-zemljiste-12625553#dmid=db9a8b12-fc04-4f8b-896d-6edc97f74712\" target=\"_blank\" rel=\"noopener\"><strong>HRT<\/strong><\/a>.<\/p>\n<p>Foto: snimka zaslona<\/p>\n<\/div>\n","protected":false},"excerpt":{"rendered":"<p>Predsjednik Mosta Nikola Grmoja izjavio je u srijedu da je gradsko vije\u0107e Metkovi\u0107a izmjenama prostornog plana prenamijenilo zemlji\u0161te obitelji brata gradona\u010delnika Dalibora Milana (HDZ) u gra\u0111evinsko, te zbog tog i jo\u0161 nekih drugih slu\u010dajeva najavio podno\u0161enje kaznenih prijava. Grmoja\u00a0je istaknuo da je rije\u010d o zemlji\u0161tu povr\u0161ine oko 2.154 metra \u010detvorna koje je iz zone sportsko-rekreacijske [&hellip;]<\/p>\n","protected":false},"author":7,"featured_media":172968,"comment_status":"open","ping_status":"open","sticky":false,"template":"","format":"standard","meta":{"footnotes":""},"categories":[296,11,290],"tags":[414,321,13602],"class_list":{"0":"post-172964","1":"post","2":"type-post","3":"status-publish","4":"format-standard","5":"has-post-thumbnail","7":"category-ab","8":"category-metkovic-dolina","9":"category-politika","10":"tag-dalibor-milan","11":"tag-nikola-grmoja","12":"tag-prostorni-plan"},"yoast_head":"<!-- This site is optimized with the Yoast SEO plugin v25.2 - https:\/\/yoast.com\/wordpress\/plugins\/seo\/ -->\n<title>Grmoja: Planira li se prostor u interesu gra\u0111ana ili prema interesima pojedinaca? - likemetkovic.hr<\/title>\n<meta name=\"robots\" content=\"index, follow, max-snippet:-1, max-image-preview:large, max-video-preview:-1\" \/>\n<link rel=\"canonical\" href=\"https:\/\/likemetkovic.hr\/portal\/grmojaplanira-li-se-prostor-u-interesu-gradana-ili-prema-interesima-pojedinaca\/\" \/>\n<meta property=\"og:locale\" content=\"hr_HR\" \/>\n<meta property=\"og:type\" content=\"article\" \/>\n<meta property=\"og:title\" content=\"Grmoja: Planira li se prostor u interesu gra\u0111ana ili prema interesima pojedinaca? - likemetkovic.hr\" \/>\n<meta property=\"og:description\" content=\"Predsjednik Mosta Nikola Grmoja izjavio je u srijedu da je gradsko vije\u0107e Metkovi\u0107a izmjenama prostornog plana prenamijenilo zemlji\u0161te obitelji brata gradona\u010delnika Dalibora Milana (HDZ) u gra\u0111evinsko, te zbog tog i jo\u0161 nekih drugih slu\u010dajeva najavio podno\u0161enje kaznenih prijava. Grmoja\u00a0je istaknuo da je rije\u010d o zemlji\u0161tu povr\u0161ine oko 2.154 metra \u010detvorna koje je iz zone sportsko-rekreacijske [&hellip;]\" \/>\n<meta property=\"og:url\" content=\"https:\/\/likemetkovic.hr\/portal\/grmojaplanira-li-se-prostor-u-interesu-gradana-ili-prema-interesima-pojedinaca\/\" \/>\n<meta property=\"og:site_name\" content=\"likemetkovic.hr\" \/>\n<meta property=\"article:publisher\" content=\"https:\/\/www.facebook.com\/likemetkovic.hr\/\" \/>\n<meta property=\"article:published_time\" content=\"2026-03-18T12:51:16+00:00\" \/>\n<meta property=\"article:modified_time\" content=\"2026-03-18T13:19:18+00:00\" \/>\n<meta property=\"og:image\" content=\"https:\/\/likemetkovic.hr\/portal\/wp-content\/uploads\/2026\/03\/nikola-grmoja-.jpg\" \/>\n\t<meta property=\"og:image:width\" content=\"800\" \/>\n\t<meta property=\"og:image:height\" content=\"438\" \/>\n\t<meta property=\"og:image:type\" content=\"image\/jpeg\" \/>\n<meta name=\"author\" content=\"LIKEmetkovic.hr\" \/>\n<meta name=\"twitter:card\" content=\"summary_large_image\" \/>\n<meta name=\"twitter:label1\" content=\"Napisao\/la\" \/>\n\t<meta name=\"twitter:data1\" content=\"LIKEmetkovic.hr\" \/>\n\t<meta name=\"twitter:label2\" content=\"Procijenjeno vrijeme \u010ditanja\" \/>\n\t<meta name=\"twitter:data2\" content=\"3 minute\" \/>\n<script type=\"application\/ld+json\" class=\"yoast-schema-graph\">{\"@context\":\"https:\/\/schema.org\",\"@graph\":[{\"@type\":\"WebPage\",\"@id\":\"https:\/\/likemetkovic.hr\/portal\/grmojaplanira-li-se-prostor-u-interesu-gradana-ili-prema-interesima-pojedinaca\/\",\"url\":\"https:\/\/likemetkovic.hr\/portal\/grmojaplanira-li-se-prostor-u-interesu-gradana-ili-prema-interesima-pojedinaca\/\",\"name\":\"Grmoja: Planira li se prostor u interesu gra\u0111ana ili prema interesima pojedinaca? - likemetkovic.hr\",\"isPartOf\":{\"@id\":\"https:\/\/likemetkovic.hr\/#website\"},\"primaryImageOfPage\":{\"@id\":\"https:\/\/likemetkovic.hr\/portal\/grmojaplanira-li-se-prostor-u-interesu-gradana-ili-prema-interesima-pojedinaca\/#primaryimage\"},\"image\":{\"@id\":\"https:\/\/likemetkovic.hr\/portal\/grmojaplanira-li-se-prostor-u-interesu-gradana-ili-prema-interesima-pojedinaca\/#primaryimage\"},\"thumbnailUrl\":\"https:\/\/likemetkovic.hr\/portal\/wp-content\/uploads\/2026\/03\/nikola-grmoja-.jpg\",\"datePublished\":\"2026-03-18T12:51:16+00:00\",\"dateModified\":\"2026-03-18T13:19:18+00:00\",\"author\":{\"@id\":\"https:\/\/likemetkovic.hr\/#\/schema\/person\/a42711f3385a0e2be6f7e0443bfb28f0\"},\"breadcrumb\":{\"@id\":\"https:\/\/likemetkovic.hr\/portal\/grmojaplanira-li-se-prostor-u-interesu-gradana-ili-prema-interesima-pojedinaca\/#breadcrumb\"},\"inLanguage\":\"hr\",\"potentialAction\":[{\"@type\":\"ReadAction\",\"target\":[\"https:\/\/likemetkovic.hr\/portal\/grmojaplanira-li-se-prostor-u-interesu-gradana-ili-prema-interesima-pojedinaca\/\"]}]},{\"@type\":\"ImageObject\",\"inLanguage\":\"hr\",\"@id\":\"https:\/\/likemetkovic.hr\/portal\/grmojaplanira-li-se-prostor-u-interesu-gradana-ili-prema-interesima-pojedinaca\/#primaryimage\",\"url\":\"https:\/\/likemetkovic.hr\/portal\/wp-content\/uploads\/2026\/03\/nikola-grmoja-.jpg\",\"contentUrl\":\"https:\/\/likemetkovic.hr\/portal\/wp-content\/uploads\/2026\/03\/nikola-grmoja-.jpg\",\"width\":800,\"height\":438},{\"@type\":\"BreadcrumbList\",\"@id\":\"https:\/\/likemetkovic.hr\/portal\/grmojaplanira-li-se-prostor-u-interesu-gradana-ili-prema-interesima-pojedinaca\/#breadcrumb\",\"itemListElement\":[{\"@type\":\"ListItem\",\"position\":1,\"name\":\"Po\u010detna stranica\",\"item\":\"https:\/\/likemetkovic.hr\/portal\/\"},{\"@type\":\"ListItem\",\"position\":2,\"name\":\"Grmoja: Planira li se prostor u interesu gra\u0111ana ili prema interesima pojedinaca?\"}]},{\"@type\":\"WebSite\",\"@id\":\"https:\/\/likemetkovic.hr\/#website\",\"url\":\"https:\/\/likemetkovic.hr\/\",\"name\":\"likemetkovic.hr\",\"description\":\"Misli pozitivno... \u010ditaj LIKE\",\"potentialAction\":[{\"@type\":\"SearchAction\",\"target\":{\"@type\":\"EntryPoint\",\"urlTemplate\":\"https:\/\/likemetkovic.hr\/?s={search_term_string}\"},\"query-input\":{\"@type\":\"PropertyValueSpecification\",\"valueRequired\":true,\"valueName\":\"search_term_string\"}}],\"inLanguage\":\"hr\"},{\"@type\":\"Person\",\"@id\":\"https:\/\/likemetkovic.hr\/#\/schema\/person\/a42711f3385a0e2be6f7e0443bfb28f0\",\"name\":\"LIKEmetkovic.hr\",\"sameAs\":[\"http:\/\/likemetkovic.hr\"],\"url\":\"https:\/\/likemetkovic.hr\/portal\/author\/likemetkovic-hr\/\"}]}<\/script>\n<!-- \/ Yoast SEO plugin. -->","yoast_head_json":{"title":"Grmoja: Planira li se prostor u interesu gra\u0111ana ili prema interesima pojedinaca? - likemetkovic.hr","robots":{"index":"index","follow":"follow","max-snippet":"max-snippet:-1","max-image-preview":"max-image-preview:large","max-video-preview":"max-video-preview:-1"},"canonical":"https:\/\/likemetkovic.hr\/portal\/grmojaplanira-li-se-prostor-u-interesu-gradana-ili-prema-interesima-pojedinaca\/","og_locale":"hr_HR","og_type":"article","og_title":"Grmoja: Planira li se prostor u interesu gra\u0111ana ili prema interesima pojedinaca? - likemetkovic.hr","og_description":"Predsjednik Mosta Nikola Grmoja izjavio je u srijedu da je gradsko vije\u0107e Metkovi\u0107a izmjenama prostornog plana prenamijenilo zemlji\u0161te obitelji brata gradona\u010delnika Dalibora Milana (HDZ) u gra\u0111evinsko, te zbog tog i jo\u0161 nekih drugih slu\u010dajeva najavio podno\u0161enje kaznenih prijava. Grmoja\u00a0je istaknuo da je rije\u010d o zemlji\u0161tu povr\u0161ine oko 2.154 metra \u010detvorna koje je iz zone sportsko-rekreacijske [&hellip;]","og_url":"https:\/\/likemetkovic.hr\/portal\/grmojaplanira-li-se-prostor-u-interesu-gradana-ili-prema-interesima-pojedinaca\/","og_site_name":"likemetkovic.hr","article_publisher":"https:\/\/www.facebook.com\/likemetkovic.hr\/","article_published_time":"2026-03-18T12:51:16+00:00","article_modified_time":"2026-03-18T13:19:18+00:00","og_image":[{"width":800,"height":438,"url":"https:\/\/likemetkovic.hr\/portal\/wp-content\/uploads\/2026\/03\/nikola-grmoja-.jpg","type":"image\/jpeg"}],"author":"LIKEmetkovic.hr","twitter_card":"summary_large_image","twitter_misc":{"Napisao\/la":"LIKEmetkovic.hr","Procijenjeno vrijeme \u010ditanja":"3 minute"},"schema":{"@context":"https:\/\/schema.org","@graph":[{"@type":"WebPage","@id":"https:\/\/likemetkovic.hr\/portal\/grmojaplanira-li-se-prostor-u-interesu-gradana-ili-prema-interesima-pojedinaca\/","url":"https:\/\/likemetkovic.hr\/portal\/grmojaplanira-li-se-prostor-u-interesu-gradana-ili-prema-interesima-pojedinaca\/","name":"Grmoja: Planira li se prostor u interesu gra\u0111ana ili prema interesima pojedinaca? - likemetkovic.hr","isPartOf":{"@id":"https:\/\/likemetkovic.hr\/#website"},"primaryImageOfPage":{"@id":"https:\/\/likemetkovic.hr\/portal\/grmojaplanira-li-se-prostor-u-interesu-gradana-ili-prema-interesima-pojedinaca\/#primaryimage"},"image":{"@id":"https:\/\/likemetkovic.hr\/portal\/grmojaplanira-li-se-prostor-u-interesu-gradana-ili-prema-interesima-pojedinaca\/#primaryimage"},"thumbnailUrl":"https:\/\/likemetkovic.hr\/portal\/wp-content\/uploads\/2026\/03\/nikola-grmoja-.jpg","datePublished":"2026-03-18T12:51:16+00:00","dateModified":"2026-03-18T13:19:18+00:00","author":{"@id":"https:\/\/likemetkovic.hr\/#\/schema\/person\/a42711f3385a0e2be6f7e0443bfb28f0"},"breadcrumb":{"@id":"https:\/\/likemetkovic.hr\/portal\/grmojaplanira-li-se-prostor-u-interesu-gradana-ili-prema-interesima-pojedinaca\/#breadcrumb"},"inLanguage":"hr","potentialAction":[{"@type":"ReadAction","target":["https:\/\/likemetkovic.hr\/portal\/grmojaplanira-li-se-prostor-u-interesu-gradana-ili-prema-interesima-pojedinaca\/"]}]},{"@type":"ImageObject","inLanguage":"hr","@id":"https:\/\/likemetkovic.hr\/portal\/grmojaplanira-li-se-prostor-u-interesu-gradana-ili-prema-interesima-pojedinaca\/#primaryimage","url":"https:\/\/likemetkovic.hr\/portal\/wp-content\/uploads\/2026\/03\/nikola-grmoja-.jpg","contentUrl":"https:\/\/likemetkovic.hr\/portal\/wp-content\/uploads\/2026\/03\/nikola-grmoja-.jpg","width":800,"height":438},{"@type":"BreadcrumbList","@id":"https:\/\/likemetkovic.hr\/portal\/grmojaplanira-li-se-prostor-u-interesu-gradana-ili-prema-interesima-pojedinaca\/#breadcrumb","itemListElement":[{"@type":"ListItem","position":1,"name":"Po\u010detna stranica","item":"https:\/\/likemetkovic.hr\/portal\/"},{"@type":"ListItem","position":2,"name":"Grmoja: Planira li se prostor u interesu gra\u0111ana ili prema interesima pojedinaca?"}]},{"@type":"WebSite","@id":"https:\/\/likemetkovic.hr\/#website","url":"https:\/\/likemetkovic.hr\/","name":"likemetkovic.hr","description":"Misli pozitivno... \u010ditaj LIKE","potentialAction":[{"@type":"SearchAction","target":{"@type":"EntryPoint","urlTemplate":"https:\/\/likemetkovic.hr\/?s={search_term_string}"},"query-input":{"@type":"PropertyValueSpecification","valueRequired":true,"valueName":"search_term_string"}}],"inLanguage":"hr"},{"@type":"Person","@id":"https:\/\/likemetkovic.hr\/#\/schema\/person\/a42711f3385a0e2be6f7e0443bfb28f0","name":"LIKEmetkovic.hr","sameAs":["http:\/\/likemetkovic.hr"],"url":"https:\/\/likemetkovic.hr\/portal\/author\/likemetkovic-hr\/"}]}},"_links":{"self":[{"href":"https:\/\/likemetkovic.hr\/portal\/wp-json\/wp\/v2\/posts\/172964","targetHints":{"allow":["GET"]}}],"collection":[{"href":"https:\/\/likemetkovic.hr\/portal\/wp-json\/wp\/v2\/posts"}],"about":[{"href":"https:\/\/likemetkovic.hr\/portal\/wp-json\/wp\/v2\/types\/post"}],"author":[{"embeddable":true,"href":"https:\/\/likemetkovic.hr\/portal\/wp-json\/wp\/v2\/users\/7"}],"replies":[{"embeddable":true,"href":"https:\/\/likemetkovic.hr\/portal\/wp-json\/wp\/v2\/comments?post=172964"}],"version-history":[{"count":5,"href":"https:\/\/likemetkovic.hr\/portal\/wp-json\/wp\/v2\/posts\/172964\/revisions"}],"predecessor-version":[{"id":172970,"href":"https:\/\/likemetkovic.hr\/portal\/wp-json\/wp\/v2\/posts\/172964\/revisions\/172970"}],"wp:featuredmedia":[{"embeddable":true,"href":"https:\/\/likemetkovic.hr\/portal\/wp-json\/wp\/v2\/media\/172968"}],"wp:attachment":[{"href":"https:\/\/likemetkovic.hr\/portal\/wp-json\/wp\/v2\/media?parent=172964"}],"wp:term":[{"taxonomy":"category","embeddable":true,"href":"https:\/\/likemetkovic.hr\/portal\/wp-json\/wp\/v2\/categories?post=172964"},{"taxonomy":"post_tag","embeddable":true,"href":"https:\/\/likemetkovic.hr\/portal\/wp-json\/wp\/v2\/tags?post=172964"}],"curies":[{"name":"wp","href":"https:\/\/api.w.org\/{rel}","templated":true}]}}