{"id":174079,"date":"2026-04-23T08:00:56","date_gmt":"2026-04-23T06:00:56","guid":{"rendered":"https:\/\/likemetkovic.hr\/portal\/?p=174079"},"modified":"2026-04-24T17:02:11","modified_gmt":"2026-04-24T15:02:11","slug":"najava-noc-knjige-2026-u-gradskoj-knjiznici-metkovic-pobratimstvo-lica-u-svemiru","status":"publish","type":"post","link":"https:\/\/likemetkovic.hr\/portal\/najava-noc-knjige-2026-u-gradskoj-knjiznici-metkovic-pobratimstvo-lica-u-svemiru\/","title":{"rendered":"NAJAVA! No\u0107 knjige 2026. u Gradskoj knji\u017enici Metkovi\u0107: \u201ePobratimstvo lica u svemiru\u201c"},"content":{"rendered":"<p data-start=\"79\" data-end=\"361\"><strong>Gradska knji\u017enica Metkovi<\/strong>\u0107 i ove se godine uklju\u010duje u nacionalnu manifestaciju<strong> No\u0107 knjige<\/strong>, koja se tradicionalno organizira u povodu<strong> Svjetskog dana knjige i autorskih prava<\/strong> te<strong> Dana hrvatske knjige<\/strong>, s ciljem podsje\u0107anja na va\u017enost \u010ditanja i knjige u svakodnevnom \u017eivotu.<\/p>\n<p data-start=\"363\" data-end=\"496\"><strong data-start=\"363\" data-end=\"420\">No\u0107 knjige 2026. odr\u017eat \u0107e se u \u010detvrtak, 23. travnja<\/strong>, a ovogodi\u0161nja tema nosi sna\u017enu poruku \u2013\u00a0<strong data-start=\"462\" data-end=\"495\">\u201ePobratimstvo lica u svemiru\u201c<\/strong>.<\/p>\n<p data-start=\"545\" data-end=\"783\">U vremenu kada su dru\u0161tva sve vi\u0161e optere\u0107ena podjelama, sukobima i nerazumijevanjem, ovogodi\u0161nja No\u0107 knjige posve\u0107ena je vrijednostima koje \u010dine temelj zdravog dru\u0161tva:\u00a0<strong data-start=\"715\" data-end=\"782\">miru, solidarnosti, dijalogu, empatiji, nje\u017enosti i zajedni\u0161tvu<\/strong>.<\/p>\n<p data-start=\"785\" data-end=\"1088\">Inspiracija je prona\u0111ena u istoimenoj pjesmi velikog hrvatskog pjesnika\u00a0<strong data-start=\"857\" data-end=\"873\">Tina Ujevi\u0107a<\/strong>, \u010dija poruka o duhovnoj povezanosti me\u0111u ljudima i danas odzvanja jednako sna\u017eno. Ideja da smo, bez obzira na razlike, jedni drugima potrebni, postaje posebno va\u017ena u suvremenom svijetu punom nesigurnosti i brzine.<\/p>\n<p data-start=\"1129\" data-end=\"1304\">Osim Ujevi\u0107eve poezije, ovogodi\u0161nji program nosi i sna\u017enu simboliku kroz obilje\u017eavanje\u00a0<strong data-start=\"1216\" data-end=\"1256\">170. godi\u0161njice ro\u0111enja Nikole Tesle<\/strong>, jednog od najve\u0107ih znanstvenika i kozmopolita.<\/p>\n<p data-start=\"1306\" data-end=\"1613\">Tesla je mir smatrao klju\u010dnim preduvjetom napretka \u010dovje\u010danstva, a kao najve\u0107e prepreke isticao je neznanje, fanatizam i sukobe. U svojoj autobiografiji\u00a0<em data-start=\"1459\" data-end=\"1471\">Moji izumi<\/em>\u00a0iz 1919. godine zapisao je kako su \u010dovje\u010danstvu potrebni\u00a0<strong data-start=\"1529\" data-end=\"1612\">istinski susreti i bolje razumijevanje me\u0111u ljudima i zajednicama \u0161irom svijeta<\/strong>.<\/p>\n<p data-start=\"1664\" data-end=\"1912\">Poruka ovogodi\u0161nje No\u0107i knjige podsje\u0107a da, ako je suvremeni svijet raspr\u0161en,\u00a0<strong data-start=\"1742\" data-end=\"1774\">\u010ditanje nas ponovno povezuje<\/strong>. Ako je razgovor naru\u0161en,\u00a0<strong data-start=\"1801\" data-end=\"1828\">knji\u017eevnost ga obnavlja<\/strong>. U buci svakodnevice, knjiga vra\u0107a ti\u0161inu \u2013 onu u kojoj mo\u017eemo \u010duti i sebe i druge.<\/p>\n<p data-start=\"1914\" data-end=\"2078\">No\u0107 knjige i ove \u0107e godine biti prilika da knji\u017enice, \u010ditatelji i svi ljubitelji pisane rije\u010di zajedni\u010dki proslave knjigu kao prostor susreta, razumijevanja i nade.<\/p>\n<p data-start=\"2080\" data-end=\"2254\" data-is-last-node=\"\" data-is-only-node=\"\">Gradska knji\u017enica Metkovi\u0107 poziva sve gra\u0111ane da se uklju\u010de u obilje\u017eavanje manifestacije i da zajedno poka\u017eemo kako knjiga i dalje ima mo\u0107 mijenjati svijet \u2013 rije\u010d po rije\u010d.<\/p>\n","protected":false},"excerpt":{"rendered":"<p>Gradska knji\u017enica Metkovi\u0107 i ove se godine uklju\u010duje u nacionalnu manifestaciju No\u0107 knjige, koja se tradicionalno organizira u povodu Svjetskog dana knjige i autorskih prava te Dana hrvatske knjige, s ciljem podsje\u0107anja na va\u017enost \u010ditanja i knjige u svakodnevnom \u017eivotu. No\u0107 knjige 2026. odr\u017eat \u0107e se u \u010detvrtak, 23. travnja, a ovogodi\u0161nja tema nosi sna\u017enu [&hellip;]<\/p>\n","protected":false},"author":7,"featured_media":174080,"comment_status":"open","ping_status":"open","sticky":false,"template":"","format":"standard","meta":{"footnotes":""},"categories":[296,1028],"tags":[3015],"class_list":{"0":"post-174079","1":"post","2":"type-post","3":"status-publish","4":"format-standard","5":"has-post-thumbnail","7":"category-ab","8":"category-kultura-2","9":"tag-noc-knjige"},"yoast_head":"<!-- This site is optimized with the Yoast SEO plugin v25.2 - https:\/\/yoast.com\/wordpress\/plugins\/seo\/ -->\n<title>NAJAVA! No\u0107 knjige 2026. u Gradskoj knji\u017enici Metkovi\u0107: \u201ePobratimstvo lica u svemiru\u201c - likemetkovic.hr<\/title>\n<meta name=\"robots\" content=\"index, follow, max-snippet:-1, max-image-preview:large, max-video-preview:-1\" \/>\n<link rel=\"canonical\" href=\"https:\/\/likemetkovic.hr\/portal\/najava-noc-knjige-2026-u-gradskoj-knjiznici-metkovic-pobratimstvo-lica-u-svemiru\/\" \/>\n<meta property=\"og:locale\" content=\"hr_HR\" \/>\n<meta property=\"og:type\" content=\"article\" \/>\n<meta property=\"og:title\" content=\"NAJAVA! No\u0107 knjige 2026. u Gradskoj knji\u017enici Metkovi\u0107: \u201ePobratimstvo lica u svemiru\u201c - likemetkovic.hr\" \/>\n<meta property=\"og:description\" content=\"Gradska knji\u017enica Metkovi\u0107 i ove se godine uklju\u010duje u nacionalnu manifestaciju No\u0107 knjige, koja se tradicionalno organizira u povodu Svjetskog dana knjige i autorskih prava te Dana hrvatske knjige, s ciljem podsje\u0107anja na va\u017enost \u010ditanja i knjige u svakodnevnom \u017eivotu. No\u0107 knjige 2026. odr\u017eat \u0107e se u \u010detvrtak, 23. travnja, a ovogodi\u0161nja tema nosi sna\u017enu [&hellip;]\" \/>\n<meta property=\"og:url\" content=\"https:\/\/likemetkovic.hr\/portal\/najava-noc-knjige-2026-u-gradskoj-knjiznici-metkovic-pobratimstvo-lica-u-svemiru\/\" \/>\n<meta property=\"og:site_name\" content=\"likemetkovic.hr\" \/>\n<meta property=\"article:publisher\" content=\"https:\/\/www.facebook.com\/likemetkovic.hr\/\" \/>\n<meta property=\"article:published_time\" content=\"2026-04-23T06:00:56+00:00\" \/>\n<meta property=\"article:modified_time\" content=\"2026-04-24T15:02:11+00:00\" \/>\n<meta property=\"og:image\" content=\"https:\/\/likemetkovic.hr\/portal\/wp-content\/uploads\/2026\/04\/noc-knjige-26-1.jpg\" \/>\n\t<meta property=\"og:image:width\" content=\"900\" \/>\n\t<meta property=\"og:image:height\" content=\"433\" \/>\n\t<meta property=\"og:image:type\" content=\"image\/jpeg\" \/>\n<meta name=\"author\" content=\"LIKEmetkovic.hr\" \/>\n<meta name=\"twitter:card\" content=\"summary_large_image\" \/>\n<meta name=\"twitter:label1\" content=\"Napisao\/la\" \/>\n\t<meta name=\"twitter:data1\" content=\"LIKEmetkovic.hr\" \/>\n\t<meta name=\"twitter:label2\" content=\"Procijenjeno vrijeme \u010ditanja\" \/>\n\t<meta name=\"twitter:data2\" content=\"2 minute\" \/>\n<script type=\"application\/ld+json\" class=\"yoast-schema-graph\">{\"@context\":\"https:\/\/schema.org\",\"@graph\":[{\"@type\":\"WebPage\",\"@id\":\"https:\/\/likemetkovic.hr\/portal\/najava-noc-knjige-2026-u-gradskoj-knjiznici-metkovic-pobratimstvo-lica-u-svemiru\/\",\"url\":\"https:\/\/likemetkovic.hr\/portal\/najava-noc-knjige-2026-u-gradskoj-knjiznici-metkovic-pobratimstvo-lica-u-svemiru\/\",\"name\":\"NAJAVA! No\u0107 knjige 2026. u Gradskoj knji\u017enici Metkovi\u0107: \u201ePobratimstvo lica u svemiru\u201c - likemetkovic.hr\",\"isPartOf\":{\"@id\":\"https:\/\/likemetkovic.hr\/#website\"},\"primaryImageOfPage\":{\"@id\":\"https:\/\/likemetkovic.hr\/portal\/najava-noc-knjige-2026-u-gradskoj-knjiznici-metkovic-pobratimstvo-lica-u-svemiru\/#primaryimage\"},\"image\":{\"@id\":\"https:\/\/likemetkovic.hr\/portal\/najava-noc-knjige-2026-u-gradskoj-knjiznici-metkovic-pobratimstvo-lica-u-svemiru\/#primaryimage\"},\"thumbnailUrl\":\"https:\/\/likemetkovic.hr\/portal\/wp-content\/uploads\/2026\/04\/noc-knjige-26-1.jpg\",\"datePublished\":\"2026-04-23T06:00:56+00:00\",\"dateModified\":\"2026-04-24T15:02:11+00:00\",\"author\":{\"@id\":\"https:\/\/likemetkovic.hr\/#\/schema\/person\/a42711f3385a0e2be6f7e0443bfb28f0\"},\"breadcrumb\":{\"@id\":\"https:\/\/likemetkovic.hr\/portal\/najava-noc-knjige-2026-u-gradskoj-knjiznici-metkovic-pobratimstvo-lica-u-svemiru\/#breadcrumb\"},\"inLanguage\":\"hr\",\"potentialAction\":[{\"@type\":\"ReadAction\",\"target\":[\"https:\/\/likemetkovic.hr\/portal\/najava-noc-knjige-2026-u-gradskoj-knjiznici-metkovic-pobratimstvo-lica-u-svemiru\/\"]}]},{\"@type\":\"ImageObject\",\"inLanguage\":\"hr\",\"@id\":\"https:\/\/likemetkovic.hr\/portal\/najava-noc-knjige-2026-u-gradskoj-knjiznici-metkovic-pobratimstvo-lica-u-svemiru\/#primaryimage\",\"url\":\"https:\/\/likemetkovic.hr\/portal\/wp-content\/uploads\/2026\/04\/noc-knjige-26-1.jpg\",\"contentUrl\":\"https:\/\/likemetkovic.hr\/portal\/wp-content\/uploads\/2026\/04\/noc-knjige-26-1.jpg\",\"width\":900,\"height\":433},{\"@type\":\"BreadcrumbList\",\"@id\":\"https:\/\/likemetkovic.hr\/portal\/najava-noc-knjige-2026-u-gradskoj-knjiznici-metkovic-pobratimstvo-lica-u-svemiru\/#breadcrumb\",\"itemListElement\":[{\"@type\":\"ListItem\",\"position\":1,\"name\":\"Po\u010detna stranica\",\"item\":\"https:\/\/likemetkovic.hr\/portal\/\"},{\"@type\":\"ListItem\",\"position\":2,\"name\":\"NAJAVA! No\u0107 knjige 2026. u Gradskoj knji\u017enici Metkovi\u0107: \u201ePobratimstvo lica u svemiru\u201c\"}]},{\"@type\":\"WebSite\",\"@id\":\"https:\/\/likemetkovic.hr\/#website\",\"url\":\"https:\/\/likemetkovic.hr\/\",\"name\":\"likemetkovic.hr\",\"description\":\"Misli pozitivno... \u010ditaj LIKE\",\"potentialAction\":[{\"@type\":\"SearchAction\",\"target\":{\"@type\":\"EntryPoint\",\"urlTemplate\":\"https:\/\/likemetkovic.hr\/?s={search_term_string}\"},\"query-input\":{\"@type\":\"PropertyValueSpecification\",\"valueRequired\":true,\"valueName\":\"search_term_string\"}}],\"inLanguage\":\"hr\"},{\"@type\":\"Person\",\"@id\":\"https:\/\/likemetkovic.hr\/#\/schema\/person\/a42711f3385a0e2be6f7e0443bfb28f0\",\"name\":\"LIKEmetkovic.hr\",\"sameAs\":[\"http:\/\/likemetkovic.hr\"],\"url\":\"https:\/\/likemetkovic.hr\/portal\/author\/likemetkovic-hr\/\"}]}<\/script>\n<!-- \/ Yoast SEO plugin. -->","yoast_head_json":{"title":"NAJAVA! No\u0107 knjige 2026. u Gradskoj knji\u017enici Metkovi\u0107: \u201ePobratimstvo lica u svemiru\u201c - likemetkovic.hr","robots":{"index":"index","follow":"follow","max-snippet":"max-snippet:-1","max-image-preview":"max-image-preview:large","max-video-preview":"max-video-preview:-1"},"canonical":"https:\/\/likemetkovic.hr\/portal\/najava-noc-knjige-2026-u-gradskoj-knjiznici-metkovic-pobratimstvo-lica-u-svemiru\/","og_locale":"hr_HR","og_type":"article","og_title":"NAJAVA! No\u0107 knjige 2026. u Gradskoj knji\u017enici Metkovi\u0107: \u201ePobratimstvo lica u svemiru\u201c - likemetkovic.hr","og_description":"Gradska knji\u017enica Metkovi\u0107 i ove se godine uklju\u010duje u nacionalnu manifestaciju No\u0107 knjige, koja se tradicionalno organizira u povodu Svjetskog dana knjige i autorskih prava te Dana hrvatske knjige, s ciljem podsje\u0107anja na va\u017enost \u010ditanja i knjige u svakodnevnom \u017eivotu. No\u0107 knjige 2026. odr\u017eat \u0107e se u \u010detvrtak, 23. travnja, a ovogodi\u0161nja tema nosi sna\u017enu [&hellip;]","og_url":"https:\/\/likemetkovic.hr\/portal\/najava-noc-knjige-2026-u-gradskoj-knjiznici-metkovic-pobratimstvo-lica-u-svemiru\/","og_site_name":"likemetkovic.hr","article_publisher":"https:\/\/www.facebook.com\/likemetkovic.hr\/","article_published_time":"2026-04-23T06:00:56+00:00","article_modified_time":"2026-04-24T15:02:11+00:00","og_image":[{"width":900,"height":433,"url":"https:\/\/likemetkovic.hr\/portal\/wp-content\/uploads\/2026\/04\/noc-knjige-26-1.jpg","type":"image\/jpeg"}],"author":"LIKEmetkovic.hr","twitter_card":"summary_large_image","twitter_misc":{"Napisao\/la":"LIKEmetkovic.hr","Procijenjeno vrijeme \u010ditanja":"2 minute"},"schema":{"@context":"https:\/\/schema.org","@graph":[{"@type":"WebPage","@id":"https:\/\/likemetkovic.hr\/portal\/najava-noc-knjige-2026-u-gradskoj-knjiznici-metkovic-pobratimstvo-lica-u-svemiru\/","url":"https:\/\/likemetkovic.hr\/portal\/najava-noc-knjige-2026-u-gradskoj-knjiznici-metkovic-pobratimstvo-lica-u-svemiru\/","name":"NAJAVA! No\u0107 knjige 2026. u Gradskoj knji\u017enici Metkovi\u0107: \u201ePobratimstvo lica u svemiru\u201c - likemetkovic.hr","isPartOf":{"@id":"https:\/\/likemetkovic.hr\/#website"},"primaryImageOfPage":{"@id":"https:\/\/likemetkovic.hr\/portal\/najava-noc-knjige-2026-u-gradskoj-knjiznici-metkovic-pobratimstvo-lica-u-svemiru\/#primaryimage"},"image":{"@id":"https:\/\/likemetkovic.hr\/portal\/najava-noc-knjige-2026-u-gradskoj-knjiznici-metkovic-pobratimstvo-lica-u-svemiru\/#primaryimage"},"thumbnailUrl":"https:\/\/likemetkovic.hr\/portal\/wp-content\/uploads\/2026\/04\/noc-knjige-26-1.jpg","datePublished":"2026-04-23T06:00:56+00:00","dateModified":"2026-04-24T15:02:11+00:00","author":{"@id":"https:\/\/likemetkovic.hr\/#\/schema\/person\/a42711f3385a0e2be6f7e0443bfb28f0"},"breadcrumb":{"@id":"https:\/\/likemetkovic.hr\/portal\/najava-noc-knjige-2026-u-gradskoj-knjiznici-metkovic-pobratimstvo-lica-u-svemiru\/#breadcrumb"},"inLanguage":"hr","potentialAction":[{"@type":"ReadAction","target":["https:\/\/likemetkovic.hr\/portal\/najava-noc-knjige-2026-u-gradskoj-knjiznici-metkovic-pobratimstvo-lica-u-svemiru\/"]}]},{"@type":"ImageObject","inLanguage":"hr","@id":"https:\/\/likemetkovic.hr\/portal\/najava-noc-knjige-2026-u-gradskoj-knjiznici-metkovic-pobratimstvo-lica-u-svemiru\/#primaryimage","url":"https:\/\/likemetkovic.hr\/portal\/wp-content\/uploads\/2026\/04\/noc-knjige-26-1.jpg","contentUrl":"https:\/\/likemetkovic.hr\/portal\/wp-content\/uploads\/2026\/04\/noc-knjige-26-1.jpg","width":900,"height":433},{"@type":"BreadcrumbList","@id":"https:\/\/likemetkovic.hr\/portal\/najava-noc-knjige-2026-u-gradskoj-knjiznici-metkovic-pobratimstvo-lica-u-svemiru\/#breadcrumb","itemListElement":[{"@type":"ListItem","position":1,"name":"Po\u010detna stranica","item":"https:\/\/likemetkovic.hr\/portal\/"},{"@type":"ListItem","position":2,"name":"NAJAVA! No\u0107 knjige 2026. u Gradskoj knji\u017enici Metkovi\u0107: \u201ePobratimstvo lica u svemiru\u201c"}]},{"@type":"WebSite","@id":"https:\/\/likemetkovic.hr\/#website","url":"https:\/\/likemetkovic.hr\/","name":"likemetkovic.hr","description":"Misli pozitivno... \u010ditaj LIKE","potentialAction":[{"@type":"SearchAction","target":{"@type":"EntryPoint","urlTemplate":"https:\/\/likemetkovic.hr\/?s={search_term_string}"},"query-input":{"@type":"PropertyValueSpecification","valueRequired":true,"valueName":"search_term_string"}}],"inLanguage":"hr"},{"@type":"Person","@id":"https:\/\/likemetkovic.hr\/#\/schema\/person\/a42711f3385a0e2be6f7e0443bfb28f0","name":"LIKEmetkovic.hr","sameAs":["http:\/\/likemetkovic.hr"],"url":"https:\/\/likemetkovic.hr\/portal\/author\/likemetkovic-hr\/"}]}},"_links":{"self":[{"href":"https:\/\/likemetkovic.hr\/portal\/wp-json\/wp\/v2\/posts\/174079","targetHints":{"allow":["GET"]}}],"collection":[{"href":"https:\/\/likemetkovic.hr\/portal\/wp-json\/wp\/v2\/posts"}],"about":[{"href":"https:\/\/likemetkovic.hr\/portal\/wp-json\/wp\/v2\/types\/post"}],"author":[{"embeddable":true,"href":"https:\/\/likemetkovic.hr\/portal\/wp-json\/wp\/v2\/users\/7"}],"replies":[{"embeddable":true,"href":"https:\/\/likemetkovic.hr\/portal\/wp-json\/wp\/v2\/comments?post=174079"}],"version-history":[{"count":1,"href":"https:\/\/likemetkovic.hr\/portal\/wp-json\/wp\/v2\/posts\/174079\/revisions"}],"predecessor-version":[{"id":174081,"href":"https:\/\/likemetkovic.hr\/portal\/wp-json\/wp\/v2\/posts\/174079\/revisions\/174081"}],"wp:featuredmedia":[{"embeddable":true,"href":"https:\/\/likemetkovic.hr\/portal\/wp-json\/wp\/v2\/media\/174080"}],"wp:attachment":[{"href":"https:\/\/likemetkovic.hr\/portal\/wp-json\/wp\/v2\/media?parent=174079"}],"wp:term":[{"taxonomy":"category","embeddable":true,"href":"https:\/\/likemetkovic.hr\/portal\/wp-json\/wp\/v2\/categories?post=174079"},{"taxonomy":"post_tag","embeddable":true,"href":"https:\/\/likemetkovic.hr\/portal\/wp-json\/wp\/v2\/tags?post=174079"}],"curies":[{"name":"wp","href":"https:\/\/api.w.org\/{rel}","templated":true}]}}