{"id":174091,"date":"2026-04-24T07:14:18","date_gmt":"2026-04-24T05:14:18","guid":{"rendered":"https:\/\/likemetkovic.hr\/portal\/?p=174091"},"modified":"2026-04-24T17:02:02","modified_gmt":"2026-04-24T15:02:02","slug":"sara-krsticevic-odusevila-na-drzavnoj-smotri-lidrano-2026","status":"publish","type":"post","link":"https:\/\/likemetkovic.hr\/portal\/sara-krsticevic-odusevila-na-drzavnoj-smotri-lidrano-2026\/","title":{"rendered":"Sara Krsti\u010devi\u0107 odu\u0161evila na dr\u017eavnoj Smotri  LiDraNo 2026."},"content":{"rendered":"<p data-start=\"0\" data-end=\"291\">Dr\u017eavna smotra <strong data-start=\"15\" data-end=\"26\">LiDraNo<\/strong> odr\u017eana je u Vinkovcima od <strong data-start=\"54\" data-end=\"82\">20. do 22. travnja 2026.<\/strong>, okupiv\u0161i najtalentiranije u\u010denike iz Hrvatske u podru\u010dju literarnog, dramskog i novinarskog stvarala\u0161tva. Tijekom tri dana sudionici su predstavljali radove, razmjenjivali iskustva i upoznali slavonski kraj.<\/p>\n<p data-start=\"408\" data-end=\"837\"><strong data-start=\"420\" data-end=\"451\">O\u0160 Stjepana Radi\u0107a Metkovi\u0107<\/strong>, predstavila je <strong data-start=\"468\" data-end=\"489\"><em data-start=\"470\" data-end=\"487\">Sara Krsti\u010devi\u0107<\/em><\/strong>, u\u010denica 4. a razreda, uz mentorstvo u\u010diteljice Ane \u0106u\u017ei\u0107. <strong data-start=\"549\" data-end=\"570\"><em data-start=\"551\" data-end=\"568\">Sara Krsti\u010devi\u0107<\/em><\/strong> odu\u0161evila je \u017eiri izvedbom pri\u010de <strong data-start=\"604\" data-end=\"641\">\u201eDa se mali Ranko popeo na hrast\u201c<\/strong>, prenijev\u0161i bogatstvo zavi\u010dajnog govora i tradicije kroz sna\u017enu i autenti\u010dnu interpretaciju.<\/p>\n<p data-start=\"408\" data-end=\"837\">Ovo joj je <strong>drugi uzastopni plasman na dr\u017eavnu razinu<\/strong>, \u010dime potvr\u0111uje svoj talent i predan rad.<\/p>\n<p data-start=\"839\" data-end=\"1034\"><img decoding=\"async\" class=\"alignnone size-full wp-image-174092\" src=\"https:\/\/likemetkovic.hr\/portal\/wp-content\/uploads\/2026\/04\/sara-krsticevic-lidrano.jpg\" alt=\"\" width=\"800\" height=\"450\" srcset=\"https:\/\/likemetkovic.hr\/portal\/wp-content\/uploads\/2026\/04\/sara-krsticevic-lidrano.jpg 800w, https:\/\/likemetkovic.hr\/portal\/wp-content\/uploads\/2026\/04\/sara-krsticevic-lidrano-768x432.jpg 768w, https:\/\/likemetkovic.hr\/portal\/wp-content\/uploads\/2026\/04\/sara-krsticevic-lidrano-747x420.jpg 747w, https:\/\/likemetkovic.hr\/portal\/wp-content\/uploads\/2026\/04\/sara-krsticevic-lidrano-150x84.jpg 150w, https:\/\/likemetkovic.hr\/portal\/wp-content\/uploads\/2026\/04\/sara-krsticevic-lidrano-300x169.jpg 300w, https:\/\/likemetkovic.hr\/portal\/wp-content\/uploads\/2026\/04\/sara-krsticevic-lidrano-696x392.jpg 696w\" sizes=\"(max-width: 800px) 100vw, 800px\" \/><\/p>\n<p data-start=\"839\" data-end=\"1034\">Tijekom boravka u Slavoniji, Sara je sa svojom u\u010diteljicom posjetila i Podru\u010dnu \u0161kolu Ceri\u0107i, gdje je izvela svoju interpretaciju i s vr\u0161njacima provela vrijeme u <strong data-start=\"997\" data-end=\"1033\">toploj i prijateljskoj atmosferi<\/strong>.<\/p>\n<p data-start=\"1173\" data-end=\"1388\" data-is-last-node=\"\" data-is-only-node=\"\">Ovakva iskustva potvr\u0111uju va\u017enost <strong data-start=\"1207\" data-end=\"1218\">LiDraNa<\/strong> u poticanju kreativnosti i povezivanju mladih, a Sara Krsti\u010devi\u0107 je svojim nastupom jo\u0161 jednom pokazala da su talent, trud i ljubav prema jeziku klju\u010d uspjeha.<\/p>\n","protected":false},"excerpt":{"rendered":"<p>Dr\u017eavna smotra LiDraNo odr\u017eana je u Vinkovcima od 20. do 22. travnja 2026., okupiv\u0161i najtalentiranije u\u010denike iz Hrvatske u podru\u010dju literarnog, dramskog i novinarskog stvarala\u0161tva. Tijekom tri dana sudionici su predstavljali radove, razmjenjivali iskustva i upoznali slavonski kraj. O\u0160 Stjepana Radi\u0107a Metkovi\u0107, predstavila je Sara Krsti\u010devi\u0107, u\u010denica 4. a razreda, uz mentorstvo u\u010diteljice Ane \u0106u\u017ei\u0107. [&hellip;]<\/p>\n","protected":false},"author":7,"featured_media":174092,"comment_status":"open","ping_status":"open","sticky":false,"template":"","format":"standard","meta":{"footnotes":""},"categories":[296,166],"tags":[422,13099],"class_list":{"0":"post-174091","1":"post","2":"type-post","3":"status-publish","4":"format-standard","5":"has-post-thumbnail","7":"category-ab","8":"category-skolstvo","9":"tag-lidrano","10":"tag-sara-krsticevic"},"yoast_head":"<!-- This site is optimized with the Yoast SEO plugin v25.2 - https:\/\/yoast.com\/wordpress\/plugins\/seo\/ -->\n<title>Sara Krsti\u010devi\u0107 odu\u0161evila na dr\u017eavnoj Smotri LiDraNo 2026. - likemetkovic.hr<\/title>\n<meta name=\"robots\" content=\"index, follow, max-snippet:-1, max-image-preview:large, max-video-preview:-1\" \/>\n<link rel=\"canonical\" href=\"https:\/\/likemetkovic.hr\/portal\/sara-krsticevic-odusevila-na-drzavnoj-smotri-lidrano-2026\/\" \/>\n<meta property=\"og:locale\" content=\"hr_HR\" \/>\n<meta property=\"og:type\" content=\"article\" \/>\n<meta property=\"og:title\" content=\"Sara Krsti\u010devi\u0107 odu\u0161evila na dr\u017eavnoj Smotri LiDraNo 2026. - likemetkovic.hr\" \/>\n<meta property=\"og:description\" content=\"Dr\u017eavna smotra LiDraNo odr\u017eana je u Vinkovcima od 20. do 22. travnja 2026., okupiv\u0161i najtalentiranije u\u010denike iz Hrvatske u podru\u010dju literarnog, dramskog i novinarskog stvarala\u0161tva. Tijekom tri dana sudionici su predstavljali radove, razmjenjivali iskustva i upoznali slavonski kraj. O\u0160 Stjepana Radi\u0107a Metkovi\u0107, predstavila je Sara Krsti\u010devi\u0107, u\u010denica 4. a razreda, uz mentorstvo u\u010diteljice Ane \u0106u\u017ei\u0107. [&hellip;]\" \/>\n<meta property=\"og:url\" content=\"https:\/\/likemetkovic.hr\/portal\/sara-krsticevic-odusevila-na-drzavnoj-smotri-lidrano-2026\/\" \/>\n<meta property=\"og:site_name\" content=\"likemetkovic.hr\" \/>\n<meta property=\"article:publisher\" content=\"https:\/\/www.facebook.com\/likemetkovic.hr\/\" \/>\n<meta property=\"article:published_time\" content=\"2026-04-24T05:14:18+00:00\" \/>\n<meta property=\"article:modified_time\" content=\"2026-04-24T15:02:02+00:00\" \/>\n<meta property=\"og:image\" content=\"https:\/\/likemetkovic.hr\/portal\/wp-content\/uploads\/2026\/04\/sara-krsticevic-lidrano.jpg\" \/>\n\t<meta property=\"og:image:width\" content=\"800\" \/>\n\t<meta property=\"og:image:height\" content=\"450\" \/>\n\t<meta property=\"og:image:type\" content=\"image\/jpeg\" \/>\n<meta name=\"author\" content=\"LIKEmetkovic.hr\" \/>\n<meta name=\"twitter:card\" content=\"summary_large_image\" \/>\n<meta name=\"twitter:label1\" content=\"Napisao\/la\" \/>\n\t<meta name=\"twitter:data1\" content=\"LIKEmetkovic.hr\" \/>\n\t<meta name=\"twitter:label2\" content=\"Procijenjeno vrijeme \u010ditanja\" \/>\n\t<meta name=\"twitter:data2\" content=\"2 minute\" \/>\n<script type=\"application\/ld+json\" class=\"yoast-schema-graph\">{\"@context\":\"https:\/\/schema.org\",\"@graph\":[{\"@type\":\"WebPage\",\"@id\":\"https:\/\/likemetkovic.hr\/portal\/sara-krsticevic-odusevila-na-drzavnoj-smotri-lidrano-2026\/\",\"url\":\"https:\/\/likemetkovic.hr\/portal\/sara-krsticevic-odusevila-na-drzavnoj-smotri-lidrano-2026\/\",\"name\":\"Sara Krsti\u010devi\u0107 odu\u0161evila na dr\u017eavnoj Smotri LiDraNo 2026. - likemetkovic.hr\",\"isPartOf\":{\"@id\":\"https:\/\/likemetkovic.hr\/#website\"},\"primaryImageOfPage\":{\"@id\":\"https:\/\/likemetkovic.hr\/portal\/sara-krsticevic-odusevila-na-drzavnoj-smotri-lidrano-2026\/#primaryimage\"},\"image\":{\"@id\":\"https:\/\/likemetkovic.hr\/portal\/sara-krsticevic-odusevila-na-drzavnoj-smotri-lidrano-2026\/#primaryimage\"},\"thumbnailUrl\":\"https:\/\/likemetkovic.hr\/portal\/wp-content\/uploads\/2026\/04\/sara-krsticevic-lidrano.jpg\",\"datePublished\":\"2026-04-24T05:14:18+00:00\",\"dateModified\":\"2026-04-24T15:02:02+00:00\",\"author\":{\"@id\":\"https:\/\/likemetkovic.hr\/#\/schema\/person\/a42711f3385a0e2be6f7e0443bfb28f0\"},\"breadcrumb\":{\"@id\":\"https:\/\/likemetkovic.hr\/portal\/sara-krsticevic-odusevila-na-drzavnoj-smotri-lidrano-2026\/#breadcrumb\"},\"inLanguage\":\"hr\",\"potentialAction\":[{\"@type\":\"ReadAction\",\"target\":[\"https:\/\/likemetkovic.hr\/portal\/sara-krsticevic-odusevila-na-drzavnoj-smotri-lidrano-2026\/\"]}]},{\"@type\":\"ImageObject\",\"inLanguage\":\"hr\",\"@id\":\"https:\/\/likemetkovic.hr\/portal\/sara-krsticevic-odusevila-na-drzavnoj-smotri-lidrano-2026\/#primaryimage\",\"url\":\"https:\/\/likemetkovic.hr\/portal\/wp-content\/uploads\/2026\/04\/sara-krsticevic-lidrano.jpg\",\"contentUrl\":\"https:\/\/likemetkovic.hr\/portal\/wp-content\/uploads\/2026\/04\/sara-krsticevic-lidrano.jpg\",\"width\":800,\"height\":450},{\"@type\":\"BreadcrumbList\",\"@id\":\"https:\/\/likemetkovic.hr\/portal\/sara-krsticevic-odusevila-na-drzavnoj-smotri-lidrano-2026\/#breadcrumb\",\"itemListElement\":[{\"@type\":\"ListItem\",\"position\":1,\"name\":\"Po\u010detna stranica\",\"item\":\"https:\/\/likemetkovic.hr\/portal\/\"},{\"@type\":\"ListItem\",\"position\":2,\"name\":\"Sara Krsti\u010devi\u0107 odu\u0161evila na dr\u017eavnoj Smotri LiDraNo 2026.\"}]},{\"@type\":\"WebSite\",\"@id\":\"https:\/\/likemetkovic.hr\/#website\",\"url\":\"https:\/\/likemetkovic.hr\/\",\"name\":\"likemetkovic.hr\",\"description\":\"Misli pozitivno... \u010ditaj LIKE\",\"potentialAction\":[{\"@type\":\"SearchAction\",\"target\":{\"@type\":\"EntryPoint\",\"urlTemplate\":\"https:\/\/likemetkovic.hr\/?s={search_term_string}\"},\"query-input\":{\"@type\":\"PropertyValueSpecification\",\"valueRequired\":true,\"valueName\":\"search_term_string\"}}],\"inLanguage\":\"hr\"},{\"@type\":\"Person\",\"@id\":\"https:\/\/likemetkovic.hr\/#\/schema\/person\/a42711f3385a0e2be6f7e0443bfb28f0\",\"name\":\"LIKEmetkovic.hr\",\"sameAs\":[\"http:\/\/likemetkovic.hr\"],\"url\":\"https:\/\/likemetkovic.hr\/portal\/author\/likemetkovic-hr\/\"}]}<\/script>\n<!-- \/ Yoast SEO plugin. -->","yoast_head_json":{"title":"Sara Krsti\u010devi\u0107 odu\u0161evila na dr\u017eavnoj Smotri LiDraNo 2026. - likemetkovic.hr","robots":{"index":"index","follow":"follow","max-snippet":"max-snippet:-1","max-image-preview":"max-image-preview:large","max-video-preview":"max-video-preview:-1"},"canonical":"https:\/\/likemetkovic.hr\/portal\/sara-krsticevic-odusevila-na-drzavnoj-smotri-lidrano-2026\/","og_locale":"hr_HR","og_type":"article","og_title":"Sara Krsti\u010devi\u0107 odu\u0161evila na dr\u017eavnoj Smotri LiDraNo 2026. - likemetkovic.hr","og_description":"Dr\u017eavna smotra LiDraNo odr\u017eana je u Vinkovcima od 20. do 22. travnja 2026., okupiv\u0161i najtalentiranije u\u010denike iz Hrvatske u podru\u010dju literarnog, dramskog i novinarskog stvarala\u0161tva. Tijekom tri dana sudionici su predstavljali radove, razmjenjivali iskustva i upoznali slavonski kraj. O\u0160 Stjepana Radi\u0107a Metkovi\u0107, predstavila je Sara Krsti\u010devi\u0107, u\u010denica 4. a razreda, uz mentorstvo u\u010diteljice Ane \u0106u\u017ei\u0107. [&hellip;]","og_url":"https:\/\/likemetkovic.hr\/portal\/sara-krsticevic-odusevila-na-drzavnoj-smotri-lidrano-2026\/","og_site_name":"likemetkovic.hr","article_publisher":"https:\/\/www.facebook.com\/likemetkovic.hr\/","article_published_time":"2026-04-24T05:14:18+00:00","article_modified_time":"2026-04-24T15:02:02+00:00","og_image":[{"width":800,"height":450,"url":"https:\/\/likemetkovic.hr\/portal\/wp-content\/uploads\/2026\/04\/sara-krsticevic-lidrano.jpg","type":"image\/jpeg"}],"author":"LIKEmetkovic.hr","twitter_card":"summary_large_image","twitter_misc":{"Napisao\/la":"LIKEmetkovic.hr","Procijenjeno vrijeme \u010ditanja":"2 minute"},"schema":{"@context":"https:\/\/schema.org","@graph":[{"@type":"WebPage","@id":"https:\/\/likemetkovic.hr\/portal\/sara-krsticevic-odusevila-na-drzavnoj-smotri-lidrano-2026\/","url":"https:\/\/likemetkovic.hr\/portal\/sara-krsticevic-odusevila-na-drzavnoj-smotri-lidrano-2026\/","name":"Sara Krsti\u010devi\u0107 odu\u0161evila na dr\u017eavnoj Smotri LiDraNo 2026. - likemetkovic.hr","isPartOf":{"@id":"https:\/\/likemetkovic.hr\/#website"},"primaryImageOfPage":{"@id":"https:\/\/likemetkovic.hr\/portal\/sara-krsticevic-odusevila-na-drzavnoj-smotri-lidrano-2026\/#primaryimage"},"image":{"@id":"https:\/\/likemetkovic.hr\/portal\/sara-krsticevic-odusevila-na-drzavnoj-smotri-lidrano-2026\/#primaryimage"},"thumbnailUrl":"https:\/\/likemetkovic.hr\/portal\/wp-content\/uploads\/2026\/04\/sara-krsticevic-lidrano.jpg","datePublished":"2026-04-24T05:14:18+00:00","dateModified":"2026-04-24T15:02:02+00:00","author":{"@id":"https:\/\/likemetkovic.hr\/#\/schema\/person\/a42711f3385a0e2be6f7e0443bfb28f0"},"breadcrumb":{"@id":"https:\/\/likemetkovic.hr\/portal\/sara-krsticevic-odusevila-na-drzavnoj-smotri-lidrano-2026\/#breadcrumb"},"inLanguage":"hr","potentialAction":[{"@type":"ReadAction","target":["https:\/\/likemetkovic.hr\/portal\/sara-krsticevic-odusevila-na-drzavnoj-smotri-lidrano-2026\/"]}]},{"@type":"ImageObject","inLanguage":"hr","@id":"https:\/\/likemetkovic.hr\/portal\/sara-krsticevic-odusevila-na-drzavnoj-smotri-lidrano-2026\/#primaryimage","url":"https:\/\/likemetkovic.hr\/portal\/wp-content\/uploads\/2026\/04\/sara-krsticevic-lidrano.jpg","contentUrl":"https:\/\/likemetkovic.hr\/portal\/wp-content\/uploads\/2026\/04\/sara-krsticevic-lidrano.jpg","width":800,"height":450},{"@type":"BreadcrumbList","@id":"https:\/\/likemetkovic.hr\/portal\/sara-krsticevic-odusevila-na-drzavnoj-smotri-lidrano-2026\/#breadcrumb","itemListElement":[{"@type":"ListItem","position":1,"name":"Po\u010detna stranica","item":"https:\/\/likemetkovic.hr\/portal\/"},{"@type":"ListItem","position":2,"name":"Sara Krsti\u010devi\u0107 odu\u0161evila na dr\u017eavnoj Smotri LiDraNo 2026."}]},{"@type":"WebSite","@id":"https:\/\/likemetkovic.hr\/#website","url":"https:\/\/likemetkovic.hr\/","name":"likemetkovic.hr","description":"Misli pozitivno... \u010ditaj LIKE","potentialAction":[{"@type":"SearchAction","target":{"@type":"EntryPoint","urlTemplate":"https:\/\/likemetkovic.hr\/?s={search_term_string}"},"query-input":{"@type":"PropertyValueSpecification","valueRequired":true,"valueName":"search_term_string"}}],"inLanguage":"hr"},{"@type":"Person","@id":"https:\/\/likemetkovic.hr\/#\/schema\/person\/a42711f3385a0e2be6f7e0443bfb28f0","name":"LIKEmetkovic.hr","sameAs":["http:\/\/likemetkovic.hr"],"url":"https:\/\/likemetkovic.hr\/portal\/author\/likemetkovic-hr\/"}]}},"_links":{"self":[{"href":"https:\/\/likemetkovic.hr\/portal\/wp-json\/wp\/v2\/posts\/174091","targetHints":{"allow":["GET"]}}],"collection":[{"href":"https:\/\/likemetkovic.hr\/portal\/wp-json\/wp\/v2\/posts"}],"about":[{"href":"https:\/\/likemetkovic.hr\/portal\/wp-json\/wp\/v2\/types\/post"}],"author":[{"embeddable":true,"href":"https:\/\/likemetkovic.hr\/portal\/wp-json\/wp\/v2\/users\/7"}],"replies":[{"embeddable":true,"href":"https:\/\/likemetkovic.hr\/portal\/wp-json\/wp\/v2\/comments?post=174091"}],"version-history":[{"count":1,"href":"https:\/\/likemetkovic.hr\/portal\/wp-json\/wp\/v2\/posts\/174091\/revisions"}],"predecessor-version":[{"id":174096,"href":"https:\/\/likemetkovic.hr\/portal\/wp-json\/wp\/v2\/posts\/174091\/revisions\/174096"}],"wp:featuredmedia":[{"embeddable":true,"href":"https:\/\/likemetkovic.hr\/portal\/wp-json\/wp\/v2\/media\/174092"}],"wp:attachment":[{"href":"https:\/\/likemetkovic.hr\/portal\/wp-json\/wp\/v2\/media?parent=174091"}],"wp:term":[{"taxonomy":"category","embeddable":true,"href":"https:\/\/likemetkovic.hr\/portal\/wp-json\/wp\/v2\/categories?post=174091"},{"taxonomy":"post_tag","embeddable":true,"href":"https:\/\/likemetkovic.hr\/portal\/wp-json\/wp\/v2\/tags?post=174091"}],"curies":[{"name":"wp","href":"https:\/\/api.w.org\/{rel}","templated":true}]}}