{"id":174175,"date":"2026-04-26T23:01:20","date_gmt":"2026-04-26T21:01:20","guid":{"rendered":"https:\/\/likemetkovic.hr\/portal\/?p=174175"},"modified":"2026-04-26T23:03:52","modified_gmt":"2026-04-26T21:03:52","slug":"memorijalni-maraton-navik-on-zivi-ki-zgine-posteno-zavrsena-prva-etapa-prevlaka-metkovic","status":"publish","type":"post","link":"https:\/\/likemetkovic.hr\/portal\/memorijalni-maraton-navik-on-zivi-ki-zgine-posteno-zavrsena-prva-etapa-prevlaka-metkovic\/","title":{"rendered":"Memorijalni maraton \u201cNavik on \u017eivi ki zgine po\u0161teno\u201d: zavr\u0161ena prva etapa Prevlaka &#8211; Metkovi\u0107"},"content":{"rendered":"<section class=\"text-token-text-primary w-full focus:outline-none [--shadow-height:45px] has-data-writing-block:pointer-events-none has-data-writing-block:-mt-(--shadow-height) has-data-writing-block:pt-(--shadow-height) [&amp;:has([data-writing-block])&gt;*]:pointer-events-auto R6Vx5W_threadScrollVars scroll-mb-[calc(var(--scroll-root-safe-area-inset-bottom,0px)+var(--thread-response-height))] scroll-mt-(--header-height)\" dir=\"auto\" data-turn-id=\"c2598bb1-35e7-4af7-89af-38e07140da07\" data-testid=\"conversation-turn-1\" data-scroll-anchor=\"false\" data-turn=\"user\"><\/section>\n<section class=\"text-token-text-primary w-full focus:outline-none [--shadow-height:45px] has-data-writing-block:pointer-events-none has-data-writing-block:-mt-(--shadow-height) has-data-writing-block:pt-(--shadow-height) [&amp;:has([data-writing-block])&gt;*]:pointer-events-auto [content-visibility:auto] supports-[content-visibility:auto]:[contain-intrinsic-size:auto_100lvh] R6Vx5W_threadScrollVars scroll-mb-[calc(var(--scroll-root-safe-area-inset-bottom,0px)+var(--thread-response-height))] scroll-mt-[calc(var(--header-height)+min(200px,max(70px,20svh)))]\" dir=\"auto\" data-turn-id=\"request-WEB:724ec46c-f7ee-49d2-acf5-e4410e35f25e-0\" data-testid=\"conversation-turn-2\" data-scroll-anchor=\"false\" data-turn=\"assistant\">\n<div class=\"text-base my-auto mx-auto pb-10 [--thread-content-margin:var(--thread-content-margin-xs,calc(var(--spacing)*4))] @w-sm\/main:[--thread-content-margin:var(--thread-content-margin-sm,calc(var(--spacing)*6))] @w-lg\/main:[--thread-content-margin:var(--thread-content-margin-lg,calc(var(--spacing)*16))] px-(--thread-content-margin)\">\n<div class=\"[--thread-content-max-width:40rem] @w-lg\/main:[--thread-content-max-width:48rem] mx-auto max-w-(--thread-content-max-width) flex-1 group\/turn-messages focus-visible:outline-hidden relative flex w-full min-w-0 flex-col agent-turn\">\n<div class=\"flex max-w-full flex-col gap-4 grow\">\n<div class=\"min-h-8 text-message relative flex w-full flex-col items-end gap-2 text-start break-words whitespace-normal outline-none keyboard-focused:focus-ring [.text-message+&amp;]:mt-1\" dir=\"auto\" tabindex=\"0\" data-message-author-role=\"assistant\" data-message-id=\"4c57ead8-4db5-4810-86fe-3b6ad8aa22fa\" data-message-model-slug=\"gpt-5-3\" data-turn-start-message=\"true\">\n<div class=\"flex w-full flex-col gap-1 empty:hidden\">\n<div class=\"markdown prose dark:prose-invert w-full wrap-break-word light markdown-new-styling\">\n<p data-start=\"77\" data-end=\"435\">Zavr\u0161ena je prva etapa Memorijalnog maratona \u201cNavik on \u017eivi ki zgine po\u0161teno\u201d, koji povezuje <span class=\"hover:entity-accent entity-underline inline cursor-pointer align-baseline\"><span class=\"whitespace-normal\">Prevlaku<\/span><\/span>, <span class=\"hover:entity-accent entity-underline inline cursor-pointer align-baseline\"><span class=\"whitespace-normal\">Vukovar<\/span><\/span> i <span class=\"hover:entity-accent entity-underline inline cursor-pointer align-baseline\"><span class=\"whitespace-normal\">Ilok u spomen na poginule hrvatske redarstvenike u Borovu Selu 2. svibnja 1991<\/span><\/span>. Sudionici su prvog dana uspje\u0161no pre\u0161li dionicu <span class=\"hover:entity-accent entity-underline inline cursor-pointer align-baseline\"><span class=\"whitespace-normal\">Prevlaka<\/span><\/span> \u2013 <span class=\"hover:entity-accent entity-underline inline cursor-pointer align-baseline\"><span class=\"whitespace-normal\">Metkovi\u0107<\/span><\/span>, dugu 150 kilometara.<\/p>\n<p data-start=\"437\" data-end=\"759\">Tijekom puta odana je po\u010dast poginulim hrvatskim braniteljima. U <span class=\"hover:entity-accent entity-underline inline cursor-pointer align-baseline\"><span class=\"whitespace-normal\">Trsteno<\/span><\/span> su zapaljene svije\u0107e kod spomenika poginulim Imo\u0107anima, dok je na <span class=\"hover:entity-accent entity-underline inline cursor-pointer align-baseline\"><span class=\"whitespace-normal\">Bistrina<\/span><\/span> odana po\u010dast poginulim pripadnicima 4. gardijske brigade \u2013 pokojnima Vlahi Maslovi\u0107u, Goranu Kli\u0161ki\u0107u i Ivici Vuci.<\/p>\n<p data-start=\"437\" data-end=\"759\">Sudionici maratona su s metkovskim gradona\u010delnikm Milanom upalili svije\u0107e kod Spomenika hrvatskim braniteljima na Velikoj rivi.<\/p>\n<p data-start=\"761\" data-end=\"975\" data-is-last-node=\"\" data-is-only-node=\"\">Memorijalni maraton nastavlja se sutra drugom etapom na relaciji <span class=\"hover:entity-accent entity-underline inline cursor-pointer align-baseline\"><span class=\"whitespace-normal\">Metkovi\u0107<\/span><\/span> \u2013 <span class=\"hover:entity-accent entity-underline inline cursor-pointer align-baseline\"><span class=\"whitespace-normal\">Knin<\/span><\/span>, koja je ujedno i najzahtjevnija, s ukupnom duljinom od 210 kilometara.<\/p>\n<p data-start=\"761\" data-end=\"975\" data-is-last-node=\"\" data-is-only-node=\"\">Maraton organizira Biciklisti\u010dki klub Metkovi\u0107.<\/p>\n<p data-start=\"761\" data-end=\"975\" data-is-last-node=\"\" data-is-only-node=\"\"><img decoding=\"async\" class=\"alignnone size-medium wp-image-174176\" src=\"https:\/\/likemetkovic.hr\/portal\/wp-content\/uploads\/2026\/04\/memorijalni-.maraton-prevlaka-vukovar-800x370.jpg\" alt=\"\" width=\"800\" height=\"370\" srcset=\"https:\/\/likemetkovic.hr\/portal\/wp-content\/uploads\/2026\/04\/memorijalni-.maraton-prevlaka-vukovar-800x370.jpg 800w, https:\/\/likemetkovic.hr\/portal\/wp-content\/uploads\/2026\/04\/memorijalni-.maraton-prevlaka-vukovar-768x355.jpg 768w, https:\/\/likemetkovic.hr\/portal\/wp-content\/uploads\/2026\/04\/memorijalni-.maraton-prevlaka-vukovar-150x69.jpg 150w, https:\/\/likemetkovic.hr\/portal\/wp-content\/uploads\/2026\/04\/memorijalni-.maraton-prevlaka-vukovar-300x139.jpg 300w, https:\/\/likemetkovic.hr\/portal\/wp-content\/uploads\/2026\/04\/memorijalni-.maraton-prevlaka-vukovar-696x322.jpg 696w, https:\/\/likemetkovic.hr\/portal\/wp-content\/uploads\/2026\/04\/memorijalni-.maraton-prevlaka-vukovar.jpg 900w\" sizes=\"(max-width: 800px) 100vw, 800px\" \/><\/p>\n<\/div>\n<\/div>\n<\/div>\n<\/div>\n<\/div>\n<\/div>\n<\/section>\n","protected":false},"excerpt":{"rendered":"<p>Zavr\u0161ena je prva etapa Memorijalnog maratona \u201cNavik on \u017eivi ki zgine po\u0161teno\u201d, koji povezuje Prevlaku, Vukovar i Ilok u spomen na poginule hrvatske redarstvenike u Borovu Selu 2. svibnja 1991. Sudionici su prvog dana uspje\u0161no pre\u0161li dionicu Prevlaka \u2013 Metkovi\u0107, dugu 150 kilometara. Tijekom puta odana je po\u010dast poginulim hrvatskim braniteljima. U Trsteno su zapaljene [&hellip;]<\/p>\n","protected":false},"author":7,"featured_media":174176,"comment_status":"open","ping_status":"open","sticky":false,"template":"","format":"standard","meta":{"footnotes":""},"categories":[296,11],"tags":[13676],"class_list":{"0":"post-174175","1":"post","2":"type-post","3":"status-publish","4":"format-standard","5":"has-post-thumbnail","7":"category-ab","8":"category-metkovic-dolina","9":"tag-biciklisticki-memorijalni-maraton-prevlaka-vukovar"},"yoast_head":"<!-- This site is optimized with the Yoast SEO plugin v25.2 - https:\/\/yoast.com\/wordpress\/plugins\/seo\/ -->\n<title>Memorijalni maraton \u201cNavik on \u017eivi ki zgine po\u0161teno\u201d: zavr\u0161ena prva etapa Prevlaka - Metkovi\u0107 - likemetkovic.hr<\/title>\n<meta name=\"robots\" content=\"index, follow, max-snippet:-1, max-image-preview:large, max-video-preview:-1\" \/>\n<link rel=\"canonical\" href=\"https:\/\/likemetkovic.hr\/portal\/memorijalni-maraton-navik-on-zivi-ki-zgine-posteno-zavrsena-prva-etapa-prevlaka-metkovic\/\" \/>\n<meta property=\"og:locale\" content=\"hr_HR\" \/>\n<meta property=\"og:type\" content=\"article\" \/>\n<meta property=\"og:title\" content=\"Memorijalni maraton \u201cNavik on \u017eivi ki zgine po\u0161teno\u201d: zavr\u0161ena prva etapa Prevlaka - Metkovi\u0107 - likemetkovic.hr\" \/>\n<meta property=\"og:description\" content=\"Zavr\u0161ena je prva etapa Memorijalnog maratona \u201cNavik on \u017eivi ki zgine po\u0161teno\u201d, koji povezuje Prevlaku, Vukovar i Ilok u spomen na poginule hrvatske redarstvenike u Borovu Selu 2. svibnja 1991. Sudionici su prvog dana uspje\u0161no pre\u0161li dionicu Prevlaka \u2013 Metkovi\u0107, dugu 150 kilometara. Tijekom puta odana je po\u010dast poginulim hrvatskim braniteljima. U Trsteno su zapaljene [&hellip;]\" \/>\n<meta property=\"og:url\" content=\"https:\/\/likemetkovic.hr\/portal\/memorijalni-maraton-navik-on-zivi-ki-zgine-posteno-zavrsena-prva-etapa-prevlaka-metkovic\/\" \/>\n<meta property=\"og:site_name\" content=\"likemetkovic.hr\" \/>\n<meta property=\"article:publisher\" content=\"https:\/\/www.facebook.com\/likemetkovic.hr\/\" \/>\n<meta property=\"article:published_time\" content=\"2026-04-26T21:01:20+00:00\" \/>\n<meta property=\"article:modified_time\" content=\"2026-04-26T21:03:52+00:00\" \/>\n<meta property=\"og:image\" content=\"https:\/\/likemetkovic.hr\/portal\/wp-content\/uploads\/2026\/04\/memorijalni-.maraton-prevlaka-vukovar.jpg\" \/>\n\t<meta property=\"og:image:width\" content=\"900\" \/>\n\t<meta property=\"og:image:height\" content=\"416\" \/>\n\t<meta property=\"og:image:type\" content=\"image\/jpeg\" \/>\n<meta name=\"author\" content=\"LIKEmetkovic.hr\" \/>\n<meta name=\"twitter:card\" content=\"summary_large_image\" \/>\n<meta name=\"twitter:label1\" content=\"Napisao\/la\" \/>\n\t<meta name=\"twitter:data1\" content=\"LIKEmetkovic.hr\" \/>\n\t<meta name=\"twitter:label2\" content=\"Procijenjeno vrijeme \u010ditanja\" \/>\n\t<meta name=\"twitter:data2\" content=\"2 minute\" \/>\n<script type=\"application\/ld+json\" class=\"yoast-schema-graph\">{\"@context\":\"https:\/\/schema.org\",\"@graph\":[{\"@type\":\"WebPage\",\"@id\":\"https:\/\/likemetkovic.hr\/portal\/memorijalni-maraton-navik-on-zivi-ki-zgine-posteno-zavrsena-prva-etapa-prevlaka-metkovic\/\",\"url\":\"https:\/\/likemetkovic.hr\/portal\/memorijalni-maraton-navik-on-zivi-ki-zgine-posteno-zavrsena-prva-etapa-prevlaka-metkovic\/\",\"name\":\"Memorijalni maraton \u201cNavik on \u017eivi ki zgine po\u0161teno\u201d: zavr\u0161ena prva etapa Prevlaka - Metkovi\u0107 - likemetkovic.hr\",\"isPartOf\":{\"@id\":\"https:\/\/likemetkovic.hr\/#website\"},\"primaryImageOfPage\":{\"@id\":\"https:\/\/likemetkovic.hr\/portal\/memorijalni-maraton-navik-on-zivi-ki-zgine-posteno-zavrsena-prva-etapa-prevlaka-metkovic\/#primaryimage\"},\"image\":{\"@id\":\"https:\/\/likemetkovic.hr\/portal\/memorijalni-maraton-navik-on-zivi-ki-zgine-posteno-zavrsena-prva-etapa-prevlaka-metkovic\/#primaryimage\"},\"thumbnailUrl\":\"https:\/\/likemetkovic.hr\/portal\/wp-content\/uploads\/2026\/04\/memorijalni-.maraton-prevlaka-vukovar.jpg\",\"datePublished\":\"2026-04-26T21:01:20+00:00\",\"dateModified\":\"2026-04-26T21:03:52+00:00\",\"author\":{\"@id\":\"https:\/\/likemetkovic.hr\/#\/schema\/person\/a42711f3385a0e2be6f7e0443bfb28f0\"},\"breadcrumb\":{\"@id\":\"https:\/\/likemetkovic.hr\/portal\/memorijalni-maraton-navik-on-zivi-ki-zgine-posteno-zavrsena-prva-etapa-prevlaka-metkovic\/#breadcrumb\"},\"inLanguage\":\"hr\",\"potentialAction\":[{\"@type\":\"ReadAction\",\"target\":[\"https:\/\/likemetkovic.hr\/portal\/memorijalni-maraton-navik-on-zivi-ki-zgine-posteno-zavrsena-prva-etapa-prevlaka-metkovic\/\"]}]},{\"@type\":\"ImageObject\",\"inLanguage\":\"hr\",\"@id\":\"https:\/\/likemetkovic.hr\/portal\/memorijalni-maraton-navik-on-zivi-ki-zgine-posteno-zavrsena-prva-etapa-prevlaka-metkovic\/#primaryimage\",\"url\":\"https:\/\/likemetkovic.hr\/portal\/wp-content\/uploads\/2026\/04\/memorijalni-.maraton-prevlaka-vukovar.jpg\",\"contentUrl\":\"https:\/\/likemetkovic.hr\/portal\/wp-content\/uploads\/2026\/04\/memorijalni-.maraton-prevlaka-vukovar.jpg\",\"width\":900,\"height\":416},{\"@type\":\"BreadcrumbList\",\"@id\":\"https:\/\/likemetkovic.hr\/portal\/memorijalni-maraton-navik-on-zivi-ki-zgine-posteno-zavrsena-prva-etapa-prevlaka-metkovic\/#breadcrumb\",\"itemListElement\":[{\"@type\":\"ListItem\",\"position\":1,\"name\":\"Po\u010detna stranica\",\"item\":\"https:\/\/likemetkovic.hr\/portal\/\"},{\"@type\":\"ListItem\",\"position\":2,\"name\":\"Memorijalni maraton \u201cNavik on \u017eivi ki zgine po\u0161teno\u201d: zavr\u0161ena prva etapa Prevlaka &#8211; Metkovi\u0107\"}]},{\"@type\":\"WebSite\",\"@id\":\"https:\/\/likemetkovic.hr\/#website\",\"url\":\"https:\/\/likemetkovic.hr\/\",\"name\":\"likemetkovic.hr\",\"description\":\"Misli pozitivno... \u010ditaj LIKE\",\"potentialAction\":[{\"@type\":\"SearchAction\",\"target\":{\"@type\":\"EntryPoint\",\"urlTemplate\":\"https:\/\/likemetkovic.hr\/?s={search_term_string}\"},\"query-input\":{\"@type\":\"PropertyValueSpecification\",\"valueRequired\":true,\"valueName\":\"search_term_string\"}}],\"inLanguage\":\"hr\"},{\"@type\":\"Person\",\"@id\":\"https:\/\/likemetkovic.hr\/#\/schema\/person\/a42711f3385a0e2be6f7e0443bfb28f0\",\"name\":\"LIKEmetkovic.hr\",\"sameAs\":[\"http:\/\/likemetkovic.hr\"],\"url\":\"https:\/\/likemetkovic.hr\/portal\/author\/likemetkovic-hr\/\"}]}<\/script>\n<!-- \/ Yoast SEO plugin. -->","yoast_head_json":{"title":"Memorijalni maraton \u201cNavik on \u017eivi ki zgine po\u0161teno\u201d: zavr\u0161ena prva etapa Prevlaka - Metkovi\u0107 - likemetkovic.hr","robots":{"index":"index","follow":"follow","max-snippet":"max-snippet:-1","max-image-preview":"max-image-preview:large","max-video-preview":"max-video-preview:-1"},"canonical":"https:\/\/likemetkovic.hr\/portal\/memorijalni-maraton-navik-on-zivi-ki-zgine-posteno-zavrsena-prva-etapa-prevlaka-metkovic\/","og_locale":"hr_HR","og_type":"article","og_title":"Memorijalni maraton \u201cNavik on \u017eivi ki zgine po\u0161teno\u201d: zavr\u0161ena prva etapa Prevlaka - Metkovi\u0107 - likemetkovic.hr","og_description":"Zavr\u0161ena je prva etapa Memorijalnog maratona \u201cNavik on \u017eivi ki zgine po\u0161teno\u201d, koji povezuje Prevlaku, Vukovar i Ilok u spomen na poginule hrvatske redarstvenike u Borovu Selu 2. svibnja 1991. Sudionici su prvog dana uspje\u0161no pre\u0161li dionicu Prevlaka \u2013 Metkovi\u0107, dugu 150 kilometara. Tijekom puta odana je po\u010dast poginulim hrvatskim braniteljima. U Trsteno su zapaljene [&hellip;]","og_url":"https:\/\/likemetkovic.hr\/portal\/memorijalni-maraton-navik-on-zivi-ki-zgine-posteno-zavrsena-prva-etapa-prevlaka-metkovic\/","og_site_name":"likemetkovic.hr","article_publisher":"https:\/\/www.facebook.com\/likemetkovic.hr\/","article_published_time":"2026-04-26T21:01:20+00:00","article_modified_time":"2026-04-26T21:03:52+00:00","og_image":[{"width":900,"height":416,"url":"https:\/\/likemetkovic.hr\/portal\/wp-content\/uploads\/2026\/04\/memorijalni-.maraton-prevlaka-vukovar.jpg","type":"image\/jpeg"}],"author":"LIKEmetkovic.hr","twitter_card":"summary_large_image","twitter_misc":{"Napisao\/la":"LIKEmetkovic.hr","Procijenjeno vrijeme \u010ditanja":"2 minute"},"schema":{"@context":"https:\/\/schema.org","@graph":[{"@type":"WebPage","@id":"https:\/\/likemetkovic.hr\/portal\/memorijalni-maraton-navik-on-zivi-ki-zgine-posteno-zavrsena-prva-etapa-prevlaka-metkovic\/","url":"https:\/\/likemetkovic.hr\/portal\/memorijalni-maraton-navik-on-zivi-ki-zgine-posteno-zavrsena-prva-etapa-prevlaka-metkovic\/","name":"Memorijalni maraton \u201cNavik on \u017eivi ki zgine po\u0161teno\u201d: zavr\u0161ena prva etapa Prevlaka - Metkovi\u0107 - likemetkovic.hr","isPartOf":{"@id":"https:\/\/likemetkovic.hr\/#website"},"primaryImageOfPage":{"@id":"https:\/\/likemetkovic.hr\/portal\/memorijalni-maraton-navik-on-zivi-ki-zgine-posteno-zavrsena-prva-etapa-prevlaka-metkovic\/#primaryimage"},"image":{"@id":"https:\/\/likemetkovic.hr\/portal\/memorijalni-maraton-navik-on-zivi-ki-zgine-posteno-zavrsena-prva-etapa-prevlaka-metkovic\/#primaryimage"},"thumbnailUrl":"https:\/\/likemetkovic.hr\/portal\/wp-content\/uploads\/2026\/04\/memorijalni-.maraton-prevlaka-vukovar.jpg","datePublished":"2026-04-26T21:01:20+00:00","dateModified":"2026-04-26T21:03:52+00:00","author":{"@id":"https:\/\/likemetkovic.hr\/#\/schema\/person\/a42711f3385a0e2be6f7e0443bfb28f0"},"breadcrumb":{"@id":"https:\/\/likemetkovic.hr\/portal\/memorijalni-maraton-navik-on-zivi-ki-zgine-posteno-zavrsena-prva-etapa-prevlaka-metkovic\/#breadcrumb"},"inLanguage":"hr","potentialAction":[{"@type":"ReadAction","target":["https:\/\/likemetkovic.hr\/portal\/memorijalni-maraton-navik-on-zivi-ki-zgine-posteno-zavrsena-prva-etapa-prevlaka-metkovic\/"]}]},{"@type":"ImageObject","inLanguage":"hr","@id":"https:\/\/likemetkovic.hr\/portal\/memorijalni-maraton-navik-on-zivi-ki-zgine-posteno-zavrsena-prva-etapa-prevlaka-metkovic\/#primaryimage","url":"https:\/\/likemetkovic.hr\/portal\/wp-content\/uploads\/2026\/04\/memorijalni-.maraton-prevlaka-vukovar.jpg","contentUrl":"https:\/\/likemetkovic.hr\/portal\/wp-content\/uploads\/2026\/04\/memorijalni-.maraton-prevlaka-vukovar.jpg","width":900,"height":416},{"@type":"BreadcrumbList","@id":"https:\/\/likemetkovic.hr\/portal\/memorijalni-maraton-navik-on-zivi-ki-zgine-posteno-zavrsena-prva-etapa-prevlaka-metkovic\/#breadcrumb","itemListElement":[{"@type":"ListItem","position":1,"name":"Po\u010detna stranica","item":"https:\/\/likemetkovic.hr\/portal\/"},{"@type":"ListItem","position":2,"name":"Memorijalni maraton \u201cNavik on \u017eivi ki zgine po\u0161teno\u201d: zavr\u0161ena prva etapa Prevlaka &#8211; Metkovi\u0107"}]},{"@type":"WebSite","@id":"https:\/\/likemetkovic.hr\/#website","url":"https:\/\/likemetkovic.hr\/","name":"likemetkovic.hr","description":"Misli pozitivno... \u010ditaj LIKE","potentialAction":[{"@type":"SearchAction","target":{"@type":"EntryPoint","urlTemplate":"https:\/\/likemetkovic.hr\/?s={search_term_string}"},"query-input":{"@type":"PropertyValueSpecification","valueRequired":true,"valueName":"search_term_string"}}],"inLanguage":"hr"},{"@type":"Person","@id":"https:\/\/likemetkovic.hr\/#\/schema\/person\/a42711f3385a0e2be6f7e0443bfb28f0","name":"LIKEmetkovic.hr","sameAs":["http:\/\/likemetkovic.hr"],"url":"https:\/\/likemetkovic.hr\/portal\/author\/likemetkovic-hr\/"}]}},"_links":{"self":[{"href":"https:\/\/likemetkovic.hr\/portal\/wp-json\/wp\/v2\/posts\/174175","targetHints":{"allow":["GET"]}}],"collection":[{"href":"https:\/\/likemetkovic.hr\/portal\/wp-json\/wp\/v2\/posts"}],"about":[{"href":"https:\/\/likemetkovic.hr\/portal\/wp-json\/wp\/v2\/types\/post"}],"author":[{"embeddable":true,"href":"https:\/\/likemetkovic.hr\/portal\/wp-json\/wp\/v2\/users\/7"}],"replies":[{"embeddable":true,"href":"https:\/\/likemetkovic.hr\/portal\/wp-json\/wp\/v2\/comments?post=174175"}],"version-history":[{"count":4,"href":"https:\/\/likemetkovic.hr\/portal\/wp-json\/wp\/v2\/posts\/174175\/revisions"}],"predecessor-version":[{"id":174180,"href":"https:\/\/likemetkovic.hr\/portal\/wp-json\/wp\/v2\/posts\/174175\/revisions\/174180"}],"wp:featuredmedia":[{"embeddable":true,"href":"https:\/\/likemetkovic.hr\/portal\/wp-json\/wp\/v2\/media\/174176"}],"wp:attachment":[{"href":"https:\/\/likemetkovic.hr\/portal\/wp-json\/wp\/v2\/media?parent=174175"}],"wp:term":[{"taxonomy":"category","embeddable":true,"href":"https:\/\/likemetkovic.hr\/portal\/wp-json\/wp\/v2\/categories?post=174175"},{"taxonomy":"post_tag","embeddable":true,"href":"https:\/\/likemetkovic.hr\/portal\/wp-json\/wp\/v2\/tags?post=174175"}],"curies":[{"name":"wp","href":"https:\/\/api.w.org\/{rel}","templated":true}]}}