{"id":174204,"date":"2026-04-28T07:50:55","date_gmt":"2026-04-28T05:50:55","guid":{"rendered":"https:\/\/likemetkovic.hr\/portal\/?p=174204"},"modified":"2026-04-28T07:50:55","modified_gmt":"2026-04-28T05:50:55","slug":"memorijalni-maraton-2026-u-kninu-zavrsila-druga-najteza-dionica-maratona","status":"publish","type":"post","link":"https:\/\/likemetkovic.hr\/portal\/memorijalni-maraton-2026-u-kninu-zavrsila-druga-najteza-dionica-maratona\/","title":{"rendered":"MEMORIJALNI MARATON 2026.: U Kninu zavr\u0161ila druga, najte\u017ea dionica maratona"},"content":{"rendered":"<p data-start=\"0\" data-end=\"313\">Zavr\u0161ena je ju\u010der i druga dionica Memorijalnog maratona \u201eNavik on \u017eivi ki zgine po\u0161teno\u201c, koji se odr\u017eava na relaciji Prevlaka \u2013 Vukovar \u2013 Ilok u spomen na poginule hrvatske redarstvenike u Borovu Selu 1991. godine. Rije\u010d je o najdu\u017eoj i jednoj od najzahtjevnijih etapa, dugoj 210 kilometara, koja je vodila od <span class=\"hover:entity-accent entity-underline inline cursor-pointer align-baseline\"><span class=\"whitespace-normal\">Metkovi\u0107a<\/span><\/span> do <span class=\"hover:entity-accent entity-underline inline cursor-pointer align-baseline\"><span class=\"whitespace-normal\">Knina<\/span><\/span>.<\/p>\n<p data-start=\"315\" data-end=\"590\">Sudionici su po dolasku u Knin odali po\u010dast poginulim hrvatskim braniteljima te su na ulazu u grad zapalili svije\u0107e kod spomenika pokojnom Dra\u017eenu Kuduzu, pripadniku 4. gardijske brigade koji je poginuo tijekom <span class=\"hover:entity-accent entity-underline inline cursor-pointer align-baseline\"><span class=\"whitespace-normal\">VRO Oluja<\/span><\/span>, 5. kolovoza 1995. godine.<\/p>\n<p data-start=\"592\" data-end=\"717\" data-is-last-node=\"\" data-is-only-node=\"\">Memorijalni maraton nastavlja se i dalje, a sudionike danas o\u010dekuje nova dionica prema <span class=\"hover:entity-accent entity-underline inline cursor-pointer align-baseline\"><span class=\"whitespace-normal\">Slunj<\/span><\/span>.<\/p>\n<p data-start=\"592\" data-end=\"717\" data-is-last-node=\"\" data-is-only-node=\"\"><img decoding=\"async\" class=\"alignnone size-full wp-image-174205\" src=\"https:\/\/likemetkovic.hr\/portal\/wp-content\/uploads\/2026\/04\/navik-on-zivi-maraton2026.jpg\" alt=\"\" width=\"800\" height=\"450\" srcset=\"https:\/\/likemetkovic.hr\/portal\/wp-content\/uploads\/2026\/04\/navik-on-zivi-maraton2026.jpg 800w, https:\/\/likemetkovic.hr\/portal\/wp-content\/uploads\/2026\/04\/navik-on-zivi-maraton2026-768x432.jpg 768w, https:\/\/likemetkovic.hr\/portal\/wp-content\/uploads\/2026\/04\/navik-on-zivi-maraton2026-747x420.jpg 747w, https:\/\/likemetkovic.hr\/portal\/wp-content\/uploads\/2026\/04\/navik-on-zivi-maraton2026-150x84.jpg 150w, https:\/\/likemetkovic.hr\/portal\/wp-content\/uploads\/2026\/04\/navik-on-zivi-maraton2026-300x169.jpg 300w, https:\/\/likemetkovic.hr\/portal\/wp-content\/uploads\/2026\/04\/navik-on-zivi-maraton2026-696x392.jpg 696w\" sizes=\"(max-width: 800px) 100vw, 800px\" \/><\/p>\n<p data-start=\"592\" data-end=\"717\" data-is-last-node=\"\" data-is-only-node=\"\">Foto: Udruga veterana 4. gbr DN\u017d<\/p>\n","protected":false},"excerpt":{"rendered":"<p>Zavr\u0161ena je ju\u010der i druga dionica Memorijalnog maratona \u201eNavik on \u017eivi ki zgine po\u0161teno\u201c, koji se odr\u017eava na relaciji Prevlaka \u2013 Vukovar \u2013 Ilok u spomen na poginule hrvatske redarstvenike u Borovu Selu 1991. godine. Rije\u010d je o najdu\u017eoj i jednoj od najzahtjevnijih etapa, dugoj 210 kilometara, koja je vodila od Metkovi\u0107a do Knina. Sudionici [&hellip;]<\/p>\n","protected":false},"author":7,"featured_media":174205,"comment_status":"open","ping_status":"open","sticky":false,"template":"","format":"standard","meta":{"footnotes":""},"categories":[283,11],"tags":[13677],"class_list":{"0":"post-174204","1":"post","2":"type-post","3":"status-publish","4":"format-standard","5":"has-post-thumbnail","7":"category-a","8":"category-metkovic-dolina","9":"tag-bicikisticki-memorijalni-maraton"},"yoast_head":"<!-- This site is optimized with the Yoast SEO plugin v25.2 - https:\/\/yoast.com\/wordpress\/plugins\/seo\/ -->\n<title>MEMORIJALNI MARATON 2026.: U Kninu zavr\u0161ila druga, najte\u017ea dionica maratona - likemetkovic.hr<\/title>\n<meta name=\"robots\" content=\"index, follow, max-snippet:-1, max-image-preview:large, max-video-preview:-1\" \/>\n<link rel=\"canonical\" href=\"https:\/\/likemetkovic.hr\/portal\/memorijalni-maraton-2026-u-kninu-zavrsila-druga-najteza-dionica-maratona\/\" \/>\n<meta property=\"og:locale\" content=\"hr_HR\" \/>\n<meta property=\"og:type\" content=\"article\" \/>\n<meta property=\"og:title\" content=\"MEMORIJALNI MARATON 2026.: U Kninu zavr\u0161ila druga, najte\u017ea dionica maratona - likemetkovic.hr\" \/>\n<meta property=\"og:description\" content=\"Zavr\u0161ena je ju\u010der i druga dionica Memorijalnog maratona \u201eNavik on \u017eivi ki zgine po\u0161teno\u201c, koji se odr\u017eava na relaciji Prevlaka \u2013 Vukovar \u2013 Ilok u spomen na poginule hrvatske redarstvenike u Borovu Selu 1991. godine. Rije\u010d je o najdu\u017eoj i jednoj od najzahtjevnijih etapa, dugoj 210 kilometara, koja je vodila od Metkovi\u0107a do Knina. Sudionici [&hellip;]\" \/>\n<meta property=\"og:url\" content=\"https:\/\/likemetkovic.hr\/portal\/memorijalni-maraton-2026-u-kninu-zavrsila-druga-najteza-dionica-maratona\/\" \/>\n<meta property=\"og:site_name\" content=\"likemetkovic.hr\" \/>\n<meta property=\"article:publisher\" content=\"https:\/\/www.facebook.com\/likemetkovic.hr\/\" \/>\n<meta property=\"article:published_time\" content=\"2026-04-28T05:50:55+00:00\" \/>\n<meta property=\"og:image\" content=\"https:\/\/likemetkovic.hr\/portal\/wp-content\/uploads\/2026\/04\/navik-on-zivi-maraton2026.jpg\" \/>\n\t<meta property=\"og:image:width\" content=\"800\" \/>\n\t<meta property=\"og:image:height\" content=\"450\" \/>\n\t<meta property=\"og:image:type\" content=\"image\/jpeg\" \/>\n<meta name=\"author\" content=\"LIKEmetkovic.hr\" \/>\n<meta name=\"twitter:card\" content=\"summary_large_image\" \/>\n<meta name=\"twitter:label1\" content=\"Napisao\/la\" \/>\n\t<meta name=\"twitter:data1\" content=\"LIKEmetkovic.hr\" \/>\n\t<meta name=\"twitter:label2\" content=\"Procijenjeno vrijeme \u010ditanja\" \/>\n\t<meta name=\"twitter:data2\" content=\"2 minute\" \/>\n<script type=\"application\/ld+json\" class=\"yoast-schema-graph\">{\"@context\":\"https:\/\/schema.org\",\"@graph\":[{\"@type\":\"WebPage\",\"@id\":\"https:\/\/likemetkovic.hr\/portal\/memorijalni-maraton-2026-u-kninu-zavrsila-druga-najteza-dionica-maratona\/\",\"url\":\"https:\/\/likemetkovic.hr\/portal\/memorijalni-maraton-2026-u-kninu-zavrsila-druga-najteza-dionica-maratona\/\",\"name\":\"MEMORIJALNI MARATON 2026.: U Kninu zavr\u0161ila druga, najte\u017ea dionica maratona - likemetkovic.hr\",\"isPartOf\":{\"@id\":\"https:\/\/likemetkovic.hr\/#website\"},\"primaryImageOfPage\":{\"@id\":\"https:\/\/likemetkovic.hr\/portal\/memorijalni-maraton-2026-u-kninu-zavrsila-druga-najteza-dionica-maratona\/#primaryimage\"},\"image\":{\"@id\":\"https:\/\/likemetkovic.hr\/portal\/memorijalni-maraton-2026-u-kninu-zavrsila-druga-najteza-dionica-maratona\/#primaryimage\"},\"thumbnailUrl\":\"https:\/\/likemetkovic.hr\/portal\/wp-content\/uploads\/2026\/04\/navik-on-zivi-maraton2026.jpg\",\"datePublished\":\"2026-04-28T05:50:55+00:00\",\"author\":{\"@id\":\"https:\/\/likemetkovic.hr\/#\/schema\/person\/a42711f3385a0e2be6f7e0443bfb28f0\"},\"breadcrumb\":{\"@id\":\"https:\/\/likemetkovic.hr\/portal\/memorijalni-maraton-2026-u-kninu-zavrsila-druga-najteza-dionica-maratona\/#breadcrumb\"},\"inLanguage\":\"hr\",\"potentialAction\":[{\"@type\":\"ReadAction\",\"target\":[\"https:\/\/likemetkovic.hr\/portal\/memorijalni-maraton-2026-u-kninu-zavrsila-druga-najteza-dionica-maratona\/\"]}]},{\"@type\":\"ImageObject\",\"inLanguage\":\"hr\",\"@id\":\"https:\/\/likemetkovic.hr\/portal\/memorijalni-maraton-2026-u-kninu-zavrsila-druga-najteza-dionica-maratona\/#primaryimage\",\"url\":\"https:\/\/likemetkovic.hr\/portal\/wp-content\/uploads\/2026\/04\/navik-on-zivi-maraton2026.jpg\",\"contentUrl\":\"https:\/\/likemetkovic.hr\/portal\/wp-content\/uploads\/2026\/04\/navik-on-zivi-maraton2026.jpg\",\"width\":800,\"height\":450},{\"@type\":\"BreadcrumbList\",\"@id\":\"https:\/\/likemetkovic.hr\/portal\/memorijalni-maraton-2026-u-kninu-zavrsila-druga-najteza-dionica-maratona\/#breadcrumb\",\"itemListElement\":[{\"@type\":\"ListItem\",\"position\":1,\"name\":\"Po\u010detna stranica\",\"item\":\"https:\/\/likemetkovic.hr\/portal\/\"},{\"@type\":\"ListItem\",\"position\":2,\"name\":\"MEMORIJALNI MARATON 2026.: U Kninu zavr\u0161ila druga, najte\u017ea dionica maratona\"}]},{\"@type\":\"WebSite\",\"@id\":\"https:\/\/likemetkovic.hr\/#website\",\"url\":\"https:\/\/likemetkovic.hr\/\",\"name\":\"likemetkovic.hr\",\"description\":\"Misli pozitivno... \u010ditaj LIKE\",\"potentialAction\":[{\"@type\":\"SearchAction\",\"target\":{\"@type\":\"EntryPoint\",\"urlTemplate\":\"https:\/\/likemetkovic.hr\/?s={search_term_string}\"},\"query-input\":{\"@type\":\"PropertyValueSpecification\",\"valueRequired\":true,\"valueName\":\"search_term_string\"}}],\"inLanguage\":\"hr\"},{\"@type\":\"Person\",\"@id\":\"https:\/\/likemetkovic.hr\/#\/schema\/person\/a42711f3385a0e2be6f7e0443bfb28f0\",\"name\":\"LIKEmetkovic.hr\",\"sameAs\":[\"http:\/\/likemetkovic.hr\"],\"url\":\"https:\/\/likemetkovic.hr\/portal\/author\/likemetkovic-hr\/\"}]}<\/script>\n<!-- \/ Yoast SEO plugin. -->","yoast_head_json":{"title":"MEMORIJALNI MARATON 2026.: U Kninu zavr\u0161ila druga, najte\u017ea dionica maratona - likemetkovic.hr","robots":{"index":"index","follow":"follow","max-snippet":"max-snippet:-1","max-image-preview":"max-image-preview:large","max-video-preview":"max-video-preview:-1"},"canonical":"https:\/\/likemetkovic.hr\/portal\/memorijalni-maraton-2026-u-kninu-zavrsila-druga-najteza-dionica-maratona\/","og_locale":"hr_HR","og_type":"article","og_title":"MEMORIJALNI MARATON 2026.: U Kninu zavr\u0161ila druga, najte\u017ea dionica maratona - likemetkovic.hr","og_description":"Zavr\u0161ena je ju\u010der i druga dionica Memorijalnog maratona \u201eNavik on \u017eivi ki zgine po\u0161teno\u201c, koji se odr\u017eava na relaciji Prevlaka \u2013 Vukovar \u2013 Ilok u spomen na poginule hrvatske redarstvenike u Borovu Selu 1991. godine. Rije\u010d je o najdu\u017eoj i jednoj od najzahtjevnijih etapa, dugoj 210 kilometara, koja je vodila od Metkovi\u0107a do Knina. Sudionici [&hellip;]","og_url":"https:\/\/likemetkovic.hr\/portal\/memorijalni-maraton-2026-u-kninu-zavrsila-druga-najteza-dionica-maratona\/","og_site_name":"likemetkovic.hr","article_publisher":"https:\/\/www.facebook.com\/likemetkovic.hr\/","article_published_time":"2026-04-28T05:50:55+00:00","og_image":[{"width":800,"height":450,"url":"https:\/\/likemetkovic.hr\/portal\/wp-content\/uploads\/2026\/04\/navik-on-zivi-maraton2026.jpg","type":"image\/jpeg"}],"author":"LIKEmetkovic.hr","twitter_card":"summary_large_image","twitter_misc":{"Napisao\/la":"LIKEmetkovic.hr","Procijenjeno vrijeme \u010ditanja":"2 minute"},"schema":{"@context":"https:\/\/schema.org","@graph":[{"@type":"WebPage","@id":"https:\/\/likemetkovic.hr\/portal\/memorijalni-maraton-2026-u-kninu-zavrsila-druga-najteza-dionica-maratona\/","url":"https:\/\/likemetkovic.hr\/portal\/memorijalni-maraton-2026-u-kninu-zavrsila-druga-najteza-dionica-maratona\/","name":"MEMORIJALNI MARATON 2026.: U Kninu zavr\u0161ila druga, najte\u017ea dionica maratona - likemetkovic.hr","isPartOf":{"@id":"https:\/\/likemetkovic.hr\/#website"},"primaryImageOfPage":{"@id":"https:\/\/likemetkovic.hr\/portal\/memorijalni-maraton-2026-u-kninu-zavrsila-druga-najteza-dionica-maratona\/#primaryimage"},"image":{"@id":"https:\/\/likemetkovic.hr\/portal\/memorijalni-maraton-2026-u-kninu-zavrsila-druga-najteza-dionica-maratona\/#primaryimage"},"thumbnailUrl":"https:\/\/likemetkovic.hr\/portal\/wp-content\/uploads\/2026\/04\/navik-on-zivi-maraton2026.jpg","datePublished":"2026-04-28T05:50:55+00:00","author":{"@id":"https:\/\/likemetkovic.hr\/#\/schema\/person\/a42711f3385a0e2be6f7e0443bfb28f0"},"breadcrumb":{"@id":"https:\/\/likemetkovic.hr\/portal\/memorijalni-maraton-2026-u-kninu-zavrsila-druga-najteza-dionica-maratona\/#breadcrumb"},"inLanguage":"hr","potentialAction":[{"@type":"ReadAction","target":["https:\/\/likemetkovic.hr\/portal\/memorijalni-maraton-2026-u-kninu-zavrsila-druga-najteza-dionica-maratona\/"]}]},{"@type":"ImageObject","inLanguage":"hr","@id":"https:\/\/likemetkovic.hr\/portal\/memorijalni-maraton-2026-u-kninu-zavrsila-druga-najteza-dionica-maratona\/#primaryimage","url":"https:\/\/likemetkovic.hr\/portal\/wp-content\/uploads\/2026\/04\/navik-on-zivi-maraton2026.jpg","contentUrl":"https:\/\/likemetkovic.hr\/portal\/wp-content\/uploads\/2026\/04\/navik-on-zivi-maraton2026.jpg","width":800,"height":450},{"@type":"BreadcrumbList","@id":"https:\/\/likemetkovic.hr\/portal\/memorijalni-maraton-2026-u-kninu-zavrsila-druga-najteza-dionica-maratona\/#breadcrumb","itemListElement":[{"@type":"ListItem","position":1,"name":"Po\u010detna stranica","item":"https:\/\/likemetkovic.hr\/portal\/"},{"@type":"ListItem","position":2,"name":"MEMORIJALNI MARATON 2026.: U Kninu zavr\u0161ila druga, najte\u017ea dionica maratona"}]},{"@type":"WebSite","@id":"https:\/\/likemetkovic.hr\/#website","url":"https:\/\/likemetkovic.hr\/","name":"likemetkovic.hr","description":"Misli pozitivno... \u010ditaj LIKE","potentialAction":[{"@type":"SearchAction","target":{"@type":"EntryPoint","urlTemplate":"https:\/\/likemetkovic.hr\/?s={search_term_string}"},"query-input":{"@type":"PropertyValueSpecification","valueRequired":true,"valueName":"search_term_string"}}],"inLanguage":"hr"},{"@type":"Person","@id":"https:\/\/likemetkovic.hr\/#\/schema\/person\/a42711f3385a0e2be6f7e0443bfb28f0","name":"LIKEmetkovic.hr","sameAs":["http:\/\/likemetkovic.hr"],"url":"https:\/\/likemetkovic.hr\/portal\/author\/likemetkovic-hr\/"}]}},"_links":{"self":[{"href":"https:\/\/likemetkovic.hr\/portal\/wp-json\/wp\/v2\/posts\/174204","targetHints":{"allow":["GET"]}}],"collection":[{"href":"https:\/\/likemetkovic.hr\/portal\/wp-json\/wp\/v2\/posts"}],"about":[{"href":"https:\/\/likemetkovic.hr\/portal\/wp-json\/wp\/v2\/types\/post"}],"author":[{"embeddable":true,"href":"https:\/\/likemetkovic.hr\/portal\/wp-json\/wp\/v2\/users\/7"}],"replies":[{"embeddable":true,"href":"https:\/\/likemetkovic.hr\/portal\/wp-json\/wp\/v2\/comments?post=174204"}],"version-history":[{"count":1,"href":"https:\/\/likemetkovic.hr\/portal\/wp-json\/wp\/v2\/posts\/174204\/revisions"}],"predecessor-version":[{"id":174206,"href":"https:\/\/likemetkovic.hr\/portal\/wp-json\/wp\/v2\/posts\/174204\/revisions\/174206"}],"wp:featuredmedia":[{"embeddable":true,"href":"https:\/\/likemetkovic.hr\/portal\/wp-json\/wp\/v2\/media\/174205"}],"wp:attachment":[{"href":"https:\/\/likemetkovic.hr\/portal\/wp-json\/wp\/v2\/media?parent=174204"}],"wp:term":[{"taxonomy":"category","embeddable":true,"href":"https:\/\/likemetkovic.hr\/portal\/wp-json\/wp\/v2\/categories?post=174204"},{"taxonomy":"post_tag","embeddable":true,"href":"https:\/\/likemetkovic.hr\/portal\/wp-json\/wp\/v2\/tags?post=174204"}],"curies":[{"name":"wp","href":"https:\/\/api.w.org\/{rel}","templated":true}]}}