{"id":174210,"date":"2026-04-28T10:45:23","date_gmt":"2026-04-28T08:45:23","guid":{"rendered":"https:\/\/likemetkovic.hr\/portal\/?p=174210"},"modified":"2026-04-28T10:45:43","modified_gmt":"2026-04-28T08:45:43","slug":"apel-za-nastavak-sit-programa-kljuc-opstanka-neretvanskih-vocara","status":"publish","type":"post","link":"https:\/\/likemetkovic.hr\/portal\/apel-za-nastavak-sit-programa-kljuc-opstanka-neretvanskih-vocara\/","title":{"rendered":"Apel za nastavak SIT programa: klju\u010d opstanka neretvanskih vo\u0107ara"},"content":{"rendered":"<p data-start=\"483\" data-end=\"609\">Vezano uz aktualnu temu suzbijanja sredozemne vo\u0107ne muhe, <strong>Udruga vo\u0107ara \u201eMandarina\u201c<\/strong> se javnosti obratila sljede\u0107im priop\u0107enjem:<\/p>\n<p data-start=\"611\" data-end=\"1191\"><em>Smatramo da program suzbijanja sredozemne vo\u0107ne muhe <strong data-start=\"664\" data-end=\"727\">\u201eSIT\u201c tehnikom u dolini Neretve trenuta\u010dno nema alternativu<\/strong>.<\/em><\/p>\n<p data-start=\"611\" data-end=\"1191\"><em><strong data-start=\"731\" data-end=\"770\">Jasno su vidljive razlike na terenu<\/strong> u pogledu \u0161teta na plodovima mandarina i brojnosti populacije \u0161tetnika izme\u0111u podru\u010dja na kojima se Program provodio i podru\u010dja koja nisu bila obuhva\u0107ena njegovom provedbom.<\/em><\/p>\n<p data-start=\"611\" data-end=\"1191\"><em>S obzirom na <strong data-start=\"960\" data-end=\"1022\">konfiguraciju terena i velik broj manjih privatnih posjeda<\/strong>, ova mjera <strong data-start=\"1034\" data-end=\"1105\">jedini je na\u010din za u\u010dinkovito obuhva\u0107anje cijelog uzgojnog podru\u010dja<\/strong>, i to <strong data-start=\"1112\" data-end=\"1190\">bez \u0161tetnog utjecaja na okoli\u0161, bez opasnog otpada i dodatnog zbrinjavanja<\/strong>.<\/em><\/p>\n<p data-start=\"1193\" data-end=\"1470\"><em><strong data-start=\"1193\" data-end=\"1278\">Proizvodnja mandarina jedna je od klju\u010dnih poljoprivrednih grana u dolini Neretve<\/strong>, s velikim zna\u010dajem za <strong data-start=\"1302\" data-end=\"1381\">lokalno gospodarstvo, o\u010duvanje radnih mjesta i stabilnost ruralnog prostora<\/strong>.<\/em><br data-start=\"1382\" data-end=\"1385\" \/><em><strong data-start=\"1385\" data-end=\"1469\">Svako ugro\u017eavanje proizvodnje izravno poga\u0111a egzistenciju velikog broja obitelji<\/strong>.<\/em><\/p>\n<p data-start=\"1472\" data-end=\"2007\"><em>Na temelju navedenih \u010dinjenica, Udruga se zala\u017ee za <strong data-start=\"1524\" data-end=\"1588\">nastavak \u201eSIT\u201c programa kao glavne mjere suzbijanja \u0161tetnika<\/strong>, odnosno za <strong data-start=\"1601\" data-end=\"1652\">kontinuitet provedbe postoje\u0107eg Akcijskog plana<\/strong>.<\/em><\/p>\n<p data-start=\"1472\" data-end=\"2007\"><em>Udruga \u201eMandarina\u201c <strong data-start=\"1675\" data-end=\"1729\">aktivno \u0107e se uklju\u010diti u provedbu dopunskih mjera<\/strong>, pri \u010demu je <strong data-start=\"1743\" data-end=\"1775\">najva\u017enija sanitacija nasada<\/strong> \u2013 provo\u0111enje mjera higijene u vo\u0107njacima, gdje su do sada uo\u010deni glavni propusti.<\/em><\/p>\n<p data-start=\"1472\" data-end=\"2007\"><em>Ovim putem <strong data-start=\"1871\" data-end=\"1946\">pozivamo sve proizvo\u0111a\u010de na odgovorno pona\u0161anje i zajedni\u010dko djelovanje<\/strong> kako bi se postigli maksimalni u\u010dinci u suzbijanju \u0161tetnika.<\/em><\/p>\n<p data-start=\"2009\" data-end=\"2165\"><em><strong data-start=\"2009\" data-end=\"2099\">Izostanak provedbe \u201eSIT\u201c tehnike mogao bi dovesti do ozbiljnih i dugoro\u010dnih posljedica<\/strong> te <strong data-start=\"2103\" data-end=\"2164\">ugroziti budu\u0107nost proizvodnje mandarina u dolini Neretve<\/strong>.<\/em><\/p>\n<p data-start=\"2167\" data-end=\"2344\"><em>Slijedom navedenog, <strong data-start=\"2187\" data-end=\"2269\">pozivamo nadle\u017eno Ministarstvo na pravodobnu odluku o nastavku Akcijskog plana<\/strong> i <strong data-start=\"2272\" data-end=\"2326\">osiguravanje kontinuiteta provo\u0111enja \u201eSIT\u201c tehnike<\/strong> u dolini Neretve.<\/em><\/p>\n","protected":false},"excerpt":{"rendered":"<p>Vezano uz aktualnu temu suzbijanja sredozemne vo\u0107ne muhe, Udruga vo\u0107ara \u201eMandarina\u201c se javnosti obratila sljede\u0107im priop\u0107enjem: Smatramo da program suzbijanja sredozemne vo\u0107ne muhe \u201eSIT\u201c tehnikom u dolini Neretve trenuta\u010dno nema alternativu. Jasno su vidljive razlike na terenu u pogledu \u0161teta na plodovima mandarina i brojnosti populacije \u0161tetnika izme\u0111u podru\u010dja na kojima se Program provodio i [&hellip;]<\/p>\n","protected":false},"author":7,"featured_media":169383,"comment_status":"open","ping_status":"open","sticky":false,"template":"","format":"standard","meta":{"footnotes":""},"categories":[283,837],"tags":[420,1084,13679,3327],"class_list":{"0":"post-174210","1":"post","2":"type-post","3":"status-publish","4":"format-standard","5":"has-post-thumbnail","7":"category-a","8":"category-poljoprivreda","9":"tag-dolina-neretve","10":"tag-mandarina","11":"tag-sit-tehnika","12":"tag-vocna-muha"},"yoast_head":"<!-- This site is optimized with the Yoast SEO plugin v25.2 - https:\/\/yoast.com\/wordpress\/plugins\/seo\/ -->\n<title>Apel za nastavak SIT programa: klju\u010d opstanka neretvanskih vo\u0107ara - likemetkovic.hr<\/title>\n<meta name=\"robots\" content=\"index, follow, max-snippet:-1, max-image-preview:large, max-video-preview:-1\" \/>\n<link rel=\"canonical\" href=\"https:\/\/likemetkovic.hr\/portal\/apel-za-nastavak-sit-programa-kljuc-opstanka-neretvanskih-vocara\/\" \/>\n<meta property=\"og:locale\" content=\"hr_HR\" \/>\n<meta property=\"og:type\" content=\"article\" \/>\n<meta property=\"og:title\" content=\"Apel za nastavak SIT programa: klju\u010d opstanka neretvanskih vo\u0107ara - likemetkovic.hr\" \/>\n<meta property=\"og:description\" content=\"Vezano uz aktualnu temu suzbijanja sredozemne vo\u0107ne muhe, Udruga vo\u0107ara \u201eMandarina\u201c se javnosti obratila sljede\u0107im priop\u0107enjem: Smatramo da program suzbijanja sredozemne vo\u0107ne muhe \u201eSIT\u201c tehnikom u dolini Neretve trenuta\u010dno nema alternativu. Jasno su vidljive razlike na terenu u pogledu \u0161teta na plodovima mandarina i brojnosti populacije \u0161tetnika izme\u0111u podru\u010dja na kojima se Program provodio i [&hellip;]\" \/>\n<meta property=\"og:url\" content=\"https:\/\/likemetkovic.hr\/portal\/apel-za-nastavak-sit-programa-kljuc-opstanka-neretvanskih-vocara\/\" \/>\n<meta property=\"og:site_name\" content=\"likemetkovic.hr\" \/>\n<meta property=\"article:publisher\" content=\"https:\/\/www.facebook.com\/likemetkovic.hr\/\" \/>\n<meta property=\"article:published_time\" content=\"2026-04-28T08:45:23+00:00\" \/>\n<meta property=\"article:modified_time\" content=\"2026-04-28T08:45:43+00:00\" \/>\n<meta property=\"og:image\" content=\"https:\/\/likemetkovic.hr\/portal\/wp-content\/uploads\/2025\/10\/vocna-muha-mandarina-rogotinhr.jpg\" \/>\n\t<meta property=\"og:image:width\" content=\"800\" \/>\n\t<meta property=\"og:image:height\" content=\"478\" \/>\n\t<meta property=\"og:image:type\" content=\"image\/jpeg\" \/>\n<meta name=\"author\" content=\"LIKEmetkovic.hr\" \/>\n<meta name=\"twitter:card\" content=\"summary_large_image\" \/>\n<meta name=\"twitter:label1\" content=\"Napisao\/la\" \/>\n\t<meta name=\"twitter:data1\" content=\"LIKEmetkovic.hr\" \/>\n\t<meta name=\"twitter:label2\" content=\"Procijenjeno vrijeme \u010ditanja\" \/>\n\t<meta name=\"twitter:data2\" content=\"2 minute\" \/>\n<script type=\"application\/ld+json\" class=\"yoast-schema-graph\">{\"@context\":\"https:\/\/schema.org\",\"@graph\":[{\"@type\":\"WebPage\",\"@id\":\"https:\/\/likemetkovic.hr\/portal\/apel-za-nastavak-sit-programa-kljuc-opstanka-neretvanskih-vocara\/\",\"url\":\"https:\/\/likemetkovic.hr\/portal\/apel-za-nastavak-sit-programa-kljuc-opstanka-neretvanskih-vocara\/\",\"name\":\"Apel za nastavak SIT programa: klju\u010d opstanka neretvanskih vo\u0107ara - likemetkovic.hr\",\"isPartOf\":{\"@id\":\"https:\/\/likemetkovic.hr\/#website\"},\"primaryImageOfPage\":{\"@id\":\"https:\/\/likemetkovic.hr\/portal\/apel-za-nastavak-sit-programa-kljuc-opstanka-neretvanskih-vocara\/#primaryimage\"},\"image\":{\"@id\":\"https:\/\/likemetkovic.hr\/portal\/apel-za-nastavak-sit-programa-kljuc-opstanka-neretvanskih-vocara\/#primaryimage\"},\"thumbnailUrl\":\"https:\/\/likemetkovic.hr\/portal\/wp-content\/uploads\/2025\/10\/vocna-muha-mandarina-rogotinhr.jpg\",\"datePublished\":\"2026-04-28T08:45:23+00:00\",\"dateModified\":\"2026-04-28T08:45:43+00:00\",\"author\":{\"@id\":\"https:\/\/likemetkovic.hr\/#\/schema\/person\/a42711f3385a0e2be6f7e0443bfb28f0\"},\"breadcrumb\":{\"@id\":\"https:\/\/likemetkovic.hr\/portal\/apel-za-nastavak-sit-programa-kljuc-opstanka-neretvanskih-vocara\/#breadcrumb\"},\"inLanguage\":\"hr\",\"potentialAction\":[{\"@type\":\"ReadAction\",\"target\":[\"https:\/\/likemetkovic.hr\/portal\/apel-za-nastavak-sit-programa-kljuc-opstanka-neretvanskih-vocara\/\"]}]},{\"@type\":\"ImageObject\",\"inLanguage\":\"hr\",\"@id\":\"https:\/\/likemetkovic.hr\/portal\/apel-za-nastavak-sit-programa-kljuc-opstanka-neretvanskih-vocara\/#primaryimage\",\"url\":\"https:\/\/likemetkovic.hr\/portal\/wp-content\/uploads\/2025\/10\/vocna-muha-mandarina-rogotinhr.jpg\",\"contentUrl\":\"https:\/\/likemetkovic.hr\/portal\/wp-content\/uploads\/2025\/10\/vocna-muha-mandarina-rogotinhr.jpg\",\"width\":800,\"height\":478},{\"@type\":\"BreadcrumbList\",\"@id\":\"https:\/\/likemetkovic.hr\/portal\/apel-za-nastavak-sit-programa-kljuc-opstanka-neretvanskih-vocara\/#breadcrumb\",\"itemListElement\":[{\"@type\":\"ListItem\",\"position\":1,\"name\":\"Po\u010detna stranica\",\"item\":\"https:\/\/likemetkovic.hr\/portal\/\"},{\"@type\":\"ListItem\",\"position\":2,\"name\":\"Apel za nastavak SIT programa: klju\u010d opstanka neretvanskih vo\u0107ara\"}]},{\"@type\":\"WebSite\",\"@id\":\"https:\/\/likemetkovic.hr\/#website\",\"url\":\"https:\/\/likemetkovic.hr\/\",\"name\":\"likemetkovic.hr\",\"description\":\"Misli pozitivno... \u010ditaj LIKE\",\"potentialAction\":[{\"@type\":\"SearchAction\",\"target\":{\"@type\":\"EntryPoint\",\"urlTemplate\":\"https:\/\/likemetkovic.hr\/?s={search_term_string}\"},\"query-input\":{\"@type\":\"PropertyValueSpecification\",\"valueRequired\":true,\"valueName\":\"search_term_string\"}}],\"inLanguage\":\"hr\"},{\"@type\":\"Person\",\"@id\":\"https:\/\/likemetkovic.hr\/#\/schema\/person\/a42711f3385a0e2be6f7e0443bfb28f0\",\"name\":\"LIKEmetkovic.hr\",\"sameAs\":[\"http:\/\/likemetkovic.hr\"],\"url\":\"https:\/\/likemetkovic.hr\/portal\/author\/likemetkovic-hr\/\"}]}<\/script>\n<!-- \/ Yoast SEO plugin. -->","yoast_head_json":{"title":"Apel za nastavak SIT programa: klju\u010d opstanka neretvanskih vo\u0107ara - likemetkovic.hr","robots":{"index":"index","follow":"follow","max-snippet":"max-snippet:-1","max-image-preview":"max-image-preview:large","max-video-preview":"max-video-preview:-1"},"canonical":"https:\/\/likemetkovic.hr\/portal\/apel-za-nastavak-sit-programa-kljuc-opstanka-neretvanskih-vocara\/","og_locale":"hr_HR","og_type":"article","og_title":"Apel za nastavak SIT programa: klju\u010d opstanka neretvanskih vo\u0107ara - likemetkovic.hr","og_description":"Vezano uz aktualnu temu suzbijanja sredozemne vo\u0107ne muhe, Udruga vo\u0107ara \u201eMandarina\u201c se javnosti obratila sljede\u0107im priop\u0107enjem: Smatramo da program suzbijanja sredozemne vo\u0107ne muhe \u201eSIT\u201c tehnikom u dolini Neretve trenuta\u010dno nema alternativu. Jasno su vidljive razlike na terenu u pogledu \u0161teta na plodovima mandarina i brojnosti populacije \u0161tetnika izme\u0111u podru\u010dja na kojima se Program provodio i [&hellip;]","og_url":"https:\/\/likemetkovic.hr\/portal\/apel-za-nastavak-sit-programa-kljuc-opstanka-neretvanskih-vocara\/","og_site_name":"likemetkovic.hr","article_publisher":"https:\/\/www.facebook.com\/likemetkovic.hr\/","article_published_time":"2026-04-28T08:45:23+00:00","article_modified_time":"2026-04-28T08:45:43+00:00","og_image":[{"width":800,"height":478,"url":"https:\/\/likemetkovic.hr\/portal\/wp-content\/uploads\/2025\/10\/vocna-muha-mandarina-rogotinhr.jpg","type":"image\/jpeg"}],"author":"LIKEmetkovic.hr","twitter_card":"summary_large_image","twitter_misc":{"Napisao\/la":"LIKEmetkovic.hr","Procijenjeno vrijeme \u010ditanja":"2 minute"},"schema":{"@context":"https:\/\/schema.org","@graph":[{"@type":"WebPage","@id":"https:\/\/likemetkovic.hr\/portal\/apel-za-nastavak-sit-programa-kljuc-opstanka-neretvanskih-vocara\/","url":"https:\/\/likemetkovic.hr\/portal\/apel-za-nastavak-sit-programa-kljuc-opstanka-neretvanskih-vocara\/","name":"Apel za nastavak SIT programa: klju\u010d opstanka neretvanskih vo\u0107ara - likemetkovic.hr","isPartOf":{"@id":"https:\/\/likemetkovic.hr\/#website"},"primaryImageOfPage":{"@id":"https:\/\/likemetkovic.hr\/portal\/apel-za-nastavak-sit-programa-kljuc-opstanka-neretvanskih-vocara\/#primaryimage"},"image":{"@id":"https:\/\/likemetkovic.hr\/portal\/apel-za-nastavak-sit-programa-kljuc-opstanka-neretvanskih-vocara\/#primaryimage"},"thumbnailUrl":"https:\/\/likemetkovic.hr\/portal\/wp-content\/uploads\/2025\/10\/vocna-muha-mandarina-rogotinhr.jpg","datePublished":"2026-04-28T08:45:23+00:00","dateModified":"2026-04-28T08:45:43+00:00","author":{"@id":"https:\/\/likemetkovic.hr\/#\/schema\/person\/a42711f3385a0e2be6f7e0443bfb28f0"},"breadcrumb":{"@id":"https:\/\/likemetkovic.hr\/portal\/apel-za-nastavak-sit-programa-kljuc-opstanka-neretvanskih-vocara\/#breadcrumb"},"inLanguage":"hr","potentialAction":[{"@type":"ReadAction","target":["https:\/\/likemetkovic.hr\/portal\/apel-za-nastavak-sit-programa-kljuc-opstanka-neretvanskih-vocara\/"]}]},{"@type":"ImageObject","inLanguage":"hr","@id":"https:\/\/likemetkovic.hr\/portal\/apel-za-nastavak-sit-programa-kljuc-opstanka-neretvanskih-vocara\/#primaryimage","url":"https:\/\/likemetkovic.hr\/portal\/wp-content\/uploads\/2025\/10\/vocna-muha-mandarina-rogotinhr.jpg","contentUrl":"https:\/\/likemetkovic.hr\/portal\/wp-content\/uploads\/2025\/10\/vocna-muha-mandarina-rogotinhr.jpg","width":800,"height":478},{"@type":"BreadcrumbList","@id":"https:\/\/likemetkovic.hr\/portal\/apel-za-nastavak-sit-programa-kljuc-opstanka-neretvanskih-vocara\/#breadcrumb","itemListElement":[{"@type":"ListItem","position":1,"name":"Po\u010detna stranica","item":"https:\/\/likemetkovic.hr\/portal\/"},{"@type":"ListItem","position":2,"name":"Apel za nastavak SIT programa: klju\u010d opstanka neretvanskih vo\u0107ara"}]},{"@type":"WebSite","@id":"https:\/\/likemetkovic.hr\/#website","url":"https:\/\/likemetkovic.hr\/","name":"likemetkovic.hr","description":"Misli pozitivno... \u010ditaj LIKE","potentialAction":[{"@type":"SearchAction","target":{"@type":"EntryPoint","urlTemplate":"https:\/\/likemetkovic.hr\/?s={search_term_string}"},"query-input":{"@type":"PropertyValueSpecification","valueRequired":true,"valueName":"search_term_string"}}],"inLanguage":"hr"},{"@type":"Person","@id":"https:\/\/likemetkovic.hr\/#\/schema\/person\/a42711f3385a0e2be6f7e0443bfb28f0","name":"LIKEmetkovic.hr","sameAs":["http:\/\/likemetkovic.hr"],"url":"https:\/\/likemetkovic.hr\/portal\/author\/likemetkovic-hr\/"}]}},"_links":{"self":[{"href":"https:\/\/likemetkovic.hr\/portal\/wp-json\/wp\/v2\/posts\/174210","targetHints":{"allow":["GET"]}}],"collection":[{"href":"https:\/\/likemetkovic.hr\/portal\/wp-json\/wp\/v2\/posts"}],"about":[{"href":"https:\/\/likemetkovic.hr\/portal\/wp-json\/wp\/v2\/types\/post"}],"author":[{"embeddable":true,"href":"https:\/\/likemetkovic.hr\/portal\/wp-json\/wp\/v2\/users\/7"}],"replies":[{"embeddable":true,"href":"https:\/\/likemetkovic.hr\/portal\/wp-json\/wp\/v2\/comments?post=174210"}],"version-history":[{"count":2,"href":"https:\/\/likemetkovic.hr\/portal\/wp-json\/wp\/v2\/posts\/174210\/revisions"}],"predecessor-version":[{"id":174212,"href":"https:\/\/likemetkovic.hr\/portal\/wp-json\/wp\/v2\/posts\/174210\/revisions\/174212"}],"wp:featuredmedia":[{"embeddable":true,"href":"https:\/\/likemetkovic.hr\/portal\/wp-json\/wp\/v2\/media\/169383"}],"wp:attachment":[{"href":"https:\/\/likemetkovic.hr\/portal\/wp-json\/wp\/v2\/media?parent=174210"}],"wp:term":[{"taxonomy":"category","embeddable":true,"href":"https:\/\/likemetkovic.hr\/portal\/wp-json\/wp\/v2\/categories?post=174210"},{"taxonomy":"post_tag","embeddable":true,"href":"https:\/\/likemetkovic.hr\/portal\/wp-json\/wp\/v2\/tags?post=174210"}],"curies":[{"name":"wp","href":"https:\/\/api.w.org\/{rel}","templated":true}]}}