{"id":174232,"date":"2026-04-29T14:22:52","date_gmt":"2026-04-29T12:22:52","guid":{"rendered":"https:\/\/likemetkovic.hr\/portal\/?p=174232"},"modified":"2026-04-29T14:22:52","modified_gmt":"2026-04-29T12:22:52","slug":"metkovski-gimnazijalci-jerko-matusko-i-ante-turk-medu-najboljim-mladim-matematicarima-u-hrvatskoj","status":"publish","type":"post","link":"https:\/\/likemetkovic.hr\/portal\/metkovski-gimnazijalci-jerko-matusko-i-ante-turk-medu-najboljim-mladim-matematicarima-u-hrvatskoj\/","title":{"rendered":"Metkovski gimnazijalci, Jerko Matu\u0161ko i Ante Turk, me\u0111u najboljim mladim matemati\u010darima u Hrvatskoj"},"content":{"rendered":"<p class=\"isSelectedEnd\">Na dr\u017eavnom natjecanju iz matematike, odr\u017eanom u Vodicama od 27. do 29. travnja 2026., u\u010denici prirodoslovno-matemati\u010dkog smjera Gimnazije Metkovi\u0107, <strong>Jerko Matu\u0161ko<\/strong> (1.c) i <strong>Ante Turk<\/strong> (4.c), ostvarili su izniman uspjeh te se svrstali me\u0111u najistaknutije mlade matemati\u010dare u dr\u017eavi.<\/p>\n<p class=\"isSelectedEnd\">Natje\u010du\u0107i se u A kategoriji, najzahtjevnijoj i najkompetitivnijoj razini natjecanja, pokazali su<strong> iznimno znanje i vje\u0161tinu u rje\u0161avanju slo\u017eenih matemati\u010dkih zadataka<\/strong>. U konkurenciji najboljih u\u010denika iz cijele Hrvatske njihov rezultat ih pozicionira u sam vrh.<\/p>\n<p class=\"isSelectedEnd\"><img decoding=\"async\" class=\"alignnone size-full wp-image-174233\" src=\"https:\/\/likemetkovic.hr\/portal\/wp-content\/uploads\/2026\/04\/jerko-ante-gimnazija-matematika1.jpg\" alt=\"\" width=\"800\" height=\"533\" srcset=\"https:\/\/likemetkovic.hr\/portal\/wp-content\/uploads\/2026\/04\/jerko-ante-gimnazija-matematika1.jpg 800w, https:\/\/likemetkovic.hr\/portal\/wp-content\/uploads\/2026\/04\/jerko-ante-gimnazija-matematika1-768x512.jpg 768w, https:\/\/likemetkovic.hr\/portal\/wp-content\/uploads\/2026\/04\/jerko-ante-gimnazija-matematika1-630x420.jpg 630w, https:\/\/likemetkovic.hr\/portal\/wp-content\/uploads\/2026\/04\/jerko-ante-gimnazija-matematika1-150x100.jpg 150w, https:\/\/likemetkovic.hr\/portal\/wp-content\/uploads\/2026\/04\/jerko-ante-gimnazija-matematika1-300x200.jpg 300w, https:\/\/likemetkovic.hr\/portal\/wp-content\/uploads\/2026\/04\/jerko-ante-gimnazija-matematika1-696x464.jpg 696w\" sizes=\"(max-width: 800px) 100vw, 800px\" \/><\/p>\n<p class=\"isSelectedEnd\">Posebno se istaknuo <strong>Jerko Matu\u0161ko<\/strong>, koji je svojim plasmanom <strong>osigurao poziv na Hrvatsku matemati\u010dku olimpijadu<\/strong>, koja zapo\u010dinje u utorak, 5. svibnja 2026. Na ovo presti\u017eno natjecanje pozivaju se najbolje rangirani u\u010denici srednjih \u0161kola A varijante s dr\u017eavnog natjecanja, a ono ujedno slu\u017ei i kao izborno natjecanje za Me\u0111unarodnu matemati\u010dku olimpijadu i Srednjoeuropsku matemati\u010dku olimpijadu.<\/p>\n<p class=\"isSelectedEnd\">Ovaj uspjeh potvr\u0111uje ne samo izvrsnost u\u010denika, ve\u0107 i kvalitetan rad i predanost profesora u Gimnaziji Metkovi\u0107. Rezultat Jerka i Ante veliki je ponos za \u0161kolu, ali i Neretvansku dolinu.<\/p>\n","protected":false},"excerpt":{"rendered":"<p>Na dr\u017eavnom natjecanju iz matematike, odr\u017eanom u Vodicama od 27. do 29. travnja 2026., u\u010denici prirodoslovno-matemati\u010dkog smjera Gimnazije Metkovi\u0107, Jerko Matu\u0161ko (1.c) i Ante Turk (4.c), ostvarili su izniman uspjeh te se svrstali me\u0111u najistaknutije mlade matemati\u010dare u dr\u017eavi. Natje\u010du\u0107i se u A kategoriji, najzahtjevnijoj i najkompetitivnijoj razini natjecanja, pokazali su iznimno znanje i vje\u0161tinu [&hellip;]<\/p>\n","protected":false},"author":7,"featured_media":174233,"comment_status":"open","ping_status":"open","sticky":false,"template":"","format":"standard","meta":{"footnotes":""},"categories":[283,166],"tags":[13031,332,11646,329],"class_list":{"0":"post-174232","1":"post","2":"type-post","3":"status-publish","4":"format-standard","5":"has-post-thumbnail","7":"category-a","8":"category-skolstvo","9":"tag-ante-turk","10":"tag-gimnazija-metkovic","11":"tag-jerko-matusko","12":"tag-matematika"},"yoast_head":"<!-- This site is optimized with the Yoast SEO plugin v25.2 - https:\/\/yoast.com\/wordpress\/plugins\/seo\/ -->\n<title>Metkovski gimnazijalci, Jerko Matu\u0161ko i Ante Turk, me\u0111u najboljim mladim matemati\u010darima u Hrvatskoj - likemetkovic.hr<\/title>\n<meta name=\"robots\" content=\"index, follow, max-snippet:-1, max-image-preview:large, max-video-preview:-1\" \/>\n<link rel=\"canonical\" href=\"https:\/\/likemetkovic.hr\/portal\/metkovski-gimnazijalci-jerko-matusko-i-ante-turk-medu-najboljim-mladim-matematicarima-u-hrvatskoj\/\" \/>\n<meta property=\"og:locale\" content=\"hr_HR\" \/>\n<meta property=\"og:type\" content=\"article\" \/>\n<meta property=\"og:title\" content=\"Metkovski gimnazijalci, Jerko Matu\u0161ko i Ante Turk, me\u0111u najboljim mladim matemati\u010darima u Hrvatskoj - likemetkovic.hr\" \/>\n<meta property=\"og:description\" content=\"Na dr\u017eavnom natjecanju iz matematike, odr\u017eanom u Vodicama od 27. do 29. travnja 2026., u\u010denici prirodoslovno-matemati\u010dkog smjera Gimnazije Metkovi\u0107, Jerko Matu\u0161ko (1.c) i Ante Turk (4.c), ostvarili su izniman uspjeh te se svrstali me\u0111u najistaknutije mlade matemati\u010dare u dr\u017eavi. Natje\u010du\u0107i se u A kategoriji, najzahtjevnijoj i najkompetitivnijoj razini natjecanja, pokazali su iznimno znanje i vje\u0161tinu [&hellip;]\" \/>\n<meta property=\"og:url\" content=\"https:\/\/likemetkovic.hr\/portal\/metkovski-gimnazijalci-jerko-matusko-i-ante-turk-medu-najboljim-mladim-matematicarima-u-hrvatskoj\/\" \/>\n<meta property=\"og:site_name\" content=\"likemetkovic.hr\" \/>\n<meta property=\"article:publisher\" content=\"https:\/\/www.facebook.com\/likemetkovic.hr\/\" \/>\n<meta property=\"article:published_time\" content=\"2026-04-29T12:22:52+00:00\" \/>\n<meta property=\"og:image\" content=\"https:\/\/likemetkovic.hr\/portal\/wp-content\/uploads\/2026\/04\/jerko-ante-gimnazija-matematika1.jpg\" \/>\n\t<meta property=\"og:image:width\" content=\"800\" \/>\n\t<meta property=\"og:image:height\" content=\"533\" \/>\n\t<meta property=\"og:image:type\" content=\"image\/jpeg\" \/>\n<meta name=\"author\" content=\"LIKEmetkovic.hr\" \/>\n<meta name=\"twitter:card\" content=\"summary_large_image\" \/>\n<meta name=\"twitter:label1\" content=\"Napisao\/la\" \/>\n\t<meta name=\"twitter:data1\" content=\"LIKEmetkovic.hr\" \/>\n\t<meta name=\"twitter:label2\" content=\"Procijenjeno vrijeme \u010ditanja\" \/>\n\t<meta name=\"twitter:data2\" content=\"2 minute\" \/>\n<script type=\"application\/ld+json\" class=\"yoast-schema-graph\">{\"@context\":\"https:\/\/schema.org\",\"@graph\":[{\"@type\":\"WebPage\",\"@id\":\"https:\/\/likemetkovic.hr\/portal\/metkovski-gimnazijalci-jerko-matusko-i-ante-turk-medu-najboljim-mladim-matematicarima-u-hrvatskoj\/\",\"url\":\"https:\/\/likemetkovic.hr\/portal\/metkovski-gimnazijalci-jerko-matusko-i-ante-turk-medu-najboljim-mladim-matematicarima-u-hrvatskoj\/\",\"name\":\"Metkovski gimnazijalci, Jerko Matu\u0161ko i Ante Turk, me\u0111u najboljim mladim matemati\u010darima u Hrvatskoj - likemetkovic.hr\",\"isPartOf\":{\"@id\":\"https:\/\/likemetkovic.hr\/#website\"},\"primaryImageOfPage\":{\"@id\":\"https:\/\/likemetkovic.hr\/portal\/metkovski-gimnazijalci-jerko-matusko-i-ante-turk-medu-najboljim-mladim-matematicarima-u-hrvatskoj\/#primaryimage\"},\"image\":{\"@id\":\"https:\/\/likemetkovic.hr\/portal\/metkovski-gimnazijalci-jerko-matusko-i-ante-turk-medu-najboljim-mladim-matematicarima-u-hrvatskoj\/#primaryimage\"},\"thumbnailUrl\":\"https:\/\/likemetkovic.hr\/portal\/wp-content\/uploads\/2026\/04\/jerko-ante-gimnazija-matematika1.jpg\",\"datePublished\":\"2026-04-29T12:22:52+00:00\",\"author\":{\"@id\":\"https:\/\/likemetkovic.hr\/#\/schema\/person\/a42711f3385a0e2be6f7e0443bfb28f0\"},\"breadcrumb\":{\"@id\":\"https:\/\/likemetkovic.hr\/portal\/metkovski-gimnazijalci-jerko-matusko-i-ante-turk-medu-najboljim-mladim-matematicarima-u-hrvatskoj\/#breadcrumb\"},\"inLanguage\":\"hr\",\"potentialAction\":[{\"@type\":\"ReadAction\",\"target\":[\"https:\/\/likemetkovic.hr\/portal\/metkovski-gimnazijalci-jerko-matusko-i-ante-turk-medu-najboljim-mladim-matematicarima-u-hrvatskoj\/\"]}]},{\"@type\":\"ImageObject\",\"inLanguage\":\"hr\",\"@id\":\"https:\/\/likemetkovic.hr\/portal\/metkovski-gimnazijalci-jerko-matusko-i-ante-turk-medu-najboljim-mladim-matematicarima-u-hrvatskoj\/#primaryimage\",\"url\":\"https:\/\/likemetkovic.hr\/portal\/wp-content\/uploads\/2026\/04\/jerko-ante-gimnazija-matematika1.jpg\",\"contentUrl\":\"https:\/\/likemetkovic.hr\/portal\/wp-content\/uploads\/2026\/04\/jerko-ante-gimnazija-matematika1.jpg\",\"width\":800,\"height\":533},{\"@type\":\"BreadcrumbList\",\"@id\":\"https:\/\/likemetkovic.hr\/portal\/metkovski-gimnazijalci-jerko-matusko-i-ante-turk-medu-najboljim-mladim-matematicarima-u-hrvatskoj\/#breadcrumb\",\"itemListElement\":[{\"@type\":\"ListItem\",\"position\":1,\"name\":\"Po\u010detna stranica\",\"item\":\"https:\/\/likemetkovic.hr\/portal\/\"},{\"@type\":\"ListItem\",\"position\":2,\"name\":\"Metkovski gimnazijalci, Jerko Matu\u0161ko i Ante Turk, me\u0111u najboljim mladim matemati\u010darima u Hrvatskoj\"}]},{\"@type\":\"WebSite\",\"@id\":\"https:\/\/likemetkovic.hr\/#website\",\"url\":\"https:\/\/likemetkovic.hr\/\",\"name\":\"likemetkovic.hr\",\"description\":\"Misli pozitivno... \u010ditaj LIKE\",\"potentialAction\":[{\"@type\":\"SearchAction\",\"target\":{\"@type\":\"EntryPoint\",\"urlTemplate\":\"https:\/\/likemetkovic.hr\/?s={search_term_string}\"},\"query-input\":{\"@type\":\"PropertyValueSpecification\",\"valueRequired\":true,\"valueName\":\"search_term_string\"}}],\"inLanguage\":\"hr\"},{\"@type\":\"Person\",\"@id\":\"https:\/\/likemetkovic.hr\/#\/schema\/person\/a42711f3385a0e2be6f7e0443bfb28f0\",\"name\":\"LIKEmetkovic.hr\",\"sameAs\":[\"http:\/\/likemetkovic.hr\"],\"url\":\"https:\/\/likemetkovic.hr\/portal\/author\/likemetkovic-hr\/\"}]}<\/script>\n<!-- \/ Yoast SEO plugin. -->","yoast_head_json":{"title":"Metkovski gimnazijalci, Jerko Matu\u0161ko i Ante Turk, me\u0111u najboljim mladim matemati\u010darima u Hrvatskoj - likemetkovic.hr","robots":{"index":"index","follow":"follow","max-snippet":"max-snippet:-1","max-image-preview":"max-image-preview:large","max-video-preview":"max-video-preview:-1"},"canonical":"https:\/\/likemetkovic.hr\/portal\/metkovski-gimnazijalci-jerko-matusko-i-ante-turk-medu-najboljim-mladim-matematicarima-u-hrvatskoj\/","og_locale":"hr_HR","og_type":"article","og_title":"Metkovski gimnazijalci, Jerko Matu\u0161ko i Ante Turk, me\u0111u najboljim mladim matemati\u010darima u Hrvatskoj - likemetkovic.hr","og_description":"Na dr\u017eavnom natjecanju iz matematike, odr\u017eanom u Vodicama od 27. do 29. travnja 2026., u\u010denici prirodoslovno-matemati\u010dkog smjera Gimnazije Metkovi\u0107, Jerko Matu\u0161ko (1.c) i Ante Turk (4.c), ostvarili su izniman uspjeh te se svrstali me\u0111u najistaknutije mlade matemati\u010dare u dr\u017eavi. Natje\u010du\u0107i se u A kategoriji, najzahtjevnijoj i najkompetitivnijoj razini natjecanja, pokazali su iznimno znanje i vje\u0161tinu [&hellip;]","og_url":"https:\/\/likemetkovic.hr\/portal\/metkovski-gimnazijalci-jerko-matusko-i-ante-turk-medu-najboljim-mladim-matematicarima-u-hrvatskoj\/","og_site_name":"likemetkovic.hr","article_publisher":"https:\/\/www.facebook.com\/likemetkovic.hr\/","article_published_time":"2026-04-29T12:22:52+00:00","og_image":[{"width":800,"height":533,"url":"https:\/\/likemetkovic.hr\/portal\/wp-content\/uploads\/2026\/04\/jerko-ante-gimnazija-matematika1.jpg","type":"image\/jpeg"}],"author":"LIKEmetkovic.hr","twitter_card":"summary_large_image","twitter_misc":{"Napisao\/la":"LIKEmetkovic.hr","Procijenjeno vrijeme \u010ditanja":"2 minute"},"schema":{"@context":"https:\/\/schema.org","@graph":[{"@type":"WebPage","@id":"https:\/\/likemetkovic.hr\/portal\/metkovski-gimnazijalci-jerko-matusko-i-ante-turk-medu-najboljim-mladim-matematicarima-u-hrvatskoj\/","url":"https:\/\/likemetkovic.hr\/portal\/metkovski-gimnazijalci-jerko-matusko-i-ante-turk-medu-najboljim-mladim-matematicarima-u-hrvatskoj\/","name":"Metkovski gimnazijalci, Jerko Matu\u0161ko i Ante Turk, me\u0111u najboljim mladim matemati\u010darima u Hrvatskoj - likemetkovic.hr","isPartOf":{"@id":"https:\/\/likemetkovic.hr\/#website"},"primaryImageOfPage":{"@id":"https:\/\/likemetkovic.hr\/portal\/metkovski-gimnazijalci-jerko-matusko-i-ante-turk-medu-najboljim-mladim-matematicarima-u-hrvatskoj\/#primaryimage"},"image":{"@id":"https:\/\/likemetkovic.hr\/portal\/metkovski-gimnazijalci-jerko-matusko-i-ante-turk-medu-najboljim-mladim-matematicarima-u-hrvatskoj\/#primaryimage"},"thumbnailUrl":"https:\/\/likemetkovic.hr\/portal\/wp-content\/uploads\/2026\/04\/jerko-ante-gimnazija-matematika1.jpg","datePublished":"2026-04-29T12:22:52+00:00","author":{"@id":"https:\/\/likemetkovic.hr\/#\/schema\/person\/a42711f3385a0e2be6f7e0443bfb28f0"},"breadcrumb":{"@id":"https:\/\/likemetkovic.hr\/portal\/metkovski-gimnazijalci-jerko-matusko-i-ante-turk-medu-najboljim-mladim-matematicarima-u-hrvatskoj\/#breadcrumb"},"inLanguage":"hr","potentialAction":[{"@type":"ReadAction","target":["https:\/\/likemetkovic.hr\/portal\/metkovski-gimnazijalci-jerko-matusko-i-ante-turk-medu-najboljim-mladim-matematicarima-u-hrvatskoj\/"]}]},{"@type":"ImageObject","inLanguage":"hr","@id":"https:\/\/likemetkovic.hr\/portal\/metkovski-gimnazijalci-jerko-matusko-i-ante-turk-medu-najboljim-mladim-matematicarima-u-hrvatskoj\/#primaryimage","url":"https:\/\/likemetkovic.hr\/portal\/wp-content\/uploads\/2026\/04\/jerko-ante-gimnazija-matematika1.jpg","contentUrl":"https:\/\/likemetkovic.hr\/portal\/wp-content\/uploads\/2026\/04\/jerko-ante-gimnazija-matematika1.jpg","width":800,"height":533},{"@type":"BreadcrumbList","@id":"https:\/\/likemetkovic.hr\/portal\/metkovski-gimnazijalci-jerko-matusko-i-ante-turk-medu-najboljim-mladim-matematicarima-u-hrvatskoj\/#breadcrumb","itemListElement":[{"@type":"ListItem","position":1,"name":"Po\u010detna stranica","item":"https:\/\/likemetkovic.hr\/portal\/"},{"@type":"ListItem","position":2,"name":"Metkovski gimnazijalci, Jerko Matu\u0161ko i Ante Turk, me\u0111u najboljim mladim matemati\u010darima u Hrvatskoj"}]},{"@type":"WebSite","@id":"https:\/\/likemetkovic.hr\/#website","url":"https:\/\/likemetkovic.hr\/","name":"likemetkovic.hr","description":"Misli pozitivno... \u010ditaj LIKE","potentialAction":[{"@type":"SearchAction","target":{"@type":"EntryPoint","urlTemplate":"https:\/\/likemetkovic.hr\/?s={search_term_string}"},"query-input":{"@type":"PropertyValueSpecification","valueRequired":true,"valueName":"search_term_string"}}],"inLanguage":"hr"},{"@type":"Person","@id":"https:\/\/likemetkovic.hr\/#\/schema\/person\/a42711f3385a0e2be6f7e0443bfb28f0","name":"LIKEmetkovic.hr","sameAs":["http:\/\/likemetkovic.hr"],"url":"https:\/\/likemetkovic.hr\/portal\/author\/likemetkovic-hr\/"}]}},"_links":{"self":[{"href":"https:\/\/likemetkovic.hr\/portal\/wp-json\/wp\/v2\/posts\/174232","targetHints":{"allow":["GET"]}}],"collection":[{"href":"https:\/\/likemetkovic.hr\/portal\/wp-json\/wp\/v2\/posts"}],"about":[{"href":"https:\/\/likemetkovic.hr\/portal\/wp-json\/wp\/v2\/types\/post"}],"author":[{"embeddable":true,"href":"https:\/\/likemetkovic.hr\/portal\/wp-json\/wp\/v2\/users\/7"}],"replies":[{"embeddable":true,"href":"https:\/\/likemetkovic.hr\/portal\/wp-json\/wp\/v2\/comments?post=174232"}],"version-history":[{"count":1,"href":"https:\/\/likemetkovic.hr\/portal\/wp-json\/wp\/v2\/posts\/174232\/revisions"}],"predecessor-version":[{"id":174234,"href":"https:\/\/likemetkovic.hr\/portal\/wp-json\/wp\/v2\/posts\/174232\/revisions\/174234"}],"wp:featuredmedia":[{"embeddable":true,"href":"https:\/\/likemetkovic.hr\/portal\/wp-json\/wp\/v2\/media\/174233"}],"wp:attachment":[{"href":"https:\/\/likemetkovic.hr\/portal\/wp-json\/wp\/v2\/media?parent=174232"}],"wp:term":[{"taxonomy":"category","embeddable":true,"href":"https:\/\/likemetkovic.hr\/portal\/wp-json\/wp\/v2\/categories?post=174232"},{"taxonomy":"post_tag","embeddable":true,"href":"https:\/\/likemetkovic.hr\/portal\/wp-json\/wp\/v2\/tags?post=174232"}],"curies":[{"name":"wp","href":"https:\/\/api.w.org\/{rel}","templated":true}]}}